{"id":9852,"date":"2012-10-29T00:58:47","date_gmt":"2012-10-28T23:58:47","guid":{"rendered":"http:\/\/blogs.km77.com\/teletransporte\/?p=9852"},"modified":"2021-03-31T20:06:34","modified_gmt":"2021-03-31T18:06:34","slug":"mario-vargas-llosa-y-la-vida-es-sueno","status":"publish","type":"post","link":"https:\/\/www.km77.com\/revista\/teletransporte\/mario-vargas-llosa-y-la-vida-es-sueno\/","title":{"rendered":"Mario Vargas LLosa y La Vida es Sue\u00f1o"},"content":{"rendered":"<p>Esta noche he ido a ver La Vida es Sue\u00f1o y Mario Vargas LLosa estaba sentado dos asientos m\u00e1s all\u00e1.<\/p>\n<p>El hombre que estaba sentado a mi izquierda ha hecho levantar a Vargas Llosa varias veces de su asiento, sin ni siquiera darse cuenta de qui\u00e9n se levantaba y se sentaba tantas veces. \u00a1Qu\u00e9 desfachatez!<\/p>\n<p>Es dif\u00edcil de entender para un ser humano que haya una silla equivalente a la suya que aguante el peso de un premio Nobel, sentado a su lado. \u00bfC\u00f3mo puede suceder que la misma silla que te aguanta a ti aguante a Vargas Llosa?<\/p>\n<p><!--more--><\/p>\n<p>Esa cabeza privilegiada, esa cabeza sobre la que pivota por lo menos la mitad de la humanidad, esa cabeza, ha tenido que levantarse y sentarse varias veces por el capricho de un hombre que no ten\u00eda entrada, que ha entrado tarde con una entrada comprada en el \u00faltimo segundo y que se ha ido antes de que terminara la funci\u00f3n.<\/p>\n<p>Pero a m\u00ed, lo que de verdad me preocupa, es:<\/p>\n<p>\u00bfHabr\u00e1 sacado Vargas Llosa m\u00e1s provecho que yo de la misma obra de teatro, vista a la vez, sentados sobre una silla id\u00e9ntica, dos asientos m\u00e1s all\u00e1?<\/p>\n<p>Una vez me contaron que Vargas Llosa pretend\u00eda que se retirara un libro ya impreso de varios cientos de p\u00e1ginas, porque hab\u00eda una errata en la p\u00e1gina 211. S\u00f3lo por una errata. No s\u00e9 si es cierto, pero si lo fuera Vargas Llosa ser\u00eda mi hombre.<\/p>\n<p>Hablo de Vargas Llosa y debiera hablar de \u00a0Calder\u00f3n de la Barca y de la vida es sue\u00f1o. Todo el futuro de la literatura est\u00e1 concentrado en esa obra. Calder\u00f3n de la Barca, con ese nombre mecido ente la m\u00fasica y el comp\u00e1s, elabor\u00f3 el futuro para todos. Nadie, ning\u00fan escritor nunca podr\u00e1 desprenderse de su influencia, de la verdad de las mentiras, de la vida es sue\u00f1o. Lo quiera o no.<\/p>\n<p>Calder\u00f3n de la Barca es y ser\u00e1 siempre el futuro. Incluso Shakespeare debi\u00f3 de sentir envidia de tanta potencia. Hoy, con Mario Vargas Llosa al lado, me he sentido como se pudo haber sentido Shakespeare. \u00bfQui\u00e9n ha sacado m\u00e1s provecho de la obra, Mario o yo? Al menos yo me he librado de levantarme las cuatro veces que le ha tocado levantarse a \u00e9l, que les parecer\u00e1 balad\u00ed, pero es un consuelo.<\/p>\n<p>No vayan a ver la Vida es Sue\u00f1o al teatro Pav\u00f3n de Madrid. La ac\u00fastica del teatro es mala y esta obra requiere ser escuchada con precisi\u00f3n. Yo pensaba que quiz\u00e1 fuera mi o\u00eddo de viejo, pero he constatado que no s\u00f3lo yo o\u00eda mal. No vayan si no conocen de memoria la obra. O vayan si quieren, porque vale mucho el esfuerzo. Pero mejor si la leen antes. Mejor si la leen con fruici\u00f3n. Porque es una obra fundacional, constituyente. No funda ni la literatura ni la pol\u00edtica. Funda el ser humano. Kant y Freud, la civilizaci\u00f3n y el inconsciente, est\u00e1n todos metidos en la vida es sue\u00f1o. Un prodigio. Porque ahora es f\u00e1cil decirlo, los sue\u00f1os sue\u00f1os son, aunque todav\u00eda no sepamos qu\u00e9 signifique.<\/p>\n<p>&nbsp;<\/p>\n","protected":false},"excerpt":{"rendered":"<p>Esta noche he ido a ver La Vida es Sue\u00f1o y Mario Vargas LLosa estaba sentado dos asientos m\u00e1s all\u00e1. El hombre que estaba sentado a mi izquierda ha hecho levantar a Vargas Llosa varias veces de su asiento, sin ni siquiera darse cuenta de qui\u00e9n se levantaba y se sentaba tantas veces. \u00a1Qu\u00e9 desfachatez! [&hellip;]<\/p>\n","protected":false},"author":72,"featured_media":0,"comment_status":"open","ping_status":"closed","sticky":false,"template":"","format":"standard","meta":{"_et_pb_use_builder":"","_et_pb_old_content":"","_et_gb_content_width":"","footnotes":""},"categories":[3915],"tags":[7975],"class_list":["post-9852","post","type-post","status-publish","format-standard","hentry","category-teletransporte","tag-de-todo-un-poco"],"amp_enabled":true,"_links":{"self":[{"href":"https:\/\/www.km77.com\/revista\/wp-json\/wp\/v2\/posts\/9852","targetHints":{"allow":["GET"]}}],"collection":[{"href":"https:\/\/www.km77.com\/revista\/wp-json\/wp\/v2\/posts"}],"about":[{"href":"https:\/\/www.km77.com\/revista\/wp-json\/wp\/v2\/types\/post"}],"author":[{"embeddable":true,"href":"https:\/\/www.km77.com\/revista\/wp-json\/wp\/v2\/users\/72"}],"replies":[{"embeddable":true,"href":"https:\/\/www.km77.com\/revista\/wp-json\/wp\/v2\/comments?post=9852"}],"version-history":[{"count":1,"href":"https:\/\/www.km77.com\/revista\/wp-json\/wp\/v2\/posts\/9852\/revisions"}],"predecessor-version":[{"id":43477,"href":"https:\/\/www.km77.com\/revista\/wp-json\/wp\/v2\/posts\/9852\/revisions\/43477"}],"wp:attachment":[{"href":"https:\/\/www.km77.com\/revista\/wp-json\/wp\/v2\/media?parent=9852"}],"wp:term":[{"taxonomy":"category","embeddable":true,"href":"https:\/\/www.km77.com\/revista\/wp-json\/wp\/v2\/categories?post=9852"},{"taxonomy":"post_tag","embeddable":true,"href":"https:\/\/www.km77.com\/revista\/wp-json\/wp\/v2\/tags?post=9852"}],"curies":[{"name":"wp","href":"https:\/\/api.w.org\/{rel}","templated":true}]}}