{"id":7377,"date":"2011-11-17T17:56:36","date_gmt":"2011-11-17T16:56:36","guid":{"rendered":"http:\/\/blogs.km77.com\/teletransporte\/?p=7377"},"modified":"2021-03-31T20:08:42","modified_gmt":"2021-03-31T18:08:42","slug":"porsche-911-carrera-colores-de-carroceria-y-tapiceria","status":"publish","type":"post","link":"https:\/\/www.km77.com\/revista\/teletransporte\/porsche-911-carrera-colores-de-carroceria-y-tapiceria\/","title":{"rendered":"Porsche 911 Carrera. Colores de carrocer\u00eda y tapicer\u00eda"},"content":{"rendered":"<p>El otro d\u00eda <a title=\"Porsche 911 Carrera S (991) colores\" href=\"https:\/\/www.km77.com\/revista\/teletransporte\/7343\/porsche-911-colores-para-todos-llanta\/\" target=\"_self\" rel=\"noopener\">les puse los nombres del color de la carrocer\u00eda en ingl\u00e9s<\/a>. Hoy, con la ayuda de Noelia (Gracias Noe) les hemos puesto fotos de la tapicer\u00eda con un poquito de pintura de la carrocer\u00eda a la vista, para que vean qu\u00e9 combinaci\u00f3n les gusta m\u00e1s. As\u00ed cuando vayan a comprar el coche pueden ir con las ideas claras y no tienen que buscar diferentes unidades de concesionario en concesionario.<\/p>\n<p>Amarillo Racing. Cuero Azul Yate.<\/p>\n<p><img decoding=\"async\" class=\"aligncenter size-full wp-image-7378\" title=\"Porsche 911 Carrera. Amarillo Racing. Cuero Azul Yate\" src=\"https:\/\/www.km77.com\/revista\/wp-content\/files\/2011\/11\/porsche-911-carrera-amarillo-racing-cuero-azul-yate.jpg\" alt=\"Porsche 911 Carrera. Amarillo Racing. Cuero Azul Yate\" width=\"700\" height=\"525\" \/><\/p>\n<p>Azul Oscuro Metalizado. Cuero Natural Expresso.<\/p>\n<p><img decoding=\"async\" class=\"aligncenter size-full wp-image-7380\" title=\"Porsche 911 Carrera. Azul Oscuro Metalizado. Cuero Natural Expresso\" src=\"https:\/\/www.km77.com\/revista\/wp-content\/files\/2011\/11\/porsche-911-carrera-azul-oscuro-metalizado-cuero-natural-expresso.jpg\" alt=\"Porsche 911 Carrera. Azul Oscuro Metalizado. Cuero Natural Expresso\" width=\"700\" height=\"525\" \/><\/p>\n<p>Marr\u00f3n Antracita Metalizado. Cuero Crema.<\/p>\n<p><img decoding=\"async\" class=\"aligncenter size-full wp-image-7381\" title=\"Porsche 911 Carrera. Marr\u00f3n Antracita Metalizado. Cuero Crema.\" src=\"https:\/\/www.km77.com\/revista\/wp-content\/files\/2011\/11\/porsche-911-carrera-marron-antracita-metalizado-cuero-crema.jpg\" alt=\"Porsche 911 Carrera. Marr\u00f3n Antracita Metalizado. Cuero Crema.\" width=\"700\" height=\"525\" \/><\/p>\n<p>Negro Basalto Metalizado. Cuero Beige Luxor.<\/p>\n<p><img decoding=\"async\" class=\"aligncenter size-full wp-image-7383\" title=\"Porsche 911 Carrera. Negro Basalto Metalizado. Cuero Beige Luxor.\" src=\"https:\/\/www.km77.com\/revista\/wp-content\/files\/2011\/11\/porsche-911-carrera-negro-basalto-metalizado-cuero-beige-luxor.jpg\" alt=\"Porsche 911 Carrera. Negro Basalto Metalizado. Cuero Beige Luxor.\" width=\"700\" height=\"525\" \/><\/p>\n<p>Oro Lima Metalizado. Cuero Crema.<\/p>\n<p><img decoding=\"async\" class=\"aligncenter size-full wp-image-7384\" title=\"Porsche 911 Carrera. Oro Lima Metalizado. Cuero Crema.\" src=\"https:\/\/www.km77.com\/revista\/wp-content\/files\/2011\/11\/porsche-911-carrera-oro-lima-metalizado-cuero-crema.jpg\" alt=\"Porsche 911 Carrera. Oro Lima Metalizado. Cuero Crema.\" width=\"700\" height=\"525\" \/><\/p>\n<p>Oro Lima Metalizado. Cuero Natural Expresso.<\/p>\n<p><img decoding=\"async\" class=\"aligncenter size-full wp-image-7385\" title=\"Porsche 911 Carrera. Oro Lima Metalizado. Cuero Natural Expresso\" src=\"https:\/\/www.km77.com\/revista\/wp-content\/files\/2011\/11\/porsche-911-carrera-oro-lima-metalizado-cuero-natural-expresso.jpg\" alt=\"Porsche 911 Carrera. Oro Lima Metalizado. Cuero Natural Expresso\" width=\"700\" height=\"525\" \/><\/p>\n<p>Platino Metalizado. Cuero Natural Expresso.<\/p>\n<p><img decoding=\"async\" class=\"aligncenter size-full wp-image-7386\" title=\"Porsche 911 Carrera. Platino Metalizado. Cuero Natural Expresso\" src=\"https:\/\/www.km77.com\/revista\/wp-content\/files\/2011\/11\/porsche-911-carrera-platino-metalizado-cuero-natural-expresso.jpg\" alt=\"Porsche 911 Carrera. Platino Metalizado. Cuero Natural Expresso\" width=\"700\" height=\"525\" \/><\/p>\n<p>Rojo Guardia. Cuero Negro.<\/p>\n<p><img decoding=\"async\" class=\"aligncenter size-full wp-image-7387\" title=\"Porsche 911 Carrera. Rojo Guardia. Cuero Negro\" src=\"https:\/\/www.km77.com\/revista\/wp-content\/files\/2011\/11\/porsche-911-carrera-rojo-guardia-cuero-negro.jpg\" alt=\"Porsche 911 Carrera. Rojo Guardia. Cuero Negro\" width=\"700\" height=\"525\" \/><\/p>\n<p>Incluyo tambi\u00e9n una foto de los respaldos de los asientos posteriores plegados:<\/p>\n<p><img decoding=\"async\" class=\"aligncenter size-full wp-image-7396\" title=\"Porsche 911 Carrera S. Respaldo de los asientos posteriores plegado\" src=\"https:\/\/www.km77.com\/revista\/wp-content\/files\/2011\/11\/asiento-tras-plegado.jpg\" alt=\"Porsche 911 Carrera S. Respaldo de los asientos posteriores plegado\" width=\"700\" height=\"394\" \/><\/p>\n<p>Tienen <a title=\"Im\u00e1genes del interior Porsche 911 Carrera S 2012 (991)\" href=\"https:\/\/www.km77.com\/fotos\/Porsche\/911_Carrera_2012\/Interior.html?division=version&amp;photoType=2\" target=\"_self\" rel=\"noopener\">m\u00e1s fotos del interior del Porsche 911 Carrera en esta galer\u00eda de fotos de km77.com<\/a>.<\/p>\n","protected":false},"excerpt":{"rendered":"<p>El otro d\u00eda les puse los nombres del color de la carrocer\u00eda en ingl\u00e9s. Hoy, con la ayuda de Noelia (Gracias Noe) les hemos puesto fotos de la tapicer\u00eda con un poquito de pintura de la carrocer\u00eda a la vista, para que vean qu\u00e9 combinaci\u00f3n les gusta m\u00e1s. As\u00ed cuando vayan a comprar el coche [&hellip;]<\/p>\n","protected":false},"author":72,"featured_media":0,"comment_status":"open","ping_status":"closed","sticky":false,"template":"","format":"standard","meta":{"_et_pb_use_builder":"","_et_pb_old_content":"","_et_gb_content_width":"","footnotes":""},"categories":[3915],"tags":[313,475,908,909,910,911,912,1960,2164,2242,2368,8014,2395,2398,2400,2639],"class_list":["post-7377","post","type-post","status-publish","format-standard","hentry","category-teletransporte","tag-amarillo-racing","tag-azul-oscuro-metalizado","tag-cuero-azul-yate","tag-cuero-beige-luxor","tag-cuero-crema","tag-cuero-natural-expresso","tag-cuero-negro","tag-marron-antracita-metalizado","tag-negro-basalto-metalizado","tag-oro-lima-metalizado","tag-platino-metalizado","tag-porsche-coches","tag-porsche-911","tag-porsche-911-carrera","tag-porsche-911-carrera-s","tag-rojo-guardia"],"amp_enabled":true,"_links":{"self":[{"href":"https:\/\/www.km77.com\/revista\/wp-json\/wp\/v2\/posts\/7377","targetHints":{"allow":["GET"]}}],"collection":[{"href":"https:\/\/www.km77.com\/revista\/wp-json\/wp\/v2\/posts"}],"about":[{"href":"https:\/\/www.km77.com\/revista\/wp-json\/wp\/v2\/types\/post"}],"author":[{"embeddable":true,"href":"https:\/\/www.km77.com\/revista\/wp-json\/wp\/v2\/users\/72"}],"replies":[{"embeddable":true,"href":"https:\/\/www.km77.com\/revista\/wp-json\/wp\/v2\/comments?post=7377"}],"version-history":[{"count":1,"href":"https:\/\/www.km77.com\/revista\/wp-json\/wp\/v2\/posts\/7377\/revisions"}],"predecessor-version":[{"id":43927,"href":"https:\/\/www.km77.com\/revista\/wp-json\/wp\/v2\/posts\/7377\/revisions\/43927"}],"wp:attachment":[{"href":"https:\/\/www.km77.com\/revista\/wp-json\/wp\/v2\/media?parent=7377"}],"wp:term":[{"taxonomy":"category","embeddable":true,"href":"https:\/\/www.km77.com\/revista\/wp-json\/wp\/v2\/categories?post=7377"},{"taxonomy":"post_tag","embeddable":true,"href":"https:\/\/www.km77.com\/revista\/wp-json\/wp\/v2\/tags?post=7377"}],"curies":[{"name":"wp","href":"https:\/\/api.w.org\/{rel}","templated":true}]}}