{"id":73132,"date":"2026-09-04T11:13:08","date_gmt":"2026-09-04T09:13:08","guid":{"rendered":"https:\/\/www.km77.com\/revista\/?p=73132"},"modified":"2026-09-04T11:13:10","modified_gmt":"2026-09-04T09:13:10","slug":"volkswagen-anuncia-la-mayor-reestructuracion-de-su-historia-y-muchos-modelos-no-viviran-para-contarlo","status":"publish","type":"post","link":"https:\/\/www.km77.com\/revista\/noticias\/volkswagen-anuncia-la-mayor-reestructuracion-de-su-historia-y-muchos-modelos-no-viviran-para-contarlo\/","title":{"rendered":"Volkswagen anuncia la mayor reestructuraci\u00f3n de su historia, y muchos modelos no vivir\u00e1n para contarlo"},"content":{"rendered":"\n<p class=\"wp-block-paragraph\">El Consejo de Supervisi\u00f3n del Grupo&nbsp;<a href=\"https:\/\/www.km77.com\/coches\/volkswagen\">Volkswagen<\/a> ha aprobado el conocido como <strong>Future Plan 2030<\/strong>, a trav\u00e9s del cual la compa\u00f1\u00eda buscar\u00e1 acometer la que probablemente sea la mayor reestructuraci\u00f3n de su historia. El plan est\u00e1 compuesto por un total de doce puntos que buscar\u00e1n incrementar la competitividad del fabricante en un panorama cada vez m\u00e1s desafiante debido al auge de los grupos chinos y a la transici\u00f3n al veh\u00edculo el\u00e9ctrico, aut\u00f3nomo y conectado.<\/p>\n\n\n\n<p class=\"wp-block-paragraph\">El acuerdo ha sido posible despu\u00e9s de que la direcci\u00f3n se comprometiera con el Comit\u00e9 de Empresa a buscar usos alternativos a las cuatro factor\u00edas alemanas cuyo futuro pend\u00eda de un hilo debido a sus elevados costes de producci\u00f3n:&nbsp;<strong>Emden, Zwickau, Hannover y Neckarsulm<\/strong>. Las dos primeras dejar\u00e1n de fabricar veh\u00edculos en 2031, la tercera en 2032, y la cuarta en 2034.<\/p>\n\n\n\n<p class=\"wp-block-paragraph\">Volkswagen dar\u00e1 m\u00e1s protagonismo a su negocio automotriz principal, destinando 135.000 millones de euros en inversiones e I+D en el periodo 2027-2031. Eso s\u00ed, para 2035 la empresa habr\u00e1 reducido a la mitad su porfolio de modelos a nivel mundial; adem\u00e1s, <strong>reducir\u00e1 la complejidad de su oferta en un 75%<\/strong>, lo que significa que habr\u00e1 una menor variedad de configuraciones disponibles. Los modelos supervivientes se beneficiar\u00e1n de tener un menor n\u00famero de variantes, ya que el mayor volumen de ventas por modelo se traducir\u00e1 en m\u00e1s econom\u00edas de escala y, por lo tanto, en unos costes menores.<\/p>\n\n\n\n<figure class=\"wp-block-image size-large\"><img decoding=\"async\" width=\"1024\" height=\"683\" src=\"https:\/\/www.km77.com\/revista\/wp-content\/uploads\/2026\/09\/W22961732287091170IMAGE_range-of-volkswagen-modells-driving-on-street-at-sunrise-1024x683.png\" alt=\"\" class=\"wp-image-73134\" srcset=\"https:\/\/www.km77.com\/revista\/wp-content\/uploads\/2026\/09\/W22961732287091170IMAGE_range-of-volkswagen-modells-driving-on-street-at-sunrise-1024x683.png 1024w, https:\/\/www.km77.com\/revista\/wp-content\/uploads\/2026\/09\/W22961732287091170IMAGE_range-of-volkswagen-modells-driving-on-street-at-sunrise-980x653.png 980w, https:\/\/www.km77.com\/revista\/wp-content\/uploads\/2026\/09\/W22961732287091170IMAGE_range-of-volkswagen-modells-driving-on-street-at-sunrise-480x320.png 480w\" sizes=\"(min-width: 0px) and (max-width: 480px) 480px, (min-width: 481px) and (max-width: 980px) 980px, (min-width: 981px) 1024px, 100vw\" \/><figcaption class=\"wp-element-caption\">Volkswagen reducir\u00e1 en un 50% su oferta de veh\u00edculos a nivel mundial.<\/figcaption><\/figure>\n\n\n\n<h2 class=\"wp-block-heading\">Volkswagen optimizar\u00e1 su estructura de producci\u00f3n en Europa<\/h2>\n\n\n\n<p class=\"wp-block-paragraph\">Tambi\u00e9n se implementar\u00e1 un programa de excelencia operativa para optimizar el funcionamiento de departamentos clave (I+D, compras, producci\u00f3n, calidad, ventas&#8230;). Para agilizar la toma de decisiones, se crear\u00e1 <strong>una estructura de mando simplificada <\/strong>y m\u00e1s directa que permita a los equipos actuar de forma m\u00e1s r\u00e1pida y asumir una mayor responsabilidad.<\/p>\n\n\n\n<p class=\"wp-block-paragraph\">El gigante alem\u00e1n estima que tiene una sobrecapacidad de producci\u00f3n de aproximadamente 500 000 unidades anuales en&nbsp;Europa, por lo que el cese de las operaciones en Emden, Zwickau, Hannover y Neckarsulm ser\u00e1 clave para conseguir una estructura de fabricaci\u00f3n competitiva. En un principio, las factor\u00edas espa\u00f1olas del grupo (Landaben y Martorell) <strong>no se ver\u00e1n afectadas<\/strong>.<\/p>\n\n\n\n<p class=\"wp-block-paragraph\">A la reducci\u00f3n de 50 000 puestos de trabajo acordada previamente finalmente se sumar\u00e1n otros 50 000 puestos; por lo tanto, Volkswagen adelgazar\u00e1 su fuerza laboral en <strong>aproximadamente 100 000 empleados<\/strong>. La nota de prensa menciona que estos ajustes tambi\u00e9n afectar\u00e1n a los puestos directivos.<\/p>\n\n\n\n<figure class=\"wp-block-image size-large\"><img decoding=\"async\" width=\"1024\" height=\"683\" src=\"https:\/\/www.km77.com\/revista\/wp-content\/uploads\/2026\/09\/seat_ibiza_383-1024x683.jpeg\" alt=\"\" class=\"wp-image-73138\" srcset=\"https:\/\/www.km77.com\/revista\/wp-content\/uploads\/2026\/09\/seat_ibiza_383-1024x683.jpeg 1024w, https:\/\/www.km77.com\/revista\/wp-content\/uploads\/2026\/09\/seat_ibiza_383-980x653.jpeg 980w, https:\/\/www.km77.com\/revista\/wp-content\/uploads\/2026\/09\/seat_ibiza_383-480x320.jpeg 480w\" sizes=\"(min-width: 0px) and (max-width: 480px) 480px, (min-width: 481px) and (max-width: 980px) 980px, (min-width: 981px) 1024px, 100vw\" \/><figcaption class=\"wp-element-caption\">Por el momento no se han dado detalles sobre el futuro de SEAT.<\/figcaption><\/figure>\n\n\n\n<h2 class=\"wp-block-heading\">China y Norteam\u00e9rica tambi\u00e9n se ver\u00e1n afectadas<\/h2>\n\n\n\n<p class=\"wp-block-paragraph\">En\u00a0Norteam\u00e9rica,\u00a0Volkswagen se centrar\u00e1 en los segmentos m\u00e1s rentables, mientras que en\u00a0China se adaptar\u00e1 a las nuevas previsiones de crecimiento del mercado e incrementar\u00e1 sus exportaciones a otras regiones. Por otro lado, la estructura del grupo se simplificar\u00e1 a trav\u00e9s del desarrollo de un modelo evolucionado que buscar\u00e1 <strong>incrementar las sinergias tecnol\u00f3gicas<em> \u00aby de otros tipos\u00bb<\/em><\/strong>, sin dar m\u00e1s detalles al respecto.<\/p>\n\n\n\n<p class=\"wp-block-paragraph\">Por \u00faltimo, la cartera de inversiones se optimizar\u00e1 y solo se conservar\u00e1n acciones en aquellos negocios que contribuyan significativamente desde un punto de vista estrat\u00e9gico y econ\u00f3mico al conglomerado. Se estima que <strong>la cartera de participaciones del grupo se reducir\u00e1 en aproximadamente un tercio<\/strong> para lograr un uso m\u00e1s eficiente del capital.<\/p>\n\n\n\n<p class=\"wp-block-paragraph\"><em>\u00abCon la aprobaci\u00f3n del Future Plan, el Consejo de Supervisi\u00f3n y el Consejo Ejecutivo de Volkswagen AG han demostrado que la transformaci\u00f3n de la compa\u00f1\u00eda avanza con paso firme. El Consejo de Supervisi\u00f3n recibi\u00f3 una presentaci\u00f3n exhaustiva sobre el concepto de transformaci\u00f3n desarrollado por el Consejo Ejecutivo. Como Consejo de Supervisi\u00f3n, estamos convencidos de que la implementaci\u00f3n del Future Plan garantizar\u00e1 la viabilidad y la competitividad a largo plazo del Grupo Volkswagen\u00bb<\/em>, declara\u00a0<strong>Hans Dieter P\u00f6tsch, Presidente del Consejo de Supervisi\u00f3n<\/strong>.<\/p>\n","protected":false},"excerpt":{"rendered":"<p>El Consejo de Supervisi\u00f3n del Grupo&nbsp;Volkswagen ha aprobado el conocido como Future Plan 2030, a trav\u00e9s del cual la compa\u00f1\u00eda buscar\u00e1 acometer la que probablemente sea la mayor reestructuraci\u00f3n de su historia. El plan est\u00e1 compuesto por un total de doce puntos que buscar\u00e1n incrementar la competitividad del fabricante en un panorama cada vez m\u00e1s [&hellip;]<\/p>\n","protected":false},"author":96,"featured_media":73141,"comment_status":"open","ping_status":"closed","sticky":false,"template":"","format":"standard","meta":{"_et_pb_use_builder":"off","_et_pb_old_content":"","_et_gb_content_width":"","footnotes":""},"categories":[14158],"tags":[3102],"class_list":["post-73132","post","type-post","status-publish","format-standard","has-post-thumbnail","hentry","category-noticias","tag-volkswagen"],"yoast_head":"<!-- This site is optimized with the Yoast SEO plugin v27.8 - https:\/\/yoast.com\/product\/yoast-seo-wordpress\/ -->\n<title>Volkswagen anuncia la mayor reestructuraci\u00f3n de su historia, y muchos modelos no vivir\u00e1n para contarlo - Revista km77<\/title>\n<meta name=\"robots\" content=\"index, follow, max-snippet:-1, max-image-preview:large, max-video-preview:-1\" \/>\n<link rel=\"canonical\" href=\"https:\/\/www.km77.com\/revista\/noticias\/volkswagen-anuncia-la-mayor-reestructuracion-de-su-historia-y-muchos-modelos-no-viviran-para-contarlo\/\" \/>\n<meta property=\"og:locale\" content=\"es_ES\" \/>\n<meta property=\"og:type\" content=\"article\" \/>\n<meta property=\"og:title\" content=\"Volkswagen anuncia la mayor reestructuraci\u00f3n de su historia, y muchos modelos no vivir\u00e1n para contarlo - Revista km77\" \/>\n<meta property=\"og:description\" content=\"El Consejo de Supervisi\u00f3n del Grupo&nbsp;Volkswagen ha aprobado el conocido como Future Plan 2030, a trav\u00e9s del cual la compa\u00f1\u00eda buscar\u00e1 acometer la que probablemente sea la mayor reestructuraci\u00f3n de su historia. El plan est\u00e1 compuesto por un total de doce puntos que buscar\u00e1n incrementar la competitividad del fabricante en un panorama cada vez m\u00e1s [&hellip;]\" \/>\n<meta property=\"og:url\" content=\"https:\/\/www.km77.com\/revista\/noticias\/volkswagen-anuncia-la-mayor-reestructuracion-de-su-historia-y-muchos-modelos-no-viviran-para-contarlo\/\" \/>\n<meta property=\"og:site_name\" content=\"Revista km77\" \/>\n<meta property=\"article:published_time\" content=\"2026-09-04T09:13:08+00:00\" \/>\n<meta property=\"article:modified_time\" content=\"2026-09-04T09:13:10+00:00\" \/>\n<meta property=\"og:image\" content=\"https:\/\/www.km77.com\/revista\/wp-content\/uploads\/2026\/09\/volkswagen_id.5_pro_performance_36.jpeg\" \/>\n\t<meta property=\"og:image:width\" content=\"1200\" \/>\n\t<meta property=\"og:image:height\" content=\"800\" \/>\n\t<meta property=\"og:image:type\" content=\"image\/jpeg\" \/>\n<meta name=\"author\" content=\"Alber Callejo\" \/>\n<meta name=\"twitter:card\" content=\"summary_large_image\" \/>\n<meta name=\"twitter:label1\" content=\"Escrito por\" \/>\n\t<meta name=\"twitter:data1\" content=\"Alber Callejo\" \/>\n\t<meta name=\"twitter:label2\" content=\"Tiempo de lectura\" \/>\n\t<meta name=\"twitter:data2\" content=\"4 minutos\" \/>\n<script type=\"application\/ld+json\" class=\"yoast-schema-graph\">{\"@context\":\"https:\\\/\\\/schema.org\",\"@graph\":[{\"@type\":\"Article\",\"@id\":\"https:\\\/\\\/www.km77.com\\\/revista\\\/noticias\\\/volkswagen-anuncia-la-mayor-reestructuracion-de-su-historia-y-muchos-modelos-no-viviran-para-contarlo\\\/#article\",\"isPartOf\":{\"@id\":\"https:\\\/\\\/www.km77.com\\\/revista\\\/noticias\\\/volkswagen-anuncia-la-mayor-reestructuracion-de-su-historia-y-muchos-modelos-no-viviran-para-contarlo\\\/\"},\"author\":{\"name\":\"Alber Callejo\",\"@id\":\"https:\\\/\\\/www.km77.com\\\/revista\\\/#\\\/schema\\\/person\\\/0c9b307289af233f1c73add48a0a7c83\"},\"headline\":\"Volkswagen anuncia la mayor reestructuraci\u00f3n de su historia, y muchos modelos no vivir\u00e1n para contarlo\",\"datePublished\":\"2026-09-04T09:13:08+00:00\",\"dateModified\":\"2026-09-04T09:13:10+00:00\",\"mainEntityOfPage\":{\"@id\":\"https:\\\/\\\/www.km77.com\\\/revista\\\/noticias\\\/volkswagen-anuncia-la-mayor-reestructuracion-de-su-historia-y-muchos-modelos-no-viviran-para-contarlo\\\/\"},\"wordCount\":691,\"commentCount\":0,\"publisher\":{\"@id\":\"https:\\\/\\\/www.km77.com\\\/revista\\\/#organization\"},\"image\":{\"@id\":\"https:\\\/\\\/www.km77.com\\\/revista\\\/noticias\\\/volkswagen-anuncia-la-mayor-reestructuracion-de-su-historia-y-muchos-modelos-no-viviran-para-contarlo\\\/#primaryimage\"},\"thumbnailUrl\":\"https:\\\/\\\/www.km77.com\\\/revista\\\/wp-content\\\/uploads\\\/2026\\\/09\\\/volkswagen_id.5_pro_performance_36.jpeg\",\"keywords\":[\"Volkswagen\"],\"articleSection\":[\"Noticias\"],\"inLanguage\":\"es\",\"potentialAction\":[{\"@type\":\"CommentAction\",\"name\":\"Comment\",\"target\":[\"https:\\\/\\\/www.km77.com\\\/revista\\\/noticias\\\/volkswagen-anuncia-la-mayor-reestructuracion-de-su-historia-y-muchos-modelos-no-viviran-para-contarlo\\\/#respond\"]}]},{\"@type\":\"WebPage\",\"@id\":\"https:\\\/\\\/www.km77.com\\\/revista\\\/noticias\\\/volkswagen-anuncia-la-mayor-reestructuracion-de-su-historia-y-muchos-modelos-no-viviran-para-contarlo\\\/\",\"url\":\"https:\\\/\\\/www.km77.com\\\/revista\\\/noticias\\\/volkswagen-anuncia-la-mayor-reestructuracion-de-su-historia-y-muchos-modelos-no-viviran-para-contarlo\\\/\",\"name\":\"Volkswagen anuncia la mayor reestructuraci\u00f3n de su historia, y muchos modelos no vivir\u00e1n para contarlo - Revista km77\",\"isPartOf\":{\"@id\":\"https:\\\/\\\/www.km77.com\\\/revista\\\/#website\"},\"primaryImageOfPage\":{\"@id\":\"https:\\\/\\\/www.km77.com\\\/revista\\\/noticias\\\/volkswagen-anuncia-la-mayor-reestructuracion-de-su-historia-y-muchos-modelos-no-viviran-para-contarlo\\\/#primaryimage\"},\"image\":{\"@id\":\"https:\\\/\\\/www.km77.com\\\/revista\\\/noticias\\\/volkswagen-anuncia-la-mayor-reestructuracion-de-su-historia-y-muchos-modelos-no-viviran-para-contarlo\\\/#primaryimage\"},\"thumbnailUrl\":\"https:\\\/\\\/www.km77.com\\\/revista\\\/wp-content\\\/uploads\\\/2026\\\/09\\\/volkswagen_id.5_pro_performance_36.jpeg\",\"datePublished\":\"2026-09-04T09:13:08+00:00\",\"dateModified\":\"2026-09-04T09:13:10+00:00\",\"breadcrumb\":{\"@id\":\"https:\\\/\\\/www.km77.com\\\/revista\\\/noticias\\\/volkswagen-anuncia-la-mayor-reestructuracion-de-su-historia-y-muchos-modelos-no-viviran-para-contarlo\\\/#breadcrumb\"},\"inLanguage\":\"es\",\"potentialAction\":[{\"@type\":\"ReadAction\",\"target\":[\"https:\\\/\\\/www.km77.com\\\/revista\\\/noticias\\\/volkswagen-anuncia-la-mayor-reestructuracion-de-su-historia-y-muchos-modelos-no-viviran-para-contarlo\\\/\"]}]},{\"@type\":\"ImageObject\",\"inLanguage\":\"es\",\"@id\":\"https:\\\/\\\/www.km77.com\\\/revista\\\/noticias\\\/volkswagen-anuncia-la-mayor-reestructuracion-de-su-historia-y-muchos-modelos-no-viviran-para-contarlo\\\/#primaryimage\",\"url\":\"https:\\\/\\\/www.km77.com\\\/revista\\\/wp-content\\\/uploads\\\/2026\\\/09\\\/volkswagen_id.5_pro_performance_36.jpeg\",\"contentUrl\":\"https:\\\/\\\/www.km77.com\\\/revista\\\/wp-content\\\/uploads\\\/2026\\\/09\\\/volkswagen_id.5_pro_performance_36.jpeg\",\"width\":1200,\"height\":800},{\"@type\":\"BreadcrumbList\",\"@id\":\"https:\\\/\\\/www.km77.com\\\/revista\\\/noticias\\\/volkswagen-anuncia-la-mayor-reestructuracion-de-su-historia-y-muchos-modelos-no-viviran-para-contarlo\\\/#breadcrumb\",\"itemListElement\":[{\"@type\":\"ListItem\",\"position\":1,\"name\":\"Revista km77\",\"item\":\"https:\\\/\\\/www.km77.com\\\/revista\\\/\"},{\"@type\":\"ListItem\",\"position\":2,\"name\":\"Noticias\",\"item\":\"https:\\\/\\\/www.km77.com\\\/revista\\\/noticias\\\/\"},{\"@type\":\"ListItem\",\"position\":3,\"name\":\"Volkswagen anuncia la mayor reestructuraci\u00f3n de su historia, y muchos modelos no vivir\u00e1n para contarlo\"}]},{\"@type\":\"WebSite\",\"@id\":\"https:\\\/\\\/www.km77.com\\\/revista\\\/#website\",\"url\":\"https:\\\/\\\/www.km77.com\\\/revista\\\/\",\"name\":\"Revista km77\",\"description\":\"Noticias y opiniones en km77\",\"publisher\":{\"@id\":\"https:\\\/\\\/www.km77.com\\\/revista\\\/#organization\"},\"potentialAction\":[{\"@type\":\"SearchAction\",\"target\":{\"@type\":\"EntryPoint\",\"urlTemplate\":\"https:\\\/\\\/www.km77.com\\\/revista\\\/?s={search_term_string}\"},\"query-input\":{\"@type\":\"PropertyValueSpecification\",\"valueRequired\":true,\"valueName\":\"search_term_string\"}}],\"inLanguage\":\"es\"},{\"@type\":\"Organization\",\"@id\":\"https:\\\/\\\/www.km77.com\\\/revista\\\/#organization\",\"name\":\"KM77\",\"url\":\"https:\\\/\\\/www.km77.com\\\/revista\\\/\",\"logo\":{\"@type\":\"ImageObject\",\"inLanguage\":\"es\",\"@id\":\"https:\\\/\\\/www.km77.com\\\/revista\\\/#\\\/schema\\\/logo\\\/image\\\/\",\"url\":\"https:\\\/\\\/www.km77.com\\\/revista\\\/wp-content\\\/uploads\\\/2021\\\/02\\\/logo-km77.png\",\"contentUrl\":\"https:\\\/\\\/www.km77.com\\\/revista\\\/wp-content\\\/uploads\\\/2021\\\/02\\\/logo-km77.png\",\"width\":100,\"height\":34,\"caption\":\"KM77\"},\"image\":{\"@id\":\"https:\\\/\\\/www.km77.com\\\/revista\\\/#\\\/schema\\\/logo\\\/image\\\/\"}},{\"@type\":\"Person\",\"@id\":\"https:\\\/\\\/www.km77.com\\\/revista\\\/#\\\/schema\\\/person\\\/0c9b307289af233f1c73add48a0a7c83\",\"name\":\"Alber Callejo\",\"image\":{\"@type\":\"ImageObject\",\"inLanguage\":\"es\",\"@id\":\"https:\\\/\\\/secure.gravatar.com\\\/avatar\\\/4a8ddbc22c2175aa7bebe2529d0f84d3d3e87250a0df2d349dddb2167a410860?s=96&d=mm&r=g\",\"url\":\"https:\\\/\\\/secure.gravatar.com\\\/avatar\\\/4a8ddbc22c2175aa7bebe2529d0f84d3d3e87250a0df2d349dddb2167a410860?s=96&d=mm&r=g\",\"contentUrl\":\"https:\\\/\\\/secure.gravatar.com\\\/avatar\\\/4a8ddbc22c2175aa7bebe2529d0f84d3d3e87250a0df2d349dddb2167a410860?s=96&d=mm&r=g\",\"caption\":\"Alber Callejo\"},\"url\":\"https:\\\/\\\/www.km77.com\\\/revista\\\/author\\\/alber-callejo\\\/\"}]}<\/script>\n<!-- \/ Yoast SEO plugin. -->","yoast_head_json":{"title":"Volkswagen anuncia la mayor reestructuraci\u00f3n de su historia, y muchos modelos no vivir\u00e1n para contarlo - Revista km77","robots":{"index":"index","follow":"follow","max-snippet":"max-snippet:-1","max-image-preview":"max-image-preview:large","max-video-preview":"max-video-preview:-1"},"canonical":"https:\/\/www.km77.com\/revista\/noticias\/volkswagen-anuncia-la-mayor-reestructuracion-de-su-historia-y-muchos-modelos-no-viviran-para-contarlo\/","og_locale":"es_ES","og_type":"article","og_title":"Volkswagen anuncia la mayor reestructuraci\u00f3n de su historia, y muchos modelos no vivir\u00e1n para contarlo - Revista km77","og_description":"El Consejo de Supervisi\u00f3n del Grupo&nbsp;Volkswagen ha aprobado el conocido como Future Plan 2030, a trav\u00e9s del cual la compa\u00f1\u00eda buscar\u00e1 acometer la que probablemente sea la mayor reestructuraci\u00f3n de su historia. El plan est\u00e1 compuesto por un total de doce puntos que buscar\u00e1n incrementar la competitividad del fabricante en un panorama cada vez m\u00e1s [&hellip;]","og_url":"https:\/\/www.km77.com\/revista\/noticias\/volkswagen-anuncia-la-mayor-reestructuracion-de-su-historia-y-muchos-modelos-no-viviran-para-contarlo\/","og_site_name":"Revista km77","article_published_time":"2026-09-04T09:13:08+00:00","article_modified_time":"2026-09-04T09:13:10+00:00","og_image":[{"width":1200,"height":800,"url":"https:\/\/www.km77.com\/revista\/wp-content\/uploads\/2026\/09\/volkswagen_id.5_pro_performance_36.jpeg","type":"image\/jpeg"}],"author":"Alber Callejo","twitter_card":"summary_large_image","twitter_misc":{"Escrito por":"Alber Callejo","Tiempo de lectura":"4 minutos"},"schema":{"@context":"https:\/\/schema.org","@graph":[{"@type":"Article","@id":"https:\/\/www.km77.com\/revista\/noticias\/volkswagen-anuncia-la-mayor-reestructuracion-de-su-historia-y-muchos-modelos-no-viviran-para-contarlo\/#article","isPartOf":{"@id":"https:\/\/www.km77.com\/revista\/noticias\/volkswagen-anuncia-la-mayor-reestructuracion-de-su-historia-y-muchos-modelos-no-viviran-para-contarlo\/"},"author":{"name":"Alber Callejo","@id":"https:\/\/www.km77.com\/revista\/#\/schema\/person\/0c9b307289af233f1c73add48a0a7c83"},"headline":"Volkswagen anuncia la mayor reestructuraci\u00f3n de su historia, y muchos modelos no vivir\u00e1n para contarlo","datePublished":"2026-09-04T09:13:08+00:00","dateModified":"2026-09-04T09:13:10+00:00","mainEntityOfPage":{"@id":"https:\/\/www.km77.com\/revista\/noticias\/volkswagen-anuncia-la-mayor-reestructuracion-de-su-historia-y-muchos-modelos-no-viviran-para-contarlo\/"},"wordCount":691,"commentCount":0,"publisher":{"@id":"https:\/\/www.km77.com\/revista\/#organization"},"image":{"@id":"https:\/\/www.km77.com\/revista\/noticias\/volkswagen-anuncia-la-mayor-reestructuracion-de-su-historia-y-muchos-modelos-no-viviran-para-contarlo\/#primaryimage"},"thumbnailUrl":"https:\/\/www.km77.com\/revista\/wp-content\/uploads\/2026\/09\/volkswagen_id.5_pro_performance_36.jpeg","keywords":["Volkswagen"],"articleSection":["Noticias"],"inLanguage":"es","potentialAction":[{"@type":"CommentAction","name":"Comment","target":["https:\/\/www.km77.com\/revista\/noticias\/volkswagen-anuncia-la-mayor-reestructuracion-de-su-historia-y-muchos-modelos-no-viviran-para-contarlo\/#respond"]}]},{"@type":"WebPage","@id":"https:\/\/www.km77.com\/revista\/noticias\/volkswagen-anuncia-la-mayor-reestructuracion-de-su-historia-y-muchos-modelos-no-viviran-para-contarlo\/","url":"https:\/\/www.km77.com\/revista\/noticias\/volkswagen-anuncia-la-mayor-reestructuracion-de-su-historia-y-muchos-modelos-no-viviran-para-contarlo\/","name":"Volkswagen anuncia la mayor reestructuraci\u00f3n de su historia, y muchos modelos no vivir\u00e1n para contarlo - Revista km77","isPartOf":{"@id":"https:\/\/www.km77.com\/revista\/#website"},"primaryImageOfPage":{"@id":"https:\/\/www.km77.com\/revista\/noticias\/volkswagen-anuncia-la-mayor-reestructuracion-de-su-historia-y-muchos-modelos-no-viviran-para-contarlo\/#primaryimage"},"image":{"@id":"https:\/\/www.km77.com\/revista\/noticias\/volkswagen-anuncia-la-mayor-reestructuracion-de-su-historia-y-muchos-modelos-no-viviran-para-contarlo\/#primaryimage"},"thumbnailUrl":"https:\/\/www.km77.com\/revista\/wp-content\/uploads\/2026\/09\/volkswagen_id.5_pro_performance_36.jpeg","datePublished":"2026-09-04T09:13:08+00:00","dateModified":"2026-09-04T09:13:10+00:00","breadcrumb":{"@id":"https:\/\/www.km77.com\/revista\/noticias\/volkswagen-anuncia-la-mayor-reestructuracion-de-su-historia-y-muchos-modelos-no-viviran-para-contarlo\/#breadcrumb"},"inLanguage":"es","potentialAction":[{"@type":"ReadAction","target":["https:\/\/www.km77.com\/revista\/noticias\/volkswagen-anuncia-la-mayor-reestructuracion-de-su-historia-y-muchos-modelos-no-viviran-para-contarlo\/"]}]},{"@type":"ImageObject","inLanguage":"es","@id":"https:\/\/www.km77.com\/revista\/noticias\/volkswagen-anuncia-la-mayor-reestructuracion-de-su-historia-y-muchos-modelos-no-viviran-para-contarlo\/#primaryimage","url":"https:\/\/www.km77.com\/revista\/wp-content\/uploads\/2026\/09\/volkswagen_id.5_pro_performance_36.jpeg","contentUrl":"https:\/\/www.km77.com\/revista\/wp-content\/uploads\/2026\/09\/volkswagen_id.5_pro_performance_36.jpeg","width":1200,"height":800},{"@type":"BreadcrumbList","@id":"https:\/\/www.km77.com\/revista\/noticias\/volkswagen-anuncia-la-mayor-reestructuracion-de-su-historia-y-muchos-modelos-no-viviran-para-contarlo\/#breadcrumb","itemListElement":[{"@type":"ListItem","position":1,"name":"Revista km77","item":"https:\/\/www.km77.com\/revista\/"},{"@type":"ListItem","position":2,"name":"Noticias","item":"https:\/\/www.km77.com\/revista\/noticias\/"},{"@type":"ListItem","position":3,"name":"Volkswagen anuncia la mayor reestructuraci\u00f3n de su historia, y muchos modelos no vivir\u00e1n para contarlo"}]},{"@type":"WebSite","@id":"https:\/\/www.km77.com\/revista\/#website","url":"https:\/\/www.km77.com\/revista\/","name":"Revista km77","description":"Noticias y opiniones en km77","publisher":{"@id":"https:\/\/www.km77.com\/revista\/#organization"},"potentialAction":[{"@type":"SearchAction","target":{"@type":"EntryPoint","urlTemplate":"https:\/\/www.km77.com\/revista\/?s={search_term_string}"},"query-input":{"@type":"PropertyValueSpecification","valueRequired":true,"valueName":"search_term_string"}}],"inLanguage":"es"},{"@type":"Organization","@id":"https:\/\/www.km77.com\/revista\/#organization","name":"KM77","url":"https:\/\/www.km77.com\/revista\/","logo":{"@type":"ImageObject","inLanguage":"es","@id":"https:\/\/www.km77.com\/revista\/#\/schema\/logo\/image\/","url":"https:\/\/www.km77.com\/revista\/wp-content\/uploads\/2021\/02\/logo-km77.png","contentUrl":"https:\/\/www.km77.com\/revista\/wp-content\/uploads\/2021\/02\/logo-km77.png","width":100,"height":34,"caption":"KM77"},"image":{"@id":"https:\/\/www.km77.com\/revista\/#\/schema\/logo\/image\/"}},{"@type":"Person","@id":"https:\/\/www.km77.com\/revista\/#\/schema\/person\/0c9b307289af233f1c73add48a0a7c83","name":"Alber Callejo","image":{"@type":"ImageObject","inLanguage":"es","@id":"https:\/\/secure.gravatar.com\/avatar\/4a8ddbc22c2175aa7bebe2529d0f84d3d3e87250a0df2d349dddb2167a410860?s=96&d=mm&r=g","url":"https:\/\/secure.gravatar.com\/avatar\/4a8ddbc22c2175aa7bebe2529d0f84d3d3e87250a0df2d349dddb2167a410860?s=96&d=mm&r=g","contentUrl":"https:\/\/secure.gravatar.com\/avatar\/4a8ddbc22c2175aa7bebe2529d0f84d3d3e87250a0df2d349dddb2167a410860?s=96&d=mm&r=g","caption":"Alber Callejo"},"url":"https:\/\/www.km77.com\/revista\/author\/alber-callejo\/"}]}},"amp_enabled":true,"_links":{"self":[{"href":"https:\/\/www.km77.com\/revista\/wp-json\/wp\/v2\/posts\/73132","targetHints":{"allow":["GET"]}}],"collection":[{"href":"https:\/\/www.km77.com\/revista\/wp-json\/wp\/v2\/posts"}],"about":[{"href":"https:\/\/www.km77.com\/revista\/wp-json\/wp\/v2\/types\/post"}],"author":[{"embeddable":true,"href":"https:\/\/www.km77.com\/revista\/wp-json\/wp\/v2\/users\/96"}],"replies":[{"embeddable":true,"href":"https:\/\/www.km77.com\/revista\/wp-json\/wp\/v2\/comments?post=73132"}],"version-history":[{"count":5,"href":"https:\/\/www.km77.com\/revista\/wp-json\/wp\/v2\/posts\/73132\/revisions"}],"predecessor-version":[{"id":73143,"href":"https:\/\/www.km77.com\/revista\/wp-json\/wp\/v2\/posts\/73132\/revisions\/73143"}],"wp:featuredmedia":[{"embeddable":true,"href":"https:\/\/www.km77.com\/revista\/wp-json\/wp\/v2\/media\/73141"}],"wp:attachment":[{"href":"https:\/\/www.km77.com\/revista\/wp-json\/wp\/v2\/media?parent=73132"}],"wp:term":[{"taxonomy":"category","embeddable":true,"href":"https:\/\/www.km77.com\/revista\/wp-json\/wp\/v2\/categories?post=73132"},{"taxonomy":"post_tag","embeddable":true,"href":"https:\/\/www.km77.com\/revista\/wp-json\/wp\/v2\/tags?post=73132"}],"curies":[{"name":"wp","href":"https:\/\/api.w.org\/{rel}","templated":true}]}}