{"id":73111,"date":"2026-09-03T15:25:23","date_gmt":"2026-09-03T13:25:23","guid":{"rendered":"https:\/\/www.km77.com\/revista\/?p=73111"},"modified":"2026-09-03T15:25:25","modified_gmt":"2026-09-03T13:25:25","slug":"volkswagen-estudia-eliminar-la-marca-espanola-seat","status":"publish","type":"post","link":"https:\/\/www.km77.com\/revista\/noticias\/volkswagen-estudia-eliminar-la-marca-espanola-seat\/","title":{"rendered":"Volkswagen estudia eliminar la marca espa\u00f1ola SEAT"},"content":{"rendered":"\n<p class=\"wp-block-paragraph\"><a href=\"https:\/\/www.km77.com\/coches\/volkswagen\">Volkswagen <\/a>se est\u00e1 preparando para la que probablemente sea su mayor reestructuraci\u00f3n en d\u00e9cadas. La compa\u00f1\u00eda alemana se enfrenta a un panorama internacional cada vez m\u00e1s adverso, con el auge de los fabricantes chinos y la transici\u00f3n a la movilidad el\u00e9ctrica como tel\u00f3n de fondo. Los \u00faltimos resultados del grupo han llevado a la c\u00fapula de la empresa a plantear <strong>unos ajustes todav\u00eda m\u00e1s estrictos<\/strong> de lo previsto con anterioridad.<\/p>\n\n\n\n<p class=\"wp-block-paragraph\">El pr\u00f3ximo viernes 4 de septiembre, el consejo de supervisi\u00f3n se reunir\u00e1 para evaluar el plan de reducci\u00f3n de costes propuesto por la actual direcci\u00f3n. En 2025, el beneficio operativo cay\u00f3 un 53% hasta los&nbsp;8.868 millones de euros,<strong> el margen operativo se situ\u00f3 en un 2,8%<\/strong>, y las ventas cayeron por debajo de las 9 millones de unidades. Una situaci\u00f3n muy complicada que requerir\u00e1 de medidas dr\u00e1sticas.<\/p>\n\n\n\n<p class=\"wp-block-paragraph\">De acuerdo con un documento elaborado por <strong>Boston Consulting Group<\/strong> al que ha tenido acceso el medio&nbsp;<a href=\"https:\/\/www.wiwo.de\/unternehmen\/auto\/vw-sanierung-volkswagen-vorstand-erstellt-vertrauliche-sanierungsplaene-fuer-werke-und-marken\/100250907.html\">WirtschaftsWoche<\/a>, se est\u00e1 barajando el cierre de cuatro plantas alemanas (Emden y Zwickau en 2031, Hannover en 2032 y Neckarsulm en 2034) debido a sus elevados costes de producci\u00f3n, uni\u00e9ndose a las de&nbsp;Dresde y Osnabr\u00fcck.<\/p>\n\n\n\n<figure class=\"wp-block-image size-large\"><img decoding=\"async\" width=\"1024\" height=\"683\" src=\"https:\/\/www.km77.com\/revista\/wp-content\/uploads\/2026\/09\/cupra_formentor_ehybrid_107-1024x683.jpeg\" alt=\"\" class=\"wp-image-73113\" srcset=\"https:\/\/www.km77.com\/revista\/wp-content\/uploads\/2026\/09\/cupra_formentor_ehybrid_107-1024x683.jpeg 1024w, https:\/\/www.km77.com\/revista\/wp-content\/uploads\/2026\/09\/cupra_formentor_ehybrid_107-980x653.jpeg 980w, https:\/\/www.km77.com\/revista\/wp-content\/uploads\/2026\/09\/cupra_formentor_ehybrid_107-480x320.jpeg 480w\" sizes=\"(min-width: 0px) and (max-width: 480px) 480px, (min-width: 481px) and (max-width: 980px) 980px, (min-width: 981px) 1024px, 100vw\" \/><figcaption class=\"wp-element-caption\">El CUPRA Formentor es el modelo m\u00e1s vendido de SEAT S.A.<\/figcaption><\/figure>\n\n\n\n<h2 class=\"wp-block-heading\">\u00bfFinal del camino para SEAT?<\/h2>\n\n\n\n<p class=\"wp-block-paragraph\">El grupo tambi\u00e9n contempla la supresi\u00f3n de aproximadamente 100.000 puestos de trabajo en los pr\u00f3ximos a\u00f1os, una simplificaci\u00f3n de su oferta de modelos que supondr\u00e1 eliminar la mitad de su porfolio a nivel mundial, una reducci\u00f3n de hasta 50.000 millones de euros en inversiones e I+D&#8230; Otra de las medidas mencionadas ser\u00eda la discontinuaci\u00f3n de <a href=\"https:\/\/www.km77.com\/coches\/seat\">SEAT<\/a>, que <strong>desaparecer\u00eda como marca en 2029<\/strong>.<\/p>\n\n\n\n<p class=\"wp-block-paragraph\">Lo cierto es que la firma espa\u00f1ola lleva a\u00f1os sin lanzar un modelo completamente nuevo. El \u00faltimo fue el\u00a0<a href=\"https:\/\/www.km77.com\/coches\/seat\/leon\/listado-completo\">Le\u00f3n<\/a> de cuarta generaci\u00f3n, que debut\u00f3 en 2020. Los <a href=\"https:\/\/www.km77.com\/coches\/seat\/ibiza\/listado-completo\">Ibiza<\/a> y <a href=\"https:\/\/www.km77.com\/coches\/seat\/arona\/listado-completo\">Arona<\/a> recientemente fueron sometidos a un segundo restyling, y est\u00e1 previsto que en 2027 reciban mec\u00e1nicas microh\u00edbridas. Seg\u00fan una fuente de confianza  de km77, actualmente SEAT<strong> no tiene planificado ning\u00fan modelo nuevo <\/strong>para los pr\u00f3ximos a\u00f1os, lo cual parece confirmar el rumor.<\/p>\n\n\n\n<p class=\"wp-block-paragraph\">Esta situaci\u00f3n contrasta con la de <a href=\"https:\/\/www.km77.com\/coches\/cupra\">CUPRA<\/a>, <strong>la otra marca de SEAT&nbsp;S.A.<\/strong> Nacida en el a\u00f1o 2018, tiene un car\u00e1cter m\u00e1s aspiracional que SEAT, y en los \u00faltimos a\u00f1os ha concentrado el grueso de las novedades del fabricante. Actualmente, CUPRA&nbsp;ya supera en ventas a SEAT: el a\u00f1o pasado entregaron respectivamente&nbsp;328.800 y&nbsp;257.400 unidades.&nbsp;El <a href=\"https:\/\/www.km77.com\/coches\/cupra\/formentor\/2024\/estandar\">Formentor<\/a> lleva a\u00f1os siendo el producto m\u00e1s popular de la compa\u00f1\u00eda (en 2025 se matricularon 104.400 unidades, frente a las 94.800 unidades del SEAT&nbsp;Ibiza).<\/p>\n\n\n\n<figure class=\"wp-block-image size-large\"><img decoding=\"async\" width=\"1024\" height=\"683\" src=\"https:\/\/www.km77.com\/revista\/wp-content\/uploads\/2026\/09\/SEAT-600-1024x683.jpg\" alt=\"\" class=\"wp-image-73114\" srcset=\"https:\/\/www.km77.com\/revista\/wp-content\/uploads\/2026\/09\/SEAT-600-1024x683.jpg 1024w, https:\/\/www.km77.com\/revista\/wp-content\/uploads\/2026\/09\/SEAT-600-980x653.jpg 980w, https:\/\/www.km77.com\/revista\/wp-content\/uploads\/2026\/09\/SEAT-600-480x320.jpg 480w\" sizes=\"(min-width: 0px) and (max-width: 480px) 480px, (min-width: 481px) and (max-width: 980px) 980px, (min-width: 981px) 1024px, 100vw\" \/><figcaption class=\"wp-element-caption\">SEAT jug\u00f3 un papel fundamental en la historia reciente de Espa\u00f1a.<\/figcaption><\/figure>\n\n\n\n<h2 class=\"wp-block-heading\">De eliminarse la marca SEAT, el fabricante espa\u00f1ol seguir\u00eda operando a trav\u00e9s de la firma CUPRA<\/h2>\n\n\n\n<p class=\"wp-block-paragraph\">Debido al terremoto medi\u00e1tico surgido a ra\u00edz de la publicaci\u00f3n de esta noticias, SEAT\u00a0ha publicado un comunicado en el que se\u00f1ala que, por el momento, <strong>no se ha tomado ninguna decisi\u00f3n definitiva<\/strong> al respecto. <em>\u00abToda la industria, incluido el Grupo Volkswagen y, por supuesto, SEAT S.A., estamos inmersos en una profunda transformaci\u00f3n, basada en nuestro compromiso con la electrificaci\u00f3n. El contexto global ha cambiado significativamente, impactando de manera severa en el sector del autom\u00f3vil, especialmente en el \u00faltimo a\u00f1o\u00bb.<\/em><\/p>\n\n\n\n<p class=\"wp-block-paragraph\"><em>\u00abPor eso, el Grupo Volkswagen est\u00e1 trabajando en un plan de transformaci\u00f3n del negocio de todo el Grupo para reforzar su competitividad y eficiencia. El objetivo es hacer que todo el Grupo Volkswagen y sus respectivas compa\u00f1\u00edas sean m\u00e1s eficientes y \u00e1giles, as\u00ed como aprovechar de forma sistem\u00e1tica potenciales sinergias tecnol\u00f3gicas. Esta estrategia <strong>se est\u00e1 debatiendo en diferentes reuniones <\/strong>del Consejo de Supervisi\u00f3n. Informaremos de cualquier decisi\u00f3n estrat\u00e9gica que afecte a SEAT S.A. llegado el momento\u00bb.<\/em><\/p>\n\n\n\n<p class=\"wp-block-paragraph\">SEAT fue fundada en el a\u00f1o 1950 por el INI&nbsp;(Instituto Nacional de Industria), y durante sus primeras d\u00e9cadas de existencia produjo bajo licencia modelos de la italiana FIAT. Su primer modelo fue el 1400 (1953), si bien el responsable de motorizar a la sociedad espa\u00f1ola fue el segundo.&nbsp;<strong>Estamos hablando del&nbsp;m\u00edtico 600<\/strong> (1957), que estuvo en producci\u00f3n hasta 1973.&nbsp;Tras la ruptura con FIAT en 1980,&nbsp;SEAT&nbsp;sali\u00f3 adelante con modelos como el&nbsp;Ibiza o el&nbsp;M\u00e1laga, ambos nacidos en 1984. La empresa, que hasta entonces hab\u00eda sido p\u00fablica, fue vendida parcialmente a Volkswagen en 1986, operaci\u00f3n que se complet\u00f3 en 1990.<\/p>\n","protected":false},"excerpt":{"rendered":"<p>Volkswagen se est\u00e1 preparando para la que probablemente sea su mayor reestructuraci\u00f3n en d\u00e9cadas. La compa\u00f1\u00eda alemana se enfrenta a un panorama internacional cada vez m\u00e1s adverso, con el auge de los fabricantes chinos y la transici\u00f3n a la movilidad el\u00e9ctrica como tel\u00f3n de fondo. Los \u00faltimos resultados del grupo han llevado a la c\u00fapula [&hellip;]<\/p>\n","protected":false},"author":96,"featured_media":73112,"comment_status":"open","ping_status":"closed","sticky":false,"template":"","format":"standard","meta":{"_et_pb_use_builder":"off","_et_pb_old_content":"","_et_gb_content_width":"","footnotes":""},"categories":[14158],"tags":[3903,2731,3102],"class_list":["post-73111","post","type-post","status-publish","format-standard","has-post-thumbnail","hentry","category-noticias","tag-cupra","tag-seat","tag-volkswagen"],"yoast_head":"<!-- This site is optimized with the Yoast SEO plugin v27.8 - https:\/\/yoast.com\/product\/yoast-seo-wordpress\/ -->\n<title>Volkswagen estudia eliminar la marca espa\u00f1ola SEAT - Revista km77<\/title>\n<meta name=\"description\" content=\"De acuerdo con un informe publicado por la prensa alemana, el Grupo Volkswagen podr\u00eda suprimir la marca SEAT como parte de un dr\u00e1stico plan de reducci\u00f3n de costes.\" \/>\n<meta name=\"robots\" content=\"index, follow, max-snippet:-1, max-image-preview:large, max-video-preview:-1\" \/>\n<link rel=\"canonical\" href=\"https:\/\/www.km77.com\/revista\/noticias\/volkswagen-estudia-eliminar-la-marca-espanola-seat\/\" \/>\n<meta property=\"og:locale\" content=\"es_ES\" \/>\n<meta property=\"og:type\" content=\"article\" \/>\n<meta property=\"og:title\" content=\"Volkswagen estudia eliminar la marca espa\u00f1ola SEAT - Revista km77\" \/>\n<meta property=\"og:description\" content=\"De acuerdo con un informe publicado por la prensa alemana, el Grupo Volkswagen podr\u00eda suprimir la marca SEAT como parte de un dr\u00e1stico plan de reducci\u00f3n de costes.\" \/>\n<meta property=\"og:url\" content=\"https:\/\/www.km77.com\/revista\/noticias\/volkswagen-estudia-eliminar-la-marca-espanola-seat\/\" \/>\n<meta property=\"og:site_name\" content=\"Revista km77\" \/>\n<meta property=\"article:published_time\" content=\"2026-09-03T13:25:23+00:00\" \/>\n<meta property=\"article:modified_time\" content=\"2026-09-03T13:25:25+00:00\" \/>\n<meta property=\"og:image\" content=\"https:\/\/www.km77.com\/revista\/wp-content\/uploads\/2026\/09\/02_SEAT-starts-production-of-the-new-Ibiza-and-Arona-at-its-factory-in-Martorell_HQ.jpg\" \/>\n\t<meta property=\"og:image:width\" content=\"1200\" \/>\n\t<meta property=\"og:image:height\" content=\"800\" \/>\n\t<meta property=\"og:image:type\" content=\"image\/jpeg\" \/>\n<meta name=\"author\" content=\"Alber Callejo\" \/>\n<meta name=\"twitter:card\" content=\"summary_large_image\" \/>\n<meta name=\"twitter:label1\" content=\"Escrito por\" \/>\n\t<meta name=\"twitter:data1\" content=\"Alber Callejo\" \/>\n\t<meta name=\"twitter:label2\" content=\"Tiempo de lectura\" \/>\n\t<meta name=\"twitter:data2\" content=\"4 minutos\" \/>\n<script type=\"application\/ld+json\" class=\"yoast-schema-graph\">{\"@context\":\"https:\\\/\\\/schema.org\",\"@graph\":[{\"@type\":\"Article\",\"@id\":\"https:\\\/\\\/www.km77.com\\\/revista\\\/noticias\\\/volkswagen-estudia-eliminar-la-marca-espanola-seat\\\/#article\",\"isPartOf\":{\"@id\":\"https:\\\/\\\/www.km77.com\\\/revista\\\/noticias\\\/volkswagen-estudia-eliminar-la-marca-espanola-seat\\\/\"},\"author\":{\"name\":\"Alber Callejo\",\"@id\":\"https:\\\/\\\/www.km77.com\\\/revista\\\/#\\\/schema\\\/person\\\/0c9b307289af233f1c73add48a0a7c83\"},\"headline\":\"Volkswagen estudia eliminar la marca espa\u00f1ola SEAT\",\"datePublished\":\"2026-09-03T13:25:23+00:00\",\"dateModified\":\"2026-09-03T13:25:25+00:00\",\"mainEntityOfPage\":{\"@id\":\"https:\\\/\\\/www.km77.com\\\/revista\\\/noticias\\\/volkswagen-estudia-eliminar-la-marca-espanola-seat\\\/\"},\"wordCount\":788,\"commentCount\":1,\"publisher\":{\"@id\":\"https:\\\/\\\/www.km77.com\\\/revista\\\/#organization\"},\"image\":{\"@id\":\"https:\\\/\\\/www.km77.com\\\/revista\\\/noticias\\\/volkswagen-estudia-eliminar-la-marca-espanola-seat\\\/#primaryimage\"},\"thumbnailUrl\":\"https:\\\/\\\/www.km77.com\\\/revista\\\/wp-content\\\/uploads\\\/2026\\\/09\\\/02_SEAT-starts-production-of-the-new-Ibiza-and-Arona-at-its-factory-in-Martorell_HQ.jpg\",\"keywords\":[\"Cupra\",\"Seat\",\"Volkswagen\"],\"articleSection\":[\"Noticias\"],\"inLanguage\":\"es\",\"potentialAction\":[{\"@type\":\"CommentAction\",\"name\":\"Comment\",\"target\":[\"https:\\\/\\\/www.km77.com\\\/revista\\\/noticias\\\/volkswagen-estudia-eliminar-la-marca-espanola-seat\\\/#respond\"]}]},{\"@type\":\"WebPage\",\"@id\":\"https:\\\/\\\/www.km77.com\\\/revista\\\/noticias\\\/volkswagen-estudia-eliminar-la-marca-espanola-seat\\\/\",\"url\":\"https:\\\/\\\/www.km77.com\\\/revista\\\/noticias\\\/volkswagen-estudia-eliminar-la-marca-espanola-seat\\\/\",\"name\":\"Volkswagen estudia eliminar la marca espa\u00f1ola SEAT - Revista km77\",\"isPartOf\":{\"@id\":\"https:\\\/\\\/www.km77.com\\\/revista\\\/#website\"},\"primaryImageOfPage\":{\"@id\":\"https:\\\/\\\/www.km77.com\\\/revista\\\/noticias\\\/volkswagen-estudia-eliminar-la-marca-espanola-seat\\\/#primaryimage\"},\"image\":{\"@id\":\"https:\\\/\\\/www.km77.com\\\/revista\\\/noticias\\\/volkswagen-estudia-eliminar-la-marca-espanola-seat\\\/#primaryimage\"},\"thumbnailUrl\":\"https:\\\/\\\/www.km77.com\\\/revista\\\/wp-content\\\/uploads\\\/2026\\\/09\\\/02_SEAT-starts-production-of-the-new-Ibiza-and-Arona-at-its-factory-in-Martorell_HQ.jpg\",\"datePublished\":\"2026-09-03T13:25:23+00:00\",\"dateModified\":\"2026-09-03T13:25:25+00:00\",\"description\":\"De acuerdo con un informe publicado por la prensa alemana, el Grupo Volkswagen podr\u00eda suprimir la marca SEAT como parte de un dr\u00e1stico plan de reducci\u00f3n de costes.\",\"breadcrumb\":{\"@id\":\"https:\\\/\\\/www.km77.com\\\/revista\\\/noticias\\\/volkswagen-estudia-eliminar-la-marca-espanola-seat\\\/#breadcrumb\"},\"inLanguage\":\"es\",\"potentialAction\":[{\"@type\":\"ReadAction\",\"target\":[\"https:\\\/\\\/www.km77.com\\\/revista\\\/noticias\\\/volkswagen-estudia-eliminar-la-marca-espanola-seat\\\/\"]}]},{\"@type\":\"ImageObject\",\"inLanguage\":\"es\",\"@id\":\"https:\\\/\\\/www.km77.com\\\/revista\\\/noticias\\\/volkswagen-estudia-eliminar-la-marca-espanola-seat\\\/#primaryimage\",\"url\":\"https:\\\/\\\/www.km77.com\\\/revista\\\/wp-content\\\/uploads\\\/2026\\\/09\\\/02_SEAT-starts-production-of-the-new-Ibiza-and-Arona-at-its-factory-in-Martorell_HQ.jpg\",\"contentUrl\":\"https:\\\/\\\/www.km77.com\\\/revista\\\/wp-content\\\/uploads\\\/2026\\\/09\\\/02_SEAT-starts-production-of-the-new-Ibiza-and-Arona-at-its-factory-in-Martorell_HQ.jpg\",\"width\":1200,\"height\":800},{\"@type\":\"BreadcrumbList\",\"@id\":\"https:\\\/\\\/www.km77.com\\\/revista\\\/noticias\\\/volkswagen-estudia-eliminar-la-marca-espanola-seat\\\/#breadcrumb\",\"itemListElement\":[{\"@type\":\"ListItem\",\"position\":1,\"name\":\"Revista km77\",\"item\":\"https:\\\/\\\/www.km77.com\\\/revista\\\/\"},{\"@type\":\"ListItem\",\"position\":2,\"name\":\"Noticias\",\"item\":\"https:\\\/\\\/www.km77.com\\\/revista\\\/noticias\\\/\"},{\"@type\":\"ListItem\",\"position\":3,\"name\":\"Volkswagen estudia eliminar la marca espa\u00f1ola SEAT\"}]},{\"@type\":\"WebSite\",\"@id\":\"https:\\\/\\\/www.km77.com\\\/revista\\\/#website\",\"url\":\"https:\\\/\\\/www.km77.com\\\/revista\\\/\",\"name\":\"Revista km77\",\"description\":\"Noticias y opiniones en km77\",\"publisher\":{\"@id\":\"https:\\\/\\\/www.km77.com\\\/revista\\\/#organization\"},\"potentialAction\":[{\"@type\":\"SearchAction\",\"target\":{\"@type\":\"EntryPoint\",\"urlTemplate\":\"https:\\\/\\\/www.km77.com\\\/revista\\\/?s={search_term_string}\"},\"query-input\":{\"@type\":\"PropertyValueSpecification\",\"valueRequired\":true,\"valueName\":\"search_term_string\"}}],\"inLanguage\":\"es\"},{\"@type\":\"Organization\",\"@id\":\"https:\\\/\\\/www.km77.com\\\/revista\\\/#organization\",\"name\":\"KM77\",\"url\":\"https:\\\/\\\/www.km77.com\\\/revista\\\/\",\"logo\":{\"@type\":\"ImageObject\",\"inLanguage\":\"es\",\"@id\":\"https:\\\/\\\/www.km77.com\\\/revista\\\/#\\\/schema\\\/logo\\\/image\\\/\",\"url\":\"https:\\\/\\\/www.km77.com\\\/revista\\\/wp-content\\\/uploads\\\/2021\\\/02\\\/logo-km77.png\",\"contentUrl\":\"https:\\\/\\\/www.km77.com\\\/revista\\\/wp-content\\\/uploads\\\/2021\\\/02\\\/logo-km77.png\",\"width\":100,\"height\":34,\"caption\":\"KM77\"},\"image\":{\"@id\":\"https:\\\/\\\/www.km77.com\\\/revista\\\/#\\\/schema\\\/logo\\\/image\\\/\"}},{\"@type\":\"Person\",\"@id\":\"https:\\\/\\\/www.km77.com\\\/revista\\\/#\\\/schema\\\/person\\\/0c9b307289af233f1c73add48a0a7c83\",\"name\":\"Alber Callejo\",\"image\":{\"@type\":\"ImageObject\",\"inLanguage\":\"es\",\"@id\":\"https:\\\/\\\/secure.gravatar.com\\\/avatar\\\/4a8ddbc22c2175aa7bebe2529d0f84d3d3e87250a0df2d349dddb2167a410860?s=96&d=mm&r=g\",\"url\":\"https:\\\/\\\/secure.gravatar.com\\\/avatar\\\/4a8ddbc22c2175aa7bebe2529d0f84d3d3e87250a0df2d349dddb2167a410860?s=96&d=mm&r=g\",\"contentUrl\":\"https:\\\/\\\/secure.gravatar.com\\\/avatar\\\/4a8ddbc22c2175aa7bebe2529d0f84d3d3e87250a0df2d349dddb2167a410860?s=96&d=mm&r=g\",\"caption\":\"Alber Callejo\"},\"url\":\"https:\\\/\\\/www.km77.com\\\/revista\\\/author\\\/alber-callejo\\\/\"}]}<\/script>\n<!-- \/ Yoast SEO plugin. -->","yoast_head_json":{"title":"Volkswagen estudia eliminar la marca espa\u00f1ola SEAT - Revista km77","description":"De acuerdo con un informe publicado por la prensa alemana, el Grupo Volkswagen podr\u00eda suprimir la marca SEAT como parte de un dr\u00e1stico plan de reducci\u00f3n de costes.","robots":{"index":"index","follow":"follow","max-snippet":"max-snippet:-1","max-image-preview":"max-image-preview:large","max-video-preview":"max-video-preview:-1"},"canonical":"https:\/\/www.km77.com\/revista\/noticias\/volkswagen-estudia-eliminar-la-marca-espanola-seat\/","og_locale":"es_ES","og_type":"article","og_title":"Volkswagen estudia eliminar la marca espa\u00f1ola SEAT - Revista km77","og_description":"De acuerdo con un informe publicado por la prensa alemana, el Grupo Volkswagen podr\u00eda suprimir la marca SEAT como parte de un dr\u00e1stico plan de reducci\u00f3n de costes.","og_url":"https:\/\/www.km77.com\/revista\/noticias\/volkswagen-estudia-eliminar-la-marca-espanola-seat\/","og_site_name":"Revista km77","article_published_time":"2026-09-03T13:25:23+00:00","article_modified_time":"2026-09-03T13:25:25+00:00","og_image":[{"width":1200,"height":800,"url":"https:\/\/www.km77.com\/revista\/wp-content\/uploads\/2026\/09\/02_SEAT-starts-production-of-the-new-Ibiza-and-Arona-at-its-factory-in-Martorell_HQ.jpg","type":"image\/jpeg"}],"author":"Alber Callejo","twitter_card":"summary_large_image","twitter_misc":{"Escrito por":"Alber Callejo","Tiempo de lectura":"4 minutos"},"schema":{"@context":"https:\/\/schema.org","@graph":[{"@type":"Article","@id":"https:\/\/www.km77.com\/revista\/noticias\/volkswagen-estudia-eliminar-la-marca-espanola-seat\/#article","isPartOf":{"@id":"https:\/\/www.km77.com\/revista\/noticias\/volkswagen-estudia-eliminar-la-marca-espanola-seat\/"},"author":{"name":"Alber Callejo","@id":"https:\/\/www.km77.com\/revista\/#\/schema\/person\/0c9b307289af233f1c73add48a0a7c83"},"headline":"Volkswagen estudia eliminar la marca espa\u00f1ola SEAT","datePublished":"2026-09-03T13:25:23+00:00","dateModified":"2026-09-03T13:25:25+00:00","mainEntityOfPage":{"@id":"https:\/\/www.km77.com\/revista\/noticias\/volkswagen-estudia-eliminar-la-marca-espanola-seat\/"},"wordCount":788,"commentCount":1,"publisher":{"@id":"https:\/\/www.km77.com\/revista\/#organization"},"image":{"@id":"https:\/\/www.km77.com\/revista\/noticias\/volkswagen-estudia-eliminar-la-marca-espanola-seat\/#primaryimage"},"thumbnailUrl":"https:\/\/www.km77.com\/revista\/wp-content\/uploads\/2026\/09\/02_SEAT-starts-production-of-the-new-Ibiza-and-Arona-at-its-factory-in-Martorell_HQ.jpg","keywords":["Cupra","Seat","Volkswagen"],"articleSection":["Noticias"],"inLanguage":"es","potentialAction":[{"@type":"CommentAction","name":"Comment","target":["https:\/\/www.km77.com\/revista\/noticias\/volkswagen-estudia-eliminar-la-marca-espanola-seat\/#respond"]}]},{"@type":"WebPage","@id":"https:\/\/www.km77.com\/revista\/noticias\/volkswagen-estudia-eliminar-la-marca-espanola-seat\/","url":"https:\/\/www.km77.com\/revista\/noticias\/volkswagen-estudia-eliminar-la-marca-espanola-seat\/","name":"Volkswagen estudia eliminar la marca espa\u00f1ola SEAT - Revista km77","isPartOf":{"@id":"https:\/\/www.km77.com\/revista\/#website"},"primaryImageOfPage":{"@id":"https:\/\/www.km77.com\/revista\/noticias\/volkswagen-estudia-eliminar-la-marca-espanola-seat\/#primaryimage"},"image":{"@id":"https:\/\/www.km77.com\/revista\/noticias\/volkswagen-estudia-eliminar-la-marca-espanola-seat\/#primaryimage"},"thumbnailUrl":"https:\/\/www.km77.com\/revista\/wp-content\/uploads\/2026\/09\/02_SEAT-starts-production-of-the-new-Ibiza-and-Arona-at-its-factory-in-Martorell_HQ.jpg","datePublished":"2026-09-03T13:25:23+00:00","dateModified":"2026-09-03T13:25:25+00:00","description":"De acuerdo con un informe publicado por la prensa alemana, el Grupo Volkswagen podr\u00eda suprimir la marca SEAT como parte de un dr\u00e1stico plan de reducci\u00f3n de costes.","breadcrumb":{"@id":"https:\/\/www.km77.com\/revista\/noticias\/volkswagen-estudia-eliminar-la-marca-espanola-seat\/#breadcrumb"},"inLanguage":"es","potentialAction":[{"@type":"ReadAction","target":["https:\/\/www.km77.com\/revista\/noticias\/volkswagen-estudia-eliminar-la-marca-espanola-seat\/"]}]},{"@type":"ImageObject","inLanguage":"es","@id":"https:\/\/www.km77.com\/revista\/noticias\/volkswagen-estudia-eliminar-la-marca-espanola-seat\/#primaryimage","url":"https:\/\/www.km77.com\/revista\/wp-content\/uploads\/2026\/09\/02_SEAT-starts-production-of-the-new-Ibiza-and-Arona-at-its-factory-in-Martorell_HQ.jpg","contentUrl":"https:\/\/www.km77.com\/revista\/wp-content\/uploads\/2026\/09\/02_SEAT-starts-production-of-the-new-Ibiza-and-Arona-at-its-factory-in-Martorell_HQ.jpg","width":1200,"height":800},{"@type":"BreadcrumbList","@id":"https:\/\/www.km77.com\/revista\/noticias\/volkswagen-estudia-eliminar-la-marca-espanola-seat\/#breadcrumb","itemListElement":[{"@type":"ListItem","position":1,"name":"Revista km77","item":"https:\/\/www.km77.com\/revista\/"},{"@type":"ListItem","position":2,"name":"Noticias","item":"https:\/\/www.km77.com\/revista\/noticias\/"},{"@type":"ListItem","position":3,"name":"Volkswagen estudia eliminar la marca espa\u00f1ola SEAT"}]},{"@type":"WebSite","@id":"https:\/\/www.km77.com\/revista\/#website","url":"https:\/\/www.km77.com\/revista\/","name":"Revista km77","description":"Noticias y opiniones en km77","publisher":{"@id":"https:\/\/www.km77.com\/revista\/#organization"},"potentialAction":[{"@type":"SearchAction","target":{"@type":"EntryPoint","urlTemplate":"https:\/\/www.km77.com\/revista\/?s={search_term_string}"},"query-input":{"@type":"PropertyValueSpecification","valueRequired":true,"valueName":"search_term_string"}}],"inLanguage":"es"},{"@type":"Organization","@id":"https:\/\/www.km77.com\/revista\/#organization","name":"KM77","url":"https:\/\/www.km77.com\/revista\/","logo":{"@type":"ImageObject","inLanguage":"es","@id":"https:\/\/www.km77.com\/revista\/#\/schema\/logo\/image\/","url":"https:\/\/www.km77.com\/revista\/wp-content\/uploads\/2021\/02\/logo-km77.png","contentUrl":"https:\/\/www.km77.com\/revista\/wp-content\/uploads\/2021\/02\/logo-km77.png","width":100,"height":34,"caption":"KM77"},"image":{"@id":"https:\/\/www.km77.com\/revista\/#\/schema\/logo\/image\/"}},{"@type":"Person","@id":"https:\/\/www.km77.com\/revista\/#\/schema\/person\/0c9b307289af233f1c73add48a0a7c83","name":"Alber Callejo","image":{"@type":"ImageObject","inLanguage":"es","@id":"https:\/\/secure.gravatar.com\/avatar\/4a8ddbc22c2175aa7bebe2529d0f84d3d3e87250a0df2d349dddb2167a410860?s=96&d=mm&r=g","url":"https:\/\/secure.gravatar.com\/avatar\/4a8ddbc22c2175aa7bebe2529d0f84d3d3e87250a0df2d349dddb2167a410860?s=96&d=mm&r=g","contentUrl":"https:\/\/secure.gravatar.com\/avatar\/4a8ddbc22c2175aa7bebe2529d0f84d3d3e87250a0df2d349dddb2167a410860?s=96&d=mm&r=g","caption":"Alber Callejo"},"url":"https:\/\/www.km77.com\/revista\/author\/alber-callejo\/"}]}},"amp_enabled":true,"_links":{"self":[{"href":"https:\/\/www.km77.com\/revista\/wp-json\/wp\/v2\/posts\/73111","targetHints":{"allow":["GET"]}}],"collection":[{"href":"https:\/\/www.km77.com\/revista\/wp-json\/wp\/v2\/posts"}],"about":[{"href":"https:\/\/www.km77.com\/revista\/wp-json\/wp\/v2\/types\/post"}],"author":[{"embeddable":true,"href":"https:\/\/www.km77.com\/revista\/wp-json\/wp\/v2\/users\/96"}],"replies":[{"embeddable":true,"href":"https:\/\/www.km77.com\/revista\/wp-json\/wp\/v2\/comments?post=73111"}],"version-history":[{"count":4,"href":"https:\/\/www.km77.com\/revista\/wp-json\/wp\/v2\/posts\/73111\/revisions"}],"predecessor-version":[{"id":73119,"href":"https:\/\/www.km77.com\/revista\/wp-json\/wp\/v2\/posts\/73111\/revisions\/73119"}],"wp:featuredmedia":[{"embeddable":true,"href":"https:\/\/www.km77.com\/revista\/wp-json\/wp\/v2\/media\/73112"}],"wp:attachment":[{"href":"https:\/\/www.km77.com\/revista\/wp-json\/wp\/v2\/media?parent=73111"}],"wp:term":[{"taxonomy":"category","embeddable":true,"href":"https:\/\/www.km77.com\/revista\/wp-json\/wp\/v2\/categories?post=73111"},{"taxonomy":"post_tag","embeddable":true,"href":"https:\/\/www.km77.com\/revista\/wp-json\/wp\/v2\/tags?post=73111"}],"curies":[{"name":"wp","href":"https:\/\/api.w.org\/{rel}","templated":true}]}}