{"id":73052,"date":"2026-08-31T15:49:17","date_gmt":"2026-08-31T13:49:17","guid":{"rendered":"https:\/\/www.km77.com\/revista\/?p=73052"},"modified":"2026-08-31T15:49:18","modified_gmt":"2026-08-31T13:49:18","slug":"honda-y-nissan-anuncian-su-alianza-para-desarrollar-el-coche-del-futuro","status":"publish","type":"post","link":"https:\/\/www.km77.com\/revista\/noticias\/honda-y-nissan-anuncian-su-alianza-para-desarrollar-el-coche-del-futuro\/","title":{"rendered":"Honda y Nissan anuncian su alianza para desarrollar el coche del futuro"},"content":{"rendered":"\n<p class=\"wp-block-paragraph\">Corr\u00eda el a\u00f1o 2024 cuando <a href=\"https:\/\/www.km77.com\/coches\/honda\" target=\"_blank\" rel=\"noreferrer noopener\">Honda<\/a> y <a href=\"https:\/\/www.km77.com\/coches\/nissan\" target=\"_blank\" rel=\"noreferrer noopener\">Nissan<\/a> sorprendieron al mundo al hacer p\u00fablicas <strong>sus negociaciones para fusionarse<\/strong> en un \u00fanico grupo. Este movimiento estaba motivado no solo por los problemas financieros que Nissan ya por entonces llevaba un tiempo arrastrando, sino tambi\u00e9n por los crecientes desaf\u00edos surgidos a ra\u00edz de la transici\u00f3n al veh\u00edculo el\u00e9ctrico, aut\u00f3nomo y conectado.<\/p>\n\n\n\n<p class=\"wp-block-paragraph\">En los \u00faltimos a\u00f1os, la creciente competencia por parte de los fabricantes de origen chino ha puesto contra las cuerdas al resto de la industria, <strong>incluyendo a los grupos japoneses<\/strong>. Por lo tanto, no es de extra\u00f1ar que los dos mayores productores de autom\u00f3viles nipones tras Toyota decidieran acercar posturas para hacer frente a jugadores como <a href=\"https:\/\/www.km77.com\/coches\/byd\" target=\"_blank\" rel=\"noreferrer noopener\">BYD<\/a>.<\/p>\n\n\n\n<p class=\"wp-block-paragraph\">Sin embargo, las conversaciones para una integraci\u00f3n completa naufragaron a principios de 2025:&nbsp;el 13 de febrero de dicho a\u00f1o se anunci\u00f3 la rescisi\u00f3n del memorando de entendimiento firmado el 13 de diciembre de 2024. De acuerdo con la informaci\u00f3n compartida en aquel momento, Honda propuso una estructura en la que ella ser\u00eda <strong>la empresa matriz <\/strong>y Nissan la filial.<\/p>\n\n\n\n<figure class=\"wp-block-image size-large\"><img decoding=\"async\" width=\"1024\" height=\"683\" src=\"https:\/\/www.km77.com\/revista\/wp-content\/uploads\/2026\/08\/c240801aeng_og-1024x683.jpg\" alt=\"\" class=\"wp-image-73055\" srcset=\"https:\/\/www.km77.com\/revista\/wp-content\/uploads\/2026\/08\/c240801aeng_og-1024x683.jpg 1024w, https:\/\/www.km77.com\/revista\/wp-content\/uploads\/2026\/08\/c240801aeng_og-980x653.jpg 980w, https:\/\/www.km77.com\/revista\/wp-content\/uploads\/2026\/08\/c240801aeng_og-480x320.jpg 480w\" sizes=\"(min-width: 0px) and (max-width: 480px) 480px, (min-width: 481px) and (max-width: 980px) 980px, (min-width: 981px) 1024px, 100vw\" \/><figcaption class=\"wp-element-caption\">Los primeros acercamientos entre ambas empresas se hicieron p\u00fablicos en 2024.<\/figcaption><\/figure>\n\n\n\n<h2 class=\"wp-block-heading\">Honda y Nissan colaborar\u00e1n en el desarrollo de veh\u00edculos definidos por software<\/h2>\n\n\n\n<p class=\"wp-block-paragraph\">Esto fue visto por Nissan como un intento de toma de control por parte de sus socios, lo que llev\u00f3 al cese de las negociaciones. Sin embargo, ambas compa\u00f1\u00edas confirmaron su intenci\u00f3n de seguir colaborando<strong> en el marco de una alianza estrat\u00e9gica<\/strong> para el desarrollo de veh\u00edculos inteligentes y electrificados. A\u00f1o y medio despu\u00e9s, se han dado a conocer los frutos de dicho acercamiento.<\/p>\n\n\n\n<p class=\"wp-block-paragraph\">Honda y Nissan acaban de anunciar la firma de un acuerdo para el desarrollo conjunto de una nueva generaci\u00f3n de<strong> veh\u00edculos definidos por software<\/strong>. Esta asociaci\u00f3n dar\u00e1 como resultado una in\u00e9dita arquitectura el\u00e9ctrica\/electr\u00f3nica. Se estandarizar\u00e1n las unidades de control electr\u00f3nico que formar\u00e1n el n\u00facleo de estos autom\u00f3viles inteligentes, as\u00ed como su sistema operativo y el software de control.<\/p>\n\n\n\n<figure class=\"wp-block-image size-large\"><img decoding=\"async\" width=\"1024\" height=\"683\" src=\"https:\/\/www.km77.com\/revista\/wp-content\/uploads\/2026\/08\/honda_4647-1024x683.jpeg\" alt=\"\" class=\"wp-image-73056\" srcset=\"https:\/\/www.km77.com\/revista\/wp-content\/uploads\/2026\/08\/honda_4647-1024x683.jpeg 1024w, https:\/\/www.km77.com\/revista\/wp-content\/uploads\/2026\/08\/honda_4647-980x653.jpeg 980w, https:\/\/www.km77.com\/revista\/wp-content\/uploads\/2026\/08\/honda_4647-480x320.jpeg 480w\" sizes=\"(min-width: 0px) and (max-width: 480px) 480px, (min-width: 481px) and (max-width: 980px) 980px, (min-width: 981px) 1024px, 100vw\" \/><figcaption class=\"wp-element-caption\">Los primeros modelos equipados con la nueva arquitectura el\u00e9ctrica\/electr\u00f3nica llegar\u00e1n a finales de la d\u00e9cada.<\/figcaption><\/figure>\n\n\n\n<p class=\"wp-block-paragraph\">Los primeros modelos en utilizar esta plataforma electr\u00f3nica com\u00fan se lanzar\u00e1n entre abril de 2029 y marzo de 2030. La nota de prensa recoge que ambas empresas han identificado el \u00e1mbito del software como un \u00e1rea clave de colaboraci\u00f3n debido al r\u00e1pido ritmo de innovaci\u00f3n tecnol\u00f3gica y a la necesidad de incrementar su competitividad a trav\u00e9s de <strong>un I+D m\u00e1s r\u00e1pido e inversiones m\u00e1s eficientes<\/strong>.<\/p>\n\n\n\n<p class=\"wp-block-paragraph\">\u00bfLa meta?&nbsp;Aprovechar la experiencia combinada de ambos socios en ingenier\u00eda, lo que se traducir\u00e1 en una reducci\u00f3n de los costes de desarrollo,<strong> unas mayores econom\u00edas de escala<\/strong> y una agilidad superior frente a la competencia. Adem\u00e1s, Honda y Nissan han confirmado que seguir\u00e1n explorando otras oportunidades de colaboraci\u00f3n en el futuro, por lo que su relaci\u00f3n podr\u00eda ir profundiz\u00e1ndose en los pr\u00f3ximos tiempos a pesar de que ninguna planea renunciar a su independencia.<\/p>\n","protected":false},"excerpt":{"rendered":"<p>Corr\u00eda el a\u00f1o 2024 cuando Honda y Nissan sorprendieron al mundo al hacer p\u00fablicas sus negociaciones para fusionarse en un \u00fanico grupo. Este movimiento estaba motivado no solo por los problemas financieros que Nissan ya por entonces llevaba un tiempo arrastrando, sino tambi\u00e9n por los crecientes desaf\u00edos surgidos a ra\u00edz de la transici\u00f3n al veh\u00edculo [&hellip;]<\/p>\n","protected":false},"author":96,"featured_media":73053,"comment_status":"open","ping_status":"closed","sticky":false,"template":"","format":"standard","meta":{"_et_pb_use_builder":"off","_et_pb_old_content":"","_et_gb_content_width":"","footnotes":""},"categories":[14158],"tags":[1477,2183],"class_list":["post-73052","post","type-post","status-publish","format-standard","has-post-thumbnail","hentry","category-noticias","tag-honda","tag-nissan"],"yoast_head":"<!-- This site is optimized with the Yoast SEO plugin v27.8 - https:\/\/yoast.com\/product\/yoast-seo-wordpress\/ -->\n<title>Honda y Nissan anuncian su alianza para desarrollar el coche del futuro - Revista km77<\/title>\n<meta name=\"robots\" content=\"index, follow, max-snippet:-1, max-image-preview:large, max-video-preview:-1\" \/>\n<link rel=\"canonical\" href=\"https:\/\/www.km77.com\/revista\/noticias\/honda-y-nissan-anuncian-su-alianza-para-desarrollar-el-coche-del-futuro\/\" \/>\n<meta property=\"og:locale\" content=\"es_ES\" \/>\n<meta property=\"og:type\" content=\"article\" \/>\n<meta property=\"og:title\" content=\"Honda y Nissan anuncian su alianza para desarrollar el coche del futuro - Revista km77\" \/>\n<meta property=\"og:description\" content=\"Corr\u00eda el a\u00f1o 2024 cuando Honda y Nissan sorprendieron al mundo al hacer p\u00fablicas sus negociaciones para fusionarse en un \u00fanico grupo. Este movimiento estaba motivado no solo por los problemas financieros que Nissan ya por entonces llevaba un tiempo arrastrando, sino tambi\u00e9n por los crecientes desaf\u00edos surgidos a ra\u00edz de la transici\u00f3n al veh\u00edculo [&hellip;]\" \/>\n<meta property=\"og:url\" content=\"https:\/\/www.km77.com\/revista\/noticias\/honda-y-nissan-anuncian-su-alianza-para-desarrollar-el-coche-del-futuro\/\" \/>\n<meta property=\"og:site_name\" content=\"Revista km77\" \/>\n<meta property=\"article:published_time\" content=\"2026-08-31T13:49:17+00:00\" \/>\n<meta property=\"article:modified_time\" content=\"2026-08-31T13:49:18+00:00\" \/>\n<meta property=\"og:image\" content=\"https:\/\/www.km77.com\/revista\/wp-content\/uploads\/2026\/08\/Nissan-honda-1.jpg\" \/>\n\t<meta property=\"og:image:width\" content=\"1200\" \/>\n\t<meta property=\"og:image:height\" content=\"800\" \/>\n\t<meta property=\"og:image:type\" content=\"image\/jpeg\" \/>\n<meta name=\"author\" content=\"Alber Callejo\" \/>\n<meta name=\"twitter:card\" content=\"summary_large_image\" \/>\n<meta name=\"twitter:label1\" content=\"Escrito por\" \/>\n\t<meta name=\"twitter:data1\" content=\"Alber Callejo\" \/>\n\t<meta name=\"twitter:label2\" content=\"Tiempo de lectura\" \/>\n\t<meta name=\"twitter:data2\" content=\"3 minutos\" \/>\n<script type=\"application\/ld+json\" class=\"yoast-schema-graph\">{\"@context\":\"https:\\\/\\\/schema.org\",\"@graph\":[{\"@type\":\"Article\",\"@id\":\"https:\\\/\\\/www.km77.com\\\/revista\\\/noticias\\\/honda-y-nissan-anuncian-su-alianza-para-desarrollar-el-coche-del-futuro\\\/#article\",\"isPartOf\":{\"@id\":\"https:\\\/\\\/www.km77.com\\\/revista\\\/noticias\\\/honda-y-nissan-anuncian-su-alianza-para-desarrollar-el-coche-del-futuro\\\/\"},\"author\":{\"name\":\"Alber Callejo\",\"@id\":\"https:\\\/\\\/www.km77.com\\\/revista\\\/#\\\/schema\\\/person\\\/c1af20816e402897ad97dc0105b975d7\"},\"headline\":\"Honda y Nissan anuncian su alianza para desarrollar el coche del futuro\",\"datePublished\":\"2026-08-31T13:49:17+00:00\",\"dateModified\":\"2026-08-31T13:49:18+00:00\",\"mainEntityOfPage\":{\"@id\":\"https:\\\/\\\/www.km77.com\\\/revista\\\/noticias\\\/honda-y-nissan-anuncian-su-alianza-para-desarrollar-el-coche-del-futuro\\\/\"},\"wordCount\":547,\"commentCount\":0,\"publisher\":{\"@id\":\"https:\\\/\\\/www.km77.com\\\/revista\\\/#organization\"},\"image\":{\"@id\":\"https:\\\/\\\/www.km77.com\\\/revista\\\/noticias\\\/honda-y-nissan-anuncian-su-alianza-para-desarrollar-el-coche-del-futuro\\\/#primaryimage\"},\"thumbnailUrl\":\"https:\\\/\\\/www.km77.com\\\/revista\\\/wp-content\\\/uploads\\\/2026\\\/08\\\/Nissan-honda-1.jpg\",\"keywords\":[\"Honda\",\"Nissan\"],\"articleSection\":[\"Noticias\"],\"inLanguage\":\"es\",\"potentialAction\":[{\"@type\":\"CommentAction\",\"name\":\"Comment\",\"target\":[\"https:\\\/\\\/www.km77.com\\\/revista\\\/noticias\\\/honda-y-nissan-anuncian-su-alianza-para-desarrollar-el-coche-del-futuro\\\/#respond\"]}]},{\"@type\":\"WebPage\",\"@id\":\"https:\\\/\\\/www.km77.com\\\/revista\\\/noticias\\\/honda-y-nissan-anuncian-su-alianza-para-desarrollar-el-coche-del-futuro\\\/\",\"url\":\"https:\\\/\\\/www.km77.com\\\/revista\\\/noticias\\\/honda-y-nissan-anuncian-su-alianza-para-desarrollar-el-coche-del-futuro\\\/\",\"name\":\"Honda y Nissan anuncian su alianza para desarrollar el coche del futuro - Revista km77\",\"isPartOf\":{\"@id\":\"https:\\\/\\\/www.km77.com\\\/revista\\\/#website\"},\"primaryImageOfPage\":{\"@id\":\"https:\\\/\\\/www.km77.com\\\/revista\\\/noticias\\\/honda-y-nissan-anuncian-su-alianza-para-desarrollar-el-coche-del-futuro\\\/#primaryimage\"},\"image\":{\"@id\":\"https:\\\/\\\/www.km77.com\\\/revista\\\/noticias\\\/honda-y-nissan-anuncian-su-alianza-para-desarrollar-el-coche-del-futuro\\\/#primaryimage\"},\"thumbnailUrl\":\"https:\\\/\\\/www.km77.com\\\/revista\\\/wp-content\\\/uploads\\\/2026\\\/08\\\/Nissan-honda-1.jpg\",\"datePublished\":\"2026-08-31T13:49:17+00:00\",\"dateModified\":\"2026-08-31T13:49:18+00:00\",\"breadcrumb\":{\"@id\":\"https:\\\/\\\/www.km77.com\\\/revista\\\/noticias\\\/honda-y-nissan-anuncian-su-alianza-para-desarrollar-el-coche-del-futuro\\\/#breadcrumb\"},\"inLanguage\":\"es\",\"potentialAction\":[{\"@type\":\"ReadAction\",\"target\":[\"https:\\\/\\\/www.km77.com\\\/revista\\\/noticias\\\/honda-y-nissan-anuncian-su-alianza-para-desarrollar-el-coche-del-futuro\\\/\"]}]},{\"@type\":\"ImageObject\",\"inLanguage\":\"es\",\"@id\":\"https:\\\/\\\/www.km77.com\\\/revista\\\/noticias\\\/honda-y-nissan-anuncian-su-alianza-para-desarrollar-el-coche-del-futuro\\\/#primaryimage\",\"url\":\"https:\\\/\\\/www.km77.com\\\/revista\\\/wp-content\\\/uploads\\\/2026\\\/08\\\/Nissan-honda-1.jpg\",\"contentUrl\":\"https:\\\/\\\/www.km77.com\\\/revista\\\/wp-content\\\/uploads\\\/2026\\\/08\\\/Nissan-honda-1.jpg\",\"width\":1200,\"height\":800},{\"@type\":\"BreadcrumbList\",\"@id\":\"https:\\\/\\\/www.km77.com\\\/revista\\\/noticias\\\/honda-y-nissan-anuncian-su-alianza-para-desarrollar-el-coche-del-futuro\\\/#breadcrumb\",\"itemListElement\":[{\"@type\":\"ListItem\",\"position\":1,\"name\":\"Revista km77\",\"item\":\"https:\\\/\\\/www.km77.com\\\/revista\\\/\"},{\"@type\":\"ListItem\",\"position\":2,\"name\":\"Noticias\",\"item\":\"https:\\\/\\\/www.km77.com\\\/revista\\\/noticias\\\/\"},{\"@type\":\"ListItem\",\"position\":3,\"name\":\"Honda y Nissan anuncian su alianza para desarrollar el coche del futuro\"}]},{\"@type\":\"WebSite\",\"@id\":\"https:\\\/\\\/www.km77.com\\\/revista\\\/#website\",\"url\":\"https:\\\/\\\/www.km77.com\\\/revista\\\/\",\"name\":\"Revista km77\",\"description\":\"Noticias y opiniones en km77\",\"publisher\":{\"@id\":\"https:\\\/\\\/www.km77.com\\\/revista\\\/#organization\"},\"potentialAction\":[{\"@type\":\"SearchAction\",\"target\":{\"@type\":\"EntryPoint\",\"urlTemplate\":\"https:\\\/\\\/www.km77.com\\\/revista\\\/?s={search_term_string}\"},\"query-input\":{\"@type\":\"PropertyValueSpecification\",\"valueRequired\":true,\"valueName\":\"search_term_string\"}}],\"inLanguage\":\"es\"},{\"@type\":\"Organization\",\"@id\":\"https:\\\/\\\/www.km77.com\\\/revista\\\/#organization\",\"name\":\"KM77\",\"url\":\"https:\\\/\\\/www.km77.com\\\/revista\\\/\",\"logo\":{\"@type\":\"ImageObject\",\"inLanguage\":\"es\",\"@id\":\"https:\\\/\\\/www.km77.com\\\/revista\\\/#\\\/schema\\\/logo\\\/image\\\/\",\"url\":\"https:\\\/\\\/www.km77.com\\\/revista\\\/wp-content\\\/uploads\\\/2021\\\/02\\\/logo-km77.png\",\"contentUrl\":\"https:\\\/\\\/www.km77.com\\\/revista\\\/wp-content\\\/uploads\\\/2021\\\/02\\\/logo-km77.png\",\"width\":100,\"height\":34,\"caption\":\"KM77\"},\"image\":{\"@id\":\"https:\\\/\\\/www.km77.com\\\/revista\\\/#\\\/schema\\\/logo\\\/image\\\/\"}},{\"@type\":\"Person\",\"@id\":\"https:\\\/\\\/www.km77.com\\\/revista\\\/#\\\/schema\\\/person\\\/c1af20816e402897ad97dc0105b975d7\",\"name\":\"Alber Callejo\",\"image\":{\"@type\":\"ImageObject\",\"inLanguage\":\"es\",\"@id\":\"https:\\\/\\\/secure.gravatar.com\\\/avatar\\\/4a8ddbc22c2175aa7bebe2529d0f84d3d3e87250a0df2d349dddb2167a410860?s=96&d=mm&r=g\",\"url\":\"https:\\\/\\\/secure.gravatar.com\\\/avatar\\\/4a8ddbc22c2175aa7bebe2529d0f84d3d3e87250a0df2d349dddb2167a410860?s=96&d=mm&r=g\",\"contentUrl\":\"https:\\\/\\\/secure.gravatar.com\\\/avatar\\\/4a8ddbc22c2175aa7bebe2529d0f84d3d3e87250a0df2d349dddb2167a410860?s=96&d=mm&r=g\",\"caption\":\"Alber Callejo\"},\"url\":\"https:\\\/\\\/www.km77.com\\\/revista\\\/author\\\/alber-callejo\\\/\"}]}<\/script>\n<!-- \/ Yoast SEO plugin. -->","yoast_head_json":{"title":"Honda y Nissan anuncian su alianza para desarrollar el coche del futuro - Revista km77","robots":{"index":"index","follow":"follow","max-snippet":"max-snippet:-1","max-image-preview":"max-image-preview:large","max-video-preview":"max-video-preview:-1"},"canonical":"https:\/\/www.km77.com\/revista\/noticias\/honda-y-nissan-anuncian-su-alianza-para-desarrollar-el-coche-del-futuro\/","og_locale":"es_ES","og_type":"article","og_title":"Honda y Nissan anuncian su alianza para desarrollar el coche del futuro - Revista km77","og_description":"Corr\u00eda el a\u00f1o 2024 cuando Honda y Nissan sorprendieron al mundo al hacer p\u00fablicas sus negociaciones para fusionarse en un \u00fanico grupo. Este movimiento estaba motivado no solo por los problemas financieros que Nissan ya por entonces llevaba un tiempo arrastrando, sino tambi\u00e9n por los crecientes desaf\u00edos surgidos a ra\u00edz de la transici\u00f3n al veh\u00edculo [&hellip;]","og_url":"https:\/\/www.km77.com\/revista\/noticias\/honda-y-nissan-anuncian-su-alianza-para-desarrollar-el-coche-del-futuro\/","og_site_name":"Revista km77","article_published_time":"2026-08-31T13:49:17+00:00","article_modified_time":"2026-08-31T13:49:18+00:00","og_image":[{"width":1200,"height":800,"url":"https:\/\/www.km77.com\/revista\/wp-content\/uploads\/2026\/08\/Nissan-honda-1.jpg","type":"image\/jpeg"}],"author":"Alber Callejo","twitter_card":"summary_large_image","twitter_misc":{"Escrito por":"Alber Callejo","Tiempo de lectura":"3 minutos"},"schema":{"@context":"https:\/\/schema.org","@graph":[{"@type":"Article","@id":"https:\/\/www.km77.com\/revista\/noticias\/honda-y-nissan-anuncian-su-alianza-para-desarrollar-el-coche-del-futuro\/#article","isPartOf":{"@id":"https:\/\/www.km77.com\/revista\/noticias\/honda-y-nissan-anuncian-su-alianza-para-desarrollar-el-coche-del-futuro\/"},"author":{"name":"Alber Callejo","@id":"https:\/\/www.km77.com\/revista\/#\/schema\/person\/c1af20816e402897ad97dc0105b975d7"},"headline":"Honda y Nissan anuncian su alianza para desarrollar el coche del futuro","datePublished":"2026-08-31T13:49:17+00:00","dateModified":"2026-08-31T13:49:18+00:00","mainEntityOfPage":{"@id":"https:\/\/www.km77.com\/revista\/noticias\/honda-y-nissan-anuncian-su-alianza-para-desarrollar-el-coche-del-futuro\/"},"wordCount":547,"commentCount":0,"publisher":{"@id":"https:\/\/www.km77.com\/revista\/#organization"},"image":{"@id":"https:\/\/www.km77.com\/revista\/noticias\/honda-y-nissan-anuncian-su-alianza-para-desarrollar-el-coche-del-futuro\/#primaryimage"},"thumbnailUrl":"https:\/\/www.km77.com\/revista\/wp-content\/uploads\/2026\/08\/Nissan-honda-1.jpg","keywords":["Honda","Nissan"],"articleSection":["Noticias"],"inLanguage":"es","potentialAction":[{"@type":"CommentAction","name":"Comment","target":["https:\/\/www.km77.com\/revista\/noticias\/honda-y-nissan-anuncian-su-alianza-para-desarrollar-el-coche-del-futuro\/#respond"]}]},{"@type":"WebPage","@id":"https:\/\/www.km77.com\/revista\/noticias\/honda-y-nissan-anuncian-su-alianza-para-desarrollar-el-coche-del-futuro\/","url":"https:\/\/www.km77.com\/revista\/noticias\/honda-y-nissan-anuncian-su-alianza-para-desarrollar-el-coche-del-futuro\/","name":"Honda y Nissan anuncian su alianza para desarrollar el coche del futuro - Revista km77","isPartOf":{"@id":"https:\/\/www.km77.com\/revista\/#website"},"primaryImageOfPage":{"@id":"https:\/\/www.km77.com\/revista\/noticias\/honda-y-nissan-anuncian-su-alianza-para-desarrollar-el-coche-del-futuro\/#primaryimage"},"image":{"@id":"https:\/\/www.km77.com\/revista\/noticias\/honda-y-nissan-anuncian-su-alianza-para-desarrollar-el-coche-del-futuro\/#primaryimage"},"thumbnailUrl":"https:\/\/www.km77.com\/revista\/wp-content\/uploads\/2026\/08\/Nissan-honda-1.jpg","datePublished":"2026-08-31T13:49:17+00:00","dateModified":"2026-08-31T13:49:18+00:00","breadcrumb":{"@id":"https:\/\/www.km77.com\/revista\/noticias\/honda-y-nissan-anuncian-su-alianza-para-desarrollar-el-coche-del-futuro\/#breadcrumb"},"inLanguage":"es","potentialAction":[{"@type":"ReadAction","target":["https:\/\/www.km77.com\/revista\/noticias\/honda-y-nissan-anuncian-su-alianza-para-desarrollar-el-coche-del-futuro\/"]}]},{"@type":"ImageObject","inLanguage":"es","@id":"https:\/\/www.km77.com\/revista\/noticias\/honda-y-nissan-anuncian-su-alianza-para-desarrollar-el-coche-del-futuro\/#primaryimage","url":"https:\/\/www.km77.com\/revista\/wp-content\/uploads\/2026\/08\/Nissan-honda-1.jpg","contentUrl":"https:\/\/www.km77.com\/revista\/wp-content\/uploads\/2026\/08\/Nissan-honda-1.jpg","width":1200,"height":800},{"@type":"BreadcrumbList","@id":"https:\/\/www.km77.com\/revista\/noticias\/honda-y-nissan-anuncian-su-alianza-para-desarrollar-el-coche-del-futuro\/#breadcrumb","itemListElement":[{"@type":"ListItem","position":1,"name":"Revista km77","item":"https:\/\/www.km77.com\/revista\/"},{"@type":"ListItem","position":2,"name":"Noticias","item":"https:\/\/www.km77.com\/revista\/noticias\/"},{"@type":"ListItem","position":3,"name":"Honda y Nissan anuncian su alianza para desarrollar el coche del futuro"}]},{"@type":"WebSite","@id":"https:\/\/www.km77.com\/revista\/#website","url":"https:\/\/www.km77.com\/revista\/","name":"Revista km77","description":"Noticias y opiniones en km77","publisher":{"@id":"https:\/\/www.km77.com\/revista\/#organization"},"potentialAction":[{"@type":"SearchAction","target":{"@type":"EntryPoint","urlTemplate":"https:\/\/www.km77.com\/revista\/?s={search_term_string}"},"query-input":{"@type":"PropertyValueSpecification","valueRequired":true,"valueName":"search_term_string"}}],"inLanguage":"es"},{"@type":"Organization","@id":"https:\/\/www.km77.com\/revista\/#organization","name":"KM77","url":"https:\/\/www.km77.com\/revista\/","logo":{"@type":"ImageObject","inLanguage":"es","@id":"https:\/\/www.km77.com\/revista\/#\/schema\/logo\/image\/","url":"https:\/\/www.km77.com\/revista\/wp-content\/uploads\/2021\/02\/logo-km77.png","contentUrl":"https:\/\/www.km77.com\/revista\/wp-content\/uploads\/2021\/02\/logo-km77.png","width":100,"height":34,"caption":"KM77"},"image":{"@id":"https:\/\/www.km77.com\/revista\/#\/schema\/logo\/image\/"}},{"@type":"Person","@id":"https:\/\/www.km77.com\/revista\/#\/schema\/person\/c1af20816e402897ad97dc0105b975d7","name":"Alber Callejo","image":{"@type":"ImageObject","inLanguage":"es","@id":"https:\/\/secure.gravatar.com\/avatar\/4a8ddbc22c2175aa7bebe2529d0f84d3d3e87250a0df2d349dddb2167a410860?s=96&d=mm&r=g","url":"https:\/\/secure.gravatar.com\/avatar\/4a8ddbc22c2175aa7bebe2529d0f84d3d3e87250a0df2d349dddb2167a410860?s=96&d=mm&r=g","contentUrl":"https:\/\/secure.gravatar.com\/avatar\/4a8ddbc22c2175aa7bebe2529d0f84d3d3e87250a0df2d349dddb2167a410860?s=96&d=mm&r=g","caption":"Alber Callejo"},"url":"https:\/\/www.km77.com\/revista\/author\/alber-callejo\/"}]}},"amp_enabled":true,"_links":{"self":[{"href":"https:\/\/www.km77.com\/revista\/wp-json\/wp\/v2\/posts\/73052","targetHints":{"allow":["GET"]}}],"collection":[{"href":"https:\/\/www.km77.com\/revista\/wp-json\/wp\/v2\/posts"}],"about":[{"href":"https:\/\/www.km77.com\/revista\/wp-json\/wp\/v2\/types\/post"}],"author":[{"embeddable":true,"href":"https:\/\/www.km77.com\/revista\/wp-json\/wp\/v2\/users\/96"}],"replies":[{"embeddable":true,"href":"https:\/\/www.km77.com\/revista\/wp-json\/wp\/v2\/comments?post=73052"}],"version-history":[{"count":3,"href":"https:\/\/www.km77.com\/revista\/wp-json\/wp\/v2\/posts\/73052\/revisions"}],"predecessor-version":[{"id":73059,"href":"https:\/\/www.km77.com\/revista\/wp-json\/wp\/v2\/posts\/73052\/revisions\/73059"}],"wp:featuredmedia":[{"embeddable":true,"href":"https:\/\/www.km77.com\/revista\/wp-json\/wp\/v2\/media\/73053"}],"wp:attachment":[{"href":"https:\/\/www.km77.com\/revista\/wp-json\/wp\/v2\/media?parent=73052"}],"wp:term":[{"taxonomy":"category","embeddable":true,"href":"https:\/\/www.km77.com\/revista\/wp-json\/wp\/v2\/categories?post=73052"},{"taxonomy":"post_tag","embeddable":true,"href":"https:\/\/www.km77.com\/revista\/wp-json\/wp\/v2\/tags?post=73052"}],"curies":[{"name":"wp","href":"https:\/\/api.w.org\/{rel}","templated":true}]}}