{"id":73018,"date":"2026-08-31T10:59:06","date_gmt":"2026-08-31T08:59:06","guid":{"rendered":"https:\/\/www.km77.com\/revista\/?p=73018"},"modified":"2026-08-31T10:59:08","modified_gmt":"2026-08-31T08:59:08","slug":"lamborghini-presenta-el-temerario-tricolore-un-homenaje-a-italia-inspirado-en-el-antiguo-gallardo","status":"publish","type":"post","link":"https:\/\/www.km77.com\/revista\/noticias\/lamborghini-presenta-el-temerario-tricolore-un-homenaje-a-italia-inspirado-en-el-antiguo-gallardo\/","title":{"rendered":"Lamborghini presenta el Temerario Tricolore, un homenaje a Italia inspirado en el antiguo Gallardo"},"content":{"rendered":"\n<p class=\"wp-block-paragraph\"><a href=\"https:\/\/www.km77.com\/coches\/lamborghini\">Lamborghini<\/a> rinde homenaje a su Italia natal con el nuevo <a href=\"https:\/\/www.km77.com\/coches\/lamborghini\/temerario\/2025\/estandar\/informacion\">Temerario<\/a>\u00a0Tricolore, que como su nombre bien indica, <strong>luce la bandera tricolor italiana<\/strong> en su carrocer\u00eda. Esta configuraci\u00f3n no es nueva en Lamborghini, que ya la ofreci\u00f3 en el\u00a0<a href=\"https:\/\/www.km77.com\/coches\/lamborghini\/gallardo\">Gallardo<\/a> LP 550-2 Tricolore de 2011. La presentaci\u00f3n del nuevo modelo se ha producido durante la Monterey Car Week.<\/p>\n\n\n\n<p class=\"wp-block-paragraph\">Esta versi\u00f3n ha sido creada por el Centro Stile de Lamborghini en colaboraci\u00f3n con<strong> la divisi\u00f3n Ad Personam<\/strong>, que gestiona el programa de personalizaci\u00f3n de la marca. Durante el pasado Goodwood Festival of Speed, la compa\u00f1\u00eda ya mostr\u00f3 <a href=\"https:\/\/www.km77.com\/revista\/noticias\/un-lamborghini-temerario-aun-mas-exclusivo-gracias-al-programa-ad-personam\/\">dos configuraciones a medida<\/a> del Temerario como muestra del\u00a0<em>&#8216;savoir-faire&#8217;<\/em>\u00a0de su equipo, y ahora ha ido un paso m\u00e1s all\u00e1 con el Temerario Tricolore.<\/p>\n\n\n\n<p class=\"wp-block-paragraph\">Mientras que el&nbsp;Gallardo LP&nbsp;550-2 Tricolore se cre\u00f3 para festejar el 150\u00ba aniversario de la unificaci\u00f3n italiana, el lanzamiento del nuevo Temerario Tricolore ha coincidido con el 20\u00ba aniversario del programa Ad Personam. La carrocer\u00eda <strong>est\u00e1 pintada en dos tonos<\/strong>, con la zona inferior en azul (Blu&nbsp;Marinus) y la superior en blanco (Bianco Monocerus).<\/p>\n\n\n\n<figure class=\"wp-block-image size-large\"><img decoding=\"async\" width=\"1024\" height=\"683\" src=\"https:\/\/www.km77.com\/revista\/wp-content\/uploads\/2026\/08\/672301-1024x683.jpg\" alt=\"\" class=\"wp-image-73028\" srcset=\"https:\/\/www.km77.com\/revista\/wp-content\/uploads\/2026\/08\/672301-1024x683.jpg 1024w, https:\/\/www.km77.com\/revista\/wp-content\/uploads\/2026\/08\/672301-980x653.jpg 980w, https:\/\/www.km77.com\/revista\/wp-content\/uploads\/2026\/08\/672301-480x320.jpg 480w\" sizes=\"(min-width: 0px) and (max-width: 480px) 480px, (min-width: 481px) and (max-width: 980px) 980px, (min-width: 981px) 1024px, 100vw\" \/><figcaption class=\"wp-element-caption\">La configuraci\u00f3n bicolor resalta las angulosas l\u00edneas de la carrocer\u00eda.<\/figcaption><\/figure>\n\n\n\n<h2 class=\"wp-block-heading\">El programa Ad Personam de Lamborghini cumple 20 a\u00f1os<\/h2>\n\n\n\n<p class=\"wp-block-paragraph\">La carrocer\u00eda tiene diversos detalles en color negro (Nero Noctis): retrovisores, cubierta del motor, llantas&#8230;). El rasgo m\u00e1s distintivo es la banda en verde, blanco y rojo sobre el cap\u00f3.&nbsp;Este gr\u00e1fico<strong> engloba el logo de Lamborghini<\/strong>, resaltando la estrecha relaci\u00f3n entre la empresa y su pa\u00eds de origen. Y es que, a pesar de llevar d\u00e9cadas en manos del Grupo&nbsp;Volkswagen, Lamborghini mantiene su sede, su museo y su factor\u00eda principal en&nbsp;Sant&#8217;Agata Bolognese.<\/p>\n\n\n\n<p class=\"wp-block-paragraph\">El habit\u00e1culo tambi\u00e9n es una muestra de<strong> las posibilidades de personalizaci\u00f3n<\/strong> a disposici\u00f3n de los clientes. La tapicer\u00eda negra (Nero Ade) contrasta con las costuras en rojo (Rosso Alala), mientras que la inscripci\u00f3n Tricolore se encuentra bordada en los paneles de las puertas. Una silueta del coche creada a medida se integra en el revestimiento trasero del habit\u00e1culo.<\/p>\n\n\n\n<p class=\"wp-block-paragraph\">No hay cambios en el apartado mec\u00e1nico;&nbsp;por lo tanto, se mantiene el motor V8 biturbo de 4 litros de cilindrada visto en el resto de la gama Temerario, el cual se combina con tres m\u00e1quinas el\u00e9ctricas para alcanzar una potencia total de 920 CV. El veh\u00edculo puede acelerar de 0 a 100 km\/h en 2,7 segundos, con una velocidad punta<strong> superior a los 340 km\/h<\/strong>.<\/p>\n\n\n\n<figure class=\"wp-block-image size-large\"><img decoding=\"async\" width=\"1024\" height=\"683\" src=\"https:\/\/www.km77.com\/revista\/wp-content\/uploads\/2026\/08\/672308-1024x683.jpg\" alt=\"\" class=\"wp-image-73029\" srcset=\"https:\/\/www.km77.com\/revista\/wp-content\/uploads\/2026\/08\/672308-1024x683.jpg 1024w, https:\/\/www.km77.com\/revista\/wp-content\/uploads\/2026\/08\/672308-980x653.jpg 980w, https:\/\/www.km77.com\/revista\/wp-content\/uploads\/2026\/08\/672308-480x320.jpg 480w\" sizes=\"(min-width: 0px) and (max-width: 480px) 480px, (min-width: 481px) and (max-width: 980px) 980px, (min-width: 981px) 1024px, 100vw\" \/><figcaption class=\"wp-element-caption\">La inscripci\u00f3n Tricolore est\u00e1 bordada en los paneles de las puertas.<\/figcaption><\/figure>\n\n\n\n<h2 class=\"wp-block-heading\">Un h\u00edbrido enchufable con 920 CV de potencia<\/h2>\n\n\n\n<p class=\"wp-block-paragraph\">Si bien el&nbsp;Temerario es un h\u00edbrido enchufable, tiene una bater\u00eda de poca capacidad (3,8 kWh), por debajo de modelos como el <a href=\"https:\/\/www.km77.com\/coches\/ferrari\/849\/2026\/estandar\/informacion\">Ferrari 849 Testarossa<\/a> (<a href=\"https:\/\/www.km77.com\/coches\/ferrari\/849\/2026\/estandar\/informacion\" target=\"_blank\" rel=\"noreferrer noopener\"><\/a><a href=\"https:\/\/www.km77.com\/coches\/ferrari\/849\/2026\/estandar\/informacion\" target=\"_blank\" rel=\"noreferrer noopener\"><\/a>7,45 kWh).&nbsp;<em>\u00abEl Temerario Tricolore es una celebraci\u00f3n de los valores que definen a Lamborghini: dise\u00f1o visionario, innovaci\u00f3n tecnol\u00f3gica, prestaciones sin concesiones y la excelencia de la artesan\u00eda italiana\u00bb<\/em>, declara <strong>Stephan Winkelmann, presidente y CEO de Automobili Lamborghini<\/strong>.<\/p>\n\n\n\n<p class=\"wp-block-paragraph\"><em>\u00abQuince a\u00f1os despu\u00e9s de presentar el Gallardo Tricolore, esta nueva interpretaci\u00f3n de nuestro Centro Stile lleva los colores nacionales italianos a la nueva era del superdeportivo. Al mismo tiempo, demuestra c\u00f3mo Ad Personam permite a cada cliente <strong>crear un Lamborghini verdaderamente \u00fanico<\/strong>, transformando su visi\u00f3n personal en una expresi\u00f3n a medida de su individualidad\u00bb.<\/em><\/p>\n","protected":false},"excerpt":{"rendered":"<p>Lamborghini rinde homenaje a su Italia natal con el nuevo Temerario\u00a0Tricolore, que como su nombre bien indica, luce la bandera tricolor italiana en su carrocer\u00eda. Esta configuraci\u00f3n no es nueva en Lamborghini, que ya la ofreci\u00f3 en el\u00a0Gallardo LP 550-2 Tricolore de 2011. La presentaci\u00f3n del nuevo modelo se ha producido durante la Monterey Car [&hellip;]<\/p>\n","protected":false},"author":96,"featured_media":73027,"comment_status":"open","ping_status":"closed","sticky":false,"template":"","format":"standard","meta":{"_et_pb_use_builder":"off","_et_pb_old_content":"","_et_gb_content_width":"","footnotes":""},"categories":[14158],"tags":[30,14286],"class_list":["post-73018","post","type-post","status-publish","format-standard","has-post-thumbnail","hentry","category-noticias","tag-lamborghini","tag-lamborghini-temerario"],"amp_enabled":true,"_links":{"self":[{"href":"https:\/\/www.km77.com\/revista\/wp-json\/wp\/v2\/posts\/73018","targetHints":{"allow":["GET"]}}],"collection":[{"href":"https:\/\/www.km77.com\/revista\/wp-json\/wp\/v2\/posts"}],"about":[{"href":"https:\/\/www.km77.com\/revista\/wp-json\/wp\/v2\/types\/post"}],"author":[{"embeddable":true,"href":"https:\/\/www.km77.com\/revista\/wp-json\/wp\/v2\/users\/96"}],"replies":[{"embeddable":true,"href":"https:\/\/www.km77.com\/revista\/wp-json\/wp\/v2\/comments?post=73018"}],"version-history":[{"count":7,"href":"https:\/\/www.km77.com\/revista\/wp-json\/wp\/v2\/posts\/73018\/revisions"}],"predecessor-version":[{"id":73035,"href":"https:\/\/www.km77.com\/revista\/wp-json\/wp\/v2\/posts\/73018\/revisions\/73035"}],"wp:featuredmedia":[{"embeddable":true,"href":"https:\/\/www.km77.com\/revista\/wp-json\/wp\/v2\/media\/73027"}],"wp:attachment":[{"href":"https:\/\/www.km77.com\/revista\/wp-json\/wp\/v2\/media?parent=73018"}],"wp:term":[{"taxonomy":"category","embeddable":true,"href":"https:\/\/www.km77.com\/revista\/wp-json\/wp\/v2\/categories?post=73018"},{"taxonomy":"post_tag","embeddable":true,"href":"https:\/\/www.km77.com\/revista\/wp-json\/wp\/v2\/tags?post=73018"}],"curies":[{"name":"wp","href":"https:\/\/api.w.org\/{rel}","templated":true}]}}