{"id":72974,"date":"2026-09-01T08:10:00","date_gmt":"2026-09-01T06:10:00","guid":{"rendered":"https:\/\/www.km77.com\/revista\/?p=72974"},"modified":"2026-09-01T08:10:02","modified_gmt":"2026-09-01T06:10:02","slug":"coches-electricos-desgastan-mas-neumaticos","status":"publish","type":"post","link":"https:\/\/www.km77.com\/revista\/engendro-mecanico\/coches-electricos-desgastan-mas-neumaticos\/","title":{"rendered":"\u00bfLos coches el\u00e9ctricos desgastan m\u00e1s los neum\u00e1ticos?"},"content":{"rendered":"\n<p class=\"wp-block-paragraph\">La transici\u00f3n hacia la propulsi\u00f3n el\u00e9ctrica cambia de forma sustancial las variables cinem\u00e1ticas y din\u00e1micas que act\u00faan sobre el veh\u00edculo. Aunque la ausencia de motor t\u00e9rmico reduce las intervenciones de mantenimiento en elementos mec\u00e1nicos como correas, buj\u00edas o aceites, otros pueden desgastarse m\u00e1s.<\/p>\n\n\n\n<p class=\"wp-block-paragraph\">Los neum\u00e1ticos, \u00fanico punto de uni\u00f3n entre el chasis y la calzada, experimentan<strong> niveles de estr\u00e9s mec\u00e1nico notablemente superiores<\/strong> en los autom\u00f3viles alimentados por bater\u00eda frente a sus equivalentes de combusti\u00f3n interna. En determinadas condiciones, el mayor peso y las prestaciones de algunos el\u00e9ctricos pueden acelerar el desgaste de los neum\u00e1ticos respecto a veh\u00edculos equivalentes de combusti\u00f3n, seg\u00fan estudios de consultoras de automoci\u00f3n y datos de los propios fabricantes de neum\u00e1ticos, como Michelin o Goodyear.<\/p>\n\n\n\n<h2 class=\"wp-block-heading\">Masa en vac\u00edo y entrega de par motor<\/h2>\n\n\n\n<p class=\"wp-block-paragraph\">La causa principal de este desgaste acelerado se explica mediante dos variables f\u00edsicas: la masa total del conjunto y la curva de par motor de las m\u00e1quinas el\u00e9ctricas.<\/p>\n\n\n\n<p class=\"wp-block-paragraph\">En primer t\u00e9rmino, el paquete de bater\u00edas puede a\u00f1adir varios cientos de kilogramos respecto a un veh\u00edculo de combusti\u00f3n de dimensiones y prestaciones comparables. Esta mayor masa en vac\u00edo <strong>incrementa directamente la carga vertical<\/strong> sobre la huella de contacto. En curvas, a igual velocidad y radio, la mayor masa incrementa la fuerza lateral que deben soportar los neum\u00e1ticos.<\/p>\n\n\n\n<p class=\"wp-block-paragraph\">En segundo t\u00e9rmino, la entrega de fuerza de un motor el\u00e9ctrico es inmediata: puede entregar un elevado par desde muy bajas revoluciones, sin necesidad de alcanzar un r\u00e9gimen determinado como ocurre en un motor t\u00e9rmico. Las aceleraciones relativamente intensas pueden inducir <strong>un microdeslizamiento longitudinal<\/strong> entre el bloque de caucho y los \u00e1ridos del asfalto. Este rozamiento repetitivo somete a los tacos a un efecto de lija constante que erosiona la superficie de rodadura de una manera m\u00e1s r\u00e1pida.<\/p>\n\n\n\n<figure class=\"wp-block-image size-large\"><img decoding=\"async\" width=\"1024\" height=\"683\" src=\"https:\/\/www.km77.com\/revista\/wp-content\/uploads\/2026\/04\/neumaticos-desgaste-1024x683.jpg\" alt=\"Neum\u00e1tico montado en un coche el\u00e9ctrico despu\u00e9s de un uso intenso en curvas\" class=\"wp-image-69079\" srcset=\"https:\/\/www.km77.com\/revista\/wp-content\/uploads\/2026\/04\/neumaticos-desgaste-1024x683.jpg 1024w, https:\/\/www.km77.com\/revista\/wp-content\/uploads\/2026\/04\/neumaticos-desgaste-980x653.jpg 980w, https:\/\/www.km77.com\/revista\/wp-content\/uploads\/2026\/04\/neumaticos-desgaste-480x320.jpg 480w\" sizes=\"(min-width: 0px) and (max-width: 480px) 480px, (min-width: 481px) and (max-width: 980px) 980px, (min-width: 981px) 1024px, 100vw\" \/><figcaption class=\"wp-element-caption\">Estado de un neum\u00e1tico tras un uso exigente en curva<\/figcaption><\/figure>\n\n\n\n<h2 class=\"wp-block-heading\">Frenada regenerativa<\/h2>\n\n\n\n<p class=\"wp-block-paragraph\">A los esfuerzos de tracci\u00f3n se suma la din\u00e1mica de deceleraci\u00f3n mediante&nbsp;<strong>frenada regenerativa<\/strong>. En algunos el\u00e9ctricos, especialmente cuando se selecciona un nivel elevado de retenci\u00f3n o un modo de conducci\u00f3n <em>one-pedal<\/em>, levantar el pie del acelerador genera una fuerte deceleraci\u00f3n mediante la frenada regenerativa. En esas situaciones, gran parte de la deceleraci\u00f3n puede producirse <strong>sin recurrir a los frenos de fricci\u00f3n<\/strong> convencionales.<\/p>\n\n\n\n<p class=\"wp-block-paragraph\">Para responder a este entorno de trabajo sin comprometer la autonom\u00eda ni el confort, los fabricantes de neum\u00e1ticos han desarrollado <strong>cubiertas desarroladas para veh\u00edculos el\u00e9ctricos<\/strong> (a menudo identificadas con marcajes como&nbsp;<em>EV<\/em> o <em>Elect<\/em>). Estas son sus caracter\u00edsticas:<\/p>\n\n\n\n<ul class=\"wp-block-list\">\n<li><strong>Compuestos optimizados<\/strong> para combinar resistencia al desgaste, adherencia y baja resistencia a la rodadura<\/li>\n\n\n\n<li><strong>Carcasas con arquitectura reforzada:<\/strong>&nbsp;Flancos m\u00e1s r\u00edgidos capaces de contener las derivas laterales provocadas por la inercia del veh\u00edculo a alta velocidad.<\/li>\n\n\n\n<li><strong>Baja resistencia a la rodadura:<\/strong>&nbsp;Reducci\u00f3n de la hist\u00e9resis del neum\u00e1tico para maximizar los kil\u00f3metros por cada kilovatio-hora (kWh) de bater\u00eda.<\/li>\n\n\n\n<li><strong>Espumas fonoabsorbentes internas:<\/strong>&nbsp;Especialmente \u00fatil en los el\u00e9ctricos, donde el menor ruido mec\u00e1nico hace m\u00e1s perceptible el ruido de rodadura.<\/li>\n<\/ul>\n\n\n\n<p class=\"wp-block-paragraph\">Una monitorizaci\u00f3n peri\u00f3dica de las presiones de inflado, y un estilo de conducci\u00f3n progresivo son esenciales para estirar la vida \u00fatil de las cubiertas en estos veh\u00edculos.<\/p>\n","protected":false},"excerpt":{"rendered":"<p>La transici\u00f3n hacia la propulsi\u00f3n el\u00e9ctrica cambia de forma sustancial las variables cinem\u00e1ticas y din\u00e1micas que act\u00faan sobre el veh\u00edculo. Aunque la ausencia de motor t\u00e9rmico reduce las intervenciones de mantenimiento en elementos mec\u00e1nicos como correas, buj\u00edas o aceites, otros pueden desgastarse m\u00e1s. Los neum\u00e1ticos, \u00fanico punto de uni\u00f3n entre el chasis y la calzada, [&hellip;]<\/p>\n","protected":false},"author":93,"featured_media":72978,"comment_status":"open","ping_status":"closed","sticky":false,"template":"","format":"standard","meta":{"_et_pb_use_builder":"off","_et_pb_old_content":"","_et_gb_content_width":"","footnotes":""},"categories":[3912],"tags":[7975,22],"class_list":["post-72974","post","type-post","status-publish","format-standard","has-post-thumbnail","hentry","category-engendro-mecanico","tag-de-todo-un-poco","tag-general"],"yoast_head":"<!-- This site is optimized with the Yoast SEO plugin v27.8 - https:\/\/yoast.com\/product\/yoast-seo-wordpress\/ -->\n<title>\u00bfLos coches el\u00e9ctricos desgastan m\u00e1s los neum\u00e1ticos? - Revista km77<\/title>\n<meta name=\"robots\" content=\"index, follow, max-snippet:-1, max-image-preview:large, max-video-preview:-1\" \/>\n<link rel=\"canonical\" href=\"https:\/\/www.km77.com\/revista\/engendro-mecanico\/coches-electricos-desgastan-mas-neumaticos\/\" \/>\n<meta property=\"og:locale\" content=\"es_ES\" \/>\n<meta property=\"og:type\" content=\"article\" \/>\n<meta property=\"og:title\" content=\"\u00bfLos coches el\u00e9ctricos desgastan m\u00e1s los neum\u00e1ticos? - Revista km77\" \/>\n<meta property=\"og:description\" content=\"La transici\u00f3n hacia la propulsi\u00f3n el\u00e9ctrica cambia de forma sustancial las variables cinem\u00e1ticas y din\u00e1micas que act\u00faan sobre el veh\u00edculo. Aunque la ausencia de motor t\u00e9rmico reduce las intervenciones de mantenimiento en elementos mec\u00e1nicos como correas, buj\u00edas o aceites, otros pueden desgastarse m\u00e1s. Los neum\u00e1ticos, \u00fanico punto de uni\u00f3n entre el chasis y la calzada, [&hellip;]\" \/>\n<meta property=\"og:url\" content=\"https:\/\/www.km77.com\/revista\/engendro-mecanico\/coches-electricos-desgastan-mas-neumaticos\/\" \/>\n<meta property=\"og:site_name\" content=\"Revista km77\" \/>\n<meta property=\"article:published_time\" content=\"2026-09-01T06:10:00+00:00\" \/>\n<meta property=\"article:modified_time\" content=\"2026-09-01T06:10:02+00:00\" \/>\n<meta property=\"og:image\" content=\"https:\/\/www.km77.com\/revista\/wp-content\/uploads\/2026\/08\/PLANTILLA-KM77-1.jpg\" \/>\n\t<meta property=\"og:image:width\" content=\"1200\" \/>\n\t<meta property=\"og:image:height\" content=\"800\" \/>\n\t<meta property=\"og:image:type\" content=\"image\/jpeg\" \/>\n<meta name=\"author\" content=\"Iv\u00e1n D\u00e1vila\" \/>\n<meta name=\"twitter:card\" content=\"summary_large_image\" \/>\n<meta name=\"twitter:label1\" content=\"Escrito por\" \/>\n\t<meta name=\"twitter:data1\" content=\"Iv\u00e1n D\u00e1vila\" \/>\n\t<meta name=\"twitter:label2\" content=\"Tiempo de lectura\" \/>\n\t<meta name=\"twitter:data2\" content=\"3 minutos\" \/>\n<script type=\"application\/ld+json\" class=\"yoast-schema-graph\">{\"@context\":\"https:\\\/\\\/schema.org\",\"@graph\":[{\"@type\":\"Article\",\"@id\":\"https:\\\/\\\/www.km77.com\\\/revista\\\/engendro-mecanico\\\/coches-electricos-desgastan-mas-neumaticos\\\/#article\",\"isPartOf\":{\"@id\":\"https:\\\/\\\/www.km77.com\\\/revista\\\/engendro-mecanico\\\/coches-electricos-desgastan-mas-neumaticos\\\/\"},\"author\":{\"name\":\"Iv\u00e1n D\u00e1vila\",\"@id\":\"https:\\\/\\\/www.km77.com\\\/revista\\\/#\\\/schema\\\/person\\\/dd102435ccd38e4fccc382bc24b6258a\"},\"headline\":\"\u00bfLos coches el\u00e9ctricos desgastan m\u00e1s los neum\u00e1ticos?\",\"datePublished\":\"2026-09-01T06:10:00+00:00\",\"dateModified\":\"2026-09-01T06:10:02+00:00\",\"mainEntityOfPage\":{\"@id\":\"https:\\\/\\\/www.km77.com\\\/revista\\\/engendro-mecanico\\\/coches-electricos-desgastan-mas-neumaticos\\\/\"},\"wordCount\":594,\"commentCount\":0,\"publisher\":{\"@id\":\"https:\\\/\\\/www.km77.com\\\/revista\\\/#organization\"},\"image\":{\"@id\":\"https:\\\/\\\/www.km77.com\\\/revista\\\/engendro-mecanico\\\/coches-electricos-desgastan-mas-neumaticos\\\/#primaryimage\"},\"thumbnailUrl\":\"https:\\\/\\\/www.km77.com\\\/revista\\\/wp-content\\\/uploads\\\/2026\\\/08\\\/PLANTILLA-KM77-1.jpg\",\"keywords\":[\"De todo un poco\",\"General\"],\"articleSection\":[\"Engendro Mec\u00e1nico\"],\"inLanguage\":\"es\",\"potentialAction\":[{\"@type\":\"CommentAction\",\"name\":\"Comment\",\"target\":[\"https:\\\/\\\/www.km77.com\\\/revista\\\/engendro-mecanico\\\/coches-electricos-desgastan-mas-neumaticos\\\/#respond\"]}]},{\"@type\":\"WebPage\",\"@id\":\"https:\\\/\\\/www.km77.com\\\/revista\\\/engendro-mecanico\\\/coches-electricos-desgastan-mas-neumaticos\\\/\",\"url\":\"https:\\\/\\\/www.km77.com\\\/revista\\\/engendro-mecanico\\\/coches-electricos-desgastan-mas-neumaticos\\\/\",\"name\":\"\u00bfLos coches el\u00e9ctricos desgastan m\u00e1s los neum\u00e1ticos? - Revista km77\",\"isPartOf\":{\"@id\":\"https:\\\/\\\/www.km77.com\\\/revista\\\/#website\"},\"primaryImageOfPage\":{\"@id\":\"https:\\\/\\\/www.km77.com\\\/revista\\\/engendro-mecanico\\\/coches-electricos-desgastan-mas-neumaticos\\\/#primaryimage\"},\"image\":{\"@id\":\"https:\\\/\\\/www.km77.com\\\/revista\\\/engendro-mecanico\\\/coches-electricos-desgastan-mas-neumaticos\\\/#primaryimage\"},\"thumbnailUrl\":\"https:\\\/\\\/www.km77.com\\\/revista\\\/wp-content\\\/uploads\\\/2026\\\/08\\\/PLANTILLA-KM77-1.jpg\",\"datePublished\":\"2026-09-01T06:10:00+00:00\",\"dateModified\":\"2026-09-01T06:10:02+00:00\",\"breadcrumb\":{\"@id\":\"https:\\\/\\\/www.km77.com\\\/revista\\\/engendro-mecanico\\\/coches-electricos-desgastan-mas-neumaticos\\\/#breadcrumb\"},\"inLanguage\":\"es\",\"potentialAction\":[{\"@type\":\"ReadAction\",\"target\":[\"https:\\\/\\\/www.km77.com\\\/revista\\\/engendro-mecanico\\\/coches-electricos-desgastan-mas-neumaticos\\\/\"]}]},{\"@type\":\"ImageObject\",\"inLanguage\":\"es\",\"@id\":\"https:\\\/\\\/www.km77.com\\\/revista\\\/engendro-mecanico\\\/coches-electricos-desgastan-mas-neumaticos\\\/#primaryimage\",\"url\":\"https:\\\/\\\/www.km77.com\\\/revista\\\/wp-content\\\/uploads\\\/2026\\\/08\\\/PLANTILLA-KM77-1.jpg\",\"contentUrl\":\"https:\\\/\\\/www.km77.com\\\/revista\\\/wp-content\\\/uploads\\\/2026\\\/08\\\/PLANTILLA-KM77-1.jpg\",\"width\":1200,\"height\":800},{\"@type\":\"BreadcrumbList\",\"@id\":\"https:\\\/\\\/www.km77.com\\\/revista\\\/engendro-mecanico\\\/coches-electricos-desgastan-mas-neumaticos\\\/#breadcrumb\",\"itemListElement\":[{\"@type\":\"ListItem\",\"position\":1,\"name\":\"Revista km77\",\"item\":\"https:\\\/\\\/www.km77.com\\\/revista\\\/\"},{\"@type\":\"ListItem\",\"position\":2,\"name\":\"Engendro Mec\u00e1nico\",\"item\":\"https:\\\/\\\/www.km77.com\\\/revista\\\/engendro-mecanico\\\/\"},{\"@type\":\"ListItem\",\"position\":3,\"name\":\"\u00bfLos coches el\u00e9ctricos desgastan m\u00e1s los neum\u00e1ticos?\"}]},{\"@type\":\"WebSite\",\"@id\":\"https:\\\/\\\/www.km77.com\\\/revista\\\/#website\",\"url\":\"https:\\\/\\\/www.km77.com\\\/revista\\\/\",\"name\":\"Revista km77\",\"description\":\"Noticias y opiniones en km77\",\"publisher\":{\"@id\":\"https:\\\/\\\/www.km77.com\\\/revista\\\/#organization\"},\"potentialAction\":[{\"@type\":\"SearchAction\",\"target\":{\"@type\":\"EntryPoint\",\"urlTemplate\":\"https:\\\/\\\/www.km77.com\\\/revista\\\/?s={search_term_string}\"},\"query-input\":{\"@type\":\"PropertyValueSpecification\",\"valueRequired\":true,\"valueName\":\"search_term_string\"}}],\"inLanguage\":\"es\"},{\"@type\":\"Organization\",\"@id\":\"https:\\\/\\\/www.km77.com\\\/revista\\\/#organization\",\"name\":\"KM77\",\"url\":\"https:\\\/\\\/www.km77.com\\\/revista\\\/\",\"logo\":{\"@type\":\"ImageObject\",\"inLanguage\":\"es\",\"@id\":\"https:\\\/\\\/www.km77.com\\\/revista\\\/#\\\/schema\\\/logo\\\/image\\\/\",\"url\":\"https:\\\/\\\/www.km77.com\\\/revista\\\/wp-content\\\/uploads\\\/2021\\\/02\\\/logo-km77.png\",\"contentUrl\":\"https:\\\/\\\/www.km77.com\\\/revista\\\/wp-content\\\/uploads\\\/2021\\\/02\\\/logo-km77.png\",\"width\":100,\"height\":34,\"caption\":\"KM77\"},\"image\":{\"@id\":\"https:\\\/\\\/www.km77.com\\\/revista\\\/#\\\/schema\\\/logo\\\/image\\\/\"}},{\"@type\":\"Person\",\"@id\":\"https:\\\/\\\/www.km77.com\\\/revista\\\/#\\\/schema\\\/person\\\/dd102435ccd38e4fccc382bc24b6258a\",\"name\":\"Iv\u00e1n D\u00e1vila\",\"image\":{\"@type\":\"ImageObject\",\"inLanguage\":\"es\",\"@id\":\"https:\\\/\\\/www.km77.com\\\/revista\\\/wp-content\\\/uploads\\\/2026\\\/06\\\/IMG_1627-120x120.jpeg\",\"url\":\"https:\\\/\\\/www.km77.com\\\/revista\\\/wp-content\\\/uploads\\\/2026\\\/06\\\/IMG_1627-120x120.jpeg\",\"contentUrl\":\"https:\\\/\\\/www.km77.com\\\/revista\\\/wp-content\\\/uploads\\\/2026\\\/06\\\/IMG_1627-120x120.jpeg\",\"caption\":\"Iv\u00e1n D\u00e1vila\"},\"url\":\"https:\\\/\\\/www.km77.com\\\/revista\\\/author\\\/ivan-davila\\\/\"}]}<\/script>\n<!-- \/ Yoast SEO plugin. -->","yoast_head_json":{"title":"\u00bfLos coches el\u00e9ctricos desgastan m\u00e1s los neum\u00e1ticos? - Revista km77","robots":{"index":"index","follow":"follow","max-snippet":"max-snippet:-1","max-image-preview":"max-image-preview:large","max-video-preview":"max-video-preview:-1"},"canonical":"https:\/\/www.km77.com\/revista\/engendro-mecanico\/coches-electricos-desgastan-mas-neumaticos\/","og_locale":"es_ES","og_type":"article","og_title":"\u00bfLos coches el\u00e9ctricos desgastan m\u00e1s los neum\u00e1ticos? - Revista km77","og_description":"La transici\u00f3n hacia la propulsi\u00f3n el\u00e9ctrica cambia de forma sustancial las variables cinem\u00e1ticas y din\u00e1micas que act\u00faan sobre el veh\u00edculo. Aunque la ausencia de motor t\u00e9rmico reduce las intervenciones de mantenimiento en elementos mec\u00e1nicos como correas, buj\u00edas o aceites, otros pueden desgastarse m\u00e1s. Los neum\u00e1ticos, \u00fanico punto de uni\u00f3n entre el chasis y la calzada, [&hellip;]","og_url":"https:\/\/www.km77.com\/revista\/engendro-mecanico\/coches-electricos-desgastan-mas-neumaticos\/","og_site_name":"Revista km77","article_published_time":"2026-09-01T06:10:00+00:00","article_modified_time":"2026-09-01T06:10:02+00:00","og_image":[{"width":1200,"height":800,"url":"https:\/\/www.km77.com\/revista\/wp-content\/uploads\/2026\/08\/PLANTILLA-KM77-1.jpg","type":"image\/jpeg"}],"author":"Iv\u00e1n D\u00e1vila","twitter_card":"summary_large_image","twitter_misc":{"Escrito por":"Iv\u00e1n D\u00e1vila","Tiempo de lectura":"3 minutos"},"schema":{"@context":"https:\/\/schema.org","@graph":[{"@type":"Article","@id":"https:\/\/www.km77.com\/revista\/engendro-mecanico\/coches-electricos-desgastan-mas-neumaticos\/#article","isPartOf":{"@id":"https:\/\/www.km77.com\/revista\/engendro-mecanico\/coches-electricos-desgastan-mas-neumaticos\/"},"author":{"name":"Iv\u00e1n D\u00e1vila","@id":"https:\/\/www.km77.com\/revista\/#\/schema\/person\/dd102435ccd38e4fccc382bc24b6258a"},"headline":"\u00bfLos coches el\u00e9ctricos desgastan m\u00e1s los neum\u00e1ticos?","datePublished":"2026-09-01T06:10:00+00:00","dateModified":"2026-09-01T06:10:02+00:00","mainEntityOfPage":{"@id":"https:\/\/www.km77.com\/revista\/engendro-mecanico\/coches-electricos-desgastan-mas-neumaticos\/"},"wordCount":594,"commentCount":0,"publisher":{"@id":"https:\/\/www.km77.com\/revista\/#organization"},"image":{"@id":"https:\/\/www.km77.com\/revista\/engendro-mecanico\/coches-electricos-desgastan-mas-neumaticos\/#primaryimage"},"thumbnailUrl":"https:\/\/www.km77.com\/revista\/wp-content\/uploads\/2026\/08\/PLANTILLA-KM77-1.jpg","keywords":["De todo un poco","General"],"articleSection":["Engendro Mec\u00e1nico"],"inLanguage":"es","potentialAction":[{"@type":"CommentAction","name":"Comment","target":["https:\/\/www.km77.com\/revista\/engendro-mecanico\/coches-electricos-desgastan-mas-neumaticos\/#respond"]}]},{"@type":"WebPage","@id":"https:\/\/www.km77.com\/revista\/engendro-mecanico\/coches-electricos-desgastan-mas-neumaticos\/","url":"https:\/\/www.km77.com\/revista\/engendro-mecanico\/coches-electricos-desgastan-mas-neumaticos\/","name":"\u00bfLos coches el\u00e9ctricos desgastan m\u00e1s los neum\u00e1ticos? - Revista km77","isPartOf":{"@id":"https:\/\/www.km77.com\/revista\/#website"},"primaryImageOfPage":{"@id":"https:\/\/www.km77.com\/revista\/engendro-mecanico\/coches-electricos-desgastan-mas-neumaticos\/#primaryimage"},"image":{"@id":"https:\/\/www.km77.com\/revista\/engendro-mecanico\/coches-electricos-desgastan-mas-neumaticos\/#primaryimage"},"thumbnailUrl":"https:\/\/www.km77.com\/revista\/wp-content\/uploads\/2026\/08\/PLANTILLA-KM77-1.jpg","datePublished":"2026-09-01T06:10:00+00:00","dateModified":"2026-09-01T06:10:02+00:00","breadcrumb":{"@id":"https:\/\/www.km77.com\/revista\/engendro-mecanico\/coches-electricos-desgastan-mas-neumaticos\/#breadcrumb"},"inLanguage":"es","potentialAction":[{"@type":"ReadAction","target":["https:\/\/www.km77.com\/revista\/engendro-mecanico\/coches-electricos-desgastan-mas-neumaticos\/"]}]},{"@type":"ImageObject","inLanguage":"es","@id":"https:\/\/www.km77.com\/revista\/engendro-mecanico\/coches-electricos-desgastan-mas-neumaticos\/#primaryimage","url":"https:\/\/www.km77.com\/revista\/wp-content\/uploads\/2026\/08\/PLANTILLA-KM77-1.jpg","contentUrl":"https:\/\/www.km77.com\/revista\/wp-content\/uploads\/2026\/08\/PLANTILLA-KM77-1.jpg","width":1200,"height":800},{"@type":"BreadcrumbList","@id":"https:\/\/www.km77.com\/revista\/engendro-mecanico\/coches-electricos-desgastan-mas-neumaticos\/#breadcrumb","itemListElement":[{"@type":"ListItem","position":1,"name":"Revista km77","item":"https:\/\/www.km77.com\/revista\/"},{"@type":"ListItem","position":2,"name":"Engendro Mec\u00e1nico","item":"https:\/\/www.km77.com\/revista\/engendro-mecanico\/"},{"@type":"ListItem","position":3,"name":"\u00bfLos coches el\u00e9ctricos desgastan m\u00e1s los neum\u00e1ticos?"}]},{"@type":"WebSite","@id":"https:\/\/www.km77.com\/revista\/#website","url":"https:\/\/www.km77.com\/revista\/","name":"Revista km77","description":"Noticias y opiniones en km77","publisher":{"@id":"https:\/\/www.km77.com\/revista\/#organization"},"potentialAction":[{"@type":"SearchAction","target":{"@type":"EntryPoint","urlTemplate":"https:\/\/www.km77.com\/revista\/?s={search_term_string}"},"query-input":{"@type":"PropertyValueSpecification","valueRequired":true,"valueName":"search_term_string"}}],"inLanguage":"es"},{"@type":"Organization","@id":"https:\/\/www.km77.com\/revista\/#organization","name":"KM77","url":"https:\/\/www.km77.com\/revista\/","logo":{"@type":"ImageObject","inLanguage":"es","@id":"https:\/\/www.km77.com\/revista\/#\/schema\/logo\/image\/","url":"https:\/\/www.km77.com\/revista\/wp-content\/uploads\/2021\/02\/logo-km77.png","contentUrl":"https:\/\/www.km77.com\/revista\/wp-content\/uploads\/2021\/02\/logo-km77.png","width":100,"height":34,"caption":"KM77"},"image":{"@id":"https:\/\/www.km77.com\/revista\/#\/schema\/logo\/image\/"}},{"@type":"Person","@id":"https:\/\/www.km77.com\/revista\/#\/schema\/person\/dd102435ccd38e4fccc382bc24b6258a","name":"Iv\u00e1n D\u00e1vila","image":{"@type":"ImageObject","inLanguage":"es","@id":"https:\/\/www.km77.com\/revista\/wp-content\/uploads\/2026\/06\/IMG_1627-120x120.jpeg","url":"https:\/\/www.km77.com\/revista\/wp-content\/uploads\/2026\/06\/IMG_1627-120x120.jpeg","contentUrl":"https:\/\/www.km77.com\/revista\/wp-content\/uploads\/2026\/06\/IMG_1627-120x120.jpeg","caption":"Iv\u00e1n D\u00e1vila"},"url":"https:\/\/www.km77.com\/revista\/author\/ivan-davila\/"}]}},"amp_enabled":true,"_links":{"self":[{"href":"https:\/\/www.km77.com\/revista\/wp-json\/wp\/v2\/posts\/72974","targetHints":{"allow":["GET"]}}],"collection":[{"href":"https:\/\/www.km77.com\/revista\/wp-json\/wp\/v2\/posts"}],"about":[{"href":"https:\/\/www.km77.com\/revista\/wp-json\/wp\/v2\/types\/post"}],"author":[{"embeddable":true,"href":"https:\/\/www.km77.com\/revista\/wp-json\/wp\/v2\/users\/93"}],"replies":[{"embeddable":true,"href":"https:\/\/www.km77.com\/revista\/wp-json\/wp\/v2\/comments?post=72974"}],"version-history":[{"count":5,"href":"https:\/\/www.km77.com\/revista\/wp-json\/wp\/v2\/posts\/72974\/revisions"}],"predecessor-version":[{"id":73067,"href":"https:\/\/www.km77.com\/revista\/wp-json\/wp\/v2\/posts\/72974\/revisions\/73067"}],"wp:featuredmedia":[{"embeddable":true,"href":"https:\/\/www.km77.com\/revista\/wp-json\/wp\/v2\/media\/72978"}],"wp:attachment":[{"href":"https:\/\/www.km77.com\/revista\/wp-json\/wp\/v2\/media?parent=72974"}],"wp:term":[{"taxonomy":"category","embeddable":true,"href":"https:\/\/www.km77.com\/revista\/wp-json\/wp\/v2\/categories?post=72974"},{"taxonomy":"post_tag","embeddable":true,"href":"https:\/\/www.km77.com\/revista\/wp-json\/wp\/v2\/tags?post=72974"}],"curies":[{"name":"wp","href":"https:\/\/api.w.org\/{rel}","templated":true}]}}