{"id":720,"date":"2011-01-27T19:19:02","date_gmt":"2011-01-27T18:19:02","guid":{"rendered":"http:\/\/blogs.km77.com\/cinecuatroruedas\/?p=720"},"modified":"2021-03-31T20:11:14","modified_gmt":"2021-03-31T18:11:14","slug":"pais-pais","status":"publish","type":"post","link":"https:\/\/www.km77.com\/revista\/cine-cuatro-ruedas\/pais-pais\/","title":{"rendered":"Pa\u00eds, pa\u00eds&#8230;"},"content":{"rendered":"<p><iframe title=\"YouTube video player\" class=\"youtube-player\" type=\"text\/html\" width=\"480\" height=\"390\" src=\"https:\/\/www.youtube.com\/embed\/IoQjlPOsKAY\" frameborder=\"0\" allowFullScreen><\/iframe><\/p>\n<p>Ando algo sorprendido por el giro de los acontecimientos: \u00c1lex De la Iglesia presenta su dimisi\u00f3n de la direcci\u00f3n de la academia, a la Ministra (esa p\u00e9sima, sosa, horrorosa bur\u00f3crata con hombreras de guionista); ella se hace la loca como si el tema no fuera con su demag\u00f3gico porte; el tal Carlos Cuadros (pensaba que era imposible hacerlo peor que Guardans pero lo del tal Cuadros es de pandereta) intenta que De la Iglesia se quede fuera de los Goya; sus compa\u00f1eros (los del director) no abren la boca ni para respirar y toda Espa\u00f1a parece estar de acuerdo en que lo de la Sinde y su ley es una aut\u00e9ntica memez, aprobada con nocturnidad y alevos\u00eda y utilizando todas las triqui\u00f1uelas conocidas (y algunas nuevas), incluyendo intercambio de favores que poco o nada tienen que ver con el problema en cuesti\u00f3n: la pirater\u00eda.<\/p>\n<p>El otro d\u00eda, en este mismo foro, alguien se congratulaba de no pagar nunca en el cine porque se lo bajaba todo. A mi se\u00f1ores y se\u00f1oras me gusta ir al cine, me importa un pito que otros no lo hagan (de hecho, cuanto menos gente mejor, el cine se disfruta mejor sin toda esa panda de salvajes sorbiendo Coca-Cola y engullendo palomitas)) pero sigo sintiendo ese cosquilleo cada vez que me meto en una sala oscura y veo una buena pel\u00edcula (y como bien saben los que me leen, \u00faltimamente he visto unas cuantas). No me pasa ante una tele o me cuesta mucho m\u00e1s, ese es el \u00fanico motivo por el que no me bajo pel\u00edculas como un loco. Me gusta el cine, lo adoro desde peque\u00f1o, sino fuera por \u00e9l probablemente estar\u00eda por ah\u00ed robando supermercados o vendiendo mi cuerpo en los callejones de la Ciudad Condal (aunque dudo que con esto \u00faltimo pudiera ganar algo de dinero, de hecho ya me dijo mi m\u00e9dico que cuando muera no me molest\u00e9 en donar mi cuerpo a la ciencia porque lo m\u00e1s probable es que lo rechacen), as\u00ed que debo al s\u00e9ptimo arte algo m\u00e1s que una sonrisa y un apret\u00f3n de manos.<\/p>\n<p>Ya est\u00e1, ya he hecho mi reflexi\u00f3n sobre el actual estado de la cuesti\u00f3n cultural en nuestro pa\u00eds y acto seguido expondr\u00e9 el por qu\u00e9 el cine espa\u00f1ol nunca podr\u00e1 despegar (exceptuando el 5% de buenas pel\u00edculas que por una simple cuesti\u00f3n de probabilidades acaban cada a\u00f1o en una lista de \u201clo mejor\u201d) a menos que alguien le meta mano al asunto, pero a lo bestia. <\/p>\n<p>El problema principal se llama \u201cdinero\u201d. En Espa\u00f1a nadie se atreve a jugarse su dinero con una pel\u00edcula; los que lo hacen saben que aqu\u00ed cuesta un huevo recuperar los euritos y juegan a lo seguro (<em>Torrente 4<\/em>, <em>23-F<\/em>, <em>\u00c1guila Roja<\/em>\u2026 suma y sigue). Hasta que la inversi\u00f3n privada no ocupe un lugar importante en la estructura de creaci\u00f3n del cine patrio aqu\u00ed se vera lo de siempre. Unos dicen que s\u00ed, que es bueno, que mola, que blablabla. Lo cierto es que la \u00faltima pel\u00edcula con ventas superlativas a otros pa\u00edses fue <em>Celda 211<\/em>, de mi buen amigo Daniel Monz\u00f3n. \u00bfLo dem\u00e1s? Productos falsamente locales que copian a destajo (seguro que Guy Ritchie se morir\u00eda de risa si viera <em>Carne de ne\u00f3n<\/em> y su pretendida carga \u201cmade in Spain\u201d), comedias de medio pelo con rostros televisivos o proyectos desfasados cuyo solo enunciado resulta risible pero que viven gracias a un sistema de subvenciones que nadie cambiar\u00e1 (nadie, cuando el PP logr\u00e9 encaramarse al podio no tocar\u00e1 ni una coma) y que encubre un sistema viciado basado en la compra-venta de entradas, en las falsas estad\u00edsticas y en unos n\u00fameros que llevan la ingenier\u00eda contable a niveles de ciencia-ficci\u00f3n.<\/p>\n<p>\u00bfQu\u00e9 hay cosas buenas? Pues claro, no te jode. Solo faltar\u00eda. De cuando en cuando alguien acierta o tiene los huevos de apostar por algo distinto. <\/p>\n<p>Y si miramos al cine franc\u00e9s, lo importante no es solo la variedad de temas que tocan nuestros vecinos o la inversi\u00f3n privada en los proyectos que se estrenan sino una cosa mucho m\u00e1s importante: Unifrance. Una distribuidora \u00fanica dedicada a empujar el cine gabacho hasta el infinito. Gr\u00e1benlo en su memoria: Unifrance.<\/p>\n<p>\u00bfD\u00f3nde est\u00e1n los Urbizu, Arias, Uribe, Guti\u00e9rrez o G\u00f3mez-Pereira de nuestros d\u00edas? No se trata de nostalgia sino de un relevo generacional que no ha podido producirse por lo end\u00e9mico del sistema de producci\u00f3n espa\u00f1ol. Cr\u00e9anme, hay un mont\u00f3n de guiones estupendos por ah\u00ed fuera, y yo he tenido el placer de leer algunos de ellos. El problema es que nunca van a filmarse: \u201cchaval, esto es muy raro\u201d, \u201cnos falta una chica\u201d, \u201cpero hombre, esto tiene que acabar bien\u201d. Ir a hablar con un productor es peor que ir al dentista y que \u00e9ste te arranque media boca sin anestesia.<\/p>\n<p>Igual es el tiempo pero hoy me parece que voy a tener que mirar <em>Casablanca<\/em>\u2026 a ver si me animo.<\/p>\n<p>Y s\u00ed, tienen ustedes raz\u00f3n: Berlanga, Franco y hasta Ozores si me aprietan, pero es que ya han pasado unas cuantas d\u00e9cadas amigos\/as. <\/p>\n<p>Igual me paso de pesimista pero creo que al cine espa\u00f1ol le falta mucho para volver a asomarse con ganas de pelear. Ojal\u00e1 me equivoque, se lo dice uno que goz\u00f3 con <em>La vida mancha<\/em>, <em>D\u00edas contados<\/em>, <em>La buena estrella<\/em>, <em>Amanece que no es poco<\/em>, <em>Secretos del coraz\u00f3n<\/em> o <em>Boca a boca<\/em>.<\/p>\n<p>Saludos afectuosos a todos ustedes\/as, incluso a los que decidan \u2013con mal criterio, ya que todo el mundo sabe que siempre tengo raz\u00f3n- llevarme la contraria.<\/p>\n<p>Les\/las admiro, lo saben, \u00bfverdad?.<\/p>\n<p>T.G.<\/p>\n","protected":false},"excerpt":{"rendered":"<p>Ando algo sorprendido por el giro de los acontecimientos: \u00c1lex De la Iglesia presenta su dimisi\u00f3n de la direcci\u00f3n de la academia, a la Ministra (esa p\u00e9sima, sosa, horrorosa bur\u00f3crata con hombreras de guionista); ella se hace la loca como si el tema no fuera con su demag\u00f3gico porte; el tal Carlos Cuadros (pensaba que [&hellip;]<\/p>\n","protected":false},"author":50,"featured_media":0,"comment_status":"open","ping_status":"closed","sticky":false,"template":"","format":"standard","meta":{"_et_pb_use_builder":"","_et_pb_old_content":"","_et_gb_content_width":"","footnotes":""},"categories":[3909],"tags":[],"class_list":["post-720","post","type-post","status-publish","format-standard","hentry","category-cine-cuatro-ruedas"],"yoast_head":"<!-- This site is optimized with the Yoast SEO plugin v27.4 - https:\/\/yoast.com\/product\/yoast-seo-wordpress\/ -->\n<title>Pa\u00eds, pa\u00eds... - Revista km77<\/title>\n<meta name=\"robots\" content=\"index, follow, max-snippet:-1, max-image-preview:large, max-video-preview:-1\" \/>\n<link rel=\"canonical\" href=\"https:\/\/www.km77.com\/revista\/cine-cuatro-ruedas\/pais-pais\/\" \/>\n<meta property=\"og:locale\" content=\"es_ES\" \/>\n<meta property=\"og:type\" content=\"article\" \/>\n<meta property=\"og:title\" content=\"Pa\u00eds, pa\u00eds... - Revista km77\" \/>\n<meta property=\"og:description\" content=\"Ando algo sorprendido por el giro de los acontecimientos: \u00c1lex De la Iglesia presenta su dimisi\u00f3n de la direcci\u00f3n de la academia, a la Ministra (esa p\u00e9sima, sosa, horrorosa bur\u00f3crata con hombreras de guionista); ella se hace la loca como si el tema no fuera con su demag\u00f3gico porte; el tal Carlos Cuadros (pensaba que [&hellip;]\" \/>\n<meta property=\"og:url\" content=\"https:\/\/www.km77.com\/revista\/cine-cuatro-ruedas\/pais-pais\/\" \/>\n<meta property=\"og:site_name\" content=\"Revista km77\" \/>\n<meta property=\"article:published_time\" content=\"2011-01-27T18:19:02+00:00\" \/>\n<meta property=\"article:modified_time\" content=\"2021-03-31T18:11:14+00:00\" \/>\n<meta name=\"author\" content=\"Toni Garc\u00eda\" \/>\n<meta name=\"twitter:card\" content=\"summary_large_image\" \/>\n<meta name=\"twitter:label1\" content=\"Escrito por\" \/>\n\t<meta name=\"twitter:data1\" content=\"Toni Garc\u00eda\" \/>\n\t<meta name=\"twitter:label2\" content=\"Tiempo de lectura\" \/>\n\t<meta name=\"twitter:data2\" content=\"5 minutos\" \/>\n<script type=\"application\/ld+json\" class=\"yoast-schema-graph\">{\"@context\":\"https:\\\/\\\/schema.org\",\"@graph\":[{\"@type\":\"Article\",\"@id\":\"https:\\\/\\\/www.km77.com\\\/revista\\\/cine-cuatro-ruedas\\\/pais-pais\\\/#article\",\"isPartOf\":{\"@id\":\"https:\\\/\\\/www.km77.com\\\/revista\\\/cine-cuatro-ruedas\\\/pais-pais\\\/\"},\"author\":{\"name\":\"Toni Garc\u00eda\",\"@id\":\"https:\\\/\\\/www.km77.com\\\/revista\\\/#\\\/schema\\\/person\\\/db291b06b78e5fe336ada62bee862008\"},\"headline\":\"Pa\u00eds, pa\u00eds&#8230;\",\"datePublished\":\"2011-01-27T18:19:02+00:00\",\"dateModified\":\"2021-03-31T18:11:14+00:00\",\"mainEntityOfPage\":{\"@id\":\"https:\\\/\\\/www.km77.com\\\/revista\\\/cine-cuatro-ruedas\\\/pais-pais\\\/\"},\"wordCount\":993,\"commentCount\":11,\"publisher\":{\"@id\":\"https:\\\/\\\/www.km77.com\\\/revista\\\/#organization\"},\"articleSection\":[\"Cine a las Cuatro Ruedas\"],\"inLanguage\":\"es\",\"potentialAction\":[{\"@type\":\"CommentAction\",\"name\":\"Comment\",\"target\":[\"https:\\\/\\\/www.km77.com\\\/revista\\\/cine-cuatro-ruedas\\\/pais-pais\\\/#respond\"]}]},{\"@type\":\"WebPage\",\"@id\":\"https:\\\/\\\/www.km77.com\\\/revista\\\/cine-cuatro-ruedas\\\/pais-pais\\\/\",\"url\":\"https:\\\/\\\/www.km77.com\\\/revista\\\/cine-cuatro-ruedas\\\/pais-pais\\\/\",\"name\":\"Pa\u00eds, pa\u00eds... - Revista km77\",\"isPartOf\":{\"@id\":\"https:\\\/\\\/www.km77.com\\\/revista\\\/#website\"},\"datePublished\":\"2011-01-27T18:19:02+00:00\",\"dateModified\":\"2021-03-31T18:11:14+00:00\",\"breadcrumb\":{\"@id\":\"https:\\\/\\\/www.km77.com\\\/revista\\\/cine-cuatro-ruedas\\\/pais-pais\\\/#breadcrumb\"},\"inLanguage\":\"es\",\"potentialAction\":[{\"@type\":\"ReadAction\",\"target\":[\"https:\\\/\\\/www.km77.com\\\/revista\\\/cine-cuatro-ruedas\\\/pais-pais\\\/\"]}]},{\"@type\":\"BreadcrumbList\",\"@id\":\"https:\\\/\\\/www.km77.com\\\/revista\\\/cine-cuatro-ruedas\\\/pais-pais\\\/#breadcrumb\",\"itemListElement\":[{\"@type\":\"ListItem\",\"position\":1,\"name\":\"Revista km77\",\"item\":\"https:\\\/\\\/www.km77.com\\\/revista\\\/\"},{\"@type\":\"ListItem\",\"position\":2,\"name\":\"Cine a las Cuatro Ruedas\",\"item\":\"https:\\\/\\\/www.km77.com\\\/revista\\\/cine-cuatro-ruedas\\\/\"},{\"@type\":\"ListItem\",\"position\":3,\"name\":\"Pa\u00eds, pa\u00eds&#8230;\"}]},{\"@type\":\"WebSite\",\"@id\":\"https:\\\/\\\/www.km77.com\\\/revista\\\/#website\",\"url\":\"https:\\\/\\\/www.km77.com\\\/revista\\\/\",\"name\":\"Revista km77\",\"description\":\"Revista de km77\",\"publisher\":{\"@id\":\"https:\\\/\\\/www.km77.com\\\/revista\\\/#organization\"},\"potentialAction\":[{\"@type\":\"SearchAction\",\"target\":{\"@type\":\"EntryPoint\",\"urlTemplate\":\"https:\\\/\\\/www.km77.com\\\/revista\\\/?s={search_term_string}\"},\"query-input\":{\"@type\":\"PropertyValueSpecification\",\"valueRequired\":true,\"valueName\":\"search_term_string\"}}],\"inLanguage\":\"es\"},{\"@type\":\"Organization\",\"@id\":\"https:\\\/\\\/www.km77.com\\\/revista\\\/#organization\",\"name\":\"KM77\",\"url\":\"https:\\\/\\\/www.km77.com\\\/revista\\\/\",\"logo\":{\"@type\":\"ImageObject\",\"inLanguage\":\"es\",\"@id\":\"https:\\\/\\\/www.km77.com\\\/revista\\\/#\\\/schema\\\/logo\\\/image\\\/\",\"url\":\"https:\\\/\\\/www.km77.com\\\/revista\\\/wp-content\\\/uploads\\\/2021\\\/02\\\/logo-km77.png\",\"contentUrl\":\"https:\\\/\\\/www.km77.com\\\/revista\\\/wp-content\\\/uploads\\\/2021\\\/02\\\/logo-km77.png\",\"width\":100,\"height\":34,\"caption\":\"KM77\"},\"image\":{\"@id\":\"https:\\\/\\\/www.km77.com\\\/revista\\\/#\\\/schema\\\/logo\\\/image\\\/\"}},{\"@type\":\"Person\",\"@id\":\"https:\\\/\\\/www.km77.com\\\/revista\\\/#\\\/schema\\\/person\\\/db291b06b78e5fe336ada62bee862008\",\"name\":\"Toni Garc\u00eda\",\"image\":{\"@type\":\"ImageObject\",\"inLanguage\":\"es\",\"@id\":\"https:\\\/\\\/www.km77.com\\\/revista\\\/wp-content\\\/uploads\\\/2021\\\/03\\\/claqueta-cine-1-150x150.jpg\",\"url\":\"https:\\\/\\\/www.km77.com\\\/revista\\\/wp-content\\\/uploads\\\/2021\\\/03\\\/claqueta-cine-1-150x150.jpg\",\"contentUrl\":\"https:\\\/\\\/www.km77.com\\\/revista\\\/wp-content\\\/uploads\\\/2021\\\/03\\\/claqueta-cine-1-150x150.jpg\",\"caption\":\"Toni Garc\u00eda\"},\"description\":\"Cine a las cuatro ruedas es un blog dedicado al s\u00e9ptimo arte que empez\u00f3 tratando de mezclar cine y coches, como eso no funcion\u00f3 decidimos dejarlo solo en lo del cine. Eso s\u00ed, de cuando en cuando sacamos alg\u00fan coche.\",\"url\":\"https:\\\/\\\/www.km77.com\\\/revista\\\/author\\\/cinecuatroruedas\\\/\"}]}<\/script>\n<!-- \/ Yoast SEO plugin. -->","yoast_head_json":{"title":"Pa\u00eds, pa\u00eds... - Revista km77","robots":{"index":"index","follow":"follow","max-snippet":"max-snippet:-1","max-image-preview":"max-image-preview:large","max-video-preview":"max-video-preview:-1"},"canonical":"https:\/\/www.km77.com\/revista\/cine-cuatro-ruedas\/pais-pais\/","og_locale":"es_ES","og_type":"article","og_title":"Pa\u00eds, pa\u00eds... - Revista km77","og_description":"Ando algo sorprendido por el giro de los acontecimientos: \u00c1lex De la Iglesia presenta su dimisi\u00f3n de la direcci\u00f3n de la academia, a la Ministra (esa p\u00e9sima, sosa, horrorosa bur\u00f3crata con hombreras de guionista); ella se hace la loca como si el tema no fuera con su demag\u00f3gico porte; el tal Carlos Cuadros (pensaba que [&hellip;]","og_url":"https:\/\/www.km77.com\/revista\/cine-cuatro-ruedas\/pais-pais\/","og_site_name":"Revista km77","article_published_time":"2011-01-27T18:19:02+00:00","article_modified_time":"2021-03-31T18:11:14+00:00","author":"Toni Garc\u00eda","twitter_card":"summary_large_image","twitter_misc":{"Escrito por":"Toni Garc\u00eda","Tiempo de lectura":"5 minutos"},"schema":{"@context":"https:\/\/schema.org","@graph":[{"@type":"Article","@id":"https:\/\/www.km77.com\/revista\/cine-cuatro-ruedas\/pais-pais\/#article","isPartOf":{"@id":"https:\/\/www.km77.com\/revista\/cine-cuatro-ruedas\/pais-pais\/"},"author":{"name":"Toni Garc\u00eda","@id":"https:\/\/www.km77.com\/revista\/#\/schema\/person\/db291b06b78e5fe336ada62bee862008"},"headline":"Pa\u00eds, pa\u00eds&#8230;","datePublished":"2011-01-27T18:19:02+00:00","dateModified":"2021-03-31T18:11:14+00:00","mainEntityOfPage":{"@id":"https:\/\/www.km77.com\/revista\/cine-cuatro-ruedas\/pais-pais\/"},"wordCount":993,"commentCount":11,"publisher":{"@id":"https:\/\/www.km77.com\/revista\/#organization"},"articleSection":["Cine a las Cuatro Ruedas"],"inLanguage":"es","potentialAction":[{"@type":"CommentAction","name":"Comment","target":["https:\/\/www.km77.com\/revista\/cine-cuatro-ruedas\/pais-pais\/#respond"]}]},{"@type":"WebPage","@id":"https:\/\/www.km77.com\/revista\/cine-cuatro-ruedas\/pais-pais\/","url":"https:\/\/www.km77.com\/revista\/cine-cuatro-ruedas\/pais-pais\/","name":"Pa\u00eds, pa\u00eds... - Revista km77","isPartOf":{"@id":"https:\/\/www.km77.com\/revista\/#website"},"datePublished":"2011-01-27T18:19:02+00:00","dateModified":"2021-03-31T18:11:14+00:00","breadcrumb":{"@id":"https:\/\/www.km77.com\/revista\/cine-cuatro-ruedas\/pais-pais\/#breadcrumb"},"inLanguage":"es","potentialAction":[{"@type":"ReadAction","target":["https:\/\/www.km77.com\/revista\/cine-cuatro-ruedas\/pais-pais\/"]}]},{"@type":"BreadcrumbList","@id":"https:\/\/www.km77.com\/revista\/cine-cuatro-ruedas\/pais-pais\/#breadcrumb","itemListElement":[{"@type":"ListItem","position":1,"name":"Revista km77","item":"https:\/\/www.km77.com\/revista\/"},{"@type":"ListItem","position":2,"name":"Cine a las Cuatro Ruedas","item":"https:\/\/www.km77.com\/revista\/cine-cuatro-ruedas\/"},{"@type":"ListItem","position":3,"name":"Pa\u00eds, pa\u00eds&#8230;"}]},{"@type":"WebSite","@id":"https:\/\/www.km77.com\/revista\/#website","url":"https:\/\/www.km77.com\/revista\/","name":"Revista km77","description":"Revista de km77","publisher":{"@id":"https:\/\/www.km77.com\/revista\/#organization"},"potentialAction":[{"@type":"SearchAction","target":{"@type":"EntryPoint","urlTemplate":"https:\/\/www.km77.com\/revista\/?s={search_term_string}"},"query-input":{"@type":"PropertyValueSpecification","valueRequired":true,"valueName":"search_term_string"}}],"inLanguage":"es"},{"@type":"Organization","@id":"https:\/\/www.km77.com\/revista\/#organization","name":"KM77","url":"https:\/\/www.km77.com\/revista\/","logo":{"@type":"ImageObject","inLanguage":"es","@id":"https:\/\/www.km77.com\/revista\/#\/schema\/logo\/image\/","url":"https:\/\/www.km77.com\/revista\/wp-content\/uploads\/2021\/02\/logo-km77.png","contentUrl":"https:\/\/www.km77.com\/revista\/wp-content\/uploads\/2021\/02\/logo-km77.png","width":100,"height":34,"caption":"KM77"},"image":{"@id":"https:\/\/www.km77.com\/revista\/#\/schema\/logo\/image\/"}},{"@type":"Person","@id":"https:\/\/www.km77.com\/revista\/#\/schema\/person\/db291b06b78e5fe336ada62bee862008","name":"Toni Garc\u00eda","image":{"@type":"ImageObject","inLanguage":"es","@id":"https:\/\/www.km77.com\/revista\/wp-content\/uploads\/2021\/03\/claqueta-cine-1-150x150.jpg","url":"https:\/\/www.km77.com\/revista\/wp-content\/uploads\/2021\/03\/claqueta-cine-1-150x150.jpg","contentUrl":"https:\/\/www.km77.com\/revista\/wp-content\/uploads\/2021\/03\/claqueta-cine-1-150x150.jpg","caption":"Toni Garc\u00eda"},"description":"Cine a las cuatro ruedas es un blog dedicado al s\u00e9ptimo arte que empez\u00f3 tratando de mezclar cine y coches, como eso no funcion\u00f3 decidimos dejarlo solo en lo del cine. Eso s\u00ed, de cuando en cuando sacamos alg\u00fan coche.","url":"https:\/\/www.km77.com\/revista\/author\/cinecuatroruedas\/"}]}},"amp_enabled":true,"_links":{"self":[{"href":"https:\/\/www.km77.com\/revista\/wp-json\/wp\/v2\/posts\/720","targetHints":{"allow":["GET"]}}],"collection":[{"href":"https:\/\/www.km77.com\/revista\/wp-json\/wp\/v2\/posts"}],"about":[{"href":"https:\/\/www.km77.com\/revista\/wp-json\/wp\/v2\/types\/post"}],"author":[{"embeddable":true,"href":"https:\/\/www.km77.com\/revista\/wp-json\/wp\/v2\/users\/50"}],"replies":[{"embeddable":true,"href":"https:\/\/www.km77.com\/revista\/wp-json\/wp\/v2\/comments?post=720"}],"version-history":[{"count":1,"href":"https:\/\/www.km77.com\/revista\/wp-json\/wp\/v2\/posts\/720\/revisions"}],"predecessor-version":[{"id":44384,"href":"https:\/\/www.km77.com\/revista\/wp-json\/wp\/v2\/posts\/720\/revisions\/44384"}],"wp:attachment":[{"href":"https:\/\/www.km77.com\/revista\/wp-json\/wp\/v2\/media?parent=720"}],"wp:term":[{"taxonomy":"category","embeddable":true,"href":"https:\/\/www.km77.com\/revista\/wp-json\/wp\/v2\/categories?post=720"},{"taxonomy":"post_tag","embeddable":true,"href":"https:\/\/www.km77.com\/revista\/wp-json\/wp\/v2\/tags?post=720"}],"curies":[{"name":"wp","href":"https:\/\/api.w.org\/{rel}","templated":true}]}}