{"id":7068,"date":"2011-10-19T11:58:22","date_gmt":"2011-10-19T09:58:22","guid":{"rendered":"http:\/\/blogs.km77.com\/teletransporte\/?p=7068"},"modified":"2021-03-31T20:08:57","modified_gmt":"2021-03-31T18:08:57","slug":"volkswagen-up-desde-9720-e-o-115-e-al-mes","status":"publish","type":"post","link":"https:\/\/www.km77.com\/revista\/teletransporte\/volkswagen-up-desde-9720-e-o-115-e-al-mes\/","title":{"rendered":"Volkswagen up! Desde 9720 \u20ac o 115 \u20ac al mes"},"content":{"rendered":"<p>Ya se pueden hacer pedidos del Volkswagen up!. (<a title=\"Volkswagen up!. Impresiones de conducci\u00f3n y de interior\" href=\"https:\/\/www.km77.com\/revista\/teletransporte\/7090\/volkswagen-up-motor-suave-interior-espacioso\/\" target=\"_self\" rel=\"noopener\">Informaci\u00f3n de impresiones de conducci\u00f3n e impresiones de interior<\/a>) Los coches llegar\u00e1n a los concesionarios espa\u00f1oles en enero de 2012 con la carrocer\u00eda de tres puertas. Las versiones de cinco puertas llegar\u00e1n a <strong>Espa\u00f1a<\/strong> a mediados de 2012, a la vez que el sistema <strong>Stop &amp; Start<\/strong> y otras funciones incluidas en las versiones <strong>Bluemotion<\/strong>, de menor consumo.<\/p>\n<p><img decoding=\"async\" class=\"aligncenter size-full wp-image-7070\" title=\"Volkswagen up! Desde 9720 \u20ac o 115 \u20ac al mes\" src=\"https:\/\/www.km77.com\/revista\/wp-content\/files\/2011\/10\/volkswagen-up-1.jpg\" alt=\"Volkswagen up! Desde 9720 \u20ac o 115 \u20ac al mes\" width=\"700\" height=\"525\" \/><\/p>\n<p>Hay dos niveles de acabado, disponibles en todos los colores, y un tercer nivel que s\u00f3lo est\u00e1 disponible con los colores blanco o negro. Los dos primeros niveles de equipamiento se denominan &#8216;move up!&#8217; y &#8216;high up!&#8217;. El tercer nivel se denomina\u00a0 &#8216;white up!&#8217; o &#8216;black up!&#8217; en funci\u00f3n del color elegido.<\/p>\n<p><img decoding=\"async\" class=\"aligncenter size-full wp-image-7071\" title=\"Volkswagen up! Desde 9720 \u20ac o 115 \u20ac al mes\" src=\"https:\/\/www.km77.com\/revista\/wp-content\/files\/2011\/10\/volkswagen-up-interior.jpg\" alt=\"Volkswagen up! Desde 9720 \u20ac o 115 \u20ac al mes\" width=\"700\" height=\"525\" \/><\/p>\n<p>Los dos motores disponibles son nuevos, de gasolina y de tres cilindros. Uno de 60 caballos de potencia y el otro de 75.<\/p>\n<p>Los precios y las denominaciones de cada versi\u00f3n son:<\/p>\n<p>Volkswagen up! move up! 1.0 60 CV 3p 9720 Euros<\/p>\n<p>Volkswagen up! move up! 1.0 75 CV 3p 10 300 Euros<\/p>\n<p>Volkswagen up! high up! 1.0 60 CV 3p 10 790 Euros<\/p>\n<p>Volkswagen up! high up! 1.0 75 CV 3p 11 360 Euros<\/p>\n<p>Volkswagen up! (black up! y white up!) 1.0 60 CV 3p 11 830 Euros<\/p>\n<p>Volkswagen up! (black up! y white up!) 1.0 75 CV 3p 12 410 Euros<\/p>\n<p>El principal equipamiento de serie de las tres versiones es:<\/p>\n<p><strong>move up!<\/strong><\/p>\n<p>Airbag frontal y lateral, en los dos asientos delanteros<\/p>\n<p>Sistema de control de estabilidad<\/p>\n<p>Llantas de acero de 14 pulgadas. Neum\u00e1ticos 165\/70<\/p>\n<p>Respaldo posterior partido, abatible por separado<\/p>\n<p>Asiento delantero Easy Entry. El del conductor tiene funci\u00f3n de memoria. (El <a href=\"https:\/\/www.km77.com\/00\/seat\/mii\/2012\/seat-mii-precio.asp\" target=\"_self\" rel=\"noopener\">Seat Mii<\/a> no tiene memoria en ninguna de las versiones seg\u00fan me dijeron a mi). El <a href=\"https:\/\/www.km77.com\/00\/skoda\/citigo\/2012\/skoda-citigo-prueba.asp\" target=\"_self\" rel=\"noopener\">\u0160koda Citigo<\/a> todav\u00eda no tiene precio ni equipamiento definido en Espa\u00f1a.<\/p>\n<p><strong>high up!<\/strong><\/p>\n<p>Aire acondicionado<\/p>\n<p>Radio con reproductor MP3 y CD<\/p>\n<p>Regulaci\u00f3n el\u00e9ctrica de espejos<\/p>\n<p>Pomo de la palanca del cambio y empu\u00f1adura del freno de mano en piel<\/p>\n<p>Llantas de aleaci\u00f3n de 15 pulgadas<\/p>\n<p>Neum\u00e1ticos 185\/55<\/p>\n<p><strong>black up! y white up!<\/strong><\/p>\n<p>Llantas de aleaci\u00f3n de 16 pulgadas<\/p>\n<p>Neum\u00e1ticos 185\/50<\/p>\n<p>Carcasa cromada de revisores exteriores<\/p>\n<p>Lunas posteriores oscurecidas<\/p>\n<p>Sistema de informaci\u00f3n y navegaci\u00f3n port\u00e1til \u00abmaps &amp; more\u00bb<\/p>\n<p><strong>Principales opciones:<\/strong><\/p>\n<p>Aire acondicionado (con filtro de polvo y polen): 600 \u20ac<\/p>\n<p>Funci\u00f3n de frenada de emergencia en ciudad. (Frena el coche hasta detenerlo cuando circula a menos de 30 km\/h ante la presencia de un obst\u00e1culo): 420 \u20ac<\/p>\n<p><strong>Oferta de financiaci\u00f3n<\/strong><\/p>\n<p>Volkswagen ofrece en Espa\u00f1a un modo de compra financiada que incluye el seguro durante el primer a\u00f1o y los gastos de mantenimiento y la garant\u00eda por tres a\u00f1os.<\/p>\n<p>Para esta compra financiada del &#8216;move up! 1.0 60 CV 3p&#8217; (cuyo precio al contado es de 9720 Euros. Conviene tener en cuenta que no lleva aire acondicionado) Volkswagen Espa\u00f1a ofrece las siguientes condiciones:<\/p>\n<p>Entrada: 2836 Euros<\/p>\n<p>Cuota mensual durante tres a\u00f1os: 115 Euros<\/p>\n","protected":false},"excerpt":{"rendered":"<p>Ya se pueden hacer pedidos del Volkswagen up!. (Informaci\u00f3n de impresiones de conducci\u00f3n e impresiones de interior) Los coches llegar\u00e1n a los concesionarios espa\u00f1oles en enero de 2012 con la carrocer\u00eda de tres puertas. Las versiones de cinco puertas llegar\u00e1n a Espa\u00f1a a mediados de 2012, a la vez que el sistema Stop &amp; Start [&hellip;]<\/p>\n","protected":false},"author":72,"featured_media":7069,"comment_status":"open","ping_status":"closed","sticky":false,"template":"","format":"standard","meta":{"_et_pb_use_builder":"","_et_pb_old_content":"","_et_gb_content_width":"","footnotes":""},"categories":[3915],"tags":[536,8,1190,1748,2431,2737,2793,2836,3025,3102],"class_list":["post-7068","post","type-post","status-publish","format-standard","has-post-thumbnail","hentry","category-teletransporte","tag-bluemotion","tag-coches","tag-espana","tag-km77","tag-precios","tag-seat-mii","tag-skoda-citigo","tag-stop-start","tag-up","tag-volkswagen"],"yoast_head":"<!-- This site is optimized with the Yoast SEO plugin v27.5 - https:\/\/yoast.com\/product\/yoast-seo-wordpress\/ -->\n<title>Volkswagen up! Desde 9720 \u20ac o 115 \u20ac al mes - Revista km77<\/title>\n<meta name=\"robots\" content=\"index, follow, max-snippet:-1, max-image-preview:large, max-video-preview:-1\" \/>\n<link rel=\"canonical\" href=\"https:\/\/www.km77.com\/revista\/teletransporte\/volkswagen-up-desde-9720-e-o-115-e-al-mes\/\" \/>\n<meta property=\"og:locale\" content=\"es_ES\" \/>\n<meta property=\"og:type\" content=\"article\" \/>\n<meta property=\"og:title\" content=\"Volkswagen up! Desde 9720 \u20ac o 115 \u20ac al mes - Revista km77\" \/>\n<meta property=\"og:description\" content=\"Ya se pueden hacer pedidos del Volkswagen up!. (Informaci\u00f3n de impresiones de conducci\u00f3n e impresiones de interior) Los coches llegar\u00e1n a los concesionarios espa\u00f1oles en enero de 2012 con la carrocer\u00eda de tres puertas. Las versiones de cinco puertas llegar\u00e1n a Espa\u00f1a a mediados de 2012, a la vez que el sistema Stop &amp; Start [&hellip;]\" \/>\n<meta property=\"og:url\" content=\"https:\/\/www.km77.com\/revista\/teletransporte\/volkswagen-up-desde-9720-e-o-115-e-al-mes\/\" \/>\n<meta property=\"og:site_name\" content=\"Revista km77\" \/>\n<meta property=\"article:published_time\" content=\"2011-10-19T09:58:22+00:00\" \/>\n<meta property=\"article:modified_time\" content=\"2021-03-31T18:08:57+00:00\" \/>\n<meta property=\"og:image\" content=\"https:\/\/www.km77.com\/revista\/wp-content\/uploads\/2015\/10\/Aparcar-en-45-grados.jpg\" \/>\n\t<meta property=\"og:image:width\" content=\"1024\" \/>\n\t<meta property=\"og:image:height\" content=\"768\" \/>\n\t<meta property=\"og:image:type\" content=\"image\/jpeg\" \/>\n<meta name=\"author\" content=\"Javier Molt\u00f3\" \/>\n<meta name=\"twitter:card\" content=\"summary_large_image\" \/>\n<meta name=\"twitter:creator\" content=\"@Deportes1\" \/>\n<meta name=\"twitter:label1\" content=\"Escrito por\" \/>\n\t<meta name=\"twitter:data1\" content=\"Javier Molt\u00f3\" \/>\n\t<meta name=\"twitter:label2\" content=\"Tiempo de lectura\" \/>\n\t<meta name=\"twitter:data2\" content=\"2 minutos\" \/>\n<script type=\"application\/ld+json\" class=\"yoast-schema-graph\">{\"@context\":\"https:\\\/\\\/schema.org\",\"@graph\":[{\"@type\":\"Article\",\"@id\":\"https:\\\/\\\/www.km77.com\\\/revista\\\/teletransporte\\\/volkswagen-up-desde-9720-e-o-115-e-al-mes\\\/#article\",\"isPartOf\":{\"@id\":\"https:\\\/\\\/www.km77.com\\\/revista\\\/teletransporte\\\/volkswagen-up-desde-9720-e-o-115-e-al-mes\\\/\"},\"author\":{\"name\":\"Javier Molt\u00f3\",\"@id\":\"https:\\\/\\\/www.km77.com\\\/revista\\\/#\\\/schema\\\/person\\\/2f0611a1b3c7d2a2c81a9428505a25db\"},\"headline\":\"Volkswagen up! Desde 9720 \u20ac o 115 \u20ac al mes\",\"datePublished\":\"2011-10-19T09:58:22+00:00\",\"dateModified\":\"2021-03-31T18:08:57+00:00\",\"mainEntityOfPage\":{\"@id\":\"https:\\\/\\\/www.km77.com\\\/revista\\\/teletransporte\\\/volkswagen-up-desde-9720-e-o-115-e-al-mes\\\/\"},\"wordCount\":482,\"commentCount\":27,\"publisher\":{\"@id\":\"https:\\\/\\\/www.km77.com\\\/revista\\\/#organization\"},\"image\":{\"@id\":\"https:\\\/\\\/www.km77.com\\\/revista\\\/teletransporte\\\/volkswagen-up-desde-9720-e-o-115-e-al-mes\\\/#primaryimage\"},\"thumbnailUrl\":\"https:\\\/\\\/www.km77.com\\\/revista\\\/wp-content\\\/uploads\\\/2015\\\/10\\\/Aparcar-en-45-grados.jpg\",\"keywords\":[\"BlueMotion\",\"coches\",\"Espa\u00f1a\",\"KM77\",\"precios\",\"Seat Mii\",\"\u0160koda Citigo\",\"Stop &amp; Start\",\"up!\",\"Volkswagen\"],\"articleSection\":[\"Teletransporte\"],\"inLanguage\":\"es\",\"potentialAction\":[{\"@type\":\"CommentAction\",\"name\":\"Comment\",\"target\":[\"https:\\\/\\\/www.km77.com\\\/revista\\\/teletransporte\\\/volkswagen-up-desde-9720-e-o-115-e-al-mes\\\/#respond\"]}]},{\"@type\":\"WebPage\",\"@id\":\"https:\\\/\\\/www.km77.com\\\/revista\\\/teletransporte\\\/volkswagen-up-desde-9720-e-o-115-e-al-mes\\\/\",\"url\":\"https:\\\/\\\/www.km77.com\\\/revista\\\/teletransporte\\\/volkswagen-up-desde-9720-e-o-115-e-al-mes\\\/\",\"name\":\"Volkswagen up! Desde 9720 \u20ac o 115 \u20ac al mes - Revista km77\",\"isPartOf\":{\"@id\":\"https:\\\/\\\/www.km77.com\\\/revista\\\/#website\"},\"primaryImageOfPage\":{\"@id\":\"https:\\\/\\\/www.km77.com\\\/revista\\\/teletransporte\\\/volkswagen-up-desde-9720-e-o-115-e-al-mes\\\/#primaryimage\"},\"image\":{\"@id\":\"https:\\\/\\\/www.km77.com\\\/revista\\\/teletransporte\\\/volkswagen-up-desde-9720-e-o-115-e-al-mes\\\/#primaryimage\"},\"thumbnailUrl\":\"https:\\\/\\\/www.km77.com\\\/revista\\\/wp-content\\\/uploads\\\/2015\\\/10\\\/Aparcar-en-45-grados.jpg\",\"datePublished\":\"2011-10-19T09:58:22+00:00\",\"dateModified\":\"2021-03-31T18:08:57+00:00\",\"breadcrumb\":{\"@id\":\"https:\\\/\\\/www.km77.com\\\/revista\\\/teletransporte\\\/volkswagen-up-desde-9720-e-o-115-e-al-mes\\\/#breadcrumb\"},\"inLanguage\":\"es\",\"potentialAction\":[{\"@type\":\"ReadAction\",\"target\":[\"https:\\\/\\\/www.km77.com\\\/revista\\\/teletransporte\\\/volkswagen-up-desde-9720-e-o-115-e-al-mes\\\/\"]}]},{\"@type\":\"ImageObject\",\"inLanguage\":\"es\",\"@id\":\"https:\\\/\\\/www.km77.com\\\/revista\\\/teletransporte\\\/volkswagen-up-desde-9720-e-o-115-e-al-mes\\\/#primaryimage\",\"url\":\"https:\\\/\\\/www.km77.com\\\/revista\\\/wp-content\\\/uploads\\\/2015\\\/10\\\/Aparcar-en-45-grados.jpg\",\"contentUrl\":\"https:\\\/\\\/www.km77.com\\\/revista\\\/wp-content\\\/uploads\\\/2015\\\/10\\\/Aparcar-en-45-grados.jpg\",\"width\":1024,\"height\":768},{\"@type\":\"BreadcrumbList\",\"@id\":\"https:\\\/\\\/www.km77.com\\\/revista\\\/teletransporte\\\/volkswagen-up-desde-9720-e-o-115-e-al-mes\\\/#breadcrumb\",\"itemListElement\":[{\"@type\":\"ListItem\",\"position\":1,\"name\":\"Revista km77\",\"item\":\"https:\\\/\\\/www.km77.com\\\/revista\\\/\"},{\"@type\":\"ListItem\",\"position\":2,\"name\":\"Teletransporte\",\"item\":\"https:\\\/\\\/www.km77.com\\\/revista\\\/teletransporte\\\/\"},{\"@type\":\"ListItem\",\"position\":3,\"name\":\"Volkswagen up! Desde 9720 \u20ac o 115 \u20ac al mes\"}]},{\"@type\":\"WebSite\",\"@id\":\"https:\\\/\\\/www.km77.com\\\/revista\\\/#website\",\"url\":\"https:\\\/\\\/www.km77.com\\\/revista\\\/\",\"name\":\"Revista km77\",\"description\":\"Revista de km77\",\"publisher\":{\"@id\":\"https:\\\/\\\/www.km77.com\\\/revista\\\/#organization\"},\"potentialAction\":[{\"@type\":\"SearchAction\",\"target\":{\"@type\":\"EntryPoint\",\"urlTemplate\":\"https:\\\/\\\/www.km77.com\\\/revista\\\/?s={search_term_string}\"},\"query-input\":{\"@type\":\"PropertyValueSpecification\",\"valueRequired\":true,\"valueName\":\"search_term_string\"}}],\"inLanguage\":\"es\"},{\"@type\":\"Organization\",\"@id\":\"https:\\\/\\\/www.km77.com\\\/revista\\\/#organization\",\"name\":\"KM77\",\"url\":\"https:\\\/\\\/www.km77.com\\\/revista\\\/\",\"logo\":{\"@type\":\"ImageObject\",\"inLanguage\":\"es\",\"@id\":\"https:\\\/\\\/www.km77.com\\\/revista\\\/#\\\/schema\\\/logo\\\/image\\\/\",\"url\":\"https:\\\/\\\/www.km77.com\\\/revista\\\/wp-content\\\/uploads\\\/2021\\\/02\\\/logo-km77.png\",\"contentUrl\":\"https:\\\/\\\/www.km77.com\\\/revista\\\/wp-content\\\/uploads\\\/2021\\\/02\\\/logo-km77.png\",\"width\":100,\"height\":34,\"caption\":\"KM77\"},\"image\":{\"@id\":\"https:\\\/\\\/www.km77.com\\\/revista\\\/#\\\/schema\\\/logo\\\/image\\\/\"}},{\"@type\":\"Person\",\"@id\":\"https:\\\/\\\/www.km77.com\\\/revista\\\/#\\\/schema\\\/person\\\/2f0611a1b3c7d2a2c81a9428505a25db\",\"name\":\"Javier Molt\u00f3\",\"image\":{\"@type\":\"ImageObject\",\"inLanguage\":\"es\",\"@id\":\"https:\\\/\\\/secure.gravatar.com\\\/avatar\\\/1c930880a58b8b56f4abb8c2797bdb266488614621319ddd0ab4ee365b10a72c?s=96&d=mm&r=g\",\"url\":\"https:\\\/\\\/secure.gravatar.com\\\/avatar\\\/1c930880a58b8b56f4abb8c2797bdb266488614621319ddd0ab4ee365b10a72c?s=96&d=mm&r=g\",\"contentUrl\":\"https:\\\/\\\/secure.gravatar.com\\\/avatar\\\/1c930880a58b8b56f4abb8c2797bdb266488614621319ddd0ab4ee365b10a72c?s=96&d=mm&r=g\",\"caption\":\"Javier Molt\u00f3\"},\"description\":\"Empec\u00e9 a trabajar como periodista probador de coches en 1985, en la revista AutoHebdo. Despu\u00e9s trabaj\u00e9 en Coche Actual y Motor16. Desde 1994 a 1999 inform\u00e9 de asuntos econ\u00f3micos tanto en Madrid como en Londres, donde trabaj\u00e9 en Bloomberg. En 1999 fund\u00e9 km77.com, empresa con la que sigo empe\u00f1ado en el objetivo de dar la mejor informaci\u00f3n de coches de la que somos capaces.\",\"sameAs\":[\"https:\\\/\\\/x.com\\\/Deportes1\"],\"url\":\"https:\\\/\\\/www.km77.com\\\/revista\\\/author\\\/teletransporte\\\/\"}]}<\/script>\n<!-- \/ Yoast SEO plugin. -->","yoast_head_json":{"title":"Volkswagen up! Desde 9720 \u20ac o 115 \u20ac al mes - Revista km77","robots":{"index":"index","follow":"follow","max-snippet":"max-snippet:-1","max-image-preview":"max-image-preview:large","max-video-preview":"max-video-preview:-1"},"canonical":"https:\/\/www.km77.com\/revista\/teletransporte\/volkswagen-up-desde-9720-e-o-115-e-al-mes\/","og_locale":"es_ES","og_type":"article","og_title":"Volkswagen up! Desde 9720 \u20ac o 115 \u20ac al mes - Revista km77","og_description":"Ya se pueden hacer pedidos del Volkswagen up!. (Informaci\u00f3n de impresiones de conducci\u00f3n e impresiones de interior) Los coches llegar\u00e1n a los concesionarios espa\u00f1oles en enero de 2012 con la carrocer\u00eda de tres puertas. Las versiones de cinco puertas llegar\u00e1n a Espa\u00f1a a mediados de 2012, a la vez que el sistema Stop &amp; Start [&hellip;]","og_url":"https:\/\/www.km77.com\/revista\/teletransporte\/volkswagen-up-desde-9720-e-o-115-e-al-mes\/","og_site_name":"Revista km77","article_published_time":"2011-10-19T09:58:22+00:00","article_modified_time":"2021-03-31T18:08:57+00:00","og_image":[{"width":1024,"height":768,"url":"https:\/\/www.km77.com\/revista\/wp-content\/uploads\/2015\/10\/Aparcar-en-45-grados.jpg","type":"image\/jpeg"}],"author":"Javier Molt\u00f3","twitter_card":"summary_large_image","twitter_creator":"@Deportes1","twitter_misc":{"Escrito por":"Javier Molt\u00f3","Tiempo de lectura":"2 minutos"},"schema":{"@context":"https:\/\/schema.org","@graph":[{"@type":"Article","@id":"https:\/\/www.km77.com\/revista\/teletransporte\/volkswagen-up-desde-9720-e-o-115-e-al-mes\/#article","isPartOf":{"@id":"https:\/\/www.km77.com\/revista\/teletransporte\/volkswagen-up-desde-9720-e-o-115-e-al-mes\/"},"author":{"name":"Javier Molt\u00f3","@id":"https:\/\/www.km77.com\/revista\/#\/schema\/person\/2f0611a1b3c7d2a2c81a9428505a25db"},"headline":"Volkswagen up! Desde 9720 \u20ac o 115 \u20ac al mes","datePublished":"2011-10-19T09:58:22+00:00","dateModified":"2021-03-31T18:08:57+00:00","mainEntityOfPage":{"@id":"https:\/\/www.km77.com\/revista\/teletransporte\/volkswagen-up-desde-9720-e-o-115-e-al-mes\/"},"wordCount":482,"commentCount":27,"publisher":{"@id":"https:\/\/www.km77.com\/revista\/#organization"},"image":{"@id":"https:\/\/www.km77.com\/revista\/teletransporte\/volkswagen-up-desde-9720-e-o-115-e-al-mes\/#primaryimage"},"thumbnailUrl":"https:\/\/www.km77.com\/revista\/wp-content\/uploads\/2015\/10\/Aparcar-en-45-grados.jpg","keywords":["BlueMotion","coches","Espa\u00f1a","KM77","precios","Seat Mii","\u0160koda Citigo","Stop &amp; Start","up!","Volkswagen"],"articleSection":["Teletransporte"],"inLanguage":"es","potentialAction":[{"@type":"CommentAction","name":"Comment","target":["https:\/\/www.km77.com\/revista\/teletransporte\/volkswagen-up-desde-9720-e-o-115-e-al-mes\/#respond"]}]},{"@type":"WebPage","@id":"https:\/\/www.km77.com\/revista\/teletransporte\/volkswagen-up-desde-9720-e-o-115-e-al-mes\/","url":"https:\/\/www.km77.com\/revista\/teletransporte\/volkswagen-up-desde-9720-e-o-115-e-al-mes\/","name":"Volkswagen up! Desde 9720 \u20ac o 115 \u20ac al mes - Revista km77","isPartOf":{"@id":"https:\/\/www.km77.com\/revista\/#website"},"primaryImageOfPage":{"@id":"https:\/\/www.km77.com\/revista\/teletransporte\/volkswagen-up-desde-9720-e-o-115-e-al-mes\/#primaryimage"},"image":{"@id":"https:\/\/www.km77.com\/revista\/teletransporte\/volkswagen-up-desde-9720-e-o-115-e-al-mes\/#primaryimage"},"thumbnailUrl":"https:\/\/www.km77.com\/revista\/wp-content\/uploads\/2015\/10\/Aparcar-en-45-grados.jpg","datePublished":"2011-10-19T09:58:22+00:00","dateModified":"2021-03-31T18:08:57+00:00","breadcrumb":{"@id":"https:\/\/www.km77.com\/revista\/teletransporte\/volkswagen-up-desde-9720-e-o-115-e-al-mes\/#breadcrumb"},"inLanguage":"es","potentialAction":[{"@type":"ReadAction","target":["https:\/\/www.km77.com\/revista\/teletransporte\/volkswagen-up-desde-9720-e-o-115-e-al-mes\/"]}]},{"@type":"ImageObject","inLanguage":"es","@id":"https:\/\/www.km77.com\/revista\/teletransporte\/volkswagen-up-desde-9720-e-o-115-e-al-mes\/#primaryimage","url":"https:\/\/www.km77.com\/revista\/wp-content\/uploads\/2015\/10\/Aparcar-en-45-grados.jpg","contentUrl":"https:\/\/www.km77.com\/revista\/wp-content\/uploads\/2015\/10\/Aparcar-en-45-grados.jpg","width":1024,"height":768},{"@type":"BreadcrumbList","@id":"https:\/\/www.km77.com\/revista\/teletransporte\/volkswagen-up-desde-9720-e-o-115-e-al-mes\/#breadcrumb","itemListElement":[{"@type":"ListItem","position":1,"name":"Revista km77","item":"https:\/\/www.km77.com\/revista\/"},{"@type":"ListItem","position":2,"name":"Teletransporte","item":"https:\/\/www.km77.com\/revista\/teletransporte\/"},{"@type":"ListItem","position":3,"name":"Volkswagen up! Desde 9720 \u20ac o 115 \u20ac al mes"}]},{"@type":"WebSite","@id":"https:\/\/www.km77.com\/revista\/#website","url":"https:\/\/www.km77.com\/revista\/","name":"Revista km77","description":"Revista de km77","publisher":{"@id":"https:\/\/www.km77.com\/revista\/#organization"},"potentialAction":[{"@type":"SearchAction","target":{"@type":"EntryPoint","urlTemplate":"https:\/\/www.km77.com\/revista\/?s={search_term_string}"},"query-input":{"@type":"PropertyValueSpecification","valueRequired":true,"valueName":"search_term_string"}}],"inLanguage":"es"},{"@type":"Organization","@id":"https:\/\/www.km77.com\/revista\/#organization","name":"KM77","url":"https:\/\/www.km77.com\/revista\/","logo":{"@type":"ImageObject","inLanguage":"es","@id":"https:\/\/www.km77.com\/revista\/#\/schema\/logo\/image\/","url":"https:\/\/www.km77.com\/revista\/wp-content\/uploads\/2021\/02\/logo-km77.png","contentUrl":"https:\/\/www.km77.com\/revista\/wp-content\/uploads\/2021\/02\/logo-km77.png","width":100,"height":34,"caption":"KM77"},"image":{"@id":"https:\/\/www.km77.com\/revista\/#\/schema\/logo\/image\/"}},{"@type":"Person","@id":"https:\/\/www.km77.com\/revista\/#\/schema\/person\/2f0611a1b3c7d2a2c81a9428505a25db","name":"Javier Molt\u00f3","image":{"@type":"ImageObject","inLanguage":"es","@id":"https:\/\/secure.gravatar.com\/avatar\/1c930880a58b8b56f4abb8c2797bdb266488614621319ddd0ab4ee365b10a72c?s=96&d=mm&r=g","url":"https:\/\/secure.gravatar.com\/avatar\/1c930880a58b8b56f4abb8c2797bdb266488614621319ddd0ab4ee365b10a72c?s=96&d=mm&r=g","contentUrl":"https:\/\/secure.gravatar.com\/avatar\/1c930880a58b8b56f4abb8c2797bdb266488614621319ddd0ab4ee365b10a72c?s=96&d=mm&r=g","caption":"Javier Molt\u00f3"},"description":"Empec\u00e9 a trabajar como periodista probador de coches en 1985, en la revista AutoHebdo. Despu\u00e9s trabaj\u00e9 en Coche Actual y Motor16. Desde 1994 a 1999 inform\u00e9 de asuntos econ\u00f3micos tanto en Madrid como en Londres, donde trabaj\u00e9 en Bloomberg. En 1999 fund\u00e9 km77.com, empresa con la que sigo empe\u00f1ado en el objetivo de dar la mejor informaci\u00f3n de coches de la que somos capaces.","sameAs":["https:\/\/x.com\/Deportes1"],"url":"https:\/\/www.km77.com\/revista\/author\/teletransporte\/"}]}},"amp_enabled":true,"_links":{"self":[{"href":"https:\/\/www.km77.com\/revista\/wp-json\/wp\/v2\/posts\/7068","targetHints":{"allow":["GET"]}}],"collection":[{"href":"https:\/\/www.km77.com\/revista\/wp-json\/wp\/v2\/posts"}],"about":[{"href":"https:\/\/www.km77.com\/revista\/wp-json\/wp\/v2\/types\/post"}],"author":[{"embeddable":true,"href":"https:\/\/www.km77.com\/revista\/wp-json\/wp\/v2\/users\/72"}],"replies":[{"embeddable":true,"href":"https:\/\/www.km77.com\/revista\/wp-json\/wp\/v2\/comments?post=7068"}],"version-history":[{"count":1,"href":"https:\/\/www.km77.com\/revista\/wp-json\/wp\/v2\/posts\/7068\/revisions"}],"predecessor-version":[{"id":43965,"href":"https:\/\/www.km77.com\/revista\/wp-json\/wp\/v2\/posts\/7068\/revisions\/43965"}],"wp:featuredmedia":[{"embeddable":true,"href":"https:\/\/www.km77.com\/revista\/wp-json\/wp\/v2\/media\/7069"}],"wp:attachment":[{"href":"https:\/\/www.km77.com\/revista\/wp-json\/wp\/v2\/media?parent=7068"}],"wp:term":[{"taxonomy":"category","embeddable":true,"href":"https:\/\/www.km77.com\/revista\/wp-json\/wp\/v2\/categories?post=7068"},{"taxonomy":"post_tag","embeddable":true,"href":"https:\/\/www.km77.com\/revista\/wp-json\/wp\/v2\/tags?post=7068"}],"curies":[{"name":"wp","href":"https:\/\/api.w.org\/{rel}","templated":true}]}}