{"id":6970,"date":"2011-10-04T17:50:44","date_gmt":"2011-10-04T15:50:44","guid":{"rendered":"http:\/\/blogs.km77.com\/teletransporte\/?p=6970"},"modified":"2021-03-31T20:09:10","modified_gmt":"2021-03-31T18:09:10","slug":"izquierdas-derechas-austeridad-gasto","status":"publish","type":"post","link":"https:\/\/www.km77.com\/revista\/teletransporte\/izquierdas-derechas-austeridad-gasto\/","title":{"rendered":"La izquierda, la derecha, la austeridad y el gasto"},"content":{"rendered":"<p>No alcanzo a comprender por qu\u00e9 se considera que incrementar el gasto p\u00fablico es de izquierdas y que la austeridad es de derechas.<\/p>\n<p>Simplifiquemos. Pongamos que lo que distingue a las personas de izquierdas sea ayudar con m\u00e1s ah\u00ednco a los que menos tienen. Supongamos que los de derechas son menos solidarios y les importa una hortaliza los que menos tienen.<\/p>\n<p>Supongamos ahora que una pol\u00edtica de austeridad es muy perjudicial para la econom\u00eda porque sin gasto no hay consumo y sin consumo no hay inversi\u00f3n. La econom\u00eda encalla y&#8230; los perjudicados son los que menos tienen, que se van al paro sin ahorros.<\/p>\n<p>Supongamos tambi\u00e9n que una pol\u00edtica de incremento del gasto es muy perjudicial para la econom\u00eda, porque nadie nos quiere prestar dinero, los tipos de inter\u00e9s suben, el incremento de los impuestos hace que haya menos dinero para inversi\u00f3n, y como el cr\u00e9dito es caro el consumo se detiene, la inversi\u00f3n es dif\u00edcil de rentabilizar, la econom\u00eda encalla y&#8230; los perjudicados son los que menos tienen, que se van al paro sin ahorros.<\/p>\n<p>La pol\u00edtica de expansi\u00f3n del gasto es una pol\u00edtica con riesgos a largo plazo. En el largo plazo, cualquiera que sea la opci\u00f3n elegida, si funciona mal, los perjudicados ser\u00e1n los que menos tienen.<\/p>\n<p>Puedo entender que sea de izquierdas aumentar los impuestos a los que m\u00e1s tienen y de derechas reducir los impuestos a los que m\u00e1s tienen. Me parece un error plantearlo as\u00ed, pero lo puedo entender.<\/p>\n<p>Lo que no puedo entender es que se considere de izquierdas o de derechas aumentar o reducir el gasto p\u00fablico. Porque el aumento o la disminuci\u00f3n del gasto p\u00fablico no beneficia o perjudica a los que menos tienen. Beneficia al conjunto del pa\u00eds si es una medida acertada y perjudica a los m\u00e1s necesitados si no lo es.<\/p>\n<p>Se podr\u00edan incrementar notablemente los impuestos a los m\u00e1s ricos y aplicar a la vez una pol\u00edtica econ\u00f3mica de gran austeridad. \u00bfSer\u00eda de izquierdas o de derechas?<\/p>\n<p>Igualmente, se podr\u00edan reducir mucho los impuestos a los ricos, aumentar los de la clase media e incrementar notablemente el gasto p\u00fablico. \u00bfSer\u00eda pol\u00edtica de izquierdas o de derechas?<\/p>\n<p>El debate sobre gasto y ahorro debiera ser sin prejuicios ni afiliaciones ideol\u00f3gicas. Es un debate t\u00e9cnico. Si nos equivocamos, elijamos la soluci\u00f3n que elijamos, los m\u00e1s perjudicados ser\u00e1n los mismos en los dos casos. Pero eso ser\u00e1 as\u00ed independientemente de si subimos los impuestos a los ricos o a los pobres.<\/p>\n<p>Si queremos vengarnos de esta injusticia subiendo mucho los impuestos a los ricos, corremos el peligro, una vez m\u00e1s, de que los m\u00e1s perjudicados sean de nuevo los que menos tienen.<\/p>\n<p>Las desigualdades sociales son imprescindibles para que la econom\u00eda sea vigorosa y podamos proteger a los que menos tienen. Pero esa ya es otra cuesti\u00f3n.<\/p>\n","protected":false},"excerpt":{"rendered":"<p>No alcanzo a comprender por qu\u00e9 se considera que incrementar el gasto p\u00fablico es de izquierdas y que la austeridad es de derechas. Simplifiquemos. Pongamos que lo que distingue a las personas de izquierdas sea ayudar con m\u00e1s ah\u00ednco a los que menos tienen. Supongamos que los de derechas son menos solidarios y les importa [&hellip;]<\/p>\n","protected":false},"author":72,"featured_media":0,"comment_status":"open","ping_status":"closed","sticky":false,"template":"","format":"standard","meta":{"_et_pb_use_builder":"","_et_pb_old_content":"","_et_gb_content_width":"","footnotes":""},"categories":[3915],"tags":[970,7993,1610],"class_list":["post-6970","post","type-post","status-publish","format-standard","hentry","category-teletransporte","tag-derechas","tag-economia","tag-izquierdas"],"yoast_head":"<!-- This site is optimized with the Yoast SEO plugin v27.5 - https:\/\/yoast.com\/product\/yoast-seo-wordpress\/ -->\n<title>La izquierda, la derecha, la austeridad y el gasto - Revista km77<\/title>\n<meta name=\"robots\" content=\"index, follow, max-snippet:-1, max-image-preview:large, max-video-preview:-1\" \/>\n<link rel=\"canonical\" href=\"https:\/\/www.km77.com\/revista\/teletransporte\/izquierdas-derechas-austeridad-gasto\/\" \/>\n<meta property=\"og:locale\" content=\"es_ES\" \/>\n<meta property=\"og:type\" content=\"article\" \/>\n<meta property=\"og:title\" content=\"La izquierda, la derecha, la austeridad y el gasto - Revista km77\" \/>\n<meta property=\"og:description\" content=\"No alcanzo a comprender por qu\u00e9 se considera que incrementar el gasto p\u00fablico es de izquierdas y que la austeridad es de derechas. Simplifiquemos. Pongamos que lo que distingue a las personas de izquierdas sea ayudar con m\u00e1s ah\u00ednco a los que menos tienen. Supongamos que los de derechas son menos solidarios y les importa [&hellip;]\" \/>\n<meta property=\"og:url\" content=\"https:\/\/www.km77.com\/revista\/teletransporte\/izquierdas-derechas-austeridad-gasto\/\" \/>\n<meta property=\"og:site_name\" content=\"Revista km77\" \/>\n<meta property=\"article:published_time\" content=\"2011-10-04T15:50:44+00:00\" \/>\n<meta property=\"article:modified_time\" content=\"2021-03-31T18:09:10+00:00\" \/>\n<meta name=\"author\" content=\"Javier Molt\u00f3\" \/>\n<meta name=\"twitter:card\" content=\"summary_large_image\" \/>\n<meta name=\"twitter:creator\" content=\"@Deportes1\" \/>\n<meta name=\"twitter:label1\" content=\"Escrito por\" \/>\n\t<meta name=\"twitter:data1\" content=\"Javier Molt\u00f3\" \/>\n\t<meta name=\"twitter:label2\" content=\"Tiempo de lectura\" \/>\n\t<meta name=\"twitter:data2\" content=\"3 minutos\" \/>\n<script type=\"application\/ld+json\" class=\"yoast-schema-graph\">{\"@context\":\"https:\\\/\\\/schema.org\",\"@graph\":[{\"@type\":\"Article\",\"@id\":\"https:\\\/\\\/www.km77.com\\\/revista\\\/teletransporte\\\/izquierdas-derechas-austeridad-gasto\\\/#article\",\"isPartOf\":{\"@id\":\"https:\\\/\\\/www.km77.com\\\/revista\\\/teletransporte\\\/izquierdas-derechas-austeridad-gasto\\\/\"},\"author\":{\"name\":\"Javier Molt\u00f3\",\"@id\":\"https:\\\/\\\/www.km77.com\\\/revista\\\/#\\\/schema\\\/person\\\/2f0611a1b3c7d2a2c81a9428505a25db\"},\"headline\":\"La izquierda, la derecha, la austeridad y el gasto\",\"datePublished\":\"2011-10-04T15:50:44+00:00\",\"dateModified\":\"2021-03-31T18:09:10+00:00\",\"mainEntityOfPage\":{\"@id\":\"https:\\\/\\\/www.km77.com\\\/revista\\\/teletransporte\\\/izquierdas-derechas-austeridad-gasto\\\/\"},\"wordCount\":522,\"commentCount\":85,\"publisher\":{\"@id\":\"https:\\\/\\\/www.km77.com\\\/revista\\\/#organization\"},\"keywords\":[\"derechas\",\"econom\u00eda\",\"izquierdas\"],\"articleSection\":[\"Teletransporte\"],\"inLanguage\":\"es\",\"potentialAction\":[{\"@type\":\"CommentAction\",\"name\":\"Comment\",\"target\":[\"https:\\\/\\\/www.km77.com\\\/revista\\\/teletransporte\\\/izquierdas-derechas-austeridad-gasto\\\/#respond\"]}]},{\"@type\":\"WebPage\",\"@id\":\"https:\\\/\\\/www.km77.com\\\/revista\\\/teletransporte\\\/izquierdas-derechas-austeridad-gasto\\\/\",\"url\":\"https:\\\/\\\/www.km77.com\\\/revista\\\/teletransporte\\\/izquierdas-derechas-austeridad-gasto\\\/\",\"name\":\"La izquierda, la derecha, la austeridad y el gasto - Revista km77\",\"isPartOf\":{\"@id\":\"https:\\\/\\\/www.km77.com\\\/revista\\\/#website\"},\"datePublished\":\"2011-10-04T15:50:44+00:00\",\"dateModified\":\"2021-03-31T18:09:10+00:00\",\"breadcrumb\":{\"@id\":\"https:\\\/\\\/www.km77.com\\\/revista\\\/teletransporte\\\/izquierdas-derechas-austeridad-gasto\\\/#breadcrumb\"},\"inLanguage\":\"es\",\"potentialAction\":[{\"@type\":\"ReadAction\",\"target\":[\"https:\\\/\\\/www.km77.com\\\/revista\\\/teletransporte\\\/izquierdas-derechas-austeridad-gasto\\\/\"]}]},{\"@type\":\"BreadcrumbList\",\"@id\":\"https:\\\/\\\/www.km77.com\\\/revista\\\/teletransporte\\\/izquierdas-derechas-austeridad-gasto\\\/#breadcrumb\",\"itemListElement\":[{\"@type\":\"ListItem\",\"position\":1,\"name\":\"Revista km77\",\"item\":\"https:\\\/\\\/www.km77.com\\\/revista\\\/\"},{\"@type\":\"ListItem\",\"position\":2,\"name\":\"Teletransporte\",\"item\":\"https:\\\/\\\/www.km77.com\\\/revista\\\/teletransporte\\\/\"},{\"@type\":\"ListItem\",\"position\":3,\"name\":\"La izquierda, la derecha, la austeridad y el gasto\"}]},{\"@type\":\"WebSite\",\"@id\":\"https:\\\/\\\/www.km77.com\\\/revista\\\/#website\",\"url\":\"https:\\\/\\\/www.km77.com\\\/revista\\\/\",\"name\":\"Revista km77\",\"description\":\"Revista de km77\",\"publisher\":{\"@id\":\"https:\\\/\\\/www.km77.com\\\/revista\\\/#organization\"},\"potentialAction\":[{\"@type\":\"SearchAction\",\"target\":{\"@type\":\"EntryPoint\",\"urlTemplate\":\"https:\\\/\\\/www.km77.com\\\/revista\\\/?s={search_term_string}\"},\"query-input\":{\"@type\":\"PropertyValueSpecification\",\"valueRequired\":true,\"valueName\":\"search_term_string\"}}],\"inLanguage\":\"es\"},{\"@type\":\"Organization\",\"@id\":\"https:\\\/\\\/www.km77.com\\\/revista\\\/#organization\",\"name\":\"KM77\",\"url\":\"https:\\\/\\\/www.km77.com\\\/revista\\\/\",\"logo\":{\"@type\":\"ImageObject\",\"inLanguage\":\"es\",\"@id\":\"https:\\\/\\\/www.km77.com\\\/revista\\\/#\\\/schema\\\/logo\\\/image\\\/\",\"url\":\"https:\\\/\\\/www.km77.com\\\/revista\\\/wp-content\\\/uploads\\\/2021\\\/02\\\/logo-km77.png\",\"contentUrl\":\"https:\\\/\\\/www.km77.com\\\/revista\\\/wp-content\\\/uploads\\\/2021\\\/02\\\/logo-km77.png\",\"width\":100,\"height\":34,\"caption\":\"KM77\"},\"image\":{\"@id\":\"https:\\\/\\\/www.km77.com\\\/revista\\\/#\\\/schema\\\/logo\\\/image\\\/\"}},{\"@type\":\"Person\",\"@id\":\"https:\\\/\\\/www.km77.com\\\/revista\\\/#\\\/schema\\\/person\\\/2f0611a1b3c7d2a2c81a9428505a25db\",\"name\":\"Javier Molt\u00f3\",\"image\":{\"@type\":\"ImageObject\",\"inLanguage\":\"es\",\"@id\":\"https:\\\/\\\/secure.gravatar.com\\\/avatar\\\/1c930880a58b8b56f4abb8c2797bdb266488614621319ddd0ab4ee365b10a72c?s=96&d=mm&r=g\",\"url\":\"https:\\\/\\\/secure.gravatar.com\\\/avatar\\\/1c930880a58b8b56f4abb8c2797bdb266488614621319ddd0ab4ee365b10a72c?s=96&d=mm&r=g\",\"contentUrl\":\"https:\\\/\\\/secure.gravatar.com\\\/avatar\\\/1c930880a58b8b56f4abb8c2797bdb266488614621319ddd0ab4ee365b10a72c?s=96&d=mm&r=g\",\"caption\":\"Javier Molt\u00f3\"},\"description\":\"Empec\u00e9 a trabajar como periodista probador de coches en 1985, en la revista AutoHebdo. Despu\u00e9s trabaj\u00e9 en Coche Actual y Motor16. Desde 1994 a 1999 inform\u00e9 de asuntos econ\u00f3micos tanto en Madrid como en Londres, donde trabaj\u00e9 en Bloomberg. En 1999 fund\u00e9 km77.com, empresa con la que sigo empe\u00f1ado en el objetivo de dar la mejor informaci\u00f3n de coches de la que somos capaces.\",\"sameAs\":[\"https:\\\/\\\/x.com\\\/Deportes1\"],\"url\":\"https:\\\/\\\/www.km77.com\\\/revista\\\/author\\\/teletransporte\\\/\"}]}<\/script>\n<!-- \/ Yoast SEO plugin. -->","yoast_head_json":{"title":"La izquierda, la derecha, la austeridad y el gasto - Revista km77","robots":{"index":"index","follow":"follow","max-snippet":"max-snippet:-1","max-image-preview":"max-image-preview:large","max-video-preview":"max-video-preview:-1"},"canonical":"https:\/\/www.km77.com\/revista\/teletransporte\/izquierdas-derechas-austeridad-gasto\/","og_locale":"es_ES","og_type":"article","og_title":"La izquierda, la derecha, la austeridad y el gasto - Revista km77","og_description":"No alcanzo a comprender por qu\u00e9 se considera que incrementar el gasto p\u00fablico es de izquierdas y que la austeridad es de derechas. Simplifiquemos. Pongamos que lo que distingue a las personas de izquierdas sea ayudar con m\u00e1s ah\u00ednco a los que menos tienen. Supongamos que los de derechas son menos solidarios y les importa [&hellip;]","og_url":"https:\/\/www.km77.com\/revista\/teletransporte\/izquierdas-derechas-austeridad-gasto\/","og_site_name":"Revista km77","article_published_time":"2011-10-04T15:50:44+00:00","article_modified_time":"2021-03-31T18:09:10+00:00","author":"Javier Molt\u00f3","twitter_card":"summary_large_image","twitter_creator":"@Deportes1","twitter_misc":{"Escrito por":"Javier Molt\u00f3","Tiempo de lectura":"3 minutos"},"schema":{"@context":"https:\/\/schema.org","@graph":[{"@type":"Article","@id":"https:\/\/www.km77.com\/revista\/teletransporte\/izquierdas-derechas-austeridad-gasto\/#article","isPartOf":{"@id":"https:\/\/www.km77.com\/revista\/teletransporte\/izquierdas-derechas-austeridad-gasto\/"},"author":{"name":"Javier Molt\u00f3","@id":"https:\/\/www.km77.com\/revista\/#\/schema\/person\/2f0611a1b3c7d2a2c81a9428505a25db"},"headline":"La izquierda, la derecha, la austeridad y el gasto","datePublished":"2011-10-04T15:50:44+00:00","dateModified":"2021-03-31T18:09:10+00:00","mainEntityOfPage":{"@id":"https:\/\/www.km77.com\/revista\/teletransporte\/izquierdas-derechas-austeridad-gasto\/"},"wordCount":522,"commentCount":85,"publisher":{"@id":"https:\/\/www.km77.com\/revista\/#organization"},"keywords":["derechas","econom\u00eda","izquierdas"],"articleSection":["Teletransporte"],"inLanguage":"es","potentialAction":[{"@type":"CommentAction","name":"Comment","target":["https:\/\/www.km77.com\/revista\/teletransporte\/izquierdas-derechas-austeridad-gasto\/#respond"]}]},{"@type":"WebPage","@id":"https:\/\/www.km77.com\/revista\/teletransporte\/izquierdas-derechas-austeridad-gasto\/","url":"https:\/\/www.km77.com\/revista\/teletransporte\/izquierdas-derechas-austeridad-gasto\/","name":"La izquierda, la derecha, la austeridad y el gasto - Revista km77","isPartOf":{"@id":"https:\/\/www.km77.com\/revista\/#website"},"datePublished":"2011-10-04T15:50:44+00:00","dateModified":"2021-03-31T18:09:10+00:00","breadcrumb":{"@id":"https:\/\/www.km77.com\/revista\/teletransporte\/izquierdas-derechas-austeridad-gasto\/#breadcrumb"},"inLanguage":"es","potentialAction":[{"@type":"ReadAction","target":["https:\/\/www.km77.com\/revista\/teletransporte\/izquierdas-derechas-austeridad-gasto\/"]}]},{"@type":"BreadcrumbList","@id":"https:\/\/www.km77.com\/revista\/teletransporte\/izquierdas-derechas-austeridad-gasto\/#breadcrumb","itemListElement":[{"@type":"ListItem","position":1,"name":"Revista km77","item":"https:\/\/www.km77.com\/revista\/"},{"@type":"ListItem","position":2,"name":"Teletransporte","item":"https:\/\/www.km77.com\/revista\/teletransporte\/"},{"@type":"ListItem","position":3,"name":"La izquierda, la derecha, la austeridad y el gasto"}]},{"@type":"WebSite","@id":"https:\/\/www.km77.com\/revista\/#website","url":"https:\/\/www.km77.com\/revista\/","name":"Revista km77","description":"Revista de km77","publisher":{"@id":"https:\/\/www.km77.com\/revista\/#organization"},"potentialAction":[{"@type":"SearchAction","target":{"@type":"EntryPoint","urlTemplate":"https:\/\/www.km77.com\/revista\/?s={search_term_string}"},"query-input":{"@type":"PropertyValueSpecification","valueRequired":true,"valueName":"search_term_string"}}],"inLanguage":"es"},{"@type":"Organization","@id":"https:\/\/www.km77.com\/revista\/#organization","name":"KM77","url":"https:\/\/www.km77.com\/revista\/","logo":{"@type":"ImageObject","inLanguage":"es","@id":"https:\/\/www.km77.com\/revista\/#\/schema\/logo\/image\/","url":"https:\/\/www.km77.com\/revista\/wp-content\/uploads\/2021\/02\/logo-km77.png","contentUrl":"https:\/\/www.km77.com\/revista\/wp-content\/uploads\/2021\/02\/logo-km77.png","width":100,"height":34,"caption":"KM77"},"image":{"@id":"https:\/\/www.km77.com\/revista\/#\/schema\/logo\/image\/"}},{"@type":"Person","@id":"https:\/\/www.km77.com\/revista\/#\/schema\/person\/2f0611a1b3c7d2a2c81a9428505a25db","name":"Javier Molt\u00f3","image":{"@type":"ImageObject","inLanguage":"es","@id":"https:\/\/secure.gravatar.com\/avatar\/1c930880a58b8b56f4abb8c2797bdb266488614621319ddd0ab4ee365b10a72c?s=96&d=mm&r=g","url":"https:\/\/secure.gravatar.com\/avatar\/1c930880a58b8b56f4abb8c2797bdb266488614621319ddd0ab4ee365b10a72c?s=96&d=mm&r=g","contentUrl":"https:\/\/secure.gravatar.com\/avatar\/1c930880a58b8b56f4abb8c2797bdb266488614621319ddd0ab4ee365b10a72c?s=96&d=mm&r=g","caption":"Javier Molt\u00f3"},"description":"Empec\u00e9 a trabajar como periodista probador de coches en 1985, en la revista AutoHebdo. Despu\u00e9s trabaj\u00e9 en Coche Actual y Motor16. Desde 1994 a 1999 inform\u00e9 de asuntos econ\u00f3micos tanto en Madrid como en Londres, donde trabaj\u00e9 en Bloomberg. En 1999 fund\u00e9 km77.com, empresa con la que sigo empe\u00f1ado en el objetivo de dar la mejor informaci\u00f3n de coches de la que somos capaces.","sameAs":["https:\/\/x.com\/Deportes1"],"url":"https:\/\/www.km77.com\/revista\/author\/teletransporte\/"}]}},"amp_enabled":true,"_links":{"self":[{"href":"https:\/\/www.km77.com\/revista\/wp-json\/wp\/v2\/posts\/6970","targetHints":{"allow":["GET"]}}],"collection":[{"href":"https:\/\/www.km77.com\/revista\/wp-json\/wp\/v2\/posts"}],"about":[{"href":"https:\/\/www.km77.com\/revista\/wp-json\/wp\/v2\/types\/post"}],"author":[{"embeddable":true,"href":"https:\/\/www.km77.com\/revista\/wp-json\/wp\/v2\/users\/72"}],"replies":[{"embeddable":true,"href":"https:\/\/www.km77.com\/revista\/wp-json\/wp\/v2\/comments?post=6970"}],"version-history":[{"count":1,"href":"https:\/\/www.km77.com\/revista\/wp-json\/wp\/v2\/posts\/6970\/revisions"}],"predecessor-version":[{"id":43990,"href":"https:\/\/www.km77.com\/revista\/wp-json\/wp\/v2\/posts\/6970\/revisions\/43990"}],"wp:attachment":[{"href":"https:\/\/www.km77.com\/revista\/wp-json\/wp\/v2\/media?parent=6970"}],"wp:term":[{"taxonomy":"category","embeddable":true,"href":"https:\/\/www.km77.com\/revista\/wp-json\/wp\/v2\/categories?post=6970"},{"taxonomy":"post_tag","embeddable":true,"href":"https:\/\/www.km77.com\/revista\/wp-json\/wp\/v2\/tags?post=6970"}],"curies":[{"name":"wp","href":"https:\/\/api.w.org\/{rel}","templated":true}]}}