{"id":69264,"date":"2026-04-27T09:47:33","date_gmt":"2026-04-27T07:47:33","guid":{"rendered":"https:\/\/www.km77.com\/revista\/?p=69264"},"modified":"2026-04-27T10:08:26","modified_gmt":"2026-04-27T08:08:26","slug":"la-apuesta-de-ebro-por-los-urbanos-electricos","status":"publish","type":"post","link":"https:\/\/www.km77.com\/revista\/engendro-mecanico\/la-apuesta-de-ebro-por-los-urbanos-electricos\/","title":{"rendered":"La apuesta de EBRO por los urbanos el\u00e9ctricos"},"content":{"rendered":"\n<p>A finales del presente a\u00f1o 2026, <strong>EBRO ampliar\u00e1 su gama con un nuevo modelo<\/strong>. A los <a href=\"https:\/\/www.km77.com\/coches\/ebro\/s400\/2025\/estandar\/informacion\">s400<\/a>, <a href=\"https:\/\/www.km77.com\/coches\/ebro\/s700\/2025\/estandar\/informacion\">s700<\/a>, <a href=\"https:\/\/www.km77.com\/coches\/ebro\/s800\/2025\/estandar\/informacion\">s800<\/a> y <a href=\"https:\/\/www.km77.com\/coches\/ebro\/s900\/2026\/estandar\/informacion\">s900<\/a> se unir\u00e1 un miembro que cambiar\u00e1 mucho de registro, ya que <strong>no tendr\u00e1 una carrocer\u00eda de tipo SUV<\/strong> (es un turismo) y adem\u00e1s se mover\u00e1 \u00fanicamente mediante <strong>energ\u00eda el\u00e9ctrica<\/strong> (hasta ahora, todos los modelos de la marca son de gasolina o h\u00edbridos). Lo que a\u00fan <strong>no est\u00e1 definido es el nombre del mismo<\/strong>, detalle que se dar\u00e1 a conocer cuando su fecha de comercializaci\u00f3n est\u00e9 m\u00e1s cercana en el tiempo.<\/p>\n\n\n\n<p>Este nuevo modelo, al que por ahora podemos llamar <strong>\u00aburbano el\u00e9ctrico\u00bb<\/strong> (EBRO hace mucho hincapi\u00e9 en esos dos adjetivos), <strong>es b\u00e1sicamente un Chery QQ3 EV<\/strong> con peque\u00f1\u00edsimos cambios est\u00e9ticos (EV Motors, propietaria de EBRO, recibe apoyo econ\u00f3mico de Chery). Tiene una carrocer\u00eda de cinco puertas y mide \u00abalrededor de <strong>4,20 metros de longitud<\/strong>\u00bb, es decir, un tama\u00f1o casi calcado al de un <a href=\"https:\/\/www.km77.com\/coches\/renault\/megane\/2022\/berlina\/informacion\">Renault Megane E-Tech<\/a> y similar al de otro modelos como un <a href=\"https:\/\/www.km77.com\/coches\/byd\/dolphin\/2024\/estandar\/informacion\">BYD Dolphin<\/a>, un <a href=\"https:\/\/www.km77.com\/coches\/mg\/mg4\/2023\/estandar\/informacion\">MG4<\/a> o un <a href=\"https:\/\/www.km77.com\/coches\/volkswagen\/id3-neo\/2027\/estandar\/informacion\">Volkswagen ID.3 Neo<\/a>.<\/p>\n\n\n\n<figure class=\"wp-block-image size-large\"><img decoding=\"async\" width=\"1024\" height=\"683\" src=\"https:\/\/www.km77.com\/revista\/wp-content\/uploads\/2026\/04\/Ebro-Urbano-frontal-lateral-1024x683.jpg\" alt=\"Ebro Urbano - vista frontal - lateral\" class=\"wp-image-69267\" srcset=\"https:\/\/www.km77.com\/revista\/wp-content\/uploads\/2026\/04\/Ebro-Urbano-frontal-lateral-1024x683.jpg 1024w, https:\/\/www.km77.com\/revista\/wp-content\/uploads\/2026\/04\/Ebro-Urbano-frontal-lateral-980x653.jpg 980w, https:\/\/www.km77.com\/revista\/wp-content\/uploads\/2026\/04\/Ebro-Urbano-frontal-lateral-480x320.jpg 480w\" sizes=\"(min-width: 0px) and (max-width: 480px) 480px, (min-width: 481px) and (max-width: 980px) 980px, (min-width: 981px) 1024px, 100vw\" \/><\/figure>\n\n\n\n<p>Sobre la gama hay pocos datos tambi\u00e9n, m\u00e1s all\u00e1 de que habr\u00e1 un motor de <strong>122 caballos<\/strong> montado en el eje posterior (es de tracci\u00f3n trasera, por tanto) que se podr\u00e1 asociar a <strong>dos bater\u00edas distintas<\/strong> cuya capacidad no ha sido desvelada (seg\u00fan EBRO, con ambas se podr\u00e1 lograr <strong>una autonom\u00eda \u00abcercana a los 400 km\u00bb<\/strong>). Tampoco hay informaci\u00f3n sobre la potencia pico que admite la recarga en <a href=\"https:\/\/www.km77.com\/glosario\/corriente-el%C3%A9ctrica\">corriente<\/a> continua, pero s\u00ed alg\u00fan dato poco esclarecedor sobre el tiempo de espera para pasar del 30 al 80 %: <strong>\u00abentre 20 y 30 minutos\u00bb<\/strong> (un abanico amplio, que en cualquier caso da a entender que este no es uno de los puntos fuertes del modelo). En corriente alterna podr\u00e1 cargar a 11 kW.<\/p>\n\n\n\n<p>El interior tiene la configuraci\u00f3n habitual m\u00e1s hoy en d\u00eda, con una pantalla para la instrumentaci\u00f3n (<strong>8,88 pulgadas<\/strong>) y otra para manejar el sistema multimedia (de <strong>15,6 pulgadas<\/strong> y movido por un chip Qualcomm Snapdragon). Por supuesto, pocos mandos f\u00edsicos, m\u00e1s all\u00e1 de los presentes en los brazos del volante y en cada una de las puertas. <\/p>\n\n\n\n<figure class=\"wp-block-image size-large\"><img decoding=\"async\" width=\"1024\" height=\"683\" src=\"https:\/\/www.km77.com\/revista\/wp-content\/uploads\/2026\/04\/Ebro-Urbano-salpicadero-1024x683.jpg\" alt=\"Ebro Urbano - vista salpicadero\" class=\"wp-image-69271\" srcset=\"https:\/\/www.km77.com\/revista\/wp-content\/uploads\/2026\/04\/Ebro-Urbano-salpicadero-1024x683.jpg 1024w, https:\/\/www.km77.com\/revista\/wp-content\/uploads\/2026\/04\/Ebro-Urbano-salpicadero-980x653.jpg 980w, https:\/\/www.km77.com\/revista\/wp-content\/uploads\/2026\/04\/Ebro-Urbano-salpicadero-480x320.jpg 480w\" sizes=\"(min-width: 0px) and (max-width: 480px) 480px, (min-width: 481px) and (max-width: 980px) 980px, (min-width: 981px) 1024px, 100vw\" \/><\/figure>\n\n\n\n<p>Otros elementos de equipamiento que podr\u00e1 tener este nuevo modelo son un <strong>cargador inal\u00e1mbrico para tel\u00e9fonos m\u00f3viles<\/strong> con 50 vatios de potencia y refrigeraci\u00f3n por aire, un climatizador de dos zonas, llantas de aleaci\u00f3n parcialmente carenadas (un dise\u00f1o que reduce la resistencia al avance) o unos faros de ledes.<\/p>\n\n\n\n<figure class=\"wp-block-gallery has-nested-images columns-default is-cropped wp-block-gallery-2 is-layout-flex wp-block-gallery-is-layout-flex\">\n<figure class=\"wp-block-image size-large\"><img decoding=\"async\" width=\"1024\" height=\"683\" data-id=\"69268\" src=\"https:\/\/www.km77.com\/revista\/wp-content\/uploads\/2026\/04\/Ebro-Urbano-frontal-1024x683.jpg\" alt=\"Ebro Urbano - vista frontal\" class=\"wp-image-69268\" srcset=\"https:\/\/www.km77.com\/revista\/wp-content\/uploads\/2026\/04\/Ebro-Urbano-frontal-1024x683.jpg 1024w, https:\/\/www.km77.com\/revista\/wp-content\/uploads\/2026\/04\/Ebro-Urbano-frontal-980x653.jpg 980w, https:\/\/www.km77.com\/revista\/wp-content\/uploads\/2026\/04\/Ebro-Urbano-frontal-480x320.jpg 480w\" sizes=\"(min-width: 0px) and (max-width: 480px) 480px, (min-width: 481px) and (max-width: 980px) 980px, (min-width: 981px) 1024px, 100vw\" \/><\/figure>\n\n\n\n<figure class=\"wp-block-image size-large\"><img decoding=\"async\" width=\"1024\" height=\"683\" data-id=\"69267\" src=\"https:\/\/www.km77.com\/revista\/wp-content\/uploads\/2026\/04\/Ebro-Urbano-frontal-lateral-1024x683.jpg\" alt=\"Ebro Urbano - vista frontal - lateral\" class=\"wp-image-69267\" srcset=\"https:\/\/www.km77.com\/revista\/wp-content\/uploads\/2026\/04\/Ebro-Urbano-frontal-lateral-1024x683.jpg 1024w, https:\/\/www.km77.com\/revista\/wp-content\/uploads\/2026\/04\/Ebro-Urbano-frontal-lateral-980x653.jpg 980w, https:\/\/www.km77.com\/revista\/wp-content\/uploads\/2026\/04\/Ebro-Urbano-frontal-lateral-480x320.jpg 480w\" sizes=\"(min-width: 0px) and (max-width: 480px) 480px, (min-width: 481px) and (max-width: 980px) 980px, (min-width: 981px) 1024px, 100vw\" \/><\/figure>\n\n\n\n<figure class=\"wp-block-image size-large\"><img decoding=\"async\" width=\"1024\" height=\"683\" data-id=\"69269\" src=\"https:\/\/www.km77.com\/revista\/wp-content\/uploads\/2026\/04\/Ebro-Urbano-lateral-1024x683.jpg\" alt=\"Ebro Urbano - vista lateral\" class=\"wp-image-69269\" srcset=\"https:\/\/www.km77.com\/revista\/wp-content\/uploads\/2026\/04\/Ebro-Urbano-lateral-1024x683.jpg 1024w, https:\/\/www.km77.com\/revista\/wp-content\/uploads\/2026\/04\/Ebro-Urbano-lateral-980x653.jpg 980w, https:\/\/www.km77.com\/revista\/wp-content\/uploads\/2026\/04\/Ebro-Urbano-lateral-480x320.jpg 480w\" sizes=\"(min-width: 0px) and (max-width: 480px) 480px, (min-width: 481px) and (max-width: 980px) 980px, (min-width: 981px) 1024px, 100vw\" \/><\/figure>\n\n\n\n<figure class=\"wp-block-image size-large\"><img decoding=\"async\" width=\"1024\" height=\"683\" data-id=\"69271\" src=\"https:\/\/www.km77.com\/revista\/wp-content\/uploads\/2026\/04\/Ebro-Urbano-salpicadero-1024x683.jpg\" alt=\"Ebro Urbano - vista salpicadero\" class=\"wp-image-69271\" srcset=\"https:\/\/www.km77.com\/revista\/wp-content\/uploads\/2026\/04\/Ebro-Urbano-salpicadero-1024x683.jpg 1024w, https:\/\/www.km77.com\/revista\/wp-content\/uploads\/2026\/04\/Ebro-Urbano-salpicadero-980x653.jpg 980w, https:\/\/www.km77.com\/revista\/wp-content\/uploads\/2026\/04\/Ebro-Urbano-salpicadero-480x320.jpg 480w\" sizes=\"(min-width: 0px) and (max-width: 480px) 480px, (min-width: 481px) and (max-width: 980px) 980px, (min-width: 981px) 1024px, 100vw\" \/><\/figure>\n\n\n\n<figure class=\"wp-block-image size-large\"><img decoding=\"async\" width=\"1024\" height=\"683\" data-id=\"69272\" src=\"https:\/\/www.km77.com\/revista\/wp-content\/uploads\/2026\/04\/Ebro-Urbano-volante-1024x683.jpg\" alt=\"Ebro Urbano - vista volante\" class=\"wp-image-69272\" srcset=\"https:\/\/www.km77.com\/revista\/wp-content\/uploads\/2026\/04\/Ebro-Urbano-volante-1024x683.jpg 1024w, https:\/\/www.km77.com\/revista\/wp-content\/uploads\/2026\/04\/Ebro-Urbano-volante-980x653.jpg 980w, https:\/\/www.km77.com\/revista\/wp-content\/uploads\/2026\/04\/Ebro-Urbano-volante-480x320.jpg 480w\" sizes=\"(min-width: 0px) and (max-width: 480px) 480px, (min-width: 481px) and (max-width: 980px) 980px, (min-width: 981px) 1024px, 100vw\" \/><\/figure>\n\n\n\n<figure class=\"wp-block-image size-large\"><img decoding=\"async\" width=\"1024\" height=\"683\" data-id=\"69270\" src=\"https:\/\/www.km77.com\/revista\/wp-content\/uploads\/2026\/04\/Ebro-Urbano-pantalla-salpicadero-1024x683.jpg\" alt=\"Ebro Urbano - vista pantalla - salpicadero\" class=\"wp-image-69270\" srcset=\"https:\/\/www.km77.com\/revista\/wp-content\/uploads\/2026\/04\/Ebro-Urbano-pantalla-salpicadero-1024x683.jpg 1024w, https:\/\/www.km77.com\/revista\/wp-content\/uploads\/2026\/04\/Ebro-Urbano-pantalla-salpicadero-980x653.jpg 980w, https:\/\/www.km77.com\/revista\/wp-content\/uploads\/2026\/04\/Ebro-Urbano-pantalla-salpicadero-480x320.jpg 480w\" sizes=\"(min-width: 0px) and (max-width: 480px) 480px, (min-width: 481px) and (max-width: 980px) 980px, (min-width: 981px) 1024px, 100vw\" \/><\/figure>\n<\/figure>\n","protected":false},"excerpt":{"rendered":"<p>A finales del presente a\u00f1o 2026, EBRO ampliar\u00e1 su gama con un nuevo modelo. A los s400, s700, s800 y s900 se unir\u00e1 un miembro que cambiar\u00e1 mucho de registro, ya que no tendr\u00e1 una carrocer\u00eda de tipo SUV (es un turismo) y adem\u00e1s se mover\u00e1 \u00fanicamente mediante energ\u00eda el\u00e9ctrica (hasta ahora, todos los modelos [&hellip;]<\/p>\n","protected":false},"author":54,"featured_media":69268,"comment_status":"open","ping_status":"closed","sticky":false,"template":"","format":"standard","meta":{"_et_pb_use_builder":"off","_et_pb_old_content":"","_et_gb_content_width":"","footnotes":""},"categories":[3912],"tags":[13653,10794,3028],"class_list":["post-69264","post","type-post","status-publish","format-standard","has-post-thumbnail","hentry","category-engendro-mecanico","tag-ebro","tag-electrico-2","tag-urbano"],"yoast_head":"<!-- This site is optimized with the Yoast SEO plugin v27.4 - https:\/\/yoast.com\/product\/yoast-seo-wordpress\/ -->\n<title>La apuesta de EBRO por los urbanos el\u00e9ctricos - Revista km77<\/title>\n<meta name=\"description\" content=\"El nuevo modelo de Ebro medir\u00e1 unos 4,2 metros de longitud, tendr\u00e1 cinco puertas y se mover\u00e1 mediante un motor el\u00e9ctrico de 122 CV.\" \/>\n<meta name=\"robots\" content=\"index, follow, max-snippet:-1, max-image-preview:large, max-video-preview:-1\" \/>\n<link rel=\"canonical\" href=\"https:\/\/www.km77.com\/revista\/engendro-mecanico\/la-apuesta-de-ebro-por-los-urbanos-electricos\/\" \/>\n<meta property=\"og:locale\" content=\"es_ES\" \/>\n<meta property=\"og:type\" content=\"article\" \/>\n<meta property=\"og:title\" content=\"La apuesta de EBRO por los urbanos el\u00e9ctricos - Revista km77\" \/>\n<meta property=\"og:description\" content=\"El nuevo modelo de Ebro medir\u00e1 unos 4,2 metros de longitud, tendr\u00e1 cinco puertas y se mover\u00e1 mediante un motor el\u00e9ctrico de 122 CV.\" \/>\n<meta property=\"og:url\" content=\"https:\/\/www.km77.com\/revista\/engendro-mecanico\/la-apuesta-de-ebro-por-los-urbanos-electricos\/\" \/>\n<meta property=\"og:site_name\" content=\"Revista km77\" \/>\n<meta property=\"article:published_time\" content=\"2026-04-27T07:47:33+00:00\" \/>\n<meta property=\"article:modified_time\" content=\"2026-04-27T08:08:26+00:00\" \/>\n<meta property=\"og:image\" content=\"https:\/\/www.km77.com\/revista\/wp-content\/uploads\/2026\/04\/Ebro-Urbano-frontal.jpg\" \/>\n\t<meta property=\"og:image:width\" content=\"1200\" \/>\n\t<meta property=\"og:image:height\" content=\"800\" \/>\n\t<meta property=\"og:image:type\" content=\"image\/jpeg\" \/>\n<meta name=\"author\" content=\"Fernando R\u00edos\" \/>\n<meta name=\"twitter:card\" content=\"summary_large_image\" \/>\n<meta name=\"twitter:creator\" content=\"@RiversChains\" \/>\n<meta name=\"twitter:label1\" content=\"Escrito por\" \/>\n\t<meta name=\"twitter:data1\" content=\"Fernando R\u00edos\" \/>\n\t<meta name=\"twitter:label2\" content=\"Tiempo de lectura\" \/>\n\t<meta name=\"twitter:data2\" content=\"4 minutos\" \/>\n<script type=\"application\/ld+json\" class=\"yoast-schema-graph\">{\"@context\":\"https:\\\/\\\/schema.org\",\"@graph\":[{\"@type\":\"Article\",\"@id\":\"https:\\\/\\\/www.km77.com\\\/revista\\\/engendro-mecanico\\\/la-apuesta-de-ebro-por-los-urbanos-electricos\\\/#article\",\"isPartOf\":{\"@id\":\"https:\\\/\\\/www.km77.com\\\/revista\\\/engendro-mecanico\\\/la-apuesta-de-ebro-por-los-urbanos-electricos\\\/\"},\"author\":{\"name\":\"Fernando R\u00edos\",\"@id\":\"https:\\\/\\\/www.km77.com\\\/revista\\\/#\\\/schema\\\/person\\\/6e8502cd175179aa8ded1e33c7683ca4\"},\"headline\":\"La apuesta de EBRO por los urbanos el\u00e9ctricos\",\"datePublished\":\"2026-04-27T07:47:33+00:00\",\"dateModified\":\"2026-04-27T08:08:26+00:00\",\"mainEntityOfPage\":{\"@id\":\"https:\\\/\\\/www.km77.com\\\/revista\\\/engendro-mecanico\\\/la-apuesta-de-ebro-por-los-urbanos-electricos\\\/\"},\"wordCount\":433,\"commentCount\":2,\"publisher\":{\"@id\":\"https:\\\/\\\/www.km77.com\\\/revista\\\/#organization\"},\"image\":{\"@id\":\"https:\\\/\\\/www.km77.com\\\/revista\\\/engendro-mecanico\\\/la-apuesta-de-ebro-por-los-urbanos-electricos\\\/#primaryimage\"},\"thumbnailUrl\":\"https:\\\/\\\/www.km77.com\\\/revista\\\/wp-content\\\/uploads\\\/2026\\\/04\\\/Ebro-Urbano-frontal.jpg\",\"keywords\":[\"ebro\",\"electrico\",\"urbano\"],\"articleSection\":[\"Engendro Mec\u00e1nico\"],\"inLanguage\":\"es\",\"potentialAction\":[{\"@type\":\"CommentAction\",\"name\":\"Comment\",\"target\":[\"https:\\\/\\\/www.km77.com\\\/revista\\\/engendro-mecanico\\\/la-apuesta-de-ebro-por-los-urbanos-electricos\\\/#respond\"]}]},{\"@type\":\"WebPage\",\"@id\":\"https:\\\/\\\/www.km77.com\\\/revista\\\/engendro-mecanico\\\/la-apuesta-de-ebro-por-los-urbanos-electricos\\\/\",\"url\":\"https:\\\/\\\/www.km77.com\\\/revista\\\/engendro-mecanico\\\/la-apuesta-de-ebro-por-los-urbanos-electricos\\\/\",\"name\":\"La apuesta de EBRO por los urbanos el\u00e9ctricos - Revista km77\",\"isPartOf\":{\"@id\":\"https:\\\/\\\/www.km77.com\\\/revista\\\/#website\"},\"primaryImageOfPage\":{\"@id\":\"https:\\\/\\\/www.km77.com\\\/revista\\\/engendro-mecanico\\\/la-apuesta-de-ebro-por-los-urbanos-electricos\\\/#primaryimage\"},\"image\":{\"@id\":\"https:\\\/\\\/www.km77.com\\\/revista\\\/engendro-mecanico\\\/la-apuesta-de-ebro-por-los-urbanos-electricos\\\/#primaryimage\"},\"thumbnailUrl\":\"https:\\\/\\\/www.km77.com\\\/revista\\\/wp-content\\\/uploads\\\/2026\\\/04\\\/Ebro-Urbano-frontal.jpg\",\"datePublished\":\"2026-04-27T07:47:33+00:00\",\"dateModified\":\"2026-04-27T08:08:26+00:00\",\"description\":\"El nuevo modelo de Ebro medir\u00e1 unos 4,2 metros de longitud, tendr\u00e1 cinco puertas y se mover\u00e1 mediante un motor el\u00e9ctrico de 122 CV.\",\"breadcrumb\":{\"@id\":\"https:\\\/\\\/www.km77.com\\\/revista\\\/engendro-mecanico\\\/la-apuesta-de-ebro-por-los-urbanos-electricos\\\/#breadcrumb\"},\"inLanguage\":\"es\",\"potentialAction\":[{\"@type\":\"ReadAction\",\"target\":[\"https:\\\/\\\/www.km77.com\\\/revista\\\/engendro-mecanico\\\/la-apuesta-de-ebro-por-los-urbanos-electricos\\\/\"]}]},{\"@type\":\"ImageObject\",\"inLanguage\":\"es\",\"@id\":\"https:\\\/\\\/www.km77.com\\\/revista\\\/engendro-mecanico\\\/la-apuesta-de-ebro-por-los-urbanos-electricos\\\/#primaryimage\",\"url\":\"https:\\\/\\\/www.km77.com\\\/revista\\\/wp-content\\\/uploads\\\/2026\\\/04\\\/Ebro-Urbano-frontal.jpg\",\"contentUrl\":\"https:\\\/\\\/www.km77.com\\\/revista\\\/wp-content\\\/uploads\\\/2026\\\/04\\\/Ebro-Urbano-frontal.jpg\",\"width\":1200,\"height\":800,\"caption\":\"Ebro Urbano - vista frontal\"},{\"@type\":\"BreadcrumbList\",\"@id\":\"https:\\\/\\\/www.km77.com\\\/revista\\\/engendro-mecanico\\\/la-apuesta-de-ebro-por-los-urbanos-electricos\\\/#breadcrumb\",\"itemListElement\":[{\"@type\":\"ListItem\",\"position\":1,\"name\":\"Revista km77\",\"item\":\"https:\\\/\\\/www.km77.com\\\/revista\\\/\"},{\"@type\":\"ListItem\",\"position\":2,\"name\":\"Engendro Mec\u00e1nico\",\"item\":\"https:\\\/\\\/www.km77.com\\\/revista\\\/engendro-mecanico\\\/\"},{\"@type\":\"ListItem\",\"position\":3,\"name\":\"La apuesta de EBRO por los urbanos el\u00e9ctricos\"}]},{\"@type\":\"WebSite\",\"@id\":\"https:\\\/\\\/www.km77.com\\\/revista\\\/#website\",\"url\":\"https:\\\/\\\/www.km77.com\\\/revista\\\/\",\"name\":\"Revista km77\",\"description\":\"Revista de km77\",\"publisher\":{\"@id\":\"https:\\\/\\\/www.km77.com\\\/revista\\\/#organization\"},\"potentialAction\":[{\"@type\":\"SearchAction\",\"target\":{\"@type\":\"EntryPoint\",\"urlTemplate\":\"https:\\\/\\\/www.km77.com\\\/revista\\\/?s={search_term_string}\"},\"query-input\":{\"@type\":\"PropertyValueSpecification\",\"valueRequired\":true,\"valueName\":\"search_term_string\"}}],\"inLanguage\":\"es\"},{\"@type\":\"Organization\",\"@id\":\"https:\\\/\\\/www.km77.com\\\/revista\\\/#organization\",\"name\":\"KM77\",\"url\":\"https:\\\/\\\/www.km77.com\\\/revista\\\/\",\"logo\":{\"@type\":\"ImageObject\",\"inLanguage\":\"es\",\"@id\":\"https:\\\/\\\/www.km77.com\\\/revista\\\/#\\\/schema\\\/logo\\\/image\\\/\",\"url\":\"https:\\\/\\\/www.km77.com\\\/revista\\\/wp-content\\\/uploads\\\/2021\\\/02\\\/logo-km77.png\",\"contentUrl\":\"https:\\\/\\\/www.km77.com\\\/revista\\\/wp-content\\\/uploads\\\/2021\\\/02\\\/logo-km77.png\",\"width\":100,\"height\":34,\"caption\":\"KM77\"},\"image\":{\"@id\":\"https:\\\/\\\/www.km77.com\\\/revista\\\/#\\\/schema\\\/logo\\\/image\\\/\"}},{\"@type\":\"Person\",\"@id\":\"https:\\\/\\\/www.km77.com\\\/revista\\\/#\\\/schema\\\/person\\\/6e8502cd175179aa8ded1e33c7683ca4\",\"name\":\"Fernando R\u00edos\",\"image\":{\"@type\":\"ImageObject\",\"inLanguage\":\"es\",\"@id\":\"https:\\\/\\\/www.km77.com\\\/revista\\\/wp-content\\\/uploads\\\/2021\\\/05\\\/IMG-4980-120x120.jpg\",\"url\":\"https:\\\/\\\/www.km77.com\\\/revista\\\/wp-content\\\/uploads\\\/2021\\\/05\\\/IMG-4980-120x120.jpg\",\"contentUrl\":\"https:\\\/\\\/www.km77.com\\\/revista\\\/wp-content\\\/uploads\\\/2021\\\/05\\\/IMG-4980-120x120.jpg\",\"caption\":\"Fernando R\u00edos\"},\"description\":\"En km77 desde 2012, pero mi pasi\u00f3n por los coches viene desde que tengo uso de raz\u00f3n. Fiel defensor de la conducci\u00f3n como herramienta terap\u00e9utica.\",\"sameAs\":[\"http:\\\/\\\/km77.com\",\"https:\\\/\\\/x.com\\\/RiversChains\"],\"url\":\"https:\\\/\\\/www.km77.com\\\/revista\\\/author\\\/fernando-rios\\\/\"}]}<\/script>\n<!-- \/ Yoast SEO plugin. -->","yoast_head_json":{"title":"La apuesta de EBRO por los urbanos el\u00e9ctricos - Revista km77","description":"El nuevo modelo de Ebro medir\u00e1 unos 4,2 metros de longitud, tendr\u00e1 cinco puertas y se mover\u00e1 mediante un motor el\u00e9ctrico de 122 CV.","robots":{"index":"index","follow":"follow","max-snippet":"max-snippet:-1","max-image-preview":"max-image-preview:large","max-video-preview":"max-video-preview:-1"},"canonical":"https:\/\/www.km77.com\/revista\/engendro-mecanico\/la-apuesta-de-ebro-por-los-urbanos-electricos\/","og_locale":"es_ES","og_type":"article","og_title":"La apuesta de EBRO por los urbanos el\u00e9ctricos - Revista km77","og_description":"El nuevo modelo de Ebro medir\u00e1 unos 4,2 metros de longitud, tendr\u00e1 cinco puertas y se mover\u00e1 mediante un motor el\u00e9ctrico de 122 CV.","og_url":"https:\/\/www.km77.com\/revista\/engendro-mecanico\/la-apuesta-de-ebro-por-los-urbanos-electricos\/","og_site_name":"Revista km77","article_published_time":"2026-04-27T07:47:33+00:00","article_modified_time":"2026-04-27T08:08:26+00:00","og_image":[{"width":1200,"height":800,"url":"https:\/\/www.km77.com\/revista\/wp-content\/uploads\/2026\/04\/Ebro-Urbano-frontal.jpg","type":"image\/jpeg"}],"author":"Fernando R\u00edos","twitter_card":"summary_large_image","twitter_creator":"@RiversChains","twitter_misc":{"Escrito por":"Fernando R\u00edos","Tiempo de lectura":"4 minutos"},"schema":{"@context":"https:\/\/schema.org","@graph":[{"@type":"Article","@id":"https:\/\/www.km77.com\/revista\/engendro-mecanico\/la-apuesta-de-ebro-por-los-urbanos-electricos\/#article","isPartOf":{"@id":"https:\/\/www.km77.com\/revista\/engendro-mecanico\/la-apuesta-de-ebro-por-los-urbanos-electricos\/"},"author":{"name":"Fernando R\u00edos","@id":"https:\/\/www.km77.com\/revista\/#\/schema\/person\/6e8502cd175179aa8ded1e33c7683ca4"},"headline":"La apuesta de EBRO por los urbanos el\u00e9ctricos","datePublished":"2026-04-27T07:47:33+00:00","dateModified":"2026-04-27T08:08:26+00:00","mainEntityOfPage":{"@id":"https:\/\/www.km77.com\/revista\/engendro-mecanico\/la-apuesta-de-ebro-por-los-urbanos-electricos\/"},"wordCount":433,"commentCount":2,"publisher":{"@id":"https:\/\/www.km77.com\/revista\/#organization"},"image":{"@id":"https:\/\/www.km77.com\/revista\/engendro-mecanico\/la-apuesta-de-ebro-por-los-urbanos-electricos\/#primaryimage"},"thumbnailUrl":"https:\/\/www.km77.com\/revista\/wp-content\/uploads\/2026\/04\/Ebro-Urbano-frontal.jpg","keywords":["ebro","electrico","urbano"],"articleSection":["Engendro Mec\u00e1nico"],"inLanguage":"es","potentialAction":[{"@type":"CommentAction","name":"Comment","target":["https:\/\/www.km77.com\/revista\/engendro-mecanico\/la-apuesta-de-ebro-por-los-urbanos-electricos\/#respond"]}]},{"@type":"WebPage","@id":"https:\/\/www.km77.com\/revista\/engendro-mecanico\/la-apuesta-de-ebro-por-los-urbanos-electricos\/","url":"https:\/\/www.km77.com\/revista\/engendro-mecanico\/la-apuesta-de-ebro-por-los-urbanos-electricos\/","name":"La apuesta de EBRO por los urbanos el\u00e9ctricos - Revista km77","isPartOf":{"@id":"https:\/\/www.km77.com\/revista\/#website"},"primaryImageOfPage":{"@id":"https:\/\/www.km77.com\/revista\/engendro-mecanico\/la-apuesta-de-ebro-por-los-urbanos-electricos\/#primaryimage"},"image":{"@id":"https:\/\/www.km77.com\/revista\/engendro-mecanico\/la-apuesta-de-ebro-por-los-urbanos-electricos\/#primaryimage"},"thumbnailUrl":"https:\/\/www.km77.com\/revista\/wp-content\/uploads\/2026\/04\/Ebro-Urbano-frontal.jpg","datePublished":"2026-04-27T07:47:33+00:00","dateModified":"2026-04-27T08:08:26+00:00","description":"El nuevo modelo de Ebro medir\u00e1 unos 4,2 metros de longitud, tendr\u00e1 cinco puertas y se mover\u00e1 mediante un motor el\u00e9ctrico de 122 CV.","breadcrumb":{"@id":"https:\/\/www.km77.com\/revista\/engendro-mecanico\/la-apuesta-de-ebro-por-los-urbanos-electricos\/#breadcrumb"},"inLanguage":"es","potentialAction":[{"@type":"ReadAction","target":["https:\/\/www.km77.com\/revista\/engendro-mecanico\/la-apuesta-de-ebro-por-los-urbanos-electricos\/"]}]},{"@type":"ImageObject","inLanguage":"es","@id":"https:\/\/www.km77.com\/revista\/engendro-mecanico\/la-apuesta-de-ebro-por-los-urbanos-electricos\/#primaryimage","url":"https:\/\/www.km77.com\/revista\/wp-content\/uploads\/2026\/04\/Ebro-Urbano-frontal.jpg","contentUrl":"https:\/\/www.km77.com\/revista\/wp-content\/uploads\/2026\/04\/Ebro-Urbano-frontal.jpg","width":1200,"height":800,"caption":"Ebro Urbano - vista frontal"},{"@type":"BreadcrumbList","@id":"https:\/\/www.km77.com\/revista\/engendro-mecanico\/la-apuesta-de-ebro-por-los-urbanos-electricos\/#breadcrumb","itemListElement":[{"@type":"ListItem","position":1,"name":"Revista km77","item":"https:\/\/www.km77.com\/revista\/"},{"@type":"ListItem","position":2,"name":"Engendro Mec\u00e1nico","item":"https:\/\/www.km77.com\/revista\/engendro-mecanico\/"},{"@type":"ListItem","position":3,"name":"La apuesta de EBRO por los urbanos el\u00e9ctricos"}]},{"@type":"WebSite","@id":"https:\/\/www.km77.com\/revista\/#website","url":"https:\/\/www.km77.com\/revista\/","name":"Revista km77","description":"Revista de km77","publisher":{"@id":"https:\/\/www.km77.com\/revista\/#organization"},"potentialAction":[{"@type":"SearchAction","target":{"@type":"EntryPoint","urlTemplate":"https:\/\/www.km77.com\/revista\/?s={search_term_string}"},"query-input":{"@type":"PropertyValueSpecification","valueRequired":true,"valueName":"search_term_string"}}],"inLanguage":"es"},{"@type":"Organization","@id":"https:\/\/www.km77.com\/revista\/#organization","name":"KM77","url":"https:\/\/www.km77.com\/revista\/","logo":{"@type":"ImageObject","inLanguage":"es","@id":"https:\/\/www.km77.com\/revista\/#\/schema\/logo\/image\/","url":"https:\/\/www.km77.com\/revista\/wp-content\/uploads\/2021\/02\/logo-km77.png","contentUrl":"https:\/\/www.km77.com\/revista\/wp-content\/uploads\/2021\/02\/logo-km77.png","width":100,"height":34,"caption":"KM77"},"image":{"@id":"https:\/\/www.km77.com\/revista\/#\/schema\/logo\/image\/"}},{"@type":"Person","@id":"https:\/\/www.km77.com\/revista\/#\/schema\/person\/6e8502cd175179aa8ded1e33c7683ca4","name":"Fernando R\u00edos","image":{"@type":"ImageObject","inLanguage":"es","@id":"https:\/\/www.km77.com\/revista\/wp-content\/uploads\/2021\/05\/IMG-4980-120x120.jpg","url":"https:\/\/www.km77.com\/revista\/wp-content\/uploads\/2021\/05\/IMG-4980-120x120.jpg","contentUrl":"https:\/\/www.km77.com\/revista\/wp-content\/uploads\/2021\/05\/IMG-4980-120x120.jpg","caption":"Fernando R\u00edos"},"description":"En km77 desde 2012, pero mi pasi\u00f3n por los coches viene desde que tengo uso de raz\u00f3n. Fiel defensor de la conducci\u00f3n como herramienta terap\u00e9utica.","sameAs":["http:\/\/km77.com","https:\/\/x.com\/RiversChains"],"url":"https:\/\/www.km77.com\/revista\/author\/fernando-rios\/"}]}},"amp_enabled":true,"_links":{"self":[{"href":"https:\/\/www.km77.com\/revista\/wp-json\/wp\/v2\/posts\/69264","targetHints":{"allow":["GET"]}}],"collection":[{"href":"https:\/\/www.km77.com\/revista\/wp-json\/wp\/v2\/posts"}],"about":[{"href":"https:\/\/www.km77.com\/revista\/wp-json\/wp\/v2\/types\/post"}],"author":[{"embeddable":true,"href":"https:\/\/www.km77.com\/revista\/wp-json\/wp\/v2\/users\/54"}],"replies":[{"embeddable":true,"href":"https:\/\/www.km77.com\/revista\/wp-json\/wp\/v2\/comments?post=69264"}],"version-history":[{"count":6,"href":"https:\/\/www.km77.com\/revista\/wp-json\/wp\/v2\/posts\/69264\/revisions"}],"predecessor-version":[{"id":69281,"href":"https:\/\/www.km77.com\/revista\/wp-json\/wp\/v2\/posts\/69264\/revisions\/69281"}],"wp:featuredmedia":[{"embeddable":true,"href":"https:\/\/www.km77.com\/revista\/wp-json\/wp\/v2\/media\/69268"}],"wp:attachment":[{"href":"https:\/\/www.km77.com\/revista\/wp-json\/wp\/v2\/media?parent=69264"}],"wp:term":[{"taxonomy":"category","embeddable":true,"href":"https:\/\/www.km77.com\/revista\/wp-json\/wp\/v2\/categories?post=69264"},{"taxonomy":"post_tag","embeddable":true,"href":"https:\/\/www.km77.com\/revista\/wp-json\/wp\/v2\/tags?post=69264"}],"curies":[{"name":"wp","href":"https:\/\/api.w.org\/{rel}","templated":true}]}}