{"id":68351,"date":"2026-03-26T10:58:34","date_gmt":"2026-03-26T09:58:34","guid":{"rendered":"https:\/\/www.km77.com\/revista\/?p=68351"},"modified":"2026-03-27T07:54:26","modified_gmt":"2026-03-27T06:54:26","slug":"mg-producira-en-serie-baterias-semisolidas-por-primera-vez","status":"publish","type":"post","link":"https:\/\/www.km77.com\/revista\/engendro-mecanico\/mg-producira-en-serie-baterias-semisolidas-por-primera-vez\/","title":{"rendered":"MG anuncia la producci\u00f3n en serie de su bater\u00eda semis\u00f3lida SolidCore"},"content":{"rendered":"\n<p>Las bater\u00edas s\u00f3lidas parecen ser el futuro de la movilidad el\u00e9ctrica y la gran esperanza para atraer a los consumidores reacios. Sus prestaciones invitan a pensar que pueden dar rendimientos similares a los dep\u00f3sitos de combustible. En esta transici\u00f3n, las bater\u00edas semis\u00f3lidas son como el veh\u00edculo h\u00edbrido: una fase intermedia de mejora antes de llegar al objetivo. MG ha anunciado la <strong>producci\u00f3n en serie de la \u00abMG SolidCore Battery\u00bb. <\/strong>No es la primera marca en usar una bater\u00eda de este tipo, pero s\u00ed la primera en hacerlo a \u00abgran escala\u00bb.<br><br><strong>Habr\u00e1 que esperar eso s\u00ed para su llegada a Europa<\/strong>, ya se espera que <strong>a finales de 2026 comience a comercializarse con el <a href=\"https:\/\/www.km77.com\/coches\/mg\/mg4-urban\/2026\/estandar\/informacion\" target=\"_blank\" rel=\"noreferrer noopener\">MG4 Urban<\/a> <\/strong>(aunque ha sido anunciado recientemente con bater\u00edas de tipo LFP)<strong>.<\/strong> Posteriormente se prev\u00e9 que tambi\u00e9n llegue su versi\u00f3n SUV, el MG 4X. Se espera que la producci\u00f3n de estas bater\u00edas baje los costes energ\u00e9ticos, por lo que la rentabilidad tambi\u00e9n ser\u00e1 clave y los precios no deber\u00edan ser elevados.<br><br>La <strong>diferencia entre los tipos de bater\u00edas se basa en los electrolitos<\/strong> que permiten la generaci\u00f3n de energ\u00eda. Estos son clave para el movimiento de los iones de litio entre los electrodos. Las que se usan actualmente, bien de NMC o de LFP, se denominan <strong><a href=\"https:\/\/www.km77.com\/revista\/general\/baterias-ncm-lfp-y-como-la-quimica-marca-sus-diferencias\/\">l\u00edquidas<\/a> porque los electrolitos se encuentran en ese estado. <\/strong>Las <strong>semis\u00f3lidas <\/strong>tienen gran parte de los electrolitos s\u00f3lidos (en el caso de la de <strong>MG un 95%<\/strong>), aunque a\u00fan necesitan una peque\u00f1a parte l\u00edquida. Por tanto, las <strong>bater\u00edas s\u00f3lidas <\/strong>tienen los electrolitos en ese estado al 100%, algo que <strong>se estima que pueda estar disponible para 2027-2028.<\/strong><\/p>\n\n\n\n<h3 class=\"wp-block-heading\">Movilidad i\u00f3nica tridimensional<\/h3>\n\n\n\n<p>Esa es la clave en el rendimiento de la bater\u00eda \u00abMG SolidCore\u00bb. <strong>La estructura de la bater\u00eda de MG es de espinela de manganeso. Esto permite una movilidad i\u00f3nica en las tres dimensiones<\/strong>, a diferencia de las bater\u00edas l\u00edquidas actuales que permiten ese movimiento en una o dos. <\/p>\n\n\n\n<p>Su <strong>fabricaci\u00f3n <\/strong>corre a cargo de la empresa <strong>QingTao Energy<\/strong>; la<strong> divisi\u00f3n de ingenier\u00eda de MG trabaja conjuntamente con ella en su dise\u00f1o e integraci\u00f3n.<\/strong><\/p>\n\n\n\n<figure class=\"wp-block-image size-large\"><img decoding=\"async\" width=\"1024\" height=\"576\" src=\"https:\/\/www.km77.com\/revista\/wp-content\/uploads\/2026\/03\/Bateria-semisolida-MG-1024x576.jpg\" alt=\"\" class=\"wp-image-68371\" srcset=\"https:\/\/www.km77.com\/revista\/wp-content\/uploads\/2026\/03\/Bateria-semisolida-MG-1024x576.jpg 1024w, https:\/\/www.km77.com\/revista\/wp-content\/uploads\/2026\/03\/Bateria-semisolida-MG-980x551.jpg 980w, https:\/\/www.km77.com\/revista\/wp-content\/uploads\/2026\/03\/Bateria-semisolida-MG-480x270.jpg 480w\" sizes=\"(min-width: 0px) and (max-width: 480px) 480px, (min-width: 481px) and (max-width: 980px) 980px, (min-width: 981px) 1024px, 100vw\" \/><figcaption class=\"wp-element-caption\">\u00abMG SolidCore Battery\u00bb<\/figcaption><\/figure>\n\n\n\n<p>Esa diferencia permite, seg\u00fan datos de MG, una <strong>respuesta de la potencia un 20% m\u00e1s r\u00e1pida y cargas un 15% m\u00e1s veloces en condiciones de fr\u00edo extremo.<\/strong> Adem\u00e1s, en el modelo MG4, se espera una <strong>velocidad de carga de 21 minutos para pasar del 30% al 80%.<\/strong> Todo ello unido a las mejoras respecto a su densidad energ\u00e9tica, mayor seguridad y un funcionamiento muy superior en bajas temperaturas de la bater\u00eda semis\u00f3lida.<\/p>\n\n\n\n<h3 class=\"wp-block-heading\">El fr\u00edo y la seguridad, claves en esta nueva bater\u00eda \u00abMG SolidCore\u00bb<\/h3>\n\n\n\n<p>El funcionamiento de los coches el\u00e9ctricos en fr\u00edo es un punto de conflicto con los consumidores, ya que pierden autonom\u00eda, algo que no ocurre con los coches de combusti\u00f3n. Con las bater\u00edas semis\u00f3lidas <strong>MG espera mejorar su retenci\u00f3n de energ\u00eda en un 13,8% frente a las l\u00edquidas actuales. <\/strong>Adem\u00e1s, aseguran que en temperaturas de -20 \u00baC mantienen m\u00e1s del 90% de su capacidad.<\/p>\n\n\n\n<p>En cuanto a la seguridad, ese <strong>95% s\u00f3lido permite reducir dr\u00e1sticamente su posibilidad de incendios.<\/strong> No obstante, al mantener un peque\u00f1o porcentaje l\u00edquido, los riesgos seguir\u00e1n existiendo, aunque en menor medida. MG asegura que ha puesto a prueba la bater\u00eda sin entrar en problemas en rangos de temperatura de -30 \u00baC y hasta m\u00e1s de 1000 \u00baC.<\/p>\n","protected":false},"excerpt":{"rendered":"<p>Las bater\u00edas s\u00f3lidas parecen ser el futuro de la movilidad el\u00e9ctrica y la gran esperanza para atraer a los consumidores reacios. Sus prestaciones invitan a pensar que pueden dar rendimientos similares a los dep\u00f3sitos de combustible. En esta transici\u00f3n, las bater\u00edas semis\u00f3lidas son como el veh\u00edculo h\u00edbrido: una fase intermedia de mejora antes de llegar [&hellip;]<\/p>\n","protected":false},"author":91,"featured_media":68455,"comment_status":"open","ping_status":"closed","sticky":false,"template":"","format":"standard","meta":{"_et_pb_use_builder":"off","_et_pb_old_content":"","_et_gb_content_width":"","footnotes":""},"categories":[3912],"tags":[503,6181],"class_list":["post-68351","post","type-post","status-publish","format-standard","has-post-thumbnail","hentry","category-engendro-mecanico","tag-bateria","tag-mg"],"yoast_head":"<!-- This site is optimized with the Yoast SEO plugin v27.5 - https:\/\/yoast.com\/product\/yoast-seo-wordpress\/ -->\n<title>MG producir\u00e1 en serie bater\u00edas semis\u00f3lidas por primera vez<\/title>\n<meta name=\"description\" content=\"La marca china anuncia \u00abMG SolidCore Battery\u00bb, siendo pioneros en la producci\u00f3n en serie de bater\u00edas semis\u00f3lidas en el mundo.\" \/>\n<meta name=\"robots\" content=\"index, follow, max-snippet:-1, max-image-preview:large, max-video-preview:-1\" \/>\n<link rel=\"canonical\" href=\"https:\/\/www.km77.com\/revista\/engendro-mecanico\/mg-producira-en-serie-baterias-semisolidas-por-primera-vez\/\" \/>\n<meta property=\"og:locale\" content=\"es_ES\" \/>\n<meta property=\"og:type\" content=\"article\" \/>\n<meta property=\"og:title\" content=\"MG producir\u00e1 en serie bater\u00edas semis\u00f3lidas por primera vez\" \/>\n<meta property=\"og:description\" content=\"La marca china anuncia \u00abMG SolidCore Battery\u00bb, siendo pioneros en la producci\u00f3n en serie de bater\u00edas semis\u00f3lidas en el mundo.\" \/>\n<meta property=\"og:url\" content=\"https:\/\/www.km77.com\/revista\/engendro-mecanico\/mg-producira-en-serie-baterias-semisolidas-por-primera-vez\/\" \/>\n<meta property=\"og:site_name\" content=\"Revista km77\" \/>\n<meta property=\"article:published_time\" content=\"2026-03-26T09:58:34+00:00\" \/>\n<meta property=\"article:modified_time\" content=\"2026-03-27T06:54:26+00:00\" \/>\n<meta property=\"og:image\" content=\"https:\/\/www.km77.com\/revista\/wp-content\/uploads\/2026\/03\/Bateria-semisolida-MG-1.jpg\" \/>\n\t<meta property=\"og:image:width\" content=\"1200\" \/>\n\t<meta property=\"og:image:height\" content=\"800\" \/>\n\t<meta property=\"og:image:type\" content=\"image\/jpeg\" \/>\n<meta name=\"author\" content=\"Daniel Gonzalez\" \/>\n<meta name=\"twitter:card\" content=\"summary_large_image\" \/>\n<meta name=\"twitter:label1\" content=\"Escrito por\" \/>\n\t<meta name=\"twitter:data1\" content=\"Daniel Gonzalez\" \/>\n\t<meta name=\"twitter:label2\" content=\"Tiempo de lectura\" \/>\n\t<meta name=\"twitter:data2\" content=\"3 minutos\" \/>\n<script type=\"application\/ld+json\" class=\"yoast-schema-graph\">{\"@context\":\"https:\\\/\\\/schema.org\",\"@graph\":[{\"@type\":\"Article\",\"@id\":\"https:\\\/\\\/www.km77.com\\\/revista\\\/engendro-mecanico\\\/mg-producira-en-serie-baterias-semisolidas-por-primera-vez\\\/#article\",\"isPartOf\":{\"@id\":\"https:\\\/\\\/www.km77.com\\\/revista\\\/engendro-mecanico\\\/mg-producira-en-serie-baterias-semisolidas-por-primera-vez\\\/\"},\"author\":{\"name\":\"Daniel Gonzalez\",\"@id\":\"https:\\\/\\\/www.km77.com\\\/revista\\\/#\\\/schema\\\/person\\\/31de1565be120209b9c2c6a3c65ca1a7\"},\"headline\":\"MG anuncia la producci\u00f3n en serie de su bater\u00eda semis\u00f3lida SolidCore\",\"datePublished\":\"2026-03-26T09:58:34+00:00\",\"dateModified\":\"2026-03-27T06:54:26+00:00\",\"mainEntityOfPage\":{\"@id\":\"https:\\\/\\\/www.km77.com\\\/revista\\\/engendro-mecanico\\\/mg-producira-en-serie-baterias-semisolidas-por-primera-vez\\\/\"},\"wordCount\":621,\"commentCount\":5,\"publisher\":{\"@id\":\"https:\\\/\\\/www.km77.com\\\/revista\\\/#organization\"},\"image\":{\"@id\":\"https:\\\/\\\/www.km77.com\\\/revista\\\/engendro-mecanico\\\/mg-producira-en-serie-baterias-semisolidas-por-primera-vez\\\/#primaryimage\"},\"thumbnailUrl\":\"https:\\\/\\\/www.km77.com\\\/revista\\\/wp-content\\\/uploads\\\/2026\\\/03\\\/Bateria-semisolida-MG-1.jpg\",\"keywords\":[\"Bater\u00eda\",\"MG\"],\"articleSection\":[\"Engendro Mec\u00e1nico\"],\"inLanguage\":\"es\",\"potentialAction\":[{\"@type\":\"CommentAction\",\"name\":\"Comment\",\"target\":[\"https:\\\/\\\/www.km77.com\\\/revista\\\/engendro-mecanico\\\/mg-producira-en-serie-baterias-semisolidas-por-primera-vez\\\/#respond\"]}]},{\"@type\":\"WebPage\",\"@id\":\"https:\\\/\\\/www.km77.com\\\/revista\\\/engendro-mecanico\\\/mg-producira-en-serie-baterias-semisolidas-por-primera-vez\\\/\",\"url\":\"https:\\\/\\\/www.km77.com\\\/revista\\\/engendro-mecanico\\\/mg-producira-en-serie-baterias-semisolidas-por-primera-vez\\\/\",\"name\":\"MG producir\u00e1 en serie bater\u00edas semis\u00f3lidas por primera vez\",\"isPartOf\":{\"@id\":\"https:\\\/\\\/www.km77.com\\\/revista\\\/#website\"},\"primaryImageOfPage\":{\"@id\":\"https:\\\/\\\/www.km77.com\\\/revista\\\/engendro-mecanico\\\/mg-producira-en-serie-baterias-semisolidas-por-primera-vez\\\/#primaryimage\"},\"image\":{\"@id\":\"https:\\\/\\\/www.km77.com\\\/revista\\\/engendro-mecanico\\\/mg-producira-en-serie-baterias-semisolidas-por-primera-vez\\\/#primaryimage\"},\"thumbnailUrl\":\"https:\\\/\\\/www.km77.com\\\/revista\\\/wp-content\\\/uploads\\\/2026\\\/03\\\/Bateria-semisolida-MG-1.jpg\",\"datePublished\":\"2026-03-26T09:58:34+00:00\",\"dateModified\":\"2026-03-27T06:54:26+00:00\",\"description\":\"La marca china anuncia \u00abMG SolidCore Battery\u00bb, siendo pioneros en la producci\u00f3n en serie de bater\u00edas semis\u00f3lidas en el mundo.\",\"breadcrumb\":{\"@id\":\"https:\\\/\\\/www.km77.com\\\/revista\\\/engendro-mecanico\\\/mg-producira-en-serie-baterias-semisolidas-por-primera-vez\\\/#breadcrumb\"},\"inLanguage\":\"es\",\"potentialAction\":[{\"@type\":\"ReadAction\",\"target\":[\"https:\\\/\\\/www.km77.com\\\/revista\\\/engendro-mecanico\\\/mg-producira-en-serie-baterias-semisolidas-por-primera-vez\\\/\"]}]},{\"@type\":\"ImageObject\",\"inLanguage\":\"es\",\"@id\":\"https:\\\/\\\/www.km77.com\\\/revista\\\/engendro-mecanico\\\/mg-producira-en-serie-baterias-semisolidas-por-primera-vez\\\/#primaryimage\",\"url\":\"https:\\\/\\\/www.km77.com\\\/revista\\\/wp-content\\\/uploads\\\/2026\\\/03\\\/Bateria-semisolida-MG-1.jpg\",\"contentUrl\":\"https:\\\/\\\/www.km77.com\\\/revista\\\/wp-content\\\/uploads\\\/2026\\\/03\\\/Bateria-semisolida-MG-1.jpg\",\"width\":1200,\"height\":800,\"caption\":\"Bater\u00eda semis\u00f3lida MG4 Urban\"},{\"@type\":\"BreadcrumbList\",\"@id\":\"https:\\\/\\\/www.km77.com\\\/revista\\\/engendro-mecanico\\\/mg-producira-en-serie-baterias-semisolidas-por-primera-vez\\\/#breadcrumb\",\"itemListElement\":[{\"@type\":\"ListItem\",\"position\":1,\"name\":\"Revista km77\",\"item\":\"https:\\\/\\\/www.km77.com\\\/revista\\\/\"},{\"@type\":\"ListItem\",\"position\":2,\"name\":\"Engendro Mec\u00e1nico\",\"item\":\"https:\\\/\\\/www.km77.com\\\/revista\\\/engendro-mecanico\\\/\"},{\"@type\":\"ListItem\",\"position\":3,\"name\":\"MG anuncia la producci\u00f3n en serie de su bater\u00eda semis\u00f3lida SolidCore\"}]},{\"@type\":\"WebSite\",\"@id\":\"https:\\\/\\\/www.km77.com\\\/revista\\\/#website\",\"url\":\"https:\\\/\\\/www.km77.com\\\/revista\\\/\",\"name\":\"Revista km77\",\"description\":\"Revista de km77\",\"publisher\":{\"@id\":\"https:\\\/\\\/www.km77.com\\\/revista\\\/#organization\"},\"potentialAction\":[{\"@type\":\"SearchAction\",\"target\":{\"@type\":\"EntryPoint\",\"urlTemplate\":\"https:\\\/\\\/www.km77.com\\\/revista\\\/?s={search_term_string}\"},\"query-input\":{\"@type\":\"PropertyValueSpecification\",\"valueRequired\":true,\"valueName\":\"search_term_string\"}}],\"inLanguage\":\"es\"},{\"@type\":\"Organization\",\"@id\":\"https:\\\/\\\/www.km77.com\\\/revista\\\/#organization\",\"name\":\"KM77\",\"url\":\"https:\\\/\\\/www.km77.com\\\/revista\\\/\",\"logo\":{\"@type\":\"ImageObject\",\"inLanguage\":\"es\",\"@id\":\"https:\\\/\\\/www.km77.com\\\/revista\\\/#\\\/schema\\\/logo\\\/image\\\/\",\"url\":\"https:\\\/\\\/www.km77.com\\\/revista\\\/wp-content\\\/uploads\\\/2021\\\/02\\\/logo-km77.png\",\"contentUrl\":\"https:\\\/\\\/www.km77.com\\\/revista\\\/wp-content\\\/uploads\\\/2021\\\/02\\\/logo-km77.png\",\"width\":100,\"height\":34,\"caption\":\"KM77\"},\"image\":{\"@id\":\"https:\\\/\\\/www.km77.com\\\/revista\\\/#\\\/schema\\\/logo\\\/image\\\/\"}},{\"@type\":\"Person\",\"@id\":\"https:\\\/\\\/www.km77.com\\\/revista\\\/#\\\/schema\\\/person\\\/31de1565be120209b9c2c6a3c65ca1a7\",\"name\":\"Daniel Gonzalez\",\"image\":{\"@type\":\"ImageObject\",\"inLanguage\":\"es\",\"@id\":\"https:\\\/\\\/secure.gravatar.com\\\/avatar\\\/183c6d686523c66f4e69c391b596d6370925ed4f1e2b42aa377fc589a4aa5035?s=96&d=mm&r=g\",\"url\":\"https:\\\/\\\/secure.gravatar.com\\\/avatar\\\/183c6d686523c66f4e69c391b596d6370925ed4f1e2b42aa377fc589a4aa5035?s=96&d=mm&r=g\",\"contentUrl\":\"https:\\\/\\\/secure.gravatar.com\\\/avatar\\\/183c6d686523c66f4e69c391b596d6370925ed4f1e2b42aa377fc589a4aa5035?s=96&d=mm&r=g\",\"caption\":\"Daniel Gonzalez\"},\"url\":\"https:\\\/\\\/www.km77.com\\\/revista\\\/author\\\/daniel-gonzalez\\\/\"}]}<\/script>\n<!-- \/ Yoast SEO plugin. -->","yoast_head_json":{"title":"MG producir\u00e1 en serie bater\u00edas semis\u00f3lidas por primera vez","description":"La marca china anuncia \u00abMG SolidCore Battery\u00bb, siendo pioneros en la producci\u00f3n en serie de bater\u00edas semis\u00f3lidas en el mundo.","robots":{"index":"index","follow":"follow","max-snippet":"max-snippet:-1","max-image-preview":"max-image-preview:large","max-video-preview":"max-video-preview:-1"},"canonical":"https:\/\/www.km77.com\/revista\/engendro-mecanico\/mg-producira-en-serie-baterias-semisolidas-por-primera-vez\/","og_locale":"es_ES","og_type":"article","og_title":"MG producir\u00e1 en serie bater\u00edas semis\u00f3lidas por primera vez","og_description":"La marca china anuncia \u00abMG SolidCore Battery\u00bb, siendo pioneros en la producci\u00f3n en serie de bater\u00edas semis\u00f3lidas en el mundo.","og_url":"https:\/\/www.km77.com\/revista\/engendro-mecanico\/mg-producira-en-serie-baterias-semisolidas-por-primera-vez\/","og_site_name":"Revista km77","article_published_time":"2026-03-26T09:58:34+00:00","article_modified_time":"2026-03-27T06:54:26+00:00","og_image":[{"width":1200,"height":800,"url":"https:\/\/www.km77.com\/revista\/wp-content\/uploads\/2026\/03\/Bateria-semisolida-MG-1.jpg","type":"image\/jpeg"}],"author":"Daniel Gonzalez","twitter_card":"summary_large_image","twitter_misc":{"Escrito por":"Daniel Gonzalez","Tiempo de lectura":"3 minutos"},"schema":{"@context":"https:\/\/schema.org","@graph":[{"@type":"Article","@id":"https:\/\/www.km77.com\/revista\/engendro-mecanico\/mg-producira-en-serie-baterias-semisolidas-por-primera-vez\/#article","isPartOf":{"@id":"https:\/\/www.km77.com\/revista\/engendro-mecanico\/mg-producira-en-serie-baterias-semisolidas-por-primera-vez\/"},"author":{"name":"Daniel Gonzalez","@id":"https:\/\/www.km77.com\/revista\/#\/schema\/person\/31de1565be120209b9c2c6a3c65ca1a7"},"headline":"MG anuncia la producci\u00f3n en serie de su bater\u00eda semis\u00f3lida SolidCore","datePublished":"2026-03-26T09:58:34+00:00","dateModified":"2026-03-27T06:54:26+00:00","mainEntityOfPage":{"@id":"https:\/\/www.km77.com\/revista\/engendro-mecanico\/mg-producira-en-serie-baterias-semisolidas-por-primera-vez\/"},"wordCount":621,"commentCount":5,"publisher":{"@id":"https:\/\/www.km77.com\/revista\/#organization"},"image":{"@id":"https:\/\/www.km77.com\/revista\/engendro-mecanico\/mg-producira-en-serie-baterias-semisolidas-por-primera-vez\/#primaryimage"},"thumbnailUrl":"https:\/\/www.km77.com\/revista\/wp-content\/uploads\/2026\/03\/Bateria-semisolida-MG-1.jpg","keywords":["Bater\u00eda","MG"],"articleSection":["Engendro Mec\u00e1nico"],"inLanguage":"es","potentialAction":[{"@type":"CommentAction","name":"Comment","target":["https:\/\/www.km77.com\/revista\/engendro-mecanico\/mg-producira-en-serie-baterias-semisolidas-por-primera-vez\/#respond"]}]},{"@type":"WebPage","@id":"https:\/\/www.km77.com\/revista\/engendro-mecanico\/mg-producira-en-serie-baterias-semisolidas-por-primera-vez\/","url":"https:\/\/www.km77.com\/revista\/engendro-mecanico\/mg-producira-en-serie-baterias-semisolidas-por-primera-vez\/","name":"MG producir\u00e1 en serie bater\u00edas semis\u00f3lidas por primera vez","isPartOf":{"@id":"https:\/\/www.km77.com\/revista\/#website"},"primaryImageOfPage":{"@id":"https:\/\/www.km77.com\/revista\/engendro-mecanico\/mg-producira-en-serie-baterias-semisolidas-por-primera-vez\/#primaryimage"},"image":{"@id":"https:\/\/www.km77.com\/revista\/engendro-mecanico\/mg-producira-en-serie-baterias-semisolidas-por-primera-vez\/#primaryimage"},"thumbnailUrl":"https:\/\/www.km77.com\/revista\/wp-content\/uploads\/2026\/03\/Bateria-semisolida-MG-1.jpg","datePublished":"2026-03-26T09:58:34+00:00","dateModified":"2026-03-27T06:54:26+00:00","description":"La marca china anuncia \u00abMG SolidCore Battery\u00bb, siendo pioneros en la producci\u00f3n en serie de bater\u00edas semis\u00f3lidas en el mundo.","breadcrumb":{"@id":"https:\/\/www.km77.com\/revista\/engendro-mecanico\/mg-producira-en-serie-baterias-semisolidas-por-primera-vez\/#breadcrumb"},"inLanguage":"es","potentialAction":[{"@type":"ReadAction","target":["https:\/\/www.km77.com\/revista\/engendro-mecanico\/mg-producira-en-serie-baterias-semisolidas-por-primera-vez\/"]}]},{"@type":"ImageObject","inLanguage":"es","@id":"https:\/\/www.km77.com\/revista\/engendro-mecanico\/mg-producira-en-serie-baterias-semisolidas-por-primera-vez\/#primaryimage","url":"https:\/\/www.km77.com\/revista\/wp-content\/uploads\/2026\/03\/Bateria-semisolida-MG-1.jpg","contentUrl":"https:\/\/www.km77.com\/revista\/wp-content\/uploads\/2026\/03\/Bateria-semisolida-MG-1.jpg","width":1200,"height":800,"caption":"Bater\u00eda semis\u00f3lida MG4 Urban"},{"@type":"BreadcrumbList","@id":"https:\/\/www.km77.com\/revista\/engendro-mecanico\/mg-producira-en-serie-baterias-semisolidas-por-primera-vez\/#breadcrumb","itemListElement":[{"@type":"ListItem","position":1,"name":"Revista km77","item":"https:\/\/www.km77.com\/revista\/"},{"@type":"ListItem","position":2,"name":"Engendro Mec\u00e1nico","item":"https:\/\/www.km77.com\/revista\/engendro-mecanico\/"},{"@type":"ListItem","position":3,"name":"MG anuncia la producci\u00f3n en serie de su bater\u00eda semis\u00f3lida SolidCore"}]},{"@type":"WebSite","@id":"https:\/\/www.km77.com\/revista\/#website","url":"https:\/\/www.km77.com\/revista\/","name":"Revista km77","description":"Revista de km77","publisher":{"@id":"https:\/\/www.km77.com\/revista\/#organization"},"potentialAction":[{"@type":"SearchAction","target":{"@type":"EntryPoint","urlTemplate":"https:\/\/www.km77.com\/revista\/?s={search_term_string}"},"query-input":{"@type":"PropertyValueSpecification","valueRequired":true,"valueName":"search_term_string"}}],"inLanguage":"es"},{"@type":"Organization","@id":"https:\/\/www.km77.com\/revista\/#organization","name":"KM77","url":"https:\/\/www.km77.com\/revista\/","logo":{"@type":"ImageObject","inLanguage":"es","@id":"https:\/\/www.km77.com\/revista\/#\/schema\/logo\/image\/","url":"https:\/\/www.km77.com\/revista\/wp-content\/uploads\/2021\/02\/logo-km77.png","contentUrl":"https:\/\/www.km77.com\/revista\/wp-content\/uploads\/2021\/02\/logo-km77.png","width":100,"height":34,"caption":"KM77"},"image":{"@id":"https:\/\/www.km77.com\/revista\/#\/schema\/logo\/image\/"}},{"@type":"Person","@id":"https:\/\/www.km77.com\/revista\/#\/schema\/person\/31de1565be120209b9c2c6a3c65ca1a7","name":"Daniel Gonzalez","image":{"@type":"ImageObject","inLanguage":"es","@id":"https:\/\/secure.gravatar.com\/avatar\/183c6d686523c66f4e69c391b596d6370925ed4f1e2b42aa377fc589a4aa5035?s=96&d=mm&r=g","url":"https:\/\/secure.gravatar.com\/avatar\/183c6d686523c66f4e69c391b596d6370925ed4f1e2b42aa377fc589a4aa5035?s=96&d=mm&r=g","contentUrl":"https:\/\/secure.gravatar.com\/avatar\/183c6d686523c66f4e69c391b596d6370925ed4f1e2b42aa377fc589a4aa5035?s=96&d=mm&r=g","caption":"Daniel Gonzalez"},"url":"https:\/\/www.km77.com\/revista\/author\/daniel-gonzalez\/"}]}},"amp_enabled":true,"_links":{"self":[{"href":"https:\/\/www.km77.com\/revista\/wp-json\/wp\/v2\/posts\/68351","targetHints":{"allow":["GET"]}}],"collection":[{"href":"https:\/\/www.km77.com\/revista\/wp-json\/wp\/v2\/posts"}],"about":[{"href":"https:\/\/www.km77.com\/revista\/wp-json\/wp\/v2\/types\/post"}],"author":[{"embeddable":true,"href":"https:\/\/www.km77.com\/revista\/wp-json\/wp\/v2\/users\/91"}],"replies":[{"embeddable":true,"href":"https:\/\/www.km77.com\/revista\/wp-json\/wp\/v2\/comments?post=68351"}],"version-history":[{"count":7,"href":"https:\/\/www.km77.com\/revista\/wp-json\/wp\/v2\/posts\/68351\/revisions"}],"predecessor-version":[{"id":68479,"href":"https:\/\/www.km77.com\/revista\/wp-json\/wp\/v2\/posts\/68351\/revisions\/68479"}],"wp:featuredmedia":[{"embeddable":true,"href":"https:\/\/www.km77.com\/revista\/wp-json\/wp\/v2\/media\/68455"}],"wp:attachment":[{"href":"https:\/\/www.km77.com\/revista\/wp-json\/wp\/v2\/media?parent=68351"}],"wp:term":[{"taxonomy":"category","embeddable":true,"href":"https:\/\/www.km77.com\/revista\/wp-json\/wp\/v2\/categories?post=68351"},{"taxonomy":"post_tag","embeddable":true,"href":"https:\/\/www.km77.com\/revista\/wp-json\/wp\/v2\/tags?post=68351"}],"curies":[{"name":"wp","href":"https:\/\/api.w.org\/{rel}","templated":true}]}}