{"id":68120,"date":"2026-03-14T08:55:41","date_gmt":"2026-03-14T07:55:41","guid":{"rendered":"https:\/\/www.km77.com\/revista\/?p=68120"},"modified":"2026-03-15T19:38:52","modified_gmt":"2026-03-15T18:38:52","slug":"motivos-subida-precio-gasolina-guerra-iran","status":"publish","type":"post","link":"https:\/\/www.km77.com\/revista\/engendro-mecanico\/motivos-subida-precio-gasolina-guerra-iran\/","title":{"rendered":"Por qu\u00e9 la guerra con Ir\u00e1n encarece la gasolina"},"content":{"rendered":"\n<p>Hoy domingo 15 de marzo, el precio medio de la gasolina de octano 95 es de 1,74 \u20ac y el del gas\u00f3leo A, de 1,86 \u20ac. La escalada b\u00e9lica en Oriente Medio, con Ir\u00e1n como epicentro del conflicto desde hace unas semanas, ha provocado una reacci\u00f3n inmediata en los mercados energ\u00e9ticos globales. Para el conductor espa\u00f1ol, esta tensi\u00f3n se traduce en un <strong>incremento directo del precio por litro<\/strong> en las estaciones de servicio, que se acerca vertiginosamente a los dos euros. <\/p>\n\n\n\n<p>Para comprender por qu\u00e9 el precio reacciona con tanta volatilidad, es necesario desgranar los mecanismos de mercado y la log\u00edstica que rige el flujo del petr\u00f3leo.<\/p>\n\n\n\n<p>El mercado del crudo no se mueve \u00fanicamente por la disponibilidad f\u00edsica actual de petr\u00f3leo, sino por las expectativas de <strong>disponibilidad futura<\/strong>. El Brent, que es el crudo de referencia en Europa, es un activo financiero que cotiza en mercados de futuros. Ante un conflicto en una zona que produce o transporta una parte sustancial de la energ\u00eda mundial, los inversores compran seguridad, elevando el precio ante el <strong>riesgo de un desabastecimiento inminente<\/strong>, incluso si los tanques de reserva est\u00e1n llenos en ese momento.<\/p>\n\n\n\n<h2 class=\"wp-block-heading\">Estrecho de Ormuz, la clave<\/h2>\n\n\n\n<p>Es la clave de la subida actual de los precios de la gasolina y el gas\u00f3leo. El principal factor que explica el incremento de precios no es solo la capacidad de producci\u00f3n de Ir\u00e1n, sino su posici\u00f3n geogr\u00e1fica estrat\u00e9gica. El estrecho de Ormuz es el <strong>punto de paso m\u00e1s cr\u00edtico a nivel mundial para el comercio de petr\u00f3leo<\/strong>. Por este angosto paso mar\u00edtimo transita aproximadamente el 20 % del consumo mundial de petr\u00f3leo l\u00edquido y una proporci\u00f3n similar del gas natural licuado.<\/p>\n\n\n\n<p>En un escenario de guerra como el que presenciamos, el riesgo de cierre o de bloqueo parcial de este estrecho es una amenaza real para el suministro global. Si el flujo por Ormuz se viese interrumpido, los pa\u00edses exportadores como Arabia Saud\u00ed, Kuwait o Irak no podr\u00edan dar salida a gran parte de su producci\u00f3n por v\u00eda mar\u00edtima. Esta posibilidad obliga a las navieras a pagar <strong>primas de seguro de guerra<\/strong> exorbitantes, un coste log\u00edstico que se traslada directamente al precio del barril. Adem\u00e1s, la b\u00fasqueda de rutas alternativas, en caso de que existan, implica m\u00e1s d\u00edas de navegaci\u00f3n y un mayor consumo de combustible de los propios buques, encareciendo toda la cadena de suministro antes de que el crudo llegue siquiera a las refiner\u00edas europeas.<\/p>\n\n\n\n<figure class=\"wp-block-image size-large\"><img decoding=\"async\" width=\"1024\" height=\"683\" src=\"https:\/\/www.km77.com\/revista\/wp-content\/uploads\/2026\/03\/high-angle-man-gas-station-1024x683.jpg\" alt=\"\" class=\"wp-image-68128\" srcset=\"https:\/\/www.km77.com\/revista\/wp-content\/uploads\/2026\/03\/high-angle-man-gas-station-1024x683.jpg 1024w, https:\/\/www.km77.com\/revista\/wp-content\/uploads\/2026\/03\/high-angle-man-gas-station-980x653.jpg 980w, https:\/\/www.km77.com\/revista\/wp-content\/uploads\/2026\/03\/high-angle-man-gas-station-480x320.jpg 480w\" sizes=\"(min-width: 0px) and (max-width: 480px) 480px, (min-width: 481px) and (max-width: 980px) 980px, (min-width: 981px) 1024px, 100vw\" \/><figcaption class=\"wp-element-caption\">Imagen de Freepik<\/figcaption><\/figure>\n\n\n\n<h2 class=\"wp-block-heading\">\u00bfC\u00f3mo sube el precio?<\/h2>\n\n\n\n<p>El precio no sube de manera proporcional, es decir, si el barril de Brent sube un 10 %, el precio de la gasolina en Espa\u00f1a no sube exactamente en la misma proporci\u00f3n. La realidad es m\u00e1s compleja debido a la <strong>estructura de costes <\/strong>de los carburantes. En el precio final que paga el consumidor en el surtidor intervienen tres factores principales: el <strong>coste de la materia prima<\/strong> (que incluye la cotizaci\u00f3n internacional y el margen de refino), los <strong>costes de log\u00edstica y comercializaci\u00f3n<\/strong> y, finalmente, la <strong>carga impositiva<\/strong>.<\/p>\n\n\n\n<p>Los impuestos (IVA e impuestos especiales) suponen una <strong>parte fija y porcentual muy relevante<\/strong> del precio final, alrededor del 50 %. Dado que el <strong>Impuesto Especial sobre Hidrocarburos<\/strong> es una cuant\u00eda fija por cada mil litros, hace de amortiguador: cuando el petr\u00f3leo sube, el peso porcentual del impuesto baja, lo que evita que el precio final se dispare tan dr\u00e1sticamente como la materia prima. <br><br>Sin embargo, en el lado opuesto, el efecto de la cotizaci\u00f3n del d\u00f3lar frente al euro puede agravar la situaci\u00f3n. Dado que el petr\u00f3leo se negocia en d\u00f3lares, si el conflicto de Ir\u00e1n hiciese perder valor al euro (desde que empez\u00f3 la guerra, la cotizaci\u00f3n euro-d\u00f3lar ha pasado de 1,16 a 1,15), el coste de importaci\u00f3n para las empresas espa\u00f1olas se disparar\u00eda por partida doble: por el aumento del precio del barril y por la p\u00e9rdida de poder adquisitivo de nuestra moneda.<\/p>\n\n\n\n<p>Por tanto, la subida de precios que estamos viendo, que a viernes 13 de marzo hace pr\u00e1cticamente imposible encontrar una estaci\u00f3n que ofrezca el litro de gasolina 95 por debajo de 1,60, sobre todo en las grandes ciudades, es una suma de muchos riesgos. Por un lado, a nivel geopol\u00edtico, pero por otro, por el incremento en los costes de transporte mar\u00edtimo e incluso por la <strong>respuesta especulativa de los mercados de futuros<\/strong>. <\/p>\n\n\n\n<p>Mientras el conflicto en Ir\u00e1n mantenga la incertidumbre sobre la seguridad del Estrecho de Ormuz, la presi\u00f3n sobre el bolsillo de los usuarios de veh\u00edculos de combusti\u00f3n seguir\u00e1 siendo elevada, independientemente de que el suministro f\u00edsico real hacia las refiner\u00edas europeas se mantenga, por ahora, garantizado por las reservas estrat\u00e9gicas.<\/p>\n\n\n\n<h2 class=\"wp-block-heading\">Sube r\u00e1pido, baja lento<\/h2>\n\n\n\n<p>El efecto <strong>cohete-pluma<\/strong>: subida inmediata, bajada progresiva. Las estaciones intentan anticipar los costes futuros, subiendo el precio del litro inmediatamente. Cuando el precio del petr\u00f3leo baja, siguen vendiendo combustible comprado previamente a precios m\u00e1s altos, lo que redunda en un incremento de su margen comercial.<br><br>Pero conviene tener en cuenta que, en este juego, normalmente las estaciones de servicio son las que menos beneficio consiguen porque su margen comercial es peque\u00f1o. En la cumbre de la pir\u00e1mide est\u00e1n las grandes refiner\u00eda (empresas como Repsol o Shell). La mayor\u00eda, adem\u00e1s, no solo controlan el refino, sino que tambi\u00e9n son extractoras, distribuidoras y poseedoras de redes de servicio propias. Y el Estado, claro (gracias @Juan).<\/p>\n","protected":false},"excerpt":{"rendered":"<p>Hoy domingo 15 de marzo, el precio medio de la gasolina de octano 95 es de 1,74 \u20ac y el del gas\u00f3leo A, de 1,86 \u20ac. La escalada b\u00e9lica en Oriente Medio, con Ir\u00e1n como epicentro del conflicto desde hace unas semanas, ha provocado una reacci\u00f3n inmediata en los mercados energ\u00e9ticos globales. Para el conductor [&hellip;]<\/p>\n","protected":false},"author":93,"featured_media":68149,"comment_status":"open","ping_status":"closed","sticky":false,"template":"","format":"standard","meta":{"_et_pb_use_builder":"off","_et_pb_old_content":"","_et_gb_content_width":"","footnotes":""},"categories":[3912],"tags":[1379,22,7801],"class_list":["post-68120","post","type-post","status-publish","format-standard","has-post-thumbnail","hentry","category-engendro-mecanico","tag-gasolina","tag-general","tag-noticias"],"yoast_head":"<!-- This site is optimized with the Yoast SEO plugin v27.5 - https:\/\/yoast.com\/product\/yoast-seo-wordpress\/ -->\n<title>\u00bfPor qu\u00e9 sube el precio del combustible con la Guerra de Ir\u00e1n?<\/title>\n<meta name=\"description\" content=\"C\u00f3mo una guerra en Ir\u00e1n puede terminar encareciendo la gasolina\u2026 y por qu\u00e9 cuando el petr\u00f3leo baja el precio tarda m\u00e1s en reflejarse en las gasolineras.\" \/>\n<meta name=\"robots\" content=\"index, follow, max-snippet:-1, max-image-preview:large, max-video-preview:-1\" \/>\n<link rel=\"canonical\" href=\"https:\/\/www.km77.com\/revista\/engendro-mecanico\/motivos-subida-precio-gasolina-guerra-iran\/\" \/>\n<meta property=\"og:locale\" content=\"es_ES\" \/>\n<meta property=\"og:type\" content=\"article\" \/>\n<meta property=\"og:title\" content=\"\u00bfPor qu\u00e9 sube el precio del combustible con la Guerra de Ir\u00e1n?\" \/>\n<meta property=\"og:description\" content=\"C\u00f3mo una guerra en Ir\u00e1n puede terminar encareciendo la gasolina\u2026 y por qu\u00e9 cuando el petr\u00f3leo baja el precio tarda m\u00e1s en reflejarse en las gasolineras.\" \/>\n<meta property=\"og:url\" content=\"https:\/\/www.km77.com\/revista\/engendro-mecanico\/motivos-subida-precio-gasolina-guerra-iran\/\" \/>\n<meta property=\"og:site_name\" content=\"Revista km77\" \/>\n<meta property=\"article:published_time\" content=\"2026-03-14T07:55:41+00:00\" \/>\n<meta property=\"article:modified_time\" content=\"2026-03-15T18:38:52+00:00\" \/>\n<meta property=\"og:image\" content=\"https:\/\/www.km77.com\/revista\/wp-content\/uploads\/2026\/03\/Subida-gasolina-guerra-iran-1.jpg\" \/>\n\t<meta property=\"og:image:width\" content=\"1200\" \/>\n\t<meta property=\"og:image:height\" content=\"750\" \/>\n\t<meta property=\"og:image:type\" content=\"image\/jpeg\" \/>\n<meta name=\"author\" content=\"Iv\u00e1n D\u00e1vila\" \/>\n<meta name=\"twitter:card\" content=\"summary_large_image\" \/>\n<meta name=\"twitter:label1\" content=\"Escrito por\" \/>\n\t<meta name=\"twitter:data1\" content=\"Iv\u00e1n D\u00e1vila\" \/>\n\t<meta name=\"twitter:label2\" content=\"Tiempo de lectura\" \/>\n\t<meta name=\"twitter:data2\" content=\"5 minutos\" \/>\n<script type=\"application\/ld+json\" class=\"yoast-schema-graph\">{\"@context\":\"https:\\\/\\\/schema.org\",\"@graph\":[{\"@type\":\"Article\",\"@id\":\"https:\\\/\\\/www.km77.com\\\/revista\\\/engendro-mecanico\\\/motivos-subida-precio-gasolina-guerra-iran\\\/#article\",\"isPartOf\":{\"@id\":\"https:\\\/\\\/www.km77.com\\\/revista\\\/engendro-mecanico\\\/motivos-subida-precio-gasolina-guerra-iran\\\/\"},\"author\":{\"name\":\"Iv\u00e1n D\u00e1vila\",\"@id\":\"https:\\\/\\\/www.km77.com\\\/revista\\\/#\\\/schema\\\/person\\\/dd102435ccd38e4fccc382bc24b6258a\"},\"headline\":\"Por qu\u00e9 la guerra con Ir\u00e1n encarece la gasolina\",\"datePublished\":\"2026-03-14T07:55:41+00:00\",\"dateModified\":\"2026-03-15T18:38:52+00:00\",\"mainEntityOfPage\":{\"@id\":\"https:\\\/\\\/www.km77.com\\\/revista\\\/engendro-mecanico\\\/motivos-subida-precio-gasolina-guerra-iran\\\/\"},\"wordCount\":959,\"commentCount\":18,\"publisher\":{\"@id\":\"https:\\\/\\\/www.km77.com\\\/revista\\\/#organization\"},\"image\":{\"@id\":\"https:\\\/\\\/www.km77.com\\\/revista\\\/engendro-mecanico\\\/motivos-subida-precio-gasolina-guerra-iran\\\/#primaryimage\"},\"thumbnailUrl\":\"https:\\\/\\\/www.km77.com\\\/revista\\\/wp-content\\\/uploads\\\/2026\\\/03\\\/Subida-gasolina-guerra-iran-1.jpg\",\"keywords\":[\"gasolina\",\"General\",\"Noticias\"],\"articleSection\":[\"Engendro Mec\u00e1nico\"],\"inLanguage\":\"es\",\"potentialAction\":[{\"@type\":\"CommentAction\",\"name\":\"Comment\",\"target\":[\"https:\\\/\\\/www.km77.com\\\/revista\\\/engendro-mecanico\\\/motivos-subida-precio-gasolina-guerra-iran\\\/#respond\"]}]},{\"@type\":\"WebPage\",\"@id\":\"https:\\\/\\\/www.km77.com\\\/revista\\\/engendro-mecanico\\\/motivos-subida-precio-gasolina-guerra-iran\\\/\",\"url\":\"https:\\\/\\\/www.km77.com\\\/revista\\\/engendro-mecanico\\\/motivos-subida-precio-gasolina-guerra-iran\\\/\",\"name\":\"\u00bfPor qu\u00e9 sube el precio del combustible con la Guerra de Ir\u00e1n?\",\"isPartOf\":{\"@id\":\"https:\\\/\\\/www.km77.com\\\/revista\\\/#website\"},\"primaryImageOfPage\":{\"@id\":\"https:\\\/\\\/www.km77.com\\\/revista\\\/engendro-mecanico\\\/motivos-subida-precio-gasolina-guerra-iran\\\/#primaryimage\"},\"image\":{\"@id\":\"https:\\\/\\\/www.km77.com\\\/revista\\\/engendro-mecanico\\\/motivos-subida-precio-gasolina-guerra-iran\\\/#primaryimage\"},\"thumbnailUrl\":\"https:\\\/\\\/www.km77.com\\\/revista\\\/wp-content\\\/uploads\\\/2026\\\/03\\\/Subida-gasolina-guerra-iran-1.jpg\",\"datePublished\":\"2026-03-14T07:55:41+00:00\",\"dateModified\":\"2026-03-15T18:38:52+00:00\",\"description\":\"C\u00f3mo una guerra en Ir\u00e1n puede terminar encareciendo la gasolina\u2026 y por qu\u00e9 cuando el petr\u00f3leo baja el precio tarda m\u00e1s en reflejarse en las gasolineras.\",\"breadcrumb\":{\"@id\":\"https:\\\/\\\/www.km77.com\\\/revista\\\/engendro-mecanico\\\/motivos-subida-precio-gasolina-guerra-iran\\\/#breadcrumb\"},\"inLanguage\":\"es\",\"potentialAction\":[{\"@type\":\"ReadAction\",\"target\":[\"https:\\\/\\\/www.km77.com\\\/revista\\\/engendro-mecanico\\\/motivos-subida-precio-gasolina-guerra-iran\\\/\"]}]},{\"@type\":\"ImageObject\",\"inLanguage\":\"es\",\"@id\":\"https:\\\/\\\/www.km77.com\\\/revista\\\/engendro-mecanico\\\/motivos-subida-precio-gasolina-guerra-iran\\\/#primaryimage\",\"url\":\"https:\\\/\\\/www.km77.com\\\/revista\\\/wp-content\\\/uploads\\\/2026\\\/03\\\/Subida-gasolina-guerra-iran-1.jpg\",\"contentUrl\":\"https:\\\/\\\/www.km77.com\\\/revista\\\/wp-content\\\/uploads\\\/2026\\\/03\\\/Subida-gasolina-guerra-iran-1.jpg\",\"width\":1200,\"height\":750,\"caption\":\"Subida precios gasolina guerra Ir\u00e1n\"},{\"@type\":\"BreadcrumbList\",\"@id\":\"https:\\\/\\\/www.km77.com\\\/revista\\\/engendro-mecanico\\\/motivos-subida-precio-gasolina-guerra-iran\\\/#breadcrumb\",\"itemListElement\":[{\"@type\":\"ListItem\",\"position\":1,\"name\":\"Revista km77\",\"item\":\"https:\\\/\\\/www.km77.com\\\/revista\\\/\"},{\"@type\":\"ListItem\",\"position\":2,\"name\":\"Engendro Mec\u00e1nico\",\"item\":\"https:\\\/\\\/www.km77.com\\\/revista\\\/engendro-mecanico\\\/\"},{\"@type\":\"ListItem\",\"position\":3,\"name\":\"Por qu\u00e9 la guerra con Ir\u00e1n encarece la gasolina\"}]},{\"@type\":\"WebSite\",\"@id\":\"https:\\\/\\\/www.km77.com\\\/revista\\\/#website\",\"url\":\"https:\\\/\\\/www.km77.com\\\/revista\\\/\",\"name\":\"Revista km77\",\"description\":\"Revista de km77\",\"publisher\":{\"@id\":\"https:\\\/\\\/www.km77.com\\\/revista\\\/#organization\"},\"potentialAction\":[{\"@type\":\"SearchAction\",\"target\":{\"@type\":\"EntryPoint\",\"urlTemplate\":\"https:\\\/\\\/www.km77.com\\\/revista\\\/?s={search_term_string}\"},\"query-input\":{\"@type\":\"PropertyValueSpecification\",\"valueRequired\":true,\"valueName\":\"search_term_string\"}}],\"inLanguage\":\"es\"},{\"@type\":\"Organization\",\"@id\":\"https:\\\/\\\/www.km77.com\\\/revista\\\/#organization\",\"name\":\"KM77\",\"url\":\"https:\\\/\\\/www.km77.com\\\/revista\\\/\",\"logo\":{\"@type\":\"ImageObject\",\"inLanguage\":\"es\",\"@id\":\"https:\\\/\\\/www.km77.com\\\/revista\\\/#\\\/schema\\\/logo\\\/image\\\/\",\"url\":\"https:\\\/\\\/www.km77.com\\\/revista\\\/wp-content\\\/uploads\\\/2021\\\/02\\\/logo-km77.png\",\"contentUrl\":\"https:\\\/\\\/www.km77.com\\\/revista\\\/wp-content\\\/uploads\\\/2021\\\/02\\\/logo-km77.png\",\"width\":100,\"height\":34,\"caption\":\"KM77\"},\"image\":{\"@id\":\"https:\\\/\\\/www.km77.com\\\/revista\\\/#\\\/schema\\\/logo\\\/image\\\/\"}},{\"@type\":\"Person\",\"@id\":\"https:\\\/\\\/www.km77.com\\\/revista\\\/#\\\/schema\\\/person\\\/dd102435ccd38e4fccc382bc24b6258a\",\"name\":\"Iv\u00e1n D\u00e1vila\",\"image\":{\"@type\":\"ImageObject\",\"inLanguage\":\"es\",\"@id\":\"https:\\\/\\\/secure.gravatar.com\\\/avatar\\\/9f77db072342d2bc3219ab18df423dc43b9b86f7e477356b61dcf327ad23db07?s=96&d=mm&r=g\",\"url\":\"https:\\\/\\\/secure.gravatar.com\\\/avatar\\\/9f77db072342d2bc3219ab18df423dc43b9b86f7e477356b61dcf327ad23db07?s=96&d=mm&r=g\",\"contentUrl\":\"https:\\\/\\\/secure.gravatar.com\\\/avatar\\\/9f77db072342d2bc3219ab18df423dc43b9b86f7e477356b61dcf327ad23db07?s=96&d=mm&r=g\",\"caption\":\"Iv\u00e1n D\u00e1vila\"},\"url\":\"https:\\\/\\\/www.km77.com\\\/revista\\\/author\\\/ivan-davila\\\/\"}]}<\/script>\n<!-- \/ Yoast SEO plugin. -->","yoast_head_json":{"title":"\u00bfPor qu\u00e9 sube el precio del combustible con la Guerra de Ir\u00e1n?","description":"C\u00f3mo una guerra en Ir\u00e1n puede terminar encareciendo la gasolina\u2026 y por qu\u00e9 cuando el petr\u00f3leo baja el precio tarda m\u00e1s en reflejarse en las gasolineras.","robots":{"index":"index","follow":"follow","max-snippet":"max-snippet:-1","max-image-preview":"max-image-preview:large","max-video-preview":"max-video-preview:-1"},"canonical":"https:\/\/www.km77.com\/revista\/engendro-mecanico\/motivos-subida-precio-gasolina-guerra-iran\/","og_locale":"es_ES","og_type":"article","og_title":"\u00bfPor qu\u00e9 sube el precio del combustible con la Guerra de Ir\u00e1n?","og_description":"C\u00f3mo una guerra en Ir\u00e1n puede terminar encareciendo la gasolina\u2026 y por qu\u00e9 cuando el petr\u00f3leo baja el precio tarda m\u00e1s en reflejarse en las gasolineras.","og_url":"https:\/\/www.km77.com\/revista\/engendro-mecanico\/motivos-subida-precio-gasolina-guerra-iran\/","og_site_name":"Revista km77","article_published_time":"2026-03-14T07:55:41+00:00","article_modified_time":"2026-03-15T18:38:52+00:00","og_image":[{"width":1200,"height":750,"url":"https:\/\/www.km77.com\/revista\/wp-content\/uploads\/2026\/03\/Subida-gasolina-guerra-iran-1.jpg","type":"image\/jpeg"}],"author":"Iv\u00e1n D\u00e1vila","twitter_card":"summary_large_image","twitter_misc":{"Escrito por":"Iv\u00e1n D\u00e1vila","Tiempo de lectura":"5 minutos"},"schema":{"@context":"https:\/\/schema.org","@graph":[{"@type":"Article","@id":"https:\/\/www.km77.com\/revista\/engendro-mecanico\/motivos-subida-precio-gasolina-guerra-iran\/#article","isPartOf":{"@id":"https:\/\/www.km77.com\/revista\/engendro-mecanico\/motivos-subida-precio-gasolina-guerra-iran\/"},"author":{"name":"Iv\u00e1n D\u00e1vila","@id":"https:\/\/www.km77.com\/revista\/#\/schema\/person\/dd102435ccd38e4fccc382bc24b6258a"},"headline":"Por qu\u00e9 la guerra con Ir\u00e1n encarece la gasolina","datePublished":"2026-03-14T07:55:41+00:00","dateModified":"2026-03-15T18:38:52+00:00","mainEntityOfPage":{"@id":"https:\/\/www.km77.com\/revista\/engendro-mecanico\/motivos-subida-precio-gasolina-guerra-iran\/"},"wordCount":959,"commentCount":18,"publisher":{"@id":"https:\/\/www.km77.com\/revista\/#organization"},"image":{"@id":"https:\/\/www.km77.com\/revista\/engendro-mecanico\/motivos-subida-precio-gasolina-guerra-iran\/#primaryimage"},"thumbnailUrl":"https:\/\/www.km77.com\/revista\/wp-content\/uploads\/2026\/03\/Subida-gasolina-guerra-iran-1.jpg","keywords":["gasolina","General","Noticias"],"articleSection":["Engendro Mec\u00e1nico"],"inLanguage":"es","potentialAction":[{"@type":"CommentAction","name":"Comment","target":["https:\/\/www.km77.com\/revista\/engendro-mecanico\/motivos-subida-precio-gasolina-guerra-iran\/#respond"]}]},{"@type":"WebPage","@id":"https:\/\/www.km77.com\/revista\/engendro-mecanico\/motivos-subida-precio-gasolina-guerra-iran\/","url":"https:\/\/www.km77.com\/revista\/engendro-mecanico\/motivos-subida-precio-gasolina-guerra-iran\/","name":"\u00bfPor qu\u00e9 sube el precio del combustible con la Guerra de Ir\u00e1n?","isPartOf":{"@id":"https:\/\/www.km77.com\/revista\/#website"},"primaryImageOfPage":{"@id":"https:\/\/www.km77.com\/revista\/engendro-mecanico\/motivos-subida-precio-gasolina-guerra-iran\/#primaryimage"},"image":{"@id":"https:\/\/www.km77.com\/revista\/engendro-mecanico\/motivos-subida-precio-gasolina-guerra-iran\/#primaryimage"},"thumbnailUrl":"https:\/\/www.km77.com\/revista\/wp-content\/uploads\/2026\/03\/Subida-gasolina-guerra-iran-1.jpg","datePublished":"2026-03-14T07:55:41+00:00","dateModified":"2026-03-15T18:38:52+00:00","description":"C\u00f3mo una guerra en Ir\u00e1n puede terminar encareciendo la gasolina\u2026 y por qu\u00e9 cuando el petr\u00f3leo baja el precio tarda m\u00e1s en reflejarse en las gasolineras.","breadcrumb":{"@id":"https:\/\/www.km77.com\/revista\/engendro-mecanico\/motivos-subida-precio-gasolina-guerra-iran\/#breadcrumb"},"inLanguage":"es","potentialAction":[{"@type":"ReadAction","target":["https:\/\/www.km77.com\/revista\/engendro-mecanico\/motivos-subida-precio-gasolina-guerra-iran\/"]}]},{"@type":"ImageObject","inLanguage":"es","@id":"https:\/\/www.km77.com\/revista\/engendro-mecanico\/motivos-subida-precio-gasolina-guerra-iran\/#primaryimage","url":"https:\/\/www.km77.com\/revista\/wp-content\/uploads\/2026\/03\/Subida-gasolina-guerra-iran-1.jpg","contentUrl":"https:\/\/www.km77.com\/revista\/wp-content\/uploads\/2026\/03\/Subida-gasolina-guerra-iran-1.jpg","width":1200,"height":750,"caption":"Subida precios gasolina guerra Ir\u00e1n"},{"@type":"BreadcrumbList","@id":"https:\/\/www.km77.com\/revista\/engendro-mecanico\/motivos-subida-precio-gasolina-guerra-iran\/#breadcrumb","itemListElement":[{"@type":"ListItem","position":1,"name":"Revista km77","item":"https:\/\/www.km77.com\/revista\/"},{"@type":"ListItem","position":2,"name":"Engendro Mec\u00e1nico","item":"https:\/\/www.km77.com\/revista\/engendro-mecanico\/"},{"@type":"ListItem","position":3,"name":"Por qu\u00e9 la guerra con Ir\u00e1n encarece la gasolina"}]},{"@type":"WebSite","@id":"https:\/\/www.km77.com\/revista\/#website","url":"https:\/\/www.km77.com\/revista\/","name":"Revista km77","description":"Revista de km77","publisher":{"@id":"https:\/\/www.km77.com\/revista\/#organization"},"potentialAction":[{"@type":"SearchAction","target":{"@type":"EntryPoint","urlTemplate":"https:\/\/www.km77.com\/revista\/?s={search_term_string}"},"query-input":{"@type":"PropertyValueSpecification","valueRequired":true,"valueName":"search_term_string"}}],"inLanguage":"es"},{"@type":"Organization","@id":"https:\/\/www.km77.com\/revista\/#organization","name":"KM77","url":"https:\/\/www.km77.com\/revista\/","logo":{"@type":"ImageObject","inLanguage":"es","@id":"https:\/\/www.km77.com\/revista\/#\/schema\/logo\/image\/","url":"https:\/\/www.km77.com\/revista\/wp-content\/uploads\/2021\/02\/logo-km77.png","contentUrl":"https:\/\/www.km77.com\/revista\/wp-content\/uploads\/2021\/02\/logo-km77.png","width":100,"height":34,"caption":"KM77"},"image":{"@id":"https:\/\/www.km77.com\/revista\/#\/schema\/logo\/image\/"}},{"@type":"Person","@id":"https:\/\/www.km77.com\/revista\/#\/schema\/person\/dd102435ccd38e4fccc382bc24b6258a","name":"Iv\u00e1n D\u00e1vila","image":{"@type":"ImageObject","inLanguage":"es","@id":"https:\/\/secure.gravatar.com\/avatar\/9f77db072342d2bc3219ab18df423dc43b9b86f7e477356b61dcf327ad23db07?s=96&d=mm&r=g","url":"https:\/\/secure.gravatar.com\/avatar\/9f77db072342d2bc3219ab18df423dc43b9b86f7e477356b61dcf327ad23db07?s=96&d=mm&r=g","contentUrl":"https:\/\/secure.gravatar.com\/avatar\/9f77db072342d2bc3219ab18df423dc43b9b86f7e477356b61dcf327ad23db07?s=96&d=mm&r=g","caption":"Iv\u00e1n D\u00e1vila"},"url":"https:\/\/www.km77.com\/revista\/author\/ivan-davila\/"}]}},"amp_enabled":true,"_links":{"self":[{"href":"https:\/\/www.km77.com\/revista\/wp-json\/wp\/v2\/posts\/68120","targetHints":{"allow":["GET"]}}],"collection":[{"href":"https:\/\/www.km77.com\/revista\/wp-json\/wp\/v2\/posts"}],"about":[{"href":"https:\/\/www.km77.com\/revista\/wp-json\/wp\/v2\/types\/post"}],"author":[{"embeddable":true,"href":"https:\/\/www.km77.com\/revista\/wp-json\/wp\/v2\/users\/93"}],"replies":[{"embeddable":true,"href":"https:\/\/www.km77.com\/revista\/wp-json\/wp\/v2\/comments?post=68120"}],"version-history":[{"count":7,"href":"https:\/\/www.km77.com\/revista\/wp-json\/wp\/v2\/posts\/68120\/revisions"}],"predecessor-version":[{"id":68160,"href":"https:\/\/www.km77.com\/revista\/wp-json\/wp\/v2\/posts\/68120\/revisions\/68160"}],"wp:featuredmedia":[{"embeddable":true,"href":"https:\/\/www.km77.com\/revista\/wp-json\/wp\/v2\/media\/68149"}],"wp:attachment":[{"href":"https:\/\/www.km77.com\/revista\/wp-json\/wp\/v2\/media?parent=68120"}],"wp:term":[{"taxonomy":"category","embeddable":true,"href":"https:\/\/www.km77.com\/revista\/wp-json\/wp\/v2\/categories?post=68120"},{"taxonomy":"post_tag","embeddable":true,"href":"https:\/\/www.km77.com\/revista\/wp-json\/wp\/v2\/tags?post=68120"}],"curies":[{"name":"wp","href":"https:\/\/api.w.org\/{rel}","templated":true}]}}