{"id":66798,"date":"2026-01-29T12:34:53","date_gmt":"2026-01-29T11:34:53","guid":{"rendered":"https:\/\/www.km77.com\/revista\/?p=66798"},"modified":"2026-01-29T12:44:59","modified_gmt":"2026-01-29T11:44:59","slug":"tesla-anuncia-el-cese-de-produccion-del-model-s-y-el-model-x","status":"publish","type":"post","link":"https:\/\/www.km77.com\/revista\/engendro-mecanico\/tesla-anuncia-el-cese-de-produccion-del-model-s-y-el-model-x\/","title":{"rendered":"Tesla anuncia el cese de producci\u00f3n del Model S y el Model X"},"content":{"rendered":"\n<p>Tesla ha confirmado oficialmente que <strong>pondr\u00e1 fin a la producci\u00f3n de dos de sus veh\u00edculos<\/strong>: el <a href=\"https:\/\/www.km77.com\/coches\/tesla\/model-s\/2021\/estandar\/informacion\">Model S<\/a> (una berlina de 5,02 metros de longitud) y el Model X (un SUV de 5,06 metros de longitud). Con esta decisi\u00f3n, la marca estadounidense elimina de su cat\u00e1logo sus modelos m\u00e1s caros y ostentosos.<\/p>\n\n\n\n<p>Ambos fueron determinantes para posicionar a Tesla como un <strong>fabricante de referencia en el mercado del coche el\u00e9ctrico<\/strong>. Sin embargo, en la actualidad, su peso comercial es muy reducido frente a los superventas <a href=\"https:\/\/www.km77.com\/coches\/tesla\/model-3\/2024\/estandar\/informacion\">Model 3<\/a> y <a href=\"https:\/\/www.km77.com\/coches\/tesla\/model-x\/informacion\">Model Y<\/a>. Un buen ejemplo es el mercado espa\u00f1ol: durante 2025, Tesla matricul\u00f3 16 005 veh\u00edculos, de los cuales 9947 fueron Model 3, 6005 Model Y, apenas 32 Model S y solo 21 Model X.<\/p>\n\n\n\n<p>A ello se suma que se trata de productos veteranos. El Model S fue lanzado en 2012 y el Model X en 2015 (con varias actualizaciones posteriores), por lo que <strong>ambos han cumplido ya un ciclo completo en el mercado<\/strong>. La retirada definitiva de un modelo no es algo inusual en la industria del autom\u00f3vil; lo realmente llamativo es qu\u00e9 planea fabricar Tesla en su lugar.<\/p>\n\n\n\n<figure class=\"wp-block-image size-large\"><img decoding=\"async\" width=\"1024\" height=\"576\" src=\"https:\/\/www.km77.com\/revista\/wp-content\/uploads\/2026\/01\/tesla-model-x-and-tesla-model-s-1024x576.jpg\" alt=\"\" class=\"wp-image-66819\" srcset=\"https:\/\/www.km77.com\/revista\/wp-content\/uploads\/2026\/01\/tesla-model-x-and-tesla-model-s-980x551.jpg 980w, https:\/\/www.km77.com\/revista\/wp-content\/uploads\/2026\/01\/tesla-model-x-and-tesla-model-s-480x270.jpg 480w\" sizes=\"(min-width: 0px) and (max-width: 480px) 480px, (min-width: 481px) and (max-width: 980px) 980px, (min-width: 981px) 1024px, 100vw\" \/><\/figure>\n\n\n\n<h2 class=\"wp-block-heading\">Optimus; el robot humanoide de Tesla<\/h2>\n\n\n\n<p>La gran apuesta de Tesla para el futuro cercano se llama <strong>Optimus<\/strong>, un robot humanoide dise\u00f1ado para realizar tareas tanto en entornos industriales como dom\u00e9sticos, con un fuerte componente de inteligencia artificial. Paralelamente, la compa\u00f1\u00eda sigue invirtiendo en el desarrollo de <strong>veh\u00edculos totalmente aut\u00f3nomos<\/strong>, con la vista puesta en servicios comerciales basados en robotaxis en los pr\u00f3ximos a\u00f1os.<\/p>\n\n\n\n<h2 class=\"wp-block-heading\">La f\u00e1brica de Freemont cambia de rumbo<\/h2>\n\n\n\n<p>La planta de Tesla en Fremont, California \u2014donde hasta ahora se ensamblaban los Model S y Model X\u2014 ser\u00e1 reconvertida para la <strong>producci\u00f3n del robot Optimus<\/strong>. All\u00ed se instalar\u00e1 una nueva l\u00ednea de fabricaci\u00f3n orientada a la producci\u00f3n en masa de robots humanoides, un movimiento que simboliza perfectamente el cambio estrat\u00e9gico de la compa\u00f1\u00eda.<\/p>\n\n\n\n<p>Para los actuales propietarios de Model S y Model X, Tesla ha confirmado que <strong>seguir\u00e1 ofreciendo soporte y servicio posventa<\/strong>, aunque la producci\u00f3n de nuevas unidades finalizar\u00e1 en el segundo trimestre de 2026.<\/p>\n\n\n\n<p>Lo que todav\u00eda no est\u00e1 claro es qu\u00e9 planes tiene Tesla a medio plazo para los Model 3 y Model Y, que ser\u00e1n los \u00fanicos dos coches que permanecer\u00e1n en la gama durante los pr\u00f3ximos meses. No obstante, todo apunta a que continuar\u00e1n en el mercado, ya que siguen funcionando muy bien a nivel comercial. El Model 3 lleg\u00f3 en 2016 y el Model Y en 2019.<\/p>\n","protected":false},"excerpt":{"rendered":"<p>Tesla ha confirmado oficialmente que pondr\u00e1 fin a la producci\u00f3n de dos de sus veh\u00edculos: el Model S (una berlina de 5,02 metros de longitud) y el Model X (un SUV de 5,06 metros de longitud). Con esta decisi\u00f3n, la marca estadounidense elimina de su cat\u00e1logo sus modelos m\u00e1s caros y ostentosos. Ambos fueron determinantes [&hellip;]<\/p>\n","protected":false},"author":52,"featured_media":66806,"comment_status":"open","ping_status":"closed","sticky":false,"template":"","format":"standard","meta":{"_et_pb_use_builder":"off","_et_pb_old_content":"","_et_gb_content_width":"","footnotes":""},"categories":[3912],"tags":[5875,14050,14051],"class_list":["post-66798","post","type-post","status-publish","format-standard","has-post-thumbnail","hentry","category-engendro-mecanico","tag-model-x","tag-model-y","tag-optimus"],"yoast_head":"<!-- This site is optimized with the Yoast SEO plugin v27.5 - https:\/\/yoast.com\/product\/yoast-seo-wordpress\/ -->\n<title>Tesla anuncia el cese de producci\u00f3n del Model S y el Model X - Revista km77<\/title>\n<meta name=\"description\" content=\"Tesla ha confirmado oficialmente que pondr\u00e1 fin a la producci\u00f3n de dos de sus veh\u00edculos: el Model S (una berlina de 5,02 metros) y el Model X (un SUV de 5,06 metros).\" \/>\n<meta name=\"robots\" content=\"index, follow, max-snippet:-1, max-image-preview:large, max-video-preview:-1\" \/>\n<link rel=\"canonical\" href=\"https:\/\/www.km77.com\/revista\/engendro-mecanico\/tesla-anuncia-el-cese-de-produccion-del-model-s-y-el-model-x\/\" \/>\n<meta property=\"og:locale\" content=\"es_ES\" \/>\n<meta property=\"og:type\" content=\"article\" \/>\n<meta property=\"og:title\" content=\"Tesla anuncia el cese de producci\u00f3n del Model S y el Model X - Revista km77\" \/>\n<meta property=\"og:description\" content=\"Tesla ha confirmado oficialmente que pondr\u00e1 fin a la producci\u00f3n de dos de sus veh\u00edculos: el Model S (una berlina de 5,02 metros) y el Model X (un SUV de 5,06 metros).\" \/>\n<meta property=\"og:url\" content=\"https:\/\/www.km77.com\/revista\/engendro-mecanico\/tesla-anuncia-el-cese-de-produccion-del-model-s-y-el-model-x\/\" \/>\n<meta property=\"og:site_name\" content=\"Revista km77\" \/>\n<meta property=\"article:published_time\" content=\"2026-01-29T11:34:53+00:00\" \/>\n<meta property=\"article:modified_time\" content=\"2026-01-29T11:44:59+00:00\" \/>\n<meta property=\"og:image\" content=\"https:\/\/www.km77.com\/revista\/wp-content\/uploads\/2026\/01\/Tels.jpg\" \/>\n\t<meta property=\"og:image:width\" content=\"800\" \/>\n\t<meta property=\"og:image:height\" content=\"533\" \/>\n\t<meta property=\"og:image:type\" content=\"image\/jpeg\" \/>\n<meta name=\"author\" content=\"E. Calle\" \/>\n<meta name=\"twitter:card\" content=\"summary_large_image\" \/>\n<meta name=\"twitter:label1\" content=\"Escrito por\" \/>\n\t<meta name=\"twitter:data1\" content=\"E. Calle\" \/>\n\t<meta name=\"twitter:label2\" content=\"Tiempo de lectura\" \/>\n\t<meta name=\"twitter:data2\" content=\"3 minutos\" \/>\n<script type=\"application\/ld+json\" class=\"yoast-schema-graph\">{\"@context\":\"https:\\\/\\\/schema.org\",\"@graph\":[{\"@type\":\"Article\",\"@id\":\"https:\\\/\\\/www.km77.com\\\/revista\\\/engendro-mecanico\\\/tesla-anuncia-el-cese-de-produccion-del-model-s-y-el-model-x\\\/#article\",\"isPartOf\":{\"@id\":\"https:\\\/\\\/www.km77.com\\\/revista\\\/engendro-mecanico\\\/tesla-anuncia-el-cese-de-produccion-del-model-s-y-el-model-x\\\/\"},\"author\":{\"name\":\"E. Calle\",\"@id\":\"https:\\\/\\\/www.km77.com\\\/revista\\\/#\\\/schema\\\/person\\\/d528ee8d860e406999292e1a36af3bb4\"},\"headline\":\"Tesla anuncia el cese de producci\u00f3n del Model S y el Model X\",\"datePublished\":\"2026-01-29T11:34:53+00:00\",\"dateModified\":\"2026-01-29T11:44:59+00:00\",\"mainEntityOfPage\":{\"@id\":\"https:\\\/\\\/www.km77.com\\\/revista\\\/engendro-mecanico\\\/tesla-anuncia-el-cese-de-produccion-del-model-s-y-el-model-x\\\/\"},\"wordCount\":439,\"commentCount\":10,\"publisher\":{\"@id\":\"https:\\\/\\\/www.km77.com\\\/revista\\\/#organization\"},\"image\":{\"@id\":\"https:\\\/\\\/www.km77.com\\\/revista\\\/engendro-mecanico\\\/tesla-anuncia-el-cese-de-produccion-del-model-s-y-el-model-x\\\/#primaryimage\"},\"thumbnailUrl\":\"https:\\\/\\\/www.km77.com\\\/revista\\\/wp-content\\\/uploads\\\/2026\\\/01\\\/Tels.jpg\",\"keywords\":[\"Model X\",\"model y\",\"optimus\"],\"articleSection\":[\"Engendro Mec\u00e1nico\"],\"inLanguage\":\"es\",\"potentialAction\":[{\"@type\":\"CommentAction\",\"name\":\"Comment\",\"target\":[\"https:\\\/\\\/www.km77.com\\\/revista\\\/engendro-mecanico\\\/tesla-anuncia-el-cese-de-produccion-del-model-s-y-el-model-x\\\/#respond\"]}]},{\"@type\":\"WebPage\",\"@id\":\"https:\\\/\\\/www.km77.com\\\/revista\\\/engendro-mecanico\\\/tesla-anuncia-el-cese-de-produccion-del-model-s-y-el-model-x\\\/\",\"url\":\"https:\\\/\\\/www.km77.com\\\/revista\\\/engendro-mecanico\\\/tesla-anuncia-el-cese-de-produccion-del-model-s-y-el-model-x\\\/\",\"name\":\"Tesla anuncia el cese de producci\u00f3n del Model S y el Model X - Revista km77\",\"isPartOf\":{\"@id\":\"https:\\\/\\\/www.km77.com\\\/revista\\\/#website\"},\"primaryImageOfPage\":{\"@id\":\"https:\\\/\\\/www.km77.com\\\/revista\\\/engendro-mecanico\\\/tesla-anuncia-el-cese-de-produccion-del-model-s-y-el-model-x\\\/#primaryimage\"},\"image\":{\"@id\":\"https:\\\/\\\/www.km77.com\\\/revista\\\/engendro-mecanico\\\/tesla-anuncia-el-cese-de-produccion-del-model-s-y-el-model-x\\\/#primaryimage\"},\"thumbnailUrl\":\"https:\\\/\\\/www.km77.com\\\/revista\\\/wp-content\\\/uploads\\\/2026\\\/01\\\/Tels.jpg\",\"datePublished\":\"2026-01-29T11:34:53+00:00\",\"dateModified\":\"2026-01-29T11:44:59+00:00\",\"description\":\"Tesla ha confirmado oficialmente que pondr\u00e1 fin a la producci\u00f3n de dos de sus veh\u00edculos: el Model S (una berlina de 5,02 metros) y el Model X (un SUV de 5,06 metros).\",\"breadcrumb\":{\"@id\":\"https:\\\/\\\/www.km77.com\\\/revista\\\/engendro-mecanico\\\/tesla-anuncia-el-cese-de-produccion-del-model-s-y-el-model-x\\\/#breadcrumb\"},\"inLanguage\":\"es\",\"potentialAction\":[{\"@type\":\"ReadAction\",\"target\":[\"https:\\\/\\\/www.km77.com\\\/revista\\\/engendro-mecanico\\\/tesla-anuncia-el-cese-de-produccion-del-model-s-y-el-model-x\\\/\"]}]},{\"@type\":\"ImageObject\",\"inLanguage\":\"es\",\"@id\":\"https:\\\/\\\/www.km77.com\\\/revista\\\/engendro-mecanico\\\/tesla-anuncia-el-cese-de-produccion-del-model-s-y-el-model-x\\\/#primaryimage\",\"url\":\"https:\\\/\\\/www.km77.com\\\/revista\\\/wp-content\\\/uploads\\\/2026\\\/01\\\/Tels.jpg\",\"contentUrl\":\"https:\\\/\\\/www.km77.com\\\/revista\\\/wp-content\\\/uploads\\\/2026\\\/01\\\/Tels.jpg\",\"width\":800,\"height\":533,\"caption\":\"Tesla Optimus\"},{\"@type\":\"BreadcrumbList\",\"@id\":\"https:\\\/\\\/www.km77.com\\\/revista\\\/engendro-mecanico\\\/tesla-anuncia-el-cese-de-produccion-del-model-s-y-el-model-x\\\/#breadcrumb\",\"itemListElement\":[{\"@type\":\"ListItem\",\"position\":1,\"name\":\"Revista km77\",\"item\":\"https:\\\/\\\/www.km77.com\\\/revista\\\/\"},{\"@type\":\"ListItem\",\"position\":2,\"name\":\"Engendro Mec\u00e1nico\",\"item\":\"https:\\\/\\\/www.km77.com\\\/revista\\\/engendro-mecanico\\\/\"},{\"@type\":\"ListItem\",\"position\":3,\"name\":\"Tesla anuncia el cese de producci\u00f3n del Model S y el Model X\"}]},{\"@type\":\"WebSite\",\"@id\":\"https:\\\/\\\/www.km77.com\\\/revista\\\/#website\",\"url\":\"https:\\\/\\\/www.km77.com\\\/revista\\\/\",\"name\":\"Revista km77\",\"description\":\"Revista de km77\",\"publisher\":{\"@id\":\"https:\\\/\\\/www.km77.com\\\/revista\\\/#organization\"},\"potentialAction\":[{\"@type\":\"SearchAction\",\"target\":{\"@type\":\"EntryPoint\",\"urlTemplate\":\"https:\\\/\\\/www.km77.com\\\/revista\\\/?s={search_term_string}\"},\"query-input\":{\"@type\":\"PropertyValueSpecification\",\"valueRequired\":true,\"valueName\":\"search_term_string\"}}],\"inLanguage\":\"es\"},{\"@type\":\"Organization\",\"@id\":\"https:\\\/\\\/www.km77.com\\\/revista\\\/#organization\",\"name\":\"KM77\",\"url\":\"https:\\\/\\\/www.km77.com\\\/revista\\\/\",\"logo\":{\"@type\":\"ImageObject\",\"inLanguage\":\"es\",\"@id\":\"https:\\\/\\\/www.km77.com\\\/revista\\\/#\\\/schema\\\/logo\\\/image\\\/\",\"url\":\"https:\\\/\\\/www.km77.com\\\/revista\\\/wp-content\\\/uploads\\\/2021\\\/02\\\/logo-km77.png\",\"contentUrl\":\"https:\\\/\\\/www.km77.com\\\/revista\\\/wp-content\\\/uploads\\\/2021\\\/02\\\/logo-km77.png\",\"width\":100,\"height\":34,\"caption\":\"KM77\"},\"image\":{\"@id\":\"https:\\\/\\\/www.km77.com\\\/revista\\\/#\\\/schema\\\/logo\\\/image\\\/\"}},{\"@type\":\"Person\",\"@id\":\"https:\\\/\\\/www.km77.com\\\/revista\\\/#\\\/schema\\\/person\\\/d528ee8d860e406999292e1a36af3bb4\",\"name\":\"E. Calle\",\"image\":{\"@type\":\"ImageObject\",\"inLanguage\":\"es\",\"@id\":\"https:\\\/\\\/secure.gravatar.com\\\/avatar\\\/7c902416ced08c25106c4d20a06d79f8e11185c5ce49b0554be653ac67fbb7ec?s=96&d=mm&r=g\",\"url\":\"https:\\\/\\\/secure.gravatar.com\\\/avatar\\\/7c902416ced08c25106c4d20a06d79f8e11185c5ce49b0554be653ac67fbb7ec?s=96&d=mm&r=g\",\"contentUrl\":\"https:\\\/\\\/secure.gravatar.com\\\/avatar\\\/7c902416ced08c25106c4d20a06d79f8e11185c5ce49b0554be653ac67fbb7ec?s=96&d=mm&r=g\",\"caption\":\"E. Calle\"},\"url\":\"https:\\\/\\\/www.km77.com\\\/revista\\\/author\\\/enrique-calle\\\/\"}]}<\/script>\n<!-- \/ Yoast SEO plugin. -->","yoast_head_json":{"title":"Tesla anuncia el cese de producci\u00f3n del Model S y el Model X - Revista km77","description":"Tesla ha confirmado oficialmente que pondr\u00e1 fin a la producci\u00f3n de dos de sus veh\u00edculos: el Model S (una berlina de 5,02 metros) y el Model X (un SUV de 5,06 metros).","robots":{"index":"index","follow":"follow","max-snippet":"max-snippet:-1","max-image-preview":"max-image-preview:large","max-video-preview":"max-video-preview:-1"},"canonical":"https:\/\/www.km77.com\/revista\/engendro-mecanico\/tesla-anuncia-el-cese-de-produccion-del-model-s-y-el-model-x\/","og_locale":"es_ES","og_type":"article","og_title":"Tesla anuncia el cese de producci\u00f3n del Model S y el Model X - Revista km77","og_description":"Tesla ha confirmado oficialmente que pondr\u00e1 fin a la producci\u00f3n de dos de sus veh\u00edculos: el Model S (una berlina de 5,02 metros) y el Model X (un SUV de 5,06 metros).","og_url":"https:\/\/www.km77.com\/revista\/engendro-mecanico\/tesla-anuncia-el-cese-de-produccion-del-model-s-y-el-model-x\/","og_site_name":"Revista km77","article_published_time":"2026-01-29T11:34:53+00:00","article_modified_time":"2026-01-29T11:44:59+00:00","og_image":[{"width":800,"height":533,"url":"https:\/\/www.km77.com\/revista\/wp-content\/uploads\/2026\/01\/Tels.jpg","type":"image\/jpeg"}],"author":"E. Calle","twitter_card":"summary_large_image","twitter_misc":{"Escrito por":"E. Calle","Tiempo de lectura":"3 minutos"},"schema":{"@context":"https:\/\/schema.org","@graph":[{"@type":"Article","@id":"https:\/\/www.km77.com\/revista\/engendro-mecanico\/tesla-anuncia-el-cese-de-produccion-del-model-s-y-el-model-x\/#article","isPartOf":{"@id":"https:\/\/www.km77.com\/revista\/engendro-mecanico\/tesla-anuncia-el-cese-de-produccion-del-model-s-y-el-model-x\/"},"author":{"name":"E. Calle","@id":"https:\/\/www.km77.com\/revista\/#\/schema\/person\/d528ee8d860e406999292e1a36af3bb4"},"headline":"Tesla anuncia el cese de producci\u00f3n del Model S y el Model X","datePublished":"2026-01-29T11:34:53+00:00","dateModified":"2026-01-29T11:44:59+00:00","mainEntityOfPage":{"@id":"https:\/\/www.km77.com\/revista\/engendro-mecanico\/tesla-anuncia-el-cese-de-produccion-del-model-s-y-el-model-x\/"},"wordCount":439,"commentCount":10,"publisher":{"@id":"https:\/\/www.km77.com\/revista\/#organization"},"image":{"@id":"https:\/\/www.km77.com\/revista\/engendro-mecanico\/tesla-anuncia-el-cese-de-produccion-del-model-s-y-el-model-x\/#primaryimage"},"thumbnailUrl":"https:\/\/www.km77.com\/revista\/wp-content\/uploads\/2026\/01\/Tels.jpg","keywords":["Model X","model y","optimus"],"articleSection":["Engendro Mec\u00e1nico"],"inLanguage":"es","potentialAction":[{"@type":"CommentAction","name":"Comment","target":["https:\/\/www.km77.com\/revista\/engendro-mecanico\/tesla-anuncia-el-cese-de-produccion-del-model-s-y-el-model-x\/#respond"]}]},{"@type":"WebPage","@id":"https:\/\/www.km77.com\/revista\/engendro-mecanico\/tesla-anuncia-el-cese-de-produccion-del-model-s-y-el-model-x\/","url":"https:\/\/www.km77.com\/revista\/engendro-mecanico\/tesla-anuncia-el-cese-de-produccion-del-model-s-y-el-model-x\/","name":"Tesla anuncia el cese de producci\u00f3n del Model S y el Model X - Revista km77","isPartOf":{"@id":"https:\/\/www.km77.com\/revista\/#website"},"primaryImageOfPage":{"@id":"https:\/\/www.km77.com\/revista\/engendro-mecanico\/tesla-anuncia-el-cese-de-produccion-del-model-s-y-el-model-x\/#primaryimage"},"image":{"@id":"https:\/\/www.km77.com\/revista\/engendro-mecanico\/tesla-anuncia-el-cese-de-produccion-del-model-s-y-el-model-x\/#primaryimage"},"thumbnailUrl":"https:\/\/www.km77.com\/revista\/wp-content\/uploads\/2026\/01\/Tels.jpg","datePublished":"2026-01-29T11:34:53+00:00","dateModified":"2026-01-29T11:44:59+00:00","description":"Tesla ha confirmado oficialmente que pondr\u00e1 fin a la producci\u00f3n de dos de sus veh\u00edculos: el Model S (una berlina de 5,02 metros) y el Model X (un SUV de 5,06 metros).","breadcrumb":{"@id":"https:\/\/www.km77.com\/revista\/engendro-mecanico\/tesla-anuncia-el-cese-de-produccion-del-model-s-y-el-model-x\/#breadcrumb"},"inLanguage":"es","potentialAction":[{"@type":"ReadAction","target":["https:\/\/www.km77.com\/revista\/engendro-mecanico\/tesla-anuncia-el-cese-de-produccion-del-model-s-y-el-model-x\/"]}]},{"@type":"ImageObject","inLanguage":"es","@id":"https:\/\/www.km77.com\/revista\/engendro-mecanico\/tesla-anuncia-el-cese-de-produccion-del-model-s-y-el-model-x\/#primaryimage","url":"https:\/\/www.km77.com\/revista\/wp-content\/uploads\/2026\/01\/Tels.jpg","contentUrl":"https:\/\/www.km77.com\/revista\/wp-content\/uploads\/2026\/01\/Tels.jpg","width":800,"height":533,"caption":"Tesla Optimus"},{"@type":"BreadcrumbList","@id":"https:\/\/www.km77.com\/revista\/engendro-mecanico\/tesla-anuncia-el-cese-de-produccion-del-model-s-y-el-model-x\/#breadcrumb","itemListElement":[{"@type":"ListItem","position":1,"name":"Revista km77","item":"https:\/\/www.km77.com\/revista\/"},{"@type":"ListItem","position":2,"name":"Engendro Mec\u00e1nico","item":"https:\/\/www.km77.com\/revista\/engendro-mecanico\/"},{"@type":"ListItem","position":3,"name":"Tesla anuncia el cese de producci\u00f3n del Model S y el Model X"}]},{"@type":"WebSite","@id":"https:\/\/www.km77.com\/revista\/#website","url":"https:\/\/www.km77.com\/revista\/","name":"Revista km77","description":"Revista de km77","publisher":{"@id":"https:\/\/www.km77.com\/revista\/#organization"},"potentialAction":[{"@type":"SearchAction","target":{"@type":"EntryPoint","urlTemplate":"https:\/\/www.km77.com\/revista\/?s={search_term_string}"},"query-input":{"@type":"PropertyValueSpecification","valueRequired":true,"valueName":"search_term_string"}}],"inLanguage":"es"},{"@type":"Organization","@id":"https:\/\/www.km77.com\/revista\/#organization","name":"KM77","url":"https:\/\/www.km77.com\/revista\/","logo":{"@type":"ImageObject","inLanguage":"es","@id":"https:\/\/www.km77.com\/revista\/#\/schema\/logo\/image\/","url":"https:\/\/www.km77.com\/revista\/wp-content\/uploads\/2021\/02\/logo-km77.png","contentUrl":"https:\/\/www.km77.com\/revista\/wp-content\/uploads\/2021\/02\/logo-km77.png","width":100,"height":34,"caption":"KM77"},"image":{"@id":"https:\/\/www.km77.com\/revista\/#\/schema\/logo\/image\/"}},{"@type":"Person","@id":"https:\/\/www.km77.com\/revista\/#\/schema\/person\/d528ee8d860e406999292e1a36af3bb4","name":"E. Calle","image":{"@type":"ImageObject","inLanguage":"es","@id":"https:\/\/secure.gravatar.com\/avatar\/7c902416ced08c25106c4d20a06d79f8e11185c5ce49b0554be653ac67fbb7ec?s=96&d=mm&r=g","url":"https:\/\/secure.gravatar.com\/avatar\/7c902416ced08c25106c4d20a06d79f8e11185c5ce49b0554be653ac67fbb7ec?s=96&d=mm&r=g","contentUrl":"https:\/\/secure.gravatar.com\/avatar\/7c902416ced08c25106c4d20a06d79f8e11185c5ce49b0554be653ac67fbb7ec?s=96&d=mm&r=g","caption":"E. Calle"},"url":"https:\/\/www.km77.com\/revista\/author\/enrique-calle\/"}]}},"amp_enabled":true,"_links":{"self":[{"href":"https:\/\/www.km77.com\/revista\/wp-json\/wp\/v2\/posts\/66798","targetHints":{"allow":["GET"]}}],"collection":[{"href":"https:\/\/www.km77.com\/revista\/wp-json\/wp\/v2\/posts"}],"about":[{"href":"https:\/\/www.km77.com\/revista\/wp-json\/wp\/v2\/types\/post"}],"author":[{"embeddable":true,"href":"https:\/\/www.km77.com\/revista\/wp-json\/wp\/v2\/users\/52"}],"replies":[{"embeddable":true,"href":"https:\/\/www.km77.com\/revista\/wp-json\/wp\/v2\/comments?post=66798"}],"version-history":[{"count":8,"href":"https:\/\/www.km77.com\/revista\/wp-json\/wp\/v2\/posts\/66798\/revisions"}],"predecessor-version":[{"id":66821,"href":"https:\/\/www.km77.com\/revista\/wp-json\/wp\/v2\/posts\/66798\/revisions\/66821"}],"wp:featuredmedia":[{"embeddable":true,"href":"https:\/\/www.km77.com\/revista\/wp-json\/wp\/v2\/media\/66806"}],"wp:attachment":[{"href":"https:\/\/www.km77.com\/revista\/wp-json\/wp\/v2\/media?parent=66798"}],"wp:term":[{"taxonomy":"category","embeddable":true,"href":"https:\/\/www.km77.com\/revista\/wp-json\/wp\/v2\/categories?post=66798"},{"taxonomy":"post_tag","embeddable":true,"href":"https:\/\/www.km77.com\/revista\/wp-json\/wp\/v2\/tags?post=66798"}],"curies":[{"name":"wp","href":"https:\/\/api.w.org\/{rel}","templated":true}]}}