{"id":6674,"date":"2011-09-18T12:58:16","date_gmt":"2011-09-18T10:58:16","guid":{"rendered":"http:\/\/blogs.km77.com\/teletransporte\/?p=6674"},"modified":"2021-03-31T20:09:22","modified_gmt":"2021-03-31T18:09:22","slug":"ideologia-herramienta-interese","status":"publish","type":"post","link":"https:\/\/www.km77.com\/revista\/teletransporte\/ideologia-herramienta-interese\/","title":{"rendered":"La ideolog\u00eda y la herramienta"},"content":{"rendered":"<p>En el debate pol\u00edtico se ha olvidado la ideolog\u00eda. S\u00f3lo se debate sobre la herramienta.<\/p>\n<p>Criticar a los mercados es uno de de los discursos favoritos de quienes se denominan de izquierdas.<\/p>\n<p>Criticar al Estado es el pasatiempo favorito de quienes se llaman de derechas.<\/p>\n<p>El Estado y los mercados son herramientas. Sirven para unas cosas y para otras no. Las dos herramientas, mercado y Estado, tienen ventajas e inconvenientes, a la vez, para la mayor\u00eda de operaciones que se deben realizar con ellas. <\/p>\n<p>El disparate es convertir las herramientas en un asunto ideol\u00f3gico. \u00bfEl destornillador es m\u00e1s o menos de izquierdas que la llave inglesa?<\/p>\n<p>Mercado y Estado son neutrales ideol\u00f3gicamente. La ideolog\u00eda se basa en los objetivos, no en las herramientas. Para saber qu\u00e9 herramientas funcionan mejor para alcanzar unos objetivos u otros no queda m\u00e1s remedio que emprender un procedimiento cient\u00edfico de prueba y error.<\/p>\n<p>Ese procedimiento cient\u00edfico hay que abordarlo sin prejuicios y con tiempo. Los destornilladores son una buena herramienta, pero son mejor herramienta si la perfeccionamos para cada uno de sus cometidos. Lo mismo pasa con el Estado y con los mercados. Pueden ser buenas herramientas, pero seguro que podemos mejorarlas.<\/p>\n<p>Lo que no tiene poco sentido es pelearse por cu\u00e1l es la mejor herramienta desde un prejuicio ideol\u00f3gico. El mundo cambia mucho, los instrumentos tambi\u00e9n y la idoneidad de las herramientas tambi\u00e9n. Es imprescindible mejorarlas, adaptarlas e intentar descubrir cada d\u00eda qu\u00e9 herramienta se adapta mejor a cada objetivo.<\/p>\n<p>El debate sobre las herramientas no tiene nada que ver con el debate ideol\u00f3gico. Con lo que tiene que ver es con la defensa de intereses, de objetivos ocultos no ideol\u00f3gicos, de derechos adquiridos o de ideolog\u00edas no confesadas.<\/p>\n<p>El debate pol\u00edtico habr\u00eda que reconducirlo. Buscar las diferencias de objetivos. Diseccionar las diferencias ideol\u00f3gicas y posteriormente debatir sobre las herramientas, una vez se conocen con claridad los objetivos.<\/p>\n<p>Por este motivo, lo primero que deber\u00edamos exigir a los partidos es que diseccionaran su propuesta ideol\u00f3gica y a continuaci\u00f3n que explicaran las herramientas de gesti\u00f3n que quieren utilizar para conseguir esos objetivos.<\/p>\n<p>Los partidos se tendr\u00edan que diferenciar por esa ideolog\u00eda. Y como tambi\u00e9n hay diferentes t\u00e9cnicas de gesti\u00f3n, tambi\u00e9n podr\u00edan diferenciarse por la herramienta que prefieren utilizar. <\/p>\n<p>Cualquier principio ideol\u00f3gico es bueno para desarrollar la cadena que crea los conjuntos de afinidades. <\/p>\n<p>&#8211; Sanidad universal pagada por el Estado.<\/p>\n<p>\u00bfCompartimos el principio o no? <\/p>\n<p>a) Si compartimos el principio (misma ideolog\u00eda), resta encontrar la mejor herramienta para conseguir la sanidad de la calidad que establezcamos, al menor coste posible.<\/p>\n<p>b) Si no lo compartimos, tenemos que buscar grupos de personas que no lo comparten para llegar a acuerdos compartidos y buscar las herramientas.<\/p>\n<p>En el punto a) anterior hemos establecido un nuevo principio.<\/p>\n<p>&#8211; El menor coste posible (a igualdad de calidad)<\/p>\n<p>\u00bfCompartimos el principio s\u00ed o no? <\/p>\n<p>a) Si lo compartimos (misma ideolog\u00eda)&#8230;<\/p>\n<p>b) Si no lo compartimos&#8230;<\/p>\n<p>Primero tenemos que definir con precisi\u00f3n la ideolog\u00eda para pasar al debate de la herramienta. No podemos perfeccionar las herramientas sin saber con precisi\u00f3n para qu\u00e9 las queremos utilizar.<\/p>\n","protected":false},"excerpt":{"rendered":"<p>En el debate pol\u00edtico se ha olvidado la ideolog\u00eda. S\u00f3lo se debate sobre la herramienta. Criticar a los mercados es uno de de los discursos favoritos de quienes se denominan de izquierdas. Criticar al Estado es el pasatiempo favorito de quienes se llaman de derechas. El Estado y los mercados son herramientas. Sirven para unas [&hellip;]<\/p>\n","protected":false},"author":72,"featured_media":0,"comment_status":"open","ping_status":"closed","sticky":false,"template":"","format":"standard","meta":{"_et_pb_use_builder":"","_et_pb_old_content":"","_et_gb_content_width":"","footnotes":""},"categories":[3915],"tags":[7975,955,1197,1535,2011],"class_list":["post-6674","post","type-post","status-publish","format-standard","hentry","category-teletransporte","tag-de-todo-un-poco","tag-debate-politico","tag-estado","tag-ideologia","tag-mercados"],"yoast_head":"<!-- This site is optimized with the Yoast SEO plugin v27.4 - https:\/\/yoast.com\/product\/yoast-seo-wordpress\/ -->\n<title>La ideolog\u00eda y la herramienta - Revista km77<\/title>\n<meta name=\"robots\" content=\"index, follow, max-snippet:-1, max-image-preview:large, max-video-preview:-1\" \/>\n<link rel=\"canonical\" href=\"https:\/\/www.km77.com\/revista\/teletransporte\/ideologia-herramienta-interese\/\" \/>\n<meta property=\"og:locale\" content=\"es_ES\" \/>\n<meta property=\"og:type\" content=\"article\" \/>\n<meta property=\"og:title\" content=\"La ideolog\u00eda y la herramienta - Revista km77\" \/>\n<meta property=\"og:description\" content=\"En el debate pol\u00edtico se ha olvidado la ideolog\u00eda. S\u00f3lo se debate sobre la herramienta. Criticar a los mercados es uno de de los discursos favoritos de quienes se denominan de izquierdas. Criticar al Estado es el pasatiempo favorito de quienes se llaman de derechas. El Estado y los mercados son herramientas. Sirven para unas [&hellip;]\" \/>\n<meta property=\"og:url\" content=\"https:\/\/www.km77.com\/revista\/teletransporte\/ideologia-herramienta-interese\/\" \/>\n<meta property=\"og:site_name\" content=\"Revista km77\" \/>\n<meta property=\"article:published_time\" content=\"2011-09-18T10:58:16+00:00\" \/>\n<meta property=\"article:modified_time\" content=\"2021-03-31T18:09:22+00:00\" \/>\n<meta name=\"author\" content=\"Javier Molt\u00f3\" \/>\n<meta name=\"twitter:card\" content=\"summary_large_image\" \/>\n<meta name=\"twitter:creator\" content=\"@Deportes1\" \/>\n<meta name=\"twitter:label1\" content=\"Escrito por\" \/>\n\t<meta name=\"twitter:data1\" content=\"Javier Molt\u00f3\" \/>\n\t<meta name=\"twitter:label2\" content=\"Tiempo de lectura\" \/>\n\t<meta name=\"twitter:data2\" content=\"3 minutos\" \/>\n<script type=\"application\/ld+json\" class=\"yoast-schema-graph\">{\"@context\":\"https:\\\/\\\/schema.org\",\"@graph\":[{\"@type\":\"Article\",\"@id\":\"https:\\\/\\\/www.km77.com\\\/revista\\\/teletransporte\\\/ideologia-herramienta-interese\\\/#article\",\"isPartOf\":{\"@id\":\"https:\\\/\\\/www.km77.com\\\/revista\\\/teletransporte\\\/ideologia-herramienta-interese\\\/\"},\"author\":{\"name\":\"Javier Molt\u00f3\",\"@id\":\"https:\\\/\\\/www.km77.com\\\/revista\\\/#\\\/schema\\\/person\\\/2f0611a1b3c7d2a2c81a9428505a25db\"},\"headline\":\"La ideolog\u00eda y la herramienta\",\"datePublished\":\"2011-09-18T10:58:16+00:00\",\"dateModified\":\"2021-03-31T18:09:22+00:00\",\"mainEntityOfPage\":{\"@id\":\"https:\\\/\\\/www.km77.com\\\/revista\\\/teletransporte\\\/ideologia-herramienta-interese\\\/\"},\"wordCount\":559,\"commentCount\":26,\"publisher\":{\"@id\":\"https:\\\/\\\/www.km77.com\\\/revista\\\/#organization\"},\"keywords\":[\"De todo un poco\",\"debate politico\",\"Estado\",\"ideologia\",\"mercados\"],\"articleSection\":[\"Teletransporte\"],\"inLanguage\":\"es\",\"potentialAction\":[{\"@type\":\"CommentAction\",\"name\":\"Comment\",\"target\":[\"https:\\\/\\\/www.km77.com\\\/revista\\\/teletransporte\\\/ideologia-herramienta-interese\\\/#respond\"]}]},{\"@type\":\"WebPage\",\"@id\":\"https:\\\/\\\/www.km77.com\\\/revista\\\/teletransporte\\\/ideologia-herramienta-interese\\\/\",\"url\":\"https:\\\/\\\/www.km77.com\\\/revista\\\/teletransporte\\\/ideologia-herramienta-interese\\\/\",\"name\":\"La ideolog\u00eda y la herramienta - Revista km77\",\"isPartOf\":{\"@id\":\"https:\\\/\\\/www.km77.com\\\/revista\\\/#website\"},\"datePublished\":\"2011-09-18T10:58:16+00:00\",\"dateModified\":\"2021-03-31T18:09:22+00:00\",\"breadcrumb\":{\"@id\":\"https:\\\/\\\/www.km77.com\\\/revista\\\/teletransporte\\\/ideologia-herramienta-interese\\\/#breadcrumb\"},\"inLanguage\":\"es\",\"potentialAction\":[{\"@type\":\"ReadAction\",\"target\":[\"https:\\\/\\\/www.km77.com\\\/revista\\\/teletransporte\\\/ideologia-herramienta-interese\\\/\"]}]},{\"@type\":\"BreadcrumbList\",\"@id\":\"https:\\\/\\\/www.km77.com\\\/revista\\\/teletransporte\\\/ideologia-herramienta-interese\\\/#breadcrumb\",\"itemListElement\":[{\"@type\":\"ListItem\",\"position\":1,\"name\":\"Revista km77\",\"item\":\"https:\\\/\\\/www.km77.com\\\/revista\\\/\"},{\"@type\":\"ListItem\",\"position\":2,\"name\":\"Teletransporte\",\"item\":\"https:\\\/\\\/www.km77.com\\\/revista\\\/teletransporte\\\/\"},{\"@type\":\"ListItem\",\"position\":3,\"name\":\"La ideolog\u00eda y la herramienta\"}]},{\"@type\":\"WebSite\",\"@id\":\"https:\\\/\\\/www.km77.com\\\/revista\\\/#website\",\"url\":\"https:\\\/\\\/www.km77.com\\\/revista\\\/\",\"name\":\"Revista km77\",\"description\":\"Revista de km77\",\"publisher\":{\"@id\":\"https:\\\/\\\/www.km77.com\\\/revista\\\/#organization\"},\"potentialAction\":[{\"@type\":\"SearchAction\",\"target\":{\"@type\":\"EntryPoint\",\"urlTemplate\":\"https:\\\/\\\/www.km77.com\\\/revista\\\/?s={search_term_string}\"},\"query-input\":{\"@type\":\"PropertyValueSpecification\",\"valueRequired\":true,\"valueName\":\"search_term_string\"}}],\"inLanguage\":\"es\"},{\"@type\":\"Organization\",\"@id\":\"https:\\\/\\\/www.km77.com\\\/revista\\\/#organization\",\"name\":\"KM77\",\"url\":\"https:\\\/\\\/www.km77.com\\\/revista\\\/\",\"logo\":{\"@type\":\"ImageObject\",\"inLanguage\":\"es\",\"@id\":\"https:\\\/\\\/www.km77.com\\\/revista\\\/#\\\/schema\\\/logo\\\/image\\\/\",\"url\":\"https:\\\/\\\/www.km77.com\\\/revista\\\/wp-content\\\/uploads\\\/2021\\\/02\\\/logo-km77.png\",\"contentUrl\":\"https:\\\/\\\/www.km77.com\\\/revista\\\/wp-content\\\/uploads\\\/2021\\\/02\\\/logo-km77.png\",\"width\":100,\"height\":34,\"caption\":\"KM77\"},\"image\":{\"@id\":\"https:\\\/\\\/www.km77.com\\\/revista\\\/#\\\/schema\\\/logo\\\/image\\\/\"}},{\"@type\":\"Person\",\"@id\":\"https:\\\/\\\/www.km77.com\\\/revista\\\/#\\\/schema\\\/person\\\/2f0611a1b3c7d2a2c81a9428505a25db\",\"name\":\"Javier Molt\u00f3\",\"image\":{\"@type\":\"ImageObject\",\"inLanguage\":\"es\",\"@id\":\"https:\\\/\\\/secure.gravatar.com\\\/avatar\\\/1c930880a58b8b56f4abb8c2797bdb266488614621319ddd0ab4ee365b10a72c?s=96&d=mm&r=g\",\"url\":\"https:\\\/\\\/secure.gravatar.com\\\/avatar\\\/1c930880a58b8b56f4abb8c2797bdb266488614621319ddd0ab4ee365b10a72c?s=96&d=mm&r=g\",\"contentUrl\":\"https:\\\/\\\/secure.gravatar.com\\\/avatar\\\/1c930880a58b8b56f4abb8c2797bdb266488614621319ddd0ab4ee365b10a72c?s=96&d=mm&r=g\",\"caption\":\"Javier Molt\u00f3\"},\"description\":\"Empec\u00e9 a trabajar como periodista probador de coches en 1985, en la revista AutoHebdo. Despu\u00e9s trabaj\u00e9 en Coche Actual y Motor16. Desde 1994 a 1999 inform\u00e9 de asuntos econ\u00f3micos tanto en Madrid como en Londres, donde trabaj\u00e9 en Bloomberg. En 1999 fund\u00e9 km77.com, empresa con la que sigo empe\u00f1ado en el objetivo de dar la mejor informaci\u00f3n de coches de la que somos capaces.\",\"sameAs\":[\"https:\\\/\\\/x.com\\\/Deportes1\"],\"url\":\"https:\\\/\\\/www.km77.com\\\/revista\\\/author\\\/teletransporte\\\/\"}]}<\/script>\n<!-- \/ Yoast SEO plugin. -->","yoast_head_json":{"title":"La ideolog\u00eda y la herramienta - Revista km77","robots":{"index":"index","follow":"follow","max-snippet":"max-snippet:-1","max-image-preview":"max-image-preview:large","max-video-preview":"max-video-preview:-1"},"canonical":"https:\/\/www.km77.com\/revista\/teletransporte\/ideologia-herramienta-interese\/","og_locale":"es_ES","og_type":"article","og_title":"La ideolog\u00eda y la herramienta - Revista km77","og_description":"En el debate pol\u00edtico se ha olvidado la ideolog\u00eda. S\u00f3lo se debate sobre la herramienta. Criticar a los mercados es uno de de los discursos favoritos de quienes se denominan de izquierdas. Criticar al Estado es el pasatiempo favorito de quienes se llaman de derechas. El Estado y los mercados son herramientas. Sirven para unas [&hellip;]","og_url":"https:\/\/www.km77.com\/revista\/teletransporte\/ideologia-herramienta-interese\/","og_site_name":"Revista km77","article_published_time":"2011-09-18T10:58:16+00:00","article_modified_time":"2021-03-31T18:09:22+00:00","author":"Javier Molt\u00f3","twitter_card":"summary_large_image","twitter_creator":"@Deportes1","twitter_misc":{"Escrito por":"Javier Molt\u00f3","Tiempo de lectura":"3 minutos"},"schema":{"@context":"https:\/\/schema.org","@graph":[{"@type":"Article","@id":"https:\/\/www.km77.com\/revista\/teletransporte\/ideologia-herramienta-interese\/#article","isPartOf":{"@id":"https:\/\/www.km77.com\/revista\/teletransporte\/ideologia-herramienta-interese\/"},"author":{"name":"Javier Molt\u00f3","@id":"https:\/\/www.km77.com\/revista\/#\/schema\/person\/2f0611a1b3c7d2a2c81a9428505a25db"},"headline":"La ideolog\u00eda y la herramienta","datePublished":"2011-09-18T10:58:16+00:00","dateModified":"2021-03-31T18:09:22+00:00","mainEntityOfPage":{"@id":"https:\/\/www.km77.com\/revista\/teletransporte\/ideologia-herramienta-interese\/"},"wordCount":559,"commentCount":26,"publisher":{"@id":"https:\/\/www.km77.com\/revista\/#organization"},"keywords":["De todo un poco","debate politico","Estado","ideologia","mercados"],"articleSection":["Teletransporte"],"inLanguage":"es","potentialAction":[{"@type":"CommentAction","name":"Comment","target":["https:\/\/www.km77.com\/revista\/teletransporte\/ideologia-herramienta-interese\/#respond"]}]},{"@type":"WebPage","@id":"https:\/\/www.km77.com\/revista\/teletransporte\/ideologia-herramienta-interese\/","url":"https:\/\/www.km77.com\/revista\/teletransporte\/ideologia-herramienta-interese\/","name":"La ideolog\u00eda y la herramienta - Revista km77","isPartOf":{"@id":"https:\/\/www.km77.com\/revista\/#website"},"datePublished":"2011-09-18T10:58:16+00:00","dateModified":"2021-03-31T18:09:22+00:00","breadcrumb":{"@id":"https:\/\/www.km77.com\/revista\/teletransporte\/ideologia-herramienta-interese\/#breadcrumb"},"inLanguage":"es","potentialAction":[{"@type":"ReadAction","target":["https:\/\/www.km77.com\/revista\/teletransporte\/ideologia-herramienta-interese\/"]}]},{"@type":"BreadcrumbList","@id":"https:\/\/www.km77.com\/revista\/teletransporte\/ideologia-herramienta-interese\/#breadcrumb","itemListElement":[{"@type":"ListItem","position":1,"name":"Revista km77","item":"https:\/\/www.km77.com\/revista\/"},{"@type":"ListItem","position":2,"name":"Teletransporte","item":"https:\/\/www.km77.com\/revista\/teletransporte\/"},{"@type":"ListItem","position":3,"name":"La ideolog\u00eda y la herramienta"}]},{"@type":"WebSite","@id":"https:\/\/www.km77.com\/revista\/#website","url":"https:\/\/www.km77.com\/revista\/","name":"Revista km77","description":"Revista de km77","publisher":{"@id":"https:\/\/www.km77.com\/revista\/#organization"},"potentialAction":[{"@type":"SearchAction","target":{"@type":"EntryPoint","urlTemplate":"https:\/\/www.km77.com\/revista\/?s={search_term_string}"},"query-input":{"@type":"PropertyValueSpecification","valueRequired":true,"valueName":"search_term_string"}}],"inLanguage":"es"},{"@type":"Organization","@id":"https:\/\/www.km77.com\/revista\/#organization","name":"KM77","url":"https:\/\/www.km77.com\/revista\/","logo":{"@type":"ImageObject","inLanguage":"es","@id":"https:\/\/www.km77.com\/revista\/#\/schema\/logo\/image\/","url":"https:\/\/www.km77.com\/revista\/wp-content\/uploads\/2021\/02\/logo-km77.png","contentUrl":"https:\/\/www.km77.com\/revista\/wp-content\/uploads\/2021\/02\/logo-km77.png","width":100,"height":34,"caption":"KM77"},"image":{"@id":"https:\/\/www.km77.com\/revista\/#\/schema\/logo\/image\/"}},{"@type":"Person","@id":"https:\/\/www.km77.com\/revista\/#\/schema\/person\/2f0611a1b3c7d2a2c81a9428505a25db","name":"Javier Molt\u00f3","image":{"@type":"ImageObject","inLanguage":"es","@id":"https:\/\/secure.gravatar.com\/avatar\/1c930880a58b8b56f4abb8c2797bdb266488614621319ddd0ab4ee365b10a72c?s=96&d=mm&r=g","url":"https:\/\/secure.gravatar.com\/avatar\/1c930880a58b8b56f4abb8c2797bdb266488614621319ddd0ab4ee365b10a72c?s=96&d=mm&r=g","contentUrl":"https:\/\/secure.gravatar.com\/avatar\/1c930880a58b8b56f4abb8c2797bdb266488614621319ddd0ab4ee365b10a72c?s=96&d=mm&r=g","caption":"Javier Molt\u00f3"},"description":"Empec\u00e9 a trabajar como periodista probador de coches en 1985, en la revista AutoHebdo. Despu\u00e9s trabaj\u00e9 en Coche Actual y Motor16. Desde 1994 a 1999 inform\u00e9 de asuntos econ\u00f3micos tanto en Madrid como en Londres, donde trabaj\u00e9 en Bloomberg. En 1999 fund\u00e9 km77.com, empresa con la que sigo empe\u00f1ado en el objetivo de dar la mejor informaci\u00f3n de coches de la que somos capaces.","sameAs":["https:\/\/x.com\/Deportes1"],"url":"https:\/\/www.km77.com\/revista\/author\/teletransporte\/"}]}},"amp_enabled":true,"_links":{"self":[{"href":"https:\/\/www.km77.com\/revista\/wp-json\/wp\/v2\/posts\/6674","targetHints":{"allow":["GET"]}}],"collection":[{"href":"https:\/\/www.km77.com\/revista\/wp-json\/wp\/v2\/posts"}],"about":[{"href":"https:\/\/www.km77.com\/revista\/wp-json\/wp\/v2\/types\/post"}],"author":[{"embeddable":true,"href":"https:\/\/www.km77.com\/revista\/wp-json\/wp\/v2\/users\/72"}],"replies":[{"embeddable":true,"href":"https:\/\/www.km77.com\/revista\/wp-json\/wp\/v2\/comments?post=6674"}],"version-history":[{"count":1,"href":"https:\/\/www.km77.com\/revista\/wp-json\/wp\/v2\/posts\/6674\/revisions"}],"predecessor-version":[{"id":44020,"href":"https:\/\/www.km77.com\/revista\/wp-json\/wp\/v2\/posts\/6674\/revisions\/44020"}],"wp:attachment":[{"href":"https:\/\/www.km77.com\/revista\/wp-json\/wp\/v2\/media?parent=6674"}],"wp:term":[{"taxonomy":"category","embeddable":true,"href":"https:\/\/www.km77.com\/revista\/wp-json\/wp\/v2\/categories?post=6674"},{"taxonomy":"post_tag","embeddable":true,"href":"https:\/\/www.km77.com\/revista\/wp-json\/wp\/v2\/tags?post=6674"}],"curies":[{"name":"wp","href":"https:\/\/api.w.org\/{rel}","templated":true}]}}