{"id":66705,"date":"2026-01-27T16:53:49","date_gmt":"2026-01-27T15:53:49","guid":{"rendered":"https:\/\/www.km77.com\/revista\/?p=66705"},"modified":"2026-01-27T17:50:14","modified_gmt":"2026-01-27T16:50:14","slug":"el-segundo-capitulo-de-la-serie-mythos","status":"publish","type":"post","link":"https:\/\/www.km77.com\/revista\/engendro-mecanico\/el-segundo-capitulo-de-la-serie-mythos\/","title":{"rendered":"Mercedes-AMG. Nuevo modelo de la serie Mythos"},"content":{"rendered":"\n<p>En 2024, Mercedes-AMG lanz\u00f3 <strong>la interpretaci\u00f3n m\u00e1s radical del SL<\/strong>: el <a href=\"https:\/\/www.km77.com\/coches\/mercedes\/amg-purespeed\/2025\/estandar\/informacion\">Mercedes-AMG PureSpeed<\/a>, el primer modelo de una serie de coches exclusivos denominada <strong>Mythos<\/strong>. A finales de enero de 2026, la marca alemana anuncia el segundo modelo de esta exclusiva serie. Por ahora se conocen pocos detalles de este nuevo modelo, ni si quiera su nombre definitivo, aunque s\u00ed que est\u00e1 inspirado en el CLE, un coup\u00e9 de 4,85 metros de longitud.<\/p>\n\n\n\n<p>En esta ocasi\u00f3n, Mercedes-AMG no ha ido tan lejos como con el PureSpeed. Este <a href=\"https:\/\/www.km77.com\/coches\/mercedes\/cle\/2024\/coupe\/informacion\">CLE<\/a> adopta un planteamiento m\u00e1s conservador y utilizable, ya que tiene techo y, por tanto, parabrisas, lo que elimina la necesidad de utilizar casco para su conducci\u00f3n.<\/p>\n\n\n\n<figure class=\"wp-block-image size-large\"><img decoding=\"async\" width=\"1024\" height=\"683\" src=\"https:\/\/www.km77.com\/revista\/wp-content\/uploads\/2026\/01\/Mercedes-AMG-posterior-lateral-1024x683.jpg\" alt=\"Mercedes-AMG - Vista posterior - lateral\" class=\"wp-image-66706\" srcset=\"https:\/\/www.km77.com\/revista\/wp-content\/uploads\/2026\/01\/Mercedes-AMG-posterior-lateral-1024x683.jpg 1024w, https:\/\/www.km77.com\/revista\/wp-content\/uploads\/2026\/01\/Mercedes-AMG-posterior-lateral-980x653.jpg 980w, https:\/\/www.km77.com\/revista\/wp-content\/uploads\/2026\/01\/Mercedes-AMG-posterior-lateral-480x320.jpg 480w\" sizes=\"(min-width: 0px) and (max-width: 480px) 480px, (min-width: 481px) and (max-width: 980px) 980px, (min-width: 981px) 1024px, 100vw\" \/><figcaption class=\"wp-element-caption\">Mercedes-AMG &#8211; Vista posterior &#8211; lateral<\/figcaption><\/figure>\n\n\n\n<p>Mientras que el Mercedes-AMG PureSpeed incorporaba un <strong>aler\u00f3n trasero<\/strong> escamoteable con ajuste autom\u00e1tico para variar su \u00e1ngulo de incidencia con el aire, el CLE m\u00e1s radical apuesta por uno fijo de grandes dimensiones. <\/p>\n\n\n\n<p>Por el momento, la marca no ha anunciado qu\u00e9 motor equipar\u00e1. Actualmente existe un <strong>CLE 53 AMG 4MATIC+<\/strong> con un motor de seis cilindros en l\u00ednea que desarrolla 449 CV. Todo apunta a que el nuevo modelo superar\u00e1 ampliamente esa cifra de potencia y es probable que recurra a un V8, probablemente una variante del que tendr\u00e1 la pr\u00f3xima generaci\u00f3n del <a href=\"https:\/\/www.km77.com\/coches\/mercedes\/clase-s\/2026\/berlina\/informacion\">Clase S<\/a>. Este motor tiene la peculiaridad de que recurre a un cig\u00fce\u00f1al plano, una soluci\u00f3n que habitualmente se usa en veh\u00edculos deportivos.<\/p>\n\n\n\n<p>La serie Mythos fue anticipada por Mercedes-AMG en 2022 como parte de su estrategia para ofrecer veh\u00edculos de muy bajo volumen, dirigidos tanto a coleccionistas como a clientes que buscan algo completamente diferente a los modelos de serie o a las habituales versiones deportivas de la marca.<\/p>\n\n\n\n<figure class=\"wp-block-image size-large\"><img decoding=\"async\" width=\"1024\" height=\"683\" src=\"https:\/\/www.km77.com\/revista\/wp-content\/uploads\/2026\/01\/Mercedes-AMG-posterior-1024x683.jpg\" alt=\"Mercedes-AMG - Vista posterior\" class=\"wp-image-66708\" srcset=\"https:\/\/www.km77.com\/revista\/wp-content\/uploads\/2026\/01\/Mercedes-AMG-posterior-1024x683.jpg 1024w, https:\/\/www.km77.com\/revista\/wp-content\/uploads\/2026\/01\/Mercedes-AMG-posterior-980x653.jpg 980w, https:\/\/www.km77.com\/revista\/wp-content\/uploads\/2026\/01\/Mercedes-AMG-posterior-480x320.jpg 480w\" sizes=\"(min-width: 0px) and (max-width: 480px) 480px, (min-width: 481px) and (max-width: 980px) 980px, (min-width: 981px) 1024px, 100vw\" \/><figcaption class=\"wp-element-caption\">Mercedes-AMG &#8211; Vista posterior<\/figcaption><\/figure>\n\n\n\n<p><\/p>\n\n\n\n<figure class=\"wp-block-gallery has-nested-images columns-default is-cropped wp-block-gallery-2 is-layout-flex wp-block-gallery-is-layout-flex\">\n<figure class=\"wp-block-image size-large\"><img decoding=\"async\" width=\"1024\" height=\"683\" data-id=\"66707\" src=\"https:\/\/www.km77.com\/revista\/wp-content\/uploads\/2026\/01\/Mercedes-AMG-lateral-frontal-1024x683.jpg\" alt=\"Mercedes-AMG - Vista lateral - frontal\" class=\"wp-image-66707\" srcset=\"https:\/\/www.km77.com\/revista\/wp-content\/uploads\/2026\/01\/Mercedes-AMG-lateral-frontal-1024x683.jpg 1024w, https:\/\/www.km77.com\/revista\/wp-content\/uploads\/2026\/01\/Mercedes-AMG-lateral-frontal-980x653.jpg 980w, https:\/\/www.km77.com\/revista\/wp-content\/uploads\/2026\/01\/Mercedes-AMG-lateral-frontal-480x320.jpg 480w\" sizes=\"(min-width: 0px) and (max-width: 480px) 480px, (min-width: 481px) and (max-width: 980px) 980px, (min-width: 981px) 1024px, 100vw\" \/><\/figure>\n\n\n\n<figure class=\"wp-block-image size-large\"><img decoding=\"async\" width=\"1024\" height=\"683\" data-id=\"66706\" src=\"https:\/\/www.km77.com\/revista\/wp-content\/uploads\/2026\/01\/Mercedes-AMG-posterior-lateral-1024x683.jpg\" alt=\"Mercedes-AMG - Vista posterior - lateral\" class=\"wp-image-66706\" srcset=\"https:\/\/www.km77.com\/revista\/wp-content\/uploads\/2026\/01\/Mercedes-AMG-posterior-lateral-1024x683.jpg 1024w, https:\/\/www.km77.com\/revista\/wp-content\/uploads\/2026\/01\/Mercedes-AMG-posterior-lateral-980x653.jpg 980w, https:\/\/www.km77.com\/revista\/wp-content\/uploads\/2026\/01\/Mercedes-AMG-posterior-lateral-480x320.jpg 480w\" sizes=\"(min-width: 0px) and (max-width: 480px) 480px, (min-width: 481px) and (max-width: 980px) 980px, (min-width: 981px) 1024px, 100vw\" \/><\/figure>\n\n\n\n<figure class=\"wp-block-image size-large\"><img decoding=\"async\" width=\"1024\" height=\"683\" data-id=\"66708\" src=\"https:\/\/www.km77.com\/revista\/wp-content\/uploads\/2026\/01\/Mercedes-AMG-posterior-1024x683.jpg\" alt=\"Mercedes-AMG - Vista posterior\" class=\"wp-image-66708\" srcset=\"https:\/\/www.km77.com\/revista\/wp-content\/uploads\/2026\/01\/Mercedes-AMG-posterior-1024x683.jpg 1024w, https:\/\/www.km77.com\/revista\/wp-content\/uploads\/2026\/01\/Mercedes-AMG-posterior-980x653.jpg 980w, https:\/\/www.km77.com\/revista\/wp-content\/uploads\/2026\/01\/Mercedes-AMG-posterior-480x320.jpg 480w\" sizes=\"(min-width: 0px) and (max-width: 480px) 480px, (min-width: 481px) and (max-width: 980px) 980px, (min-width: 981px) 1024px, 100vw\" \/><\/figure>\n\n\n\n<figure class=\"wp-block-image size-large\"><img decoding=\"async\" width=\"1024\" height=\"683\" data-id=\"66709\" src=\"https:\/\/www.km77.com\/revista\/wp-content\/uploads\/2026\/01\/Mercedes-AMG-posterior-lateral--1024x683.jpg\" alt=\"Mercedes-AMG - Vista posterior-lateral\" class=\"wp-image-66709\" srcset=\"https:\/\/www.km77.com\/revista\/wp-content\/uploads\/2026\/01\/Mercedes-AMG-posterior-lateral--1024x683.jpg 1024w, https:\/\/www.km77.com\/revista\/wp-content\/uploads\/2026\/01\/Mercedes-AMG-posterior-lateral--980x653.jpg 980w, https:\/\/www.km77.com\/revista\/wp-content\/uploads\/2026\/01\/Mercedes-AMG-posterior-lateral--480x320.jpg 480w\" sizes=\"(min-width: 0px) and (max-width: 480px) 480px, (min-width: 481px) and (max-width: 980px) 980px, (min-width: 981px) 1024px, 100vw\" \/><\/figure>\n<\/figure>\n","protected":false},"excerpt":{"rendered":"<p>En 2024, Mercedes-AMG lanz\u00f3 la interpretaci\u00f3n m\u00e1s radical del SL: el Mercedes-AMG PureSpeed, el primer modelo de una serie de coches exclusivos denominada Mythos. A finales de enero de 2026, la marca alemana anuncia el segundo modelo de esta exclusiva serie. Por ahora se conocen pocos detalles de este nuevo modelo, ni si quiera su [&hellip;]<\/p>\n","protected":false},"author":52,"featured_media":66734,"comment_status":"open","ping_status":"closed","sticky":false,"template":"","format":"standard","meta":{"_et_pb_use_builder":"off","_et_pb_old_content":"","_et_gb_content_width":"","footnotes":""},"categories":[3912],"tags":[14045,6785],"class_list":["post-66705","post","type-post","status-publish","format-standard","has-post-thumbnail","hentry","category-engendro-mecanico","tag-cle","tag-mercedes-amg"],"yoast_head":"<!-- This site is optimized with the Yoast SEO plugin v27.5 - https:\/\/yoast.com\/product\/yoast-seo-wordpress\/ -->\n<title>Mercedes-AMG. Nuevo modelo de la serie Mythos - Revista km77<\/title>\n<meta name=\"description\" content=\"Mercedes-AMG prepara un segundo modelo para la serie de coches especiales Mythos. Estar\u00e1 basado en el Mercedes CLE.\" \/>\n<meta name=\"robots\" content=\"index, follow, max-snippet:-1, max-image-preview:large, max-video-preview:-1\" \/>\n<link rel=\"canonical\" href=\"https:\/\/www.km77.com\/revista\/engendro-mecanico\/el-segundo-capitulo-de-la-serie-mythos\/\" \/>\n<meta property=\"og:locale\" content=\"es_ES\" \/>\n<meta property=\"og:type\" content=\"article\" \/>\n<meta property=\"og:title\" content=\"Mercedes-AMG. Nuevo modelo de la serie Mythos - Revista km77\" \/>\n<meta property=\"og:description\" content=\"Mercedes-AMG prepara un segundo modelo para la serie de coches especiales Mythos. Estar\u00e1 basado en el Mercedes CLE.\" \/>\n<meta property=\"og:url\" content=\"https:\/\/www.km77.com\/revista\/engendro-mecanico\/el-segundo-capitulo-de-la-serie-mythos\/\" \/>\n<meta property=\"og:site_name\" content=\"Revista km77\" \/>\n<meta property=\"article:published_time\" content=\"2026-01-27T15:53:49+00:00\" \/>\n<meta property=\"article:modified_time\" content=\"2026-01-27T16:50:14+00:00\" \/>\n<meta property=\"og:image\" content=\"https:\/\/www.km77.com\/revista\/wp-content\/uploads\/2026\/01\/Mercedes-AMG-lateral-frontal-1080x675-2.jpg\" \/>\n\t<meta property=\"og:image:width\" content=\"1080\" \/>\n\t<meta property=\"og:image:height\" content=\"675\" \/>\n\t<meta property=\"og:image:type\" content=\"image\/jpeg\" \/>\n<meta name=\"author\" content=\"E. Calle\" \/>\n<meta name=\"twitter:card\" content=\"summary_large_image\" \/>\n<meta name=\"twitter:label1\" content=\"Escrito por\" \/>\n\t<meta name=\"twitter:data1\" content=\"E. Calle\" \/>\n\t<meta name=\"twitter:label2\" content=\"Tiempo de lectura\" \/>\n\t<meta name=\"twitter:data2\" content=\"3 minutos\" \/>\n<script type=\"application\/ld+json\" class=\"yoast-schema-graph\">{\"@context\":\"https:\\\/\\\/schema.org\",\"@graph\":[{\"@type\":\"Article\",\"@id\":\"https:\\\/\\\/www.km77.com\\\/revista\\\/engendro-mecanico\\\/el-segundo-capitulo-de-la-serie-mythos\\\/#article\",\"isPartOf\":{\"@id\":\"https:\\\/\\\/www.km77.com\\\/revista\\\/engendro-mecanico\\\/el-segundo-capitulo-de-la-serie-mythos\\\/\"},\"author\":{\"name\":\"E. Calle\",\"@id\":\"https:\\\/\\\/www.km77.com\\\/revista\\\/#\\\/schema\\\/person\\\/d528ee8d860e406999292e1a36af3bb4\"},\"headline\":\"Mercedes-AMG. Nuevo modelo de la serie Mythos\",\"datePublished\":\"2026-01-27T15:53:49+00:00\",\"dateModified\":\"2026-01-27T16:50:14+00:00\",\"mainEntityOfPage\":{\"@id\":\"https:\\\/\\\/www.km77.com\\\/revista\\\/engendro-mecanico\\\/el-segundo-capitulo-de-la-serie-mythos\\\/\"},\"wordCount\":304,\"commentCount\":0,\"publisher\":{\"@id\":\"https:\\\/\\\/www.km77.com\\\/revista\\\/#organization\"},\"image\":{\"@id\":\"https:\\\/\\\/www.km77.com\\\/revista\\\/engendro-mecanico\\\/el-segundo-capitulo-de-la-serie-mythos\\\/#primaryimage\"},\"thumbnailUrl\":\"https:\\\/\\\/www.km77.com\\\/revista\\\/wp-content\\\/uploads\\\/2026\\\/01\\\/Mercedes-AMG-lateral-frontal-1080x675-2.jpg\",\"keywords\":[\"cle\",\"Mercedes-AMG\"],\"articleSection\":[\"Engendro Mec\u00e1nico\"],\"inLanguage\":\"es\",\"potentialAction\":[{\"@type\":\"CommentAction\",\"name\":\"Comment\",\"target\":[\"https:\\\/\\\/www.km77.com\\\/revista\\\/engendro-mecanico\\\/el-segundo-capitulo-de-la-serie-mythos\\\/#respond\"]}]},{\"@type\":\"WebPage\",\"@id\":\"https:\\\/\\\/www.km77.com\\\/revista\\\/engendro-mecanico\\\/el-segundo-capitulo-de-la-serie-mythos\\\/\",\"url\":\"https:\\\/\\\/www.km77.com\\\/revista\\\/engendro-mecanico\\\/el-segundo-capitulo-de-la-serie-mythos\\\/\",\"name\":\"Mercedes-AMG. Nuevo modelo de la serie Mythos - Revista km77\",\"isPartOf\":{\"@id\":\"https:\\\/\\\/www.km77.com\\\/revista\\\/#website\"},\"primaryImageOfPage\":{\"@id\":\"https:\\\/\\\/www.km77.com\\\/revista\\\/engendro-mecanico\\\/el-segundo-capitulo-de-la-serie-mythos\\\/#primaryimage\"},\"image\":{\"@id\":\"https:\\\/\\\/www.km77.com\\\/revista\\\/engendro-mecanico\\\/el-segundo-capitulo-de-la-serie-mythos\\\/#primaryimage\"},\"thumbnailUrl\":\"https:\\\/\\\/www.km77.com\\\/revista\\\/wp-content\\\/uploads\\\/2026\\\/01\\\/Mercedes-AMG-lateral-frontal-1080x675-2.jpg\",\"datePublished\":\"2026-01-27T15:53:49+00:00\",\"dateModified\":\"2026-01-27T16:50:14+00:00\",\"description\":\"Mercedes-AMG prepara un segundo modelo para la serie de coches especiales Mythos. Estar\u00e1 basado en el Mercedes CLE.\",\"breadcrumb\":{\"@id\":\"https:\\\/\\\/www.km77.com\\\/revista\\\/engendro-mecanico\\\/el-segundo-capitulo-de-la-serie-mythos\\\/#breadcrumb\"},\"inLanguage\":\"es\",\"potentialAction\":[{\"@type\":\"ReadAction\",\"target\":[\"https:\\\/\\\/www.km77.com\\\/revista\\\/engendro-mecanico\\\/el-segundo-capitulo-de-la-serie-mythos\\\/\"]}]},{\"@type\":\"ImageObject\",\"inLanguage\":\"es\",\"@id\":\"https:\\\/\\\/www.km77.com\\\/revista\\\/engendro-mecanico\\\/el-segundo-capitulo-de-la-serie-mythos\\\/#primaryimage\",\"url\":\"https:\\\/\\\/www.km77.com\\\/revista\\\/wp-content\\\/uploads\\\/2026\\\/01\\\/Mercedes-AMG-lateral-frontal-1080x675-2.jpg\",\"contentUrl\":\"https:\\\/\\\/www.km77.com\\\/revista\\\/wp-content\\\/uploads\\\/2026\\\/01\\\/Mercedes-AMG-lateral-frontal-1080x675-2.jpg\",\"width\":1080,\"height\":675,\"caption\":\"Mercedes-AMG\"},{\"@type\":\"BreadcrumbList\",\"@id\":\"https:\\\/\\\/www.km77.com\\\/revista\\\/engendro-mecanico\\\/el-segundo-capitulo-de-la-serie-mythos\\\/#breadcrumb\",\"itemListElement\":[{\"@type\":\"ListItem\",\"position\":1,\"name\":\"Revista km77\",\"item\":\"https:\\\/\\\/www.km77.com\\\/revista\\\/\"},{\"@type\":\"ListItem\",\"position\":2,\"name\":\"Engendro Mec\u00e1nico\",\"item\":\"https:\\\/\\\/www.km77.com\\\/revista\\\/engendro-mecanico\\\/\"},{\"@type\":\"ListItem\",\"position\":3,\"name\":\"Mercedes-AMG. Nuevo modelo de la serie Mythos\"}]},{\"@type\":\"WebSite\",\"@id\":\"https:\\\/\\\/www.km77.com\\\/revista\\\/#website\",\"url\":\"https:\\\/\\\/www.km77.com\\\/revista\\\/\",\"name\":\"Revista km77\",\"description\":\"Revista de km77\",\"publisher\":{\"@id\":\"https:\\\/\\\/www.km77.com\\\/revista\\\/#organization\"},\"potentialAction\":[{\"@type\":\"SearchAction\",\"target\":{\"@type\":\"EntryPoint\",\"urlTemplate\":\"https:\\\/\\\/www.km77.com\\\/revista\\\/?s={search_term_string}\"},\"query-input\":{\"@type\":\"PropertyValueSpecification\",\"valueRequired\":true,\"valueName\":\"search_term_string\"}}],\"inLanguage\":\"es\"},{\"@type\":\"Organization\",\"@id\":\"https:\\\/\\\/www.km77.com\\\/revista\\\/#organization\",\"name\":\"KM77\",\"url\":\"https:\\\/\\\/www.km77.com\\\/revista\\\/\",\"logo\":{\"@type\":\"ImageObject\",\"inLanguage\":\"es\",\"@id\":\"https:\\\/\\\/www.km77.com\\\/revista\\\/#\\\/schema\\\/logo\\\/image\\\/\",\"url\":\"https:\\\/\\\/www.km77.com\\\/revista\\\/wp-content\\\/uploads\\\/2021\\\/02\\\/logo-km77.png\",\"contentUrl\":\"https:\\\/\\\/www.km77.com\\\/revista\\\/wp-content\\\/uploads\\\/2021\\\/02\\\/logo-km77.png\",\"width\":100,\"height\":34,\"caption\":\"KM77\"},\"image\":{\"@id\":\"https:\\\/\\\/www.km77.com\\\/revista\\\/#\\\/schema\\\/logo\\\/image\\\/\"}},{\"@type\":\"Person\",\"@id\":\"https:\\\/\\\/www.km77.com\\\/revista\\\/#\\\/schema\\\/person\\\/d528ee8d860e406999292e1a36af3bb4\",\"name\":\"E. Calle\",\"image\":{\"@type\":\"ImageObject\",\"inLanguage\":\"es\",\"@id\":\"https:\\\/\\\/secure.gravatar.com\\\/avatar\\\/7c902416ced08c25106c4d20a06d79f8e11185c5ce49b0554be653ac67fbb7ec?s=96&d=mm&r=g\",\"url\":\"https:\\\/\\\/secure.gravatar.com\\\/avatar\\\/7c902416ced08c25106c4d20a06d79f8e11185c5ce49b0554be653ac67fbb7ec?s=96&d=mm&r=g\",\"contentUrl\":\"https:\\\/\\\/secure.gravatar.com\\\/avatar\\\/7c902416ced08c25106c4d20a06d79f8e11185c5ce49b0554be653ac67fbb7ec?s=96&d=mm&r=g\",\"caption\":\"E. Calle\"},\"url\":\"https:\\\/\\\/www.km77.com\\\/revista\\\/author\\\/enrique-calle\\\/\"}]}<\/script>\n<!-- \/ Yoast SEO plugin. -->","yoast_head_json":{"title":"Mercedes-AMG. Nuevo modelo de la serie Mythos - Revista km77","description":"Mercedes-AMG prepara un segundo modelo para la serie de coches especiales Mythos. Estar\u00e1 basado en el Mercedes CLE.","robots":{"index":"index","follow":"follow","max-snippet":"max-snippet:-1","max-image-preview":"max-image-preview:large","max-video-preview":"max-video-preview:-1"},"canonical":"https:\/\/www.km77.com\/revista\/engendro-mecanico\/el-segundo-capitulo-de-la-serie-mythos\/","og_locale":"es_ES","og_type":"article","og_title":"Mercedes-AMG. Nuevo modelo de la serie Mythos - Revista km77","og_description":"Mercedes-AMG prepara un segundo modelo para la serie de coches especiales Mythos. Estar\u00e1 basado en el Mercedes CLE.","og_url":"https:\/\/www.km77.com\/revista\/engendro-mecanico\/el-segundo-capitulo-de-la-serie-mythos\/","og_site_name":"Revista km77","article_published_time":"2026-01-27T15:53:49+00:00","article_modified_time":"2026-01-27T16:50:14+00:00","og_image":[{"width":1080,"height":675,"url":"https:\/\/www.km77.com\/revista\/wp-content\/uploads\/2026\/01\/Mercedes-AMG-lateral-frontal-1080x675-2.jpg","type":"image\/jpeg"}],"author":"E. Calle","twitter_card":"summary_large_image","twitter_misc":{"Escrito por":"E. Calle","Tiempo de lectura":"3 minutos"},"schema":{"@context":"https:\/\/schema.org","@graph":[{"@type":"Article","@id":"https:\/\/www.km77.com\/revista\/engendro-mecanico\/el-segundo-capitulo-de-la-serie-mythos\/#article","isPartOf":{"@id":"https:\/\/www.km77.com\/revista\/engendro-mecanico\/el-segundo-capitulo-de-la-serie-mythos\/"},"author":{"name":"E. Calle","@id":"https:\/\/www.km77.com\/revista\/#\/schema\/person\/d528ee8d860e406999292e1a36af3bb4"},"headline":"Mercedes-AMG. Nuevo modelo de la serie Mythos","datePublished":"2026-01-27T15:53:49+00:00","dateModified":"2026-01-27T16:50:14+00:00","mainEntityOfPage":{"@id":"https:\/\/www.km77.com\/revista\/engendro-mecanico\/el-segundo-capitulo-de-la-serie-mythos\/"},"wordCount":304,"commentCount":0,"publisher":{"@id":"https:\/\/www.km77.com\/revista\/#organization"},"image":{"@id":"https:\/\/www.km77.com\/revista\/engendro-mecanico\/el-segundo-capitulo-de-la-serie-mythos\/#primaryimage"},"thumbnailUrl":"https:\/\/www.km77.com\/revista\/wp-content\/uploads\/2026\/01\/Mercedes-AMG-lateral-frontal-1080x675-2.jpg","keywords":["cle","Mercedes-AMG"],"articleSection":["Engendro Mec\u00e1nico"],"inLanguage":"es","potentialAction":[{"@type":"CommentAction","name":"Comment","target":["https:\/\/www.km77.com\/revista\/engendro-mecanico\/el-segundo-capitulo-de-la-serie-mythos\/#respond"]}]},{"@type":"WebPage","@id":"https:\/\/www.km77.com\/revista\/engendro-mecanico\/el-segundo-capitulo-de-la-serie-mythos\/","url":"https:\/\/www.km77.com\/revista\/engendro-mecanico\/el-segundo-capitulo-de-la-serie-mythos\/","name":"Mercedes-AMG. Nuevo modelo de la serie Mythos - Revista km77","isPartOf":{"@id":"https:\/\/www.km77.com\/revista\/#website"},"primaryImageOfPage":{"@id":"https:\/\/www.km77.com\/revista\/engendro-mecanico\/el-segundo-capitulo-de-la-serie-mythos\/#primaryimage"},"image":{"@id":"https:\/\/www.km77.com\/revista\/engendro-mecanico\/el-segundo-capitulo-de-la-serie-mythos\/#primaryimage"},"thumbnailUrl":"https:\/\/www.km77.com\/revista\/wp-content\/uploads\/2026\/01\/Mercedes-AMG-lateral-frontal-1080x675-2.jpg","datePublished":"2026-01-27T15:53:49+00:00","dateModified":"2026-01-27T16:50:14+00:00","description":"Mercedes-AMG prepara un segundo modelo para la serie de coches especiales Mythos. Estar\u00e1 basado en el Mercedes CLE.","breadcrumb":{"@id":"https:\/\/www.km77.com\/revista\/engendro-mecanico\/el-segundo-capitulo-de-la-serie-mythos\/#breadcrumb"},"inLanguage":"es","potentialAction":[{"@type":"ReadAction","target":["https:\/\/www.km77.com\/revista\/engendro-mecanico\/el-segundo-capitulo-de-la-serie-mythos\/"]}]},{"@type":"ImageObject","inLanguage":"es","@id":"https:\/\/www.km77.com\/revista\/engendro-mecanico\/el-segundo-capitulo-de-la-serie-mythos\/#primaryimage","url":"https:\/\/www.km77.com\/revista\/wp-content\/uploads\/2026\/01\/Mercedes-AMG-lateral-frontal-1080x675-2.jpg","contentUrl":"https:\/\/www.km77.com\/revista\/wp-content\/uploads\/2026\/01\/Mercedes-AMG-lateral-frontal-1080x675-2.jpg","width":1080,"height":675,"caption":"Mercedes-AMG"},{"@type":"BreadcrumbList","@id":"https:\/\/www.km77.com\/revista\/engendro-mecanico\/el-segundo-capitulo-de-la-serie-mythos\/#breadcrumb","itemListElement":[{"@type":"ListItem","position":1,"name":"Revista km77","item":"https:\/\/www.km77.com\/revista\/"},{"@type":"ListItem","position":2,"name":"Engendro Mec\u00e1nico","item":"https:\/\/www.km77.com\/revista\/engendro-mecanico\/"},{"@type":"ListItem","position":3,"name":"Mercedes-AMG. Nuevo modelo de la serie Mythos"}]},{"@type":"WebSite","@id":"https:\/\/www.km77.com\/revista\/#website","url":"https:\/\/www.km77.com\/revista\/","name":"Revista km77","description":"Revista de km77","publisher":{"@id":"https:\/\/www.km77.com\/revista\/#organization"},"potentialAction":[{"@type":"SearchAction","target":{"@type":"EntryPoint","urlTemplate":"https:\/\/www.km77.com\/revista\/?s={search_term_string}"},"query-input":{"@type":"PropertyValueSpecification","valueRequired":true,"valueName":"search_term_string"}}],"inLanguage":"es"},{"@type":"Organization","@id":"https:\/\/www.km77.com\/revista\/#organization","name":"KM77","url":"https:\/\/www.km77.com\/revista\/","logo":{"@type":"ImageObject","inLanguage":"es","@id":"https:\/\/www.km77.com\/revista\/#\/schema\/logo\/image\/","url":"https:\/\/www.km77.com\/revista\/wp-content\/uploads\/2021\/02\/logo-km77.png","contentUrl":"https:\/\/www.km77.com\/revista\/wp-content\/uploads\/2021\/02\/logo-km77.png","width":100,"height":34,"caption":"KM77"},"image":{"@id":"https:\/\/www.km77.com\/revista\/#\/schema\/logo\/image\/"}},{"@type":"Person","@id":"https:\/\/www.km77.com\/revista\/#\/schema\/person\/d528ee8d860e406999292e1a36af3bb4","name":"E. Calle","image":{"@type":"ImageObject","inLanguage":"es","@id":"https:\/\/secure.gravatar.com\/avatar\/7c902416ced08c25106c4d20a06d79f8e11185c5ce49b0554be653ac67fbb7ec?s=96&d=mm&r=g","url":"https:\/\/secure.gravatar.com\/avatar\/7c902416ced08c25106c4d20a06d79f8e11185c5ce49b0554be653ac67fbb7ec?s=96&d=mm&r=g","contentUrl":"https:\/\/secure.gravatar.com\/avatar\/7c902416ced08c25106c4d20a06d79f8e11185c5ce49b0554be653ac67fbb7ec?s=96&d=mm&r=g","caption":"E. Calle"},"url":"https:\/\/www.km77.com\/revista\/author\/enrique-calle\/"}]}},"amp_enabled":true,"_links":{"self":[{"href":"https:\/\/www.km77.com\/revista\/wp-json\/wp\/v2\/posts\/66705","targetHints":{"allow":["GET"]}}],"collection":[{"href":"https:\/\/www.km77.com\/revista\/wp-json\/wp\/v2\/posts"}],"about":[{"href":"https:\/\/www.km77.com\/revista\/wp-json\/wp\/v2\/types\/post"}],"author":[{"embeddable":true,"href":"https:\/\/www.km77.com\/revista\/wp-json\/wp\/v2\/users\/52"}],"replies":[{"embeddable":true,"href":"https:\/\/www.km77.com\/revista\/wp-json\/wp\/v2\/comments?post=66705"}],"version-history":[{"count":7,"href":"https:\/\/www.km77.com\/revista\/wp-json\/wp\/v2\/posts\/66705\/revisions"}],"predecessor-version":[{"id":66743,"href":"https:\/\/www.km77.com\/revista\/wp-json\/wp\/v2\/posts\/66705\/revisions\/66743"}],"wp:featuredmedia":[{"embeddable":true,"href":"https:\/\/www.km77.com\/revista\/wp-json\/wp\/v2\/media\/66734"}],"wp:attachment":[{"href":"https:\/\/www.km77.com\/revista\/wp-json\/wp\/v2\/media?parent=66705"}],"wp:term":[{"taxonomy":"category","embeddable":true,"href":"https:\/\/www.km77.com\/revista\/wp-json\/wp\/v2\/categories?post=66705"},{"taxonomy":"post_tag","embeddable":true,"href":"https:\/\/www.km77.com\/revista\/wp-json\/wp\/v2\/tags?post=66705"}],"curies":[{"name":"wp","href":"https:\/\/api.w.org\/{rel}","templated":true}]}}