{"id":65258,"date":"2025-12-11T11:54:26","date_gmt":"2025-12-11T10:54:26","guid":{"rendered":"https:\/\/www.km77.com\/revista\/?p=65258"},"modified":"2025-12-11T11:54:31","modified_gmt":"2025-12-11T10:54:31","slug":"automovil-2026-prediccion-industria","status":"publish","type":"post","link":"https:\/\/www.km77.com\/revista\/engendro-mecanico\/automovil-2026-prediccion-industria\/","title":{"rendered":"Planes de renovaci\u00f3n, m\u00e1s el\u00e9ctricos y nuevos incentivos: el mapa del sector para 2026"},"content":{"rendered":"\n<p>El mercado espa\u00f1ol del autom\u00f3vil cerrar\u00e1 2025 con una recuperaci\u00f3n que, aunque es moderada, marca un cambio de tendencia tras a\u00f1os de incertidumbre. Los incentivos estatales, los programas auton\u00f3micos y una oferta electrificada cada vez m\u00e1s accesible han permitido acercarse de nuevo a los <strong>1,2 millones de matriculaciones<\/strong>. A partir de esta base, la industria anticipa que 2026 ser\u00e1 un a\u00f1o decisivo, en el que o se consolida la recuperaci\u00f3n o se corre el riesgo de estancarse justo cuando la transici\u00f3n energ\u00e9tica exige el m\u00e1ximo esfuerzo.<\/p>\n\n\n\n<p>En este contexto, la activaci\u00f3n del&nbsp;<strong>Plan Auto+<\/strong>, que sustituye al MOVES III,&nbsp;y del&nbsp;<strong>Plan Nacional de Renovaci\u00f3n del Parque<\/strong>, contemplados en la Ley de Movilidad Sostenible, se antoja clave. Aunque Faconauto, en su informe, considera viable alcanzar un mercado de 1,3 millones de unidades si se ponen en marcha de inmediato, el consenso en la industria es m\u00e1s prudente: el escenario l\u00f3gico se sit\u00faa entre 1,25 y 1,3 millones, condicionado al ritmo de los incentivos y a la capacidad para mantener precios competitivos.<\/p>\n\n\n\n<h2 class=\"wp-block-heading\">Incentivos y electrificaci\u00f3n: las claves<\/h2>\n\n\n\n<p>La electrificaci\u00f3n ha sido una de las claves de este a\u00f1o. Las ventas de modelos el\u00e9ctricos, h\u00edbridos enchufables e h\u00edbridos convencionales se han acelerado gracias a que ahora <strong>las ayudas son m\u00e1s accesibles<\/strong>. Adem\u00e1s, tambi\u00e9n influye, seg\u00fan el informe, una mayor red de recarga y la llegada de modelos con <strong>precios m\u00e1s contenidos<\/strong>. Todo ello ha permitido alcanzar tasas pr\u00f3ximas al 25% de electrificaci\u00f3n.<\/p>\n\n\n\n<p>Para 2026, la industria estima que la cuota <strong>podr\u00eda acercarse al<\/strong>&nbsp;<strong>33%<\/strong>, un objetivo realista siempre que se mantenga la estabilidad en los planes p\u00fablicos de apoyo. La experiencia del <strong>Reinicia Auto+ en la Comunidad Valenciana<\/strong> ha demostrado que cuando los incentivos se gestionan con procesos simples y r\u00e1pidos, la demanda responde. Adem\u00e1s, tras la DANA de Valencia, muchos se vieron obligados a tener que adquirir un nuevo veh\u00edculo, lo que tambi\u00e9n favoreci\u00f3 esta tendencia. La continuidad o ampliaci\u00f3n de planes auton\u00f3micos ser\u00e1 igual de importante que las ayudas estatales, ya que su impacto en la demanda ha sido decisivo en 2025.<\/p>\n\n\n\n<figure class=\"wp-block-image size-large\"><img decoding=\"async\" width=\"1024\" height=\"683\" src=\"https:\/\/www.km77.com\/revista\/wp-content\/uploads\/2025\/12\/concepto-de-transporte-con-vista-aerea-de-coches-1024x683.jpg\" alt=\"\" class=\"wp-image-65264\" srcset=\"https:\/\/www.km77.com\/revista\/wp-content\/uploads\/2025\/12\/concepto-de-transporte-con-vista-aerea-de-coches-1024x683.jpg 1024w, https:\/\/www.km77.com\/revista\/wp-content\/uploads\/2025\/12\/concepto-de-transporte-con-vista-aerea-de-coches-980x653.jpg 980w, https:\/\/www.km77.com\/revista\/wp-content\/uploads\/2025\/12\/concepto-de-transporte-con-vista-aerea-de-coches-480x320.jpg 480w\" sizes=\"(min-width: 0px) and (max-width: 480px) 480px, (min-width: 481px) and (max-width: 980px) 980px, (min-width: 981px) 1024px, 100vw\" \/><figcaption class=\"wp-element-caption\">Imagen de Freepik<\/figcaption><\/figure>\n\n\n\n<p>Por otro lado, hay que tener en cuenta que el contexto ahora es m\u00e1s favorable, debido a la estabilizaci\u00f3n de la inflaci\u00f3n, a una mayor renta disponible y a tipos de inter\u00e9s m\u00e1s bajos, lo que favorece el acceso a la financiaci\u00f3n. Adem\u00e1s, el mercado vuelve a tener <strong>plazos de entrega <\/strong>que est\u00e1n m\u00e1s cerca de los habituales, uno de los principales problemas de los \u00faltimos a\u00f1os.<\/p>\n\n\n\n<h2 class=\"wp-block-heading\">Renovaci\u00f3n del parque, \u00bfc\u00f3mo funciona?<\/h2>\n\n\n\n<p>La Ley de Movilidad Sostenible establece un m\u00e1ximo de tres meses para activar el Plan Nacional de Renovaci\u00f3n del Parque, cuyo objetivo es <strong>retirar los veh\u00edculos m\u00e1s antiguos<\/strong>, mejorar la seguridad vial y reducir emisiones. Su puesta en marcha en 2026 tendr\u00eda un doble efecto: estimular la demanda y reforzar la industria espa\u00f1ola, que necesita un volumen de mercado cercano a los 1,3 millones para sostener las inversiones y garantizar empleo.<\/p>\n\n\n\n<p>Los concesionarios, tras un 2025 de m\u00e1rgenes muy ajustados, afrontan el pr\u00f3ximo ejercicio con un contexto m\u00e1s estable. La previsi\u00f3n es mantener en torno a&nbsp;<strong>165 000 empleos<\/strong>, mientras aterrizan nuevas marcas (especialmente asi\u00e1ticas) y crece la necesidad de talento especializado, sobre todo en posventa.<\/p>\n\n\n\n<h3 class=\"wp-block-heading\">Espa\u00f1a tiene una oportunidad<\/h3>\n\n\n\n<p>Y si este ha sido el a\u00f1o en el que el mercado ha dado un paso adelante, 2026 puede confirmar que el parque automovil\u00edstico espa\u00f1ol deja atr\u00e1s la inestabilidad. El pa\u00eds dispone de un marco legal y estrat\u00e9gico para avanzar en la descarbonizaci\u00f3n sin comprometer a los compradores, y cuenta con una industria fuerte que solo necesita estabilidad para acelerar inversiones. Por tanto, el reto ahora es el de ejecutar los planes dentro del plazo legal, sin olvidarse de que los incentivos sigan siendo accesibles para el comprador.<\/p>\n","protected":false},"excerpt":{"rendered":"<p>El mercado espa\u00f1ol del autom\u00f3vil cerrar\u00e1 2025 con una recuperaci\u00f3n que, aunque es moderada, marca un cambio de tendencia tras a\u00f1os de incertidumbre. Los incentivos estatales, los programas auton\u00f3micos y una oferta electrificada cada vez m\u00e1s accesible han permitido acercarse de nuevo a los 1,2 millones de matriculaciones. A partir de esta base, la industria [&hellip;]<\/p>\n","protected":false},"author":93,"featured_media":65263,"comment_status":"open","ping_status":"closed","sticky":false,"template":"","format":"standard","meta":{"_et_pb_use_builder":"off","_et_pb_old_content":"","_et_gb_content_width":"","footnotes":""},"categories":[3912],"tags":[1359,13919],"class_list":["post-65258","post","type-post","status-publish","format-standard","has-post-thumbnail","hentry","category-engendro-mecanico","tag-futuro","tag-industria"],"yoast_head":"<!-- This site is optimized with the Yoast SEO plugin v27.5 - https:\/\/yoast.com\/product\/yoast-seo-wordpress\/ -->\n<title>Planes de renovaci\u00f3n, m\u00e1s el\u00e9ctricos y nuevos incentivos: el mapa del sector para 2026<\/title>\n<meta name=\"description\" content=\"El mercado del autom\u00f3vil afronta 2026 con perspectivas de consolidaci\u00f3n: m\u00e1s electrificaci\u00f3n, estabilidad en los incentivos y la activaci\u00f3n del Plan Auto+.\" \/>\n<meta name=\"robots\" content=\"index, follow, max-snippet:-1, max-image-preview:large, max-video-preview:-1\" \/>\n<link rel=\"canonical\" href=\"https:\/\/www.km77.com\/revista\/engendro-mecanico\/automovil-2026-prediccion-industria\/\" \/>\n<meta property=\"og:locale\" content=\"es_ES\" \/>\n<meta property=\"og:type\" content=\"article\" \/>\n<meta property=\"og:title\" content=\"Planes de renovaci\u00f3n, m\u00e1s el\u00e9ctricos y nuevos incentivos: el mapa del sector para 2026\" \/>\n<meta property=\"og:description\" content=\"El mercado del autom\u00f3vil afronta 2026 con perspectivas de consolidaci\u00f3n: m\u00e1s electrificaci\u00f3n, estabilidad en los incentivos y la activaci\u00f3n del Plan Auto+.\" \/>\n<meta property=\"og:url\" content=\"https:\/\/www.km77.com\/revista\/engendro-mecanico\/automovil-2026-prediccion-industria\/\" \/>\n<meta property=\"og:site_name\" content=\"Revista km77\" \/>\n<meta property=\"article:published_time\" content=\"2025-12-11T10:54:26+00:00\" \/>\n<meta property=\"article:modified_time\" content=\"2025-12-11T10:54:31+00:00\" \/>\n<meta property=\"og:image\" content=\"https:\/\/www.km77.com\/revista\/wp-content\/uploads\/2025\/12\/coche-rojo-cerrar-clientes-de-concesionario-de-coches-detras.jpg\" \/>\n\t<meta property=\"og:image:width\" content=\"1200\" \/>\n\t<meta property=\"og:image:height\" content=\"801\" \/>\n\t<meta property=\"og:image:type\" content=\"image\/jpeg\" \/>\n<meta name=\"author\" content=\"Iv\u00e1n D\u00e1vila\" \/>\n<meta name=\"twitter:card\" content=\"summary_large_image\" \/>\n<meta name=\"twitter:label1\" content=\"Escrito por\" \/>\n\t<meta name=\"twitter:data1\" content=\"Iv\u00e1n D\u00e1vila\" \/>\n\t<meta name=\"twitter:label2\" content=\"Tiempo de lectura\" \/>\n\t<meta name=\"twitter:data2\" content=\"4 minutos\" \/>\n<script type=\"application\/ld+json\" class=\"yoast-schema-graph\">{\"@context\":\"https:\\\/\\\/schema.org\",\"@graph\":[{\"@type\":\"Article\",\"@id\":\"https:\\\/\\\/www.km77.com\\\/revista\\\/engendro-mecanico\\\/automovil-2026-prediccion-industria\\\/#article\",\"isPartOf\":{\"@id\":\"https:\\\/\\\/www.km77.com\\\/revista\\\/engendro-mecanico\\\/automovil-2026-prediccion-industria\\\/\"},\"author\":{\"name\":\"Iv\u00e1n D\u00e1vila\",\"@id\":\"https:\\\/\\\/www.km77.com\\\/revista\\\/#\\\/schema\\\/person\\\/dd102435ccd38e4fccc382bc24b6258a\"},\"headline\":\"Planes de renovaci\u00f3n, m\u00e1s el\u00e9ctricos y nuevos incentivos: el mapa del sector para 2026\",\"datePublished\":\"2025-12-11T10:54:26+00:00\",\"dateModified\":\"2025-12-11T10:54:31+00:00\",\"mainEntityOfPage\":{\"@id\":\"https:\\\/\\\/www.km77.com\\\/revista\\\/engendro-mecanico\\\/automovil-2026-prediccion-industria\\\/\"},\"wordCount\":698,\"commentCount\":11,\"publisher\":{\"@id\":\"https:\\\/\\\/www.km77.com\\\/revista\\\/#organization\"},\"image\":{\"@id\":\"https:\\\/\\\/www.km77.com\\\/revista\\\/engendro-mecanico\\\/automovil-2026-prediccion-industria\\\/#primaryimage\"},\"thumbnailUrl\":\"https:\\\/\\\/www.km77.com\\\/revista\\\/wp-content\\\/uploads\\\/2025\\\/12\\\/coche-rojo-cerrar-clientes-de-concesionario-de-coches-detras.jpg\",\"keywords\":[\"futuro\",\"industria\"],\"articleSection\":[\"Engendro Mec\u00e1nico\"],\"inLanguage\":\"es\",\"potentialAction\":[{\"@type\":\"CommentAction\",\"name\":\"Comment\",\"target\":[\"https:\\\/\\\/www.km77.com\\\/revista\\\/engendro-mecanico\\\/automovil-2026-prediccion-industria\\\/#respond\"]}]},{\"@type\":\"WebPage\",\"@id\":\"https:\\\/\\\/www.km77.com\\\/revista\\\/engendro-mecanico\\\/automovil-2026-prediccion-industria\\\/\",\"url\":\"https:\\\/\\\/www.km77.com\\\/revista\\\/engendro-mecanico\\\/automovil-2026-prediccion-industria\\\/\",\"name\":\"Planes de renovaci\u00f3n, m\u00e1s el\u00e9ctricos y nuevos incentivos: el mapa del sector para 2026\",\"isPartOf\":{\"@id\":\"https:\\\/\\\/www.km77.com\\\/revista\\\/#website\"},\"primaryImageOfPage\":{\"@id\":\"https:\\\/\\\/www.km77.com\\\/revista\\\/engendro-mecanico\\\/automovil-2026-prediccion-industria\\\/#primaryimage\"},\"image\":{\"@id\":\"https:\\\/\\\/www.km77.com\\\/revista\\\/engendro-mecanico\\\/automovil-2026-prediccion-industria\\\/#primaryimage\"},\"thumbnailUrl\":\"https:\\\/\\\/www.km77.com\\\/revista\\\/wp-content\\\/uploads\\\/2025\\\/12\\\/coche-rojo-cerrar-clientes-de-concesionario-de-coches-detras.jpg\",\"datePublished\":\"2025-12-11T10:54:26+00:00\",\"dateModified\":\"2025-12-11T10:54:31+00:00\",\"description\":\"El mercado del autom\u00f3vil afronta 2026 con perspectivas de consolidaci\u00f3n: m\u00e1s electrificaci\u00f3n, estabilidad en los incentivos y la activaci\u00f3n del Plan Auto+.\",\"breadcrumb\":{\"@id\":\"https:\\\/\\\/www.km77.com\\\/revista\\\/engendro-mecanico\\\/automovil-2026-prediccion-industria\\\/#breadcrumb\"},\"inLanguage\":\"es\",\"potentialAction\":[{\"@type\":\"ReadAction\",\"target\":[\"https:\\\/\\\/www.km77.com\\\/revista\\\/engendro-mecanico\\\/automovil-2026-prediccion-industria\\\/\"]}]},{\"@type\":\"ImageObject\",\"inLanguage\":\"es\",\"@id\":\"https:\\\/\\\/www.km77.com\\\/revista\\\/engendro-mecanico\\\/automovil-2026-prediccion-industria\\\/#primaryimage\",\"url\":\"https:\\\/\\\/www.km77.com\\\/revista\\\/wp-content\\\/uploads\\\/2025\\\/12\\\/coche-rojo-cerrar-clientes-de-concesionario-de-coches-detras.jpg\",\"contentUrl\":\"https:\\\/\\\/www.km77.com\\\/revista\\\/wp-content\\\/uploads\\\/2025\\\/12\\\/coche-rojo-cerrar-clientes-de-concesionario-de-coches-detras.jpg\",\"width\":1200,\"height\":801,\"caption\":\"Imagen de Freepik\"},{\"@type\":\"BreadcrumbList\",\"@id\":\"https:\\\/\\\/www.km77.com\\\/revista\\\/engendro-mecanico\\\/automovil-2026-prediccion-industria\\\/#breadcrumb\",\"itemListElement\":[{\"@type\":\"ListItem\",\"position\":1,\"name\":\"Revista km77\",\"item\":\"https:\\\/\\\/www.km77.com\\\/revista\\\/\"},{\"@type\":\"ListItem\",\"position\":2,\"name\":\"Engendro Mec\u00e1nico\",\"item\":\"https:\\\/\\\/www.km77.com\\\/revista\\\/engendro-mecanico\\\/\"},{\"@type\":\"ListItem\",\"position\":3,\"name\":\"Planes de renovaci\u00f3n, m\u00e1s el\u00e9ctricos y nuevos incentivos: el mapa del sector para 2026\"}]},{\"@type\":\"WebSite\",\"@id\":\"https:\\\/\\\/www.km77.com\\\/revista\\\/#website\",\"url\":\"https:\\\/\\\/www.km77.com\\\/revista\\\/\",\"name\":\"Revista km77\",\"description\":\"Revista de km77\",\"publisher\":{\"@id\":\"https:\\\/\\\/www.km77.com\\\/revista\\\/#organization\"},\"potentialAction\":[{\"@type\":\"SearchAction\",\"target\":{\"@type\":\"EntryPoint\",\"urlTemplate\":\"https:\\\/\\\/www.km77.com\\\/revista\\\/?s={search_term_string}\"},\"query-input\":{\"@type\":\"PropertyValueSpecification\",\"valueRequired\":true,\"valueName\":\"search_term_string\"}}],\"inLanguage\":\"es\"},{\"@type\":\"Organization\",\"@id\":\"https:\\\/\\\/www.km77.com\\\/revista\\\/#organization\",\"name\":\"KM77\",\"url\":\"https:\\\/\\\/www.km77.com\\\/revista\\\/\",\"logo\":{\"@type\":\"ImageObject\",\"inLanguage\":\"es\",\"@id\":\"https:\\\/\\\/www.km77.com\\\/revista\\\/#\\\/schema\\\/logo\\\/image\\\/\",\"url\":\"https:\\\/\\\/www.km77.com\\\/revista\\\/wp-content\\\/uploads\\\/2021\\\/02\\\/logo-km77.png\",\"contentUrl\":\"https:\\\/\\\/www.km77.com\\\/revista\\\/wp-content\\\/uploads\\\/2021\\\/02\\\/logo-km77.png\",\"width\":100,\"height\":34,\"caption\":\"KM77\"},\"image\":{\"@id\":\"https:\\\/\\\/www.km77.com\\\/revista\\\/#\\\/schema\\\/logo\\\/image\\\/\"}},{\"@type\":\"Person\",\"@id\":\"https:\\\/\\\/www.km77.com\\\/revista\\\/#\\\/schema\\\/person\\\/dd102435ccd38e4fccc382bc24b6258a\",\"name\":\"Iv\u00e1n D\u00e1vila\",\"image\":{\"@type\":\"ImageObject\",\"inLanguage\":\"es\",\"@id\":\"https:\\\/\\\/secure.gravatar.com\\\/avatar\\\/9f77db072342d2bc3219ab18df423dc43b9b86f7e477356b61dcf327ad23db07?s=96&d=mm&r=g\",\"url\":\"https:\\\/\\\/secure.gravatar.com\\\/avatar\\\/9f77db072342d2bc3219ab18df423dc43b9b86f7e477356b61dcf327ad23db07?s=96&d=mm&r=g\",\"contentUrl\":\"https:\\\/\\\/secure.gravatar.com\\\/avatar\\\/9f77db072342d2bc3219ab18df423dc43b9b86f7e477356b61dcf327ad23db07?s=96&d=mm&r=g\",\"caption\":\"Iv\u00e1n D\u00e1vila\"},\"url\":\"https:\\\/\\\/www.km77.com\\\/revista\\\/author\\\/ivan-davila\\\/\"}]}<\/script>\n<!-- \/ Yoast SEO plugin. -->","yoast_head_json":{"title":"Planes de renovaci\u00f3n, m\u00e1s el\u00e9ctricos y nuevos incentivos: el mapa del sector para 2026","description":"El mercado del autom\u00f3vil afronta 2026 con perspectivas de consolidaci\u00f3n: m\u00e1s electrificaci\u00f3n, estabilidad en los incentivos y la activaci\u00f3n del Plan Auto+.","robots":{"index":"index","follow":"follow","max-snippet":"max-snippet:-1","max-image-preview":"max-image-preview:large","max-video-preview":"max-video-preview:-1"},"canonical":"https:\/\/www.km77.com\/revista\/engendro-mecanico\/automovil-2026-prediccion-industria\/","og_locale":"es_ES","og_type":"article","og_title":"Planes de renovaci\u00f3n, m\u00e1s el\u00e9ctricos y nuevos incentivos: el mapa del sector para 2026","og_description":"El mercado del autom\u00f3vil afronta 2026 con perspectivas de consolidaci\u00f3n: m\u00e1s electrificaci\u00f3n, estabilidad en los incentivos y la activaci\u00f3n del Plan Auto+.","og_url":"https:\/\/www.km77.com\/revista\/engendro-mecanico\/automovil-2026-prediccion-industria\/","og_site_name":"Revista km77","article_published_time":"2025-12-11T10:54:26+00:00","article_modified_time":"2025-12-11T10:54:31+00:00","og_image":[{"width":1200,"height":801,"url":"https:\/\/www.km77.com\/revista\/wp-content\/uploads\/2025\/12\/coche-rojo-cerrar-clientes-de-concesionario-de-coches-detras.jpg","type":"image\/jpeg"}],"author":"Iv\u00e1n D\u00e1vila","twitter_card":"summary_large_image","twitter_misc":{"Escrito por":"Iv\u00e1n D\u00e1vila","Tiempo de lectura":"4 minutos"},"schema":{"@context":"https:\/\/schema.org","@graph":[{"@type":"Article","@id":"https:\/\/www.km77.com\/revista\/engendro-mecanico\/automovil-2026-prediccion-industria\/#article","isPartOf":{"@id":"https:\/\/www.km77.com\/revista\/engendro-mecanico\/automovil-2026-prediccion-industria\/"},"author":{"name":"Iv\u00e1n D\u00e1vila","@id":"https:\/\/www.km77.com\/revista\/#\/schema\/person\/dd102435ccd38e4fccc382bc24b6258a"},"headline":"Planes de renovaci\u00f3n, m\u00e1s el\u00e9ctricos y nuevos incentivos: el mapa del sector para 2026","datePublished":"2025-12-11T10:54:26+00:00","dateModified":"2025-12-11T10:54:31+00:00","mainEntityOfPage":{"@id":"https:\/\/www.km77.com\/revista\/engendro-mecanico\/automovil-2026-prediccion-industria\/"},"wordCount":698,"commentCount":11,"publisher":{"@id":"https:\/\/www.km77.com\/revista\/#organization"},"image":{"@id":"https:\/\/www.km77.com\/revista\/engendro-mecanico\/automovil-2026-prediccion-industria\/#primaryimage"},"thumbnailUrl":"https:\/\/www.km77.com\/revista\/wp-content\/uploads\/2025\/12\/coche-rojo-cerrar-clientes-de-concesionario-de-coches-detras.jpg","keywords":["futuro","industria"],"articleSection":["Engendro Mec\u00e1nico"],"inLanguage":"es","potentialAction":[{"@type":"CommentAction","name":"Comment","target":["https:\/\/www.km77.com\/revista\/engendro-mecanico\/automovil-2026-prediccion-industria\/#respond"]}]},{"@type":"WebPage","@id":"https:\/\/www.km77.com\/revista\/engendro-mecanico\/automovil-2026-prediccion-industria\/","url":"https:\/\/www.km77.com\/revista\/engendro-mecanico\/automovil-2026-prediccion-industria\/","name":"Planes de renovaci\u00f3n, m\u00e1s el\u00e9ctricos y nuevos incentivos: el mapa del sector para 2026","isPartOf":{"@id":"https:\/\/www.km77.com\/revista\/#website"},"primaryImageOfPage":{"@id":"https:\/\/www.km77.com\/revista\/engendro-mecanico\/automovil-2026-prediccion-industria\/#primaryimage"},"image":{"@id":"https:\/\/www.km77.com\/revista\/engendro-mecanico\/automovil-2026-prediccion-industria\/#primaryimage"},"thumbnailUrl":"https:\/\/www.km77.com\/revista\/wp-content\/uploads\/2025\/12\/coche-rojo-cerrar-clientes-de-concesionario-de-coches-detras.jpg","datePublished":"2025-12-11T10:54:26+00:00","dateModified":"2025-12-11T10:54:31+00:00","description":"El mercado del autom\u00f3vil afronta 2026 con perspectivas de consolidaci\u00f3n: m\u00e1s electrificaci\u00f3n, estabilidad en los incentivos y la activaci\u00f3n del Plan Auto+.","breadcrumb":{"@id":"https:\/\/www.km77.com\/revista\/engendro-mecanico\/automovil-2026-prediccion-industria\/#breadcrumb"},"inLanguage":"es","potentialAction":[{"@type":"ReadAction","target":["https:\/\/www.km77.com\/revista\/engendro-mecanico\/automovil-2026-prediccion-industria\/"]}]},{"@type":"ImageObject","inLanguage":"es","@id":"https:\/\/www.km77.com\/revista\/engendro-mecanico\/automovil-2026-prediccion-industria\/#primaryimage","url":"https:\/\/www.km77.com\/revista\/wp-content\/uploads\/2025\/12\/coche-rojo-cerrar-clientes-de-concesionario-de-coches-detras.jpg","contentUrl":"https:\/\/www.km77.com\/revista\/wp-content\/uploads\/2025\/12\/coche-rojo-cerrar-clientes-de-concesionario-de-coches-detras.jpg","width":1200,"height":801,"caption":"Imagen de Freepik"},{"@type":"BreadcrumbList","@id":"https:\/\/www.km77.com\/revista\/engendro-mecanico\/automovil-2026-prediccion-industria\/#breadcrumb","itemListElement":[{"@type":"ListItem","position":1,"name":"Revista km77","item":"https:\/\/www.km77.com\/revista\/"},{"@type":"ListItem","position":2,"name":"Engendro Mec\u00e1nico","item":"https:\/\/www.km77.com\/revista\/engendro-mecanico\/"},{"@type":"ListItem","position":3,"name":"Planes de renovaci\u00f3n, m\u00e1s el\u00e9ctricos y nuevos incentivos: el mapa del sector para 2026"}]},{"@type":"WebSite","@id":"https:\/\/www.km77.com\/revista\/#website","url":"https:\/\/www.km77.com\/revista\/","name":"Revista km77","description":"Revista de km77","publisher":{"@id":"https:\/\/www.km77.com\/revista\/#organization"},"potentialAction":[{"@type":"SearchAction","target":{"@type":"EntryPoint","urlTemplate":"https:\/\/www.km77.com\/revista\/?s={search_term_string}"},"query-input":{"@type":"PropertyValueSpecification","valueRequired":true,"valueName":"search_term_string"}}],"inLanguage":"es"},{"@type":"Organization","@id":"https:\/\/www.km77.com\/revista\/#organization","name":"KM77","url":"https:\/\/www.km77.com\/revista\/","logo":{"@type":"ImageObject","inLanguage":"es","@id":"https:\/\/www.km77.com\/revista\/#\/schema\/logo\/image\/","url":"https:\/\/www.km77.com\/revista\/wp-content\/uploads\/2021\/02\/logo-km77.png","contentUrl":"https:\/\/www.km77.com\/revista\/wp-content\/uploads\/2021\/02\/logo-km77.png","width":100,"height":34,"caption":"KM77"},"image":{"@id":"https:\/\/www.km77.com\/revista\/#\/schema\/logo\/image\/"}},{"@type":"Person","@id":"https:\/\/www.km77.com\/revista\/#\/schema\/person\/dd102435ccd38e4fccc382bc24b6258a","name":"Iv\u00e1n D\u00e1vila","image":{"@type":"ImageObject","inLanguage":"es","@id":"https:\/\/secure.gravatar.com\/avatar\/9f77db072342d2bc3219ab18df423dc43b9b86f7e477356b61dcf327ad23db07?s=96&d=mm&r=g","url":"https:\/\/secure.gravatar.com\/avatar\/9f77db072342d2bc3219ab18df423dc43b9b86f7e477356b61dcf327ad23db07?s=96&d=mm&r=g","contentUrl":"https:\/\/secure.gravatar.com\/avatar\/9f77db072342d2bc3219ab18df423dc43b9b86f7e477356b61dcf327ad23db07?s=96&d=mm&r=g","caption":"Iv\u00e1n D\u00e1vila"},"url":"https:\/\/www.km77.com\/revista\/author\/ivan-davila\/"}]}},"amp_enabled":true,"_links":{"self":[{"href":"https:\/\/www.km77.com\/revista\/wp-json\/wp\/v2\/posts\/65258","targetHints":{"allow":["GET"]}}],"collection":[{"href":"https:\/\/www.km77.com\/revista\/wp-json\/wp\/v2\/posts"}],"about":[{"href":"https:\/\/www.km77.com\/revista\/wp-json\/wp\/v2\/types\/post"}],"author":[{"embeddable":true,"href":"https:\/\/www.km77.com\/revista\/wp-json\/wp\/v2\/users\/93"}],"replies":[{"embeddable":true,"href":"https:\/\/www.km77.com\/revista\/wp-json\/wp\/v2\/comments?post=65258"}],"version-history":[{"count":12,"href":"https:\/\/www.km77.com\/revista\/wp-json\/wp\/v2\/posts\/65258\/revisions"}],"predecessor-version":[{"id":65289,"href":"https:\/\/www.km77.com\/revista\/wp-json\/wp\/v2\/posts\/65258\/revisions\/65289"}],"wp:featuredmedia":[{"embeddable":true,"href":"https:\/\/www.km77.com\/revista\/wp-json\/wp\/v2\/media\/65263"}],"wp:attachment":[{"href":"https:\/\/www.km77.com\/revista\/wp-json\/wp\/v2\/media?parent=65258"}],"wp:term":[{"taxonomy":"category","embeddable":true,"href":"https:\/\/www.km77.com\/revista\/wp-json\/wp\/v2\/categories?post=65258"},{"taxonomy":"post_tag","embeddable":true,"href":"https:\/\/www.km77.com\/revista\/wp-json\/wp\/v2\/tags?post=65258"}],"curies":[{"name":"wp","href":"https:\/\/api.w.org\/{rel}","templated":true}]}}