{"id":65221,"date":"2025-12-12T14:29:43","date_gmt":"2025-12-12T13:29:43","guid":{"rendered":"https:\/\/www.km77.com\/revista\/?p=65221"},"modified":"2025-12-12T14:29:54","modified_gmt":"2025-12-12T13:29:54","slug":"dudas-avanzadas-balizas-v16-dgt","status":"publish","type":"post","link":"https:\/\/www.km77.com\/revista\/general\/dudas-avanzadas-balizas-v16-dgt\/","title":{"rendered":"Dudas sobre la baliza V16: d\u00f3nde colocarlas, uso del chaleco y tri\u00e1ngulo, tipos de bater\u00eda y m\u00e1s"},"content":{"rendered":"\n<p>Aunque ya explicamos en un primer art\u00edculo <a href=\"https:\/\/www.km77.com\/revista\/engendro-mecanico\/nuevas-balizas-v16-funcionamiento\/\">c\u00f3mo funcionan las nuevas balizas V-16<\/a> y cu\u00e1l ser\u00e1 su papel dentro del ecosistema de la DGT 3.0, siguen surgiendo dudas sobre su uso, que afectan a su uso. No todas las casu\u00edsticas est\u00e1n claras para los conductores, especialmente en lo que respecta a la colocaci\u00f3n en veh\u00edculos menos comunes, la relaci\u00f3n con la ITV o el futuro del chaleco reflectante y de los tri\u00e1ngulos que todos conocemos. Tambi\u00e9n a los dos tipos de baliza que existen en funci\u00f3n de sus bater\u00edas. <\/p>\n\n\n\n<p>A continuaci\u00f3n damos informaci\u00f3n sobre estas dudas<\/p>\n\n\n\n<h2 class=\"wp-block-heading\">\u00bfD\u00f3nde se deben colocar?<\/h2>\n\n\n\n<p>En cuanto a la instalaci\u00f3n, la normativa dice que la baliza se debe colocar <strong>en la parte m\u00e1s alta posible para maximizar la visibilidad<\/strong>.  Por el momento, los fabricantes de balizas est\u00e1n optando por un sistema de sujeci\u00f3n magn\u00e9tico que no tiene en cuenta algunas casu\u00edsticas.<\/p>\n\n\n\n<h3 class=\"wp-block-heading\">\u00bfY en un coche descapotable?<\/h3>\n\n\n\n<p>\u00bfY qu\u00e9 ocurre con los veh\u00edculos descapotables con techo de lona (o con techos de material compuesto) en los que las bases magn\u00e9ticas no pueden asegurar la fijaci\u00f3n? La DGT obliga, del mismo modo que en el resto de veh\u00edculos, a colocarla en el punto m\u00e1s alto. En este caso, lo m\u00e1s \u00f3ptimo ser\u00eda hacerlo en el propio parabrisas delantero, por la parte exterior. Tambi\u00e9n podr\u00e1 colocarse en el <strong>arco antivuelco<\/strong> (si el coche lo tiene) gracias a su im\u00e1n. En caso de que sea imposible en estas dos zonas, se fijar\u00e1 a la tapa del maletero o al lateral de la propia puerta del conductor.<\/p>\n\n\n\n<figure class=\"wp-block-image size-large\"><img decoding=\"async\" width=\"1024\" height=\"683\" src=\"https:\/\/www.km77.com\/revista\/wp-content\/uploads\/2025\/10\/2ba05b7b-c3bd-4c61-87c8-724d7817dfc1_16-9-discover-aspect-ratio_default_0-copia-1024x683.png\" alt=\"Nueva baliza V-16 pegada en el techo de un veh\u00edculo\" class=\"wp-image-63784\" srcset=\"https:\/\/www.km77.com\/revista\/wp-content\/uploads\/2025\/10\/2ba05b7b-c3bd-4c61-87c8-724d7817dfc1_16-9-discover-aspect-ratio_default_0-copia-1024x683.png 1024w, https:\/\/www.km77.com\/revista\/wp-content\/uploads\/2025\/10\/2ba05b7b-c3bd-4c61-87c8-724d7817dfc1_16-9-discover-aspect-ratio_default_0-copia-980x653.png 980w, https:\/\/www.km77.com\/revista\/wp-content\/uploads\/2025\/10\/2ba05b7b-c3bd-4c61-87c8-724d7817dfc1_16-9-discover-aspect-ratio_default_0-copia-480x320.png 480w\" sizes=\"(min-width: 0px) and (max-width: 480px) 480px, (min-width: 481px) and (max-width: 980px) 980px, (min-width: 981px) 1024px, 100vw\" \/><figcaption class=\"wp-element-caption\">La nueva baliza V-16 emite una se\u00f1al que avisar\u00e1 al resto de conductores. Foto: DGT<\/figcaption><\/figure>\n\n\n\n<h2 class=\"wp-block-heading\">\u00bfPuedo tirar los tri\u00e1ngulos?<\/h2>\n\n\n\n<p>Hasta enero de 2026, los tri\u00e1ngulos contin\u00faan siendo v\u00e1lidos y no tenerlos podr\u00eda ser motivo de sanci\u00f3n. Sin embargo, a partir de esa fecha dejar\u00e1n de usarse y ya no se considerar\u00e1n un elemento de seguridad v\u00e1lido en Espa\u00f1a. Eso s\u00ed, si tienes pensado viajar por Europa con tu coche, debes llevarlos en el maletero, ya que en otros pa\u00edses podr\u00edan pedirte su uso. Recuerda que la baliza V-16 es, por el momento, un elemento <strong>exigido \u00fanicamente en Espa\u00f1a<\/strong>.<\/p>\n\n\n\n<h2 class=\"wp-block-heading\">\u00bfSigue siendo obligatorio el chaleco? <\/h2>\n\n\n\n<p>S\u00ed. La norma no ha cambiado en este sentido. El conductor debe llevar al menos uno en el interior del habit\u00e1culo para salir del coche con seguridad, aunque el uso de la baliza pretenda precisamente evitar que el usuario camine por la v\u00eda. Es probable que en el futuro se revise su obligatoriedad, pero hoy sigue siendo un elemento exigido, sobre todo en circunstancias en las que el conductor deba salir del coche para garantizar su integridad f\u00edsica, como en un incendio.<\/p>\n\n\n\n<h2 class=\"wp-block-heading\">\u00bfMe mirar\u00e1n en la ITV si llevo la baliza?<\/h2>\n\n\n\n<p>La normativa de inspecciones t\u00e9cnicas no contempla la comprobaci\u00f3n de elementos port\u00e1tiles de emergencia, igual que no se verifica si el veh\u00edculo lleva botiqu\u00edn o cadenas. Es un dispositivo obligatorio <strong>a efectos circulatorios<\/strong>, pero no forma parte del manual de procedimientos de la ITV.<\/p>\n\n\n\n<h2 class=\"wp-block-heading\">\u00bfHabr\u00e1 controles policiales para asegurar que los conductores la llevan?<\/h2>\n\n\n\n<p>Pere Navarro, director de la DGT, ha declarado recientemente que al principio <strong>habr\u00e1 cierta flexibilidad<\/strong>. La intenci\u00f3n no es sancionar de inmediato, sino permitir un periodo de adaptaci\u00f3n, del mismo modo que ocurri\u00f3 en su d\u00eda con los tri\u00e1ngulos o los chalecos. Con el tiempo, s\u00ed pueden realizarse controles espec\u00edficos, igual que se hacen sobre documentaci\u00f3n u otros elementos obligatorios.<\/p>\n\n\n\n<p>Tambi\u00e9n es vital que, antes de comprar cualquier baliza, compruebes en la <a href=\"https:\/\/www.dgt.es\/muevete-con-seguridad\/tecnologia-e-innovacion-en-carretera\/Dispositivos-de-presenalizacion-V16\/\">lista de dispositivos homologados <\/a>de la DGT que realmente es v\u00e1lida. Tener una V-16 que no est\u00e1 certificada por la propia Direcci\u00f3n General de Tr\u00e1fico es como no tenerla.<\/p>\n\n\n\n<h2 class=\"wp-block-heading\">\u00bfFuncionar\u00e1 la baliza V-16 en t\u00faneles y zonas sin cobertura?<\/h2>\n\n\n\n<p>El Ministerio del Interior sali\u00f3 al paso de los bulos y <a href=\"https:\/\/x.com\/interiorgob\/status\/1996154541062906291\">comunic\u00f3 en X<\/a> que las balizas disponen de una conexi\u00f3n de red especial que garantiza la transmisi\u00f3n de datos incluso sin se\u00f1al, y que, si esta falta, las propias balizas actuar\u00edan&nbsp;simplemente como luz, para advertir al resto de conductores a trav\u00e9s de la <strong>se\u00f1al lum\u00ednica.<\/strong><\/p>\n\n\n\n<h2 class=\"wp-block-heading\">Tipos de bater\u00eda de las balizas<\/h2>\n\n\n\n<p>La mayor\u00eda de balizas homologadas utilizan uno de estos dos sistemas de alimentaci\u00f3n: <strong>pilas alcalinas tradicionales o bater\u00edas recargables internas<\/strong>. Ambos tipos son v\u00e1lidos mientras cumplan con la autonom\u00eda m\u00ednima exigida por la normativa, que es de 18 meses. Las pilas facilitan tener un recambio inmediato en carretera, mientras que las unidades recargables ofrecen m\u00e1s estabilidad de tensi\u00f3n, pero en ambos casos, lo importante es que la luz debe permanecer operativa durante <strong>m\u00e1s de 30 minutos,<\/strong> incluso con temperaturas extremas.<\/p>\n","protected":false},"excerpt":{"rendered":"<p>Aunque ya explicamos en un primer art\u00edculo c\u00f3mo funcionan las nuevas balizas V-16 y cu\u00e1l ser\u00e1 su papel dentro del ecosistema de la DGT 3.0, siguen surgiendo dudas sobre su uso, que afectan a su uso. No todas las casu\u00edsticas est\u00e1n claras para los conductores, especialmente en lo que respecta a la colocaci\u00f3n en veh\u00edculos [&hellip;]<\/p>\n","protected":false},"author":93,"featured_media":65236,"comment_status":"open","ping_status":"closed","sticky":false,"template":"","format":"standard","meta":{"_et_pb_use_builder":"off","_et_pb_old_content":"","_et_gb_content_width":"","footnotes":""},"categories":[1],"tags":[],"class_list":["post-65221","post","type-post","status-publish","format-standard","has-post-thumbnail","hentry","category-general"],"yoast_head":"<!-- This site is optimized with the Yoast SEO plugin v27.5 - https:\/\/yoast.com\/product\/yoast-seo-wordpress\/ -->\n<title>Todas las dudas sobre la baliza V16: tipos de bater\u00eda, d\u00f3nde colocarlas, uso del chaleco y tri\u00e1ngulo y m\u00e1s<\/title>\n<meta name=\"description\" content=\"Respondemos a las dudas m\u00e1s habituales de los conductores sobre las nuevas balizas V16 conectadas: tipos de bater\u00eda, c\u00f3mo colocarlas en veh\u00edculos descapotables o con techo fr\u00e1gil, si la ITV las exige, qu\u00e9 pasa con los tri\u00e1ngulos, si el chaleco sigue siendo obligatorio y c\u00f3mo ser\u00e1n los controles de la DGT.\" \/>\n<meta name=\"robots\" content=\"index, follow, max-snippet:-1, max-image-preview:large, max-video-preview:-1\" \/>\n<link rel=\"canonical\" href=\"https:\/\/www.km77.com\/revista\/general\/dudas-avanzadas-balizas-v16-dgt\/\" \/>\n<meta property=\"og:locale\" content=\"es_ES\" \/>\n<meta property=\"og:type\" content=\"article\" \/>\n<meta property=\"og:title\" content=\"Todas las dudas sobre la baliza V16: tipos de bater\u00eda, d\u00f3nde colocarlas, uso del chaleco y tri\u00e1ngulo y m\u00e1s\" \/>\n<meta property=\"og:description\" content=\"Respondemos a las dudas m\u00e1s habituales de los conductores sobre las nuevas balizas V16 conectadas: tipos de bater\u00eda, c\u00f3mo colocarlas en veh\u00edculos descapotables o con techo fr\u00e1gil, si la ITV las exige, qu\u00e9 pasa con los tri\u00e1ngulos, si el chaleco sigue siendo obligatorio y c\u00f3mo ser\u00e1n los controles de la DGT.\" \/>\n<meta property=\"og:url\" content=\"https:\/\/www.km77.com\/revista\/general\/dudas-avanzadas-balizas-v16-dgt\/\" \/>\n<meta property=\"og:site_name\" content=\"Revista km77\" \/>\n<meta property=\"article:published_time\" content=\"2025-12-12T13:29:43+00:00\" \/>\n<meta property=\"article:modified_time\" content=\"2025-12-12T13:29:54+00:00\" \/>\n<meta property=\"og:image\" content=\"https:\/\/www.km77.com\/revista\/wp-content\/uploads\/2025\/12\/Portada-V16.png_557049244.png\" \/>\n\t<meta property=\"og:image:width\" content=\"1200\" \/>\n\t<meta property=\"og:image:height\" content=\"800\" \/>\n\t<meta property=\"og:image:type\" content=\"image\/png\" \/>\n<meta name=\"author\" content=\"Iv\u00e1n D\u00e1vila\" \/>\n<meta name=\"twitter:card\" content=\"summary_large_image\" \/>\n<meta name=\"twitter:label1\" content=\"Escrito por\" \/>\n\t<meta name=\"twitter:data1\" content=\"Iv\u00e1n D\u00e1vila\" \/>\n\t<meta name=\"twitter:label2\" content=\"Tiempo de lectura\" \/>\n\t<meta name=\"twitter:data2\" content=\"4 minutos\" \/>\n<script type=\"application\/ld+json\" class=\"yoast-schema-graph\">{\"@context\":\"https:\\\/\\\/schema.org\",\"@graph\":[{\"@type\":\"Article\",\"@id\":\"https:\\\/\\\/www.km77.com\\\/revista\\\/general\\\/dudas-avanzadas-balizas-v16-dgt\\\/#article\",\"isPartOf\":{\"@id\":\"https:\\\/\\\/www.km77.com\\\/revista\\\/general\\\/dudas-avanzadas-balizas-v16-dgt\\\/\"},\"author\":{\"name\":\"Iv\u00e1n D\u00e1vila\",\"@id\":\"https:\\\/\\\/www.km77.com\\\/revista\\\/#\\\/schema\\\/person\\\/dd102435ccd38e4fccc382bc24b6258a\"},\"headline\":\"Dudas sobre la baliza V16: d\u00f3nde colocarlas, uso del chaleco y tri\u00e1ngulo, tipos de bater\u00eda y m\u00e1s\",\"datePublished\":\"2025-12-12T13:29:43+00:00\",\"dateModified\":\"2025-12-12T13:29:54+00:00\",\"mainEntityOfPage\":{\"@id\":\"https:\\\/\\\/www.km77.com\\\/revista\\\/general\\\/dudas-avanzadas-balizas-v16-dgt\\\/\"},\"wordCount\":858,\"commentCount\":42,\"publisher\":{\"@id\":\"https:\\\/\\\/www.km77.com\\\/revista\\\/#organization\"},\"image\":{\"@id\":\"https:\\\/\\\/www.km77.com\\\/revista\\\/general\\\/dudas-avanzadas-balizas-v16-dgt\\\/#primaryimage\"},\"thumbnailUrl\":\"https:\\\/\\\/www.km77.com\\\/revista\\\/wp-content\\\/uploads\\\/2025\\\/12\\\/Portada-V16.png_557049244.png\",\"articleSection\":[\"General\"],\"inLanguage\":\"es\",\"potentialAction\":[{\"@type\":\"CommentAction\",\"name\":\"Comment\",\"target\":[\"https:\\\/\\\/www.km77.com\\\/revista\\\/general\\\/dudas-avanzadas-balizas-v16-dgt\\\/#respond\"]}]},{\"@type\":\"WebPage\",\"@id\":\"https:\\\/\\\/www.km77.com\\\/revista\\\/general\\\/dudas-avanzadas-balizas-v16-dgt\\\/\",\"url\":\"https:\\\/\\\/www.km77.com\\\/revista\\\/general\\\/dudas-avanzadas-balizas-v16-dgt\\\/\",\"name\":\"Todas las dudas sobre la baliza V16: tipos de bater\u00eda, d\u00f3nde colocarlas, uso del chaleco y tri\u00e1ngulo y m\u00e1s\",\"isPartOf\":{\"@id\":\"https:\\\/\\\/www.km77.com\\\/revista\\\/#website\"},\"primaryImageOfPage\":{\"@id\":\"https:\\\/\\\/www.km77.com\\\/revista\\\/general\\\/dudas-avanzadas-balizas-v16-dgt\\\/#primaryimage\"},\"image\":{\"@id\":\"https:\\\/\\\/www.km77.com\\\/revista\\\/general\\\/dudas-avanzadas-balizas-v16-dgt\\\/#primaryimage\"},\"thumbnailUrl\":\"https:\\\/\\\/www.km77.com\\\/revista\\\/wp-content\\\/uploads\\\/2025\\\/12\\\/Portada-V16.png_557049244.png\",\"datePublished\":\"2025-12-12T13:29:43+00:00\",\"dateModified\":\"2025-12-12T13:29:54+00:00\",\"description\":\"Respondemos a las dudas m\u00e1s habituales de los conductores sobre las nuevas balizas V16 conectadas: tipos de bater\u00eda, c\u00f3mo colocarlas en veh\u00edculos descapotables o con techo fr\u00e1gil, si la ITV las exige, qu\u00e9 pasa con los tri\u00e1ngulos, si el chaleco sigue siendo obligatorio y c\u00f3mo ser\u00e1n los controles de la DGT.\",\"breadcrumb\":{\"@id\":\"https:\\\/\\\/www.km77.com\\\/revista\\\/general\\\/dudas-avanzadas-balizas-v16-dgt\\\/#breadcrumb\"},\"inLanguage\":\"es\",\"potentialAction\":[{\"@type\":\"ReadAction\",\"target\":[\"https:\\\/\\\/www.km77.com\\\/revista\\\/general\\\/dudas-avanzadas-balizas-v16-dgt\\\/\"]}]},{\"@type\":\"ImageObject\",\"inLanguage\":\"es\",\"@id\":\"https:\\\/\\\/www.km77.com\\\/revista\\\/general\\\/dudas-avanzadas-balizas-v16-dgt\\\/#primaryimage\",\"url\":\"https:\\\/\\\/www.km77.com\\\/revista\\\/wp-content\\\/uploads\\\/2025\\\/12\\\/Portada-V16.png_557049244.png\",\"contentUrl\":\"https:\\\/\\\/www.km77.com\\\/revista\\\/wp-content\\\/uploads\\\/2025\\\/12\\\/Portada-V16.png_557049244.png\",\"width\":1200,\"height\":800,\"caption\":\"Fuente de la imagen: DGT\"},{\"@type\":\"BreadcrumbList\",\"@id\":\"https:\\\/\\\/www.km77.com\\\/revista\\\/general\\\/dudas-avanzadas-balizas-v16-dgt\\\/#breadcrumb\",\"itemListElement\":[{\"@type\":\"ListItem\",\"position\":1,\"name\":\"Revista km77\",\"item\":\"https:\\\/\\\/www.km77.com\\\/revista\\\/\"},{\"@type\":\"ListItem\",\"position\":2,\"name\":\"General\",\"item\":\"https:\\\/\\\/www.km77.com\\\/revista\\\/general\\\/\"},{\"@type\":\"ListItem\",\"position\":3,\"name\":\"Dudas sobre la baliza V16: d\u00f3nde colocarlas, uso del chaleco y tri\u00e1ngulo, tipos de bater\u00eda y m\u00e1s\"}]},{\"@type\":\"WebSite\",\"@id\":\"https:\\\/\\\/www.km77.com\\\/revista\\\/#website\",\"url\":\"https:\\\/\\\/www.km77.com\\\/revista\\\/\",\"name\":\"Revista km77\",\"description\":\"Revista de km77\",\"publisher\":{\"@id\":\"https:\\\/\\\/www.km77.com\\\/revista\\\/#organization\"},\"potentialAction\":[{\"@type\":\"SearchAction\",\"target\":{\"@type\":\"EntryPoint\",\"urlTemplate\":\"https:\\\/\\\/www.km77.com\\\/revista\\\/?s={search_term_string}\"},\"query-input\":{\"@type\":\"PropertyValueSpecification\",\"valueRequired\":true,\"valueName\":\"search_term_string\"}}],\"inLanguage\":\"es\"},{\"@type\":\"Organization\",\"@id\":\"https:\\\/\\\/www.km77.com\\\/revista\\\/#organization\",\"name\":\"KM77\",\"url\":\"https:\\\/\\\/www.km77.com\\\/revista\\\/\",\"logo\":{\"@type\":\"ImageObject\",\"inLanguage\":\"es\",\"@id\":\"https:\\\/\\\/www.km77.com\\\/revista\\\/#\\\/schema\\\/logo\\\/image\\\/\",\"url\":\"https:\\\/\\\/www.km77.com\\\/revista\\\/wp-content\\\/uploads\\\/2021\\\/02\\\/logo-km77.png\",\"contentUrl\":\"https:\\\/\\\/www.km77.com\\\/revista\\\/wp-content\\\/uploads\\\/2021\\\/02\\\/logo-km77.png\",\"width\":100,\"height\":34,\"caption\":\"KM77\"},\"image\":{\"@id\":\"https:\\\/\\\/www.km77.com\\\/revista\\\/#\\\/schema\\\/logo\\\/image\\\/\"}},{\"@type\":\"Person\",\"@id\":\"https:\\\/\\\/www.km77.com\\\/revista\\\/#\\\/schema\\\/person\\\/dd102435ccd38e4fccc382bc24b6258a\",\"name\":\"Iv\u00e1n D\u00e1vila\",\"image\":{\"@type\":\"ImageObject\",\"inLanguage\":\"es\",\"@id\":\"https:\\\/\\\/secure.gravatar.com\\\/avatar\\\/9f77db072342d2bc3219ab18df423dc43b9b86f7e477356b61dcf327ad23db07?s=96&d=mm&r=g\",\"url\":\"https:\\\/\\\/secure.gravatar.com\\\/avatar\\\/9f77db072342d2bc3219ab18df423dc43b9b86f7e477356b61dcf327ad23db07?s=96&d=mm&r=g\",\"contentUrl\":\"https:\\\/\\\/secure.gravatar.com\\\/avatar\\\/9f77db072342d2bc3219ab18df423dc43b9b86f7e477356b61dcf327ad23db07?s=96&d=mm&r=g\",\"caption\":\"Iv\u00e1n D\u00e1vila\"},\"url\":\"https:\\\/\\\/www.km77.com\\\/revista\\\/author\\\/ivan-davila\\\/\"}]}<\/script>\n<!-- \/ Yoast SEO plugin. -->","yoast_head_json":{"title":"Todas las dudas sobre la baliza V16: tipos de bater\u00eda, d\u00f3nde colocarlas, uso del chaleco y tri\u00e1ngulo y m\u00e1s","description":"Respondemos a las dudas m\u00e1s habituales de los conductores sobre las nuevas balizas V16 conectadas: tipos de bater\u00eda, c\u00f3mo colocarlas en veh\u00edculos descapotables o con techo fr\u00e1gil, si la ITV las exige, qu\u00e9 pasa con los tri\u00e1ngulos, si el chaleco sigue siendo obligatorio y c\u00f3mo ser\u00e1n los controles de la DGT.","robots":{"index":"index","follow":"follow","max-snippet":"max-snippet:-1","max-image-preview":"max-image-preview:large","max-video-preview":"max-video-preview:-1"},"canonical":"https:\/\/www.km77.com\/revista\/general\/dudas-avanzadas-balizas-v16-dgt\/","og_locale":"es_ES","og_type":"article","og_title":"Todas las dudas sobre la baliza V16: tipos de bater\u00eda, d\u00f3nde colocarlas, uso del chaleco y tri\u00e1ngulo y m\u00e1s","og_description":"Respondemos a las dudas m\u00e1s habituales de los conductores sobre las nuevas balizas V16 conectadas: tipos de bater\u00eda, c\u00f3mo colocarlas en veh\u00edculos descapotables o con techo fr\u00e1gil, si la ITV las exige, qu\u00e9 pasa con los tri\u00e1ngulos, si el chaleco sigue siendo obligatorio y c\u00f3mo ser\u00e1n los controles de la DGT.","og_url":"https:\/\/www.km77.com\/revista\/general\/dudas-avanzadas-balizas-v16-dgt\/","og_site_name":"Revista km77","article_published_time":"2025-12-12T13:29:43+00:00","article_modified_time":"2025-12-12T13:29:54+00:00","og_image":[{"width":1200,"height":800,"url":"https:\/\/www.km77.com\/revista\/wp-content\/uploads\/2025\/12\/Portada-V16.png_557049244.png","type":"image\/png"}],"author":"Iv\u00e1n D\u00e1vila","twitter_card":"summary_large_image","twitter_misc":{"Escrito por":"Iv\u00e1n D\u00e1vila","Tiempo de lectura":"4 minutos"},"schema":{"@context":"https:\/\/schema.org","@graph":[{"@type":"Article","@id":"https:\/\/www.km77.com\/revista\/general\/dudas-avanzadas-balizas-v16-dgt\/#article","isPartOf":{"@id":"https:\/\/www.km77.com\/revista\/general\/dudas-avanzadas-balizas-v16-dgt\/"},"author":{"name":"Iv\u00e1n D\u00e1vila","@id":"https:\/\/www.km77.com\/revista\/#\/schema\/person\/dd102435ccd38e4fccc382bc24b6258a"},"headline":"Dudas sobre la baliza V16: d\u00f3nde colocarlas, uso del chaleco y tri\u00e1ngulo, tipos de bater\u00eda y m\u00e1s","datePublished":"2025-12-12T13:29:43+00:00","dateModified":"2025-12-12T13:29:54+00:00","mainEntityOfPage":{"@id":"https:\/\/www.km77.com\/revista\/general\/dudas-avanzadas-balizas-v16-dgt\/"},"wordCount":858,"commentCount":42,"publisher":{"@id":"https:\/\/www.km77.com\/revista\/#organization"},"image":{"@id":"https:\/\/www.km77.com\/revista\/general\/dudas-avanzadas-balizas-v16-dgt\/#primaryimage"},"thumbnailUrl":"https:\/\/www.km77.com\/revista\/wp-content\/uploads\/2025\/12\/Portada-V16.png_557049244.png","articleSection":["General"],"inLanguage":"es","potentialAction":[{"@type":"CommentAction","name":"Comment","target":["https:\/\/www.km77.com\/revista\/general\/dudas-avanzadas-balizas-v16-dgt\/#respond"]}]},{"@type":"WebPage","@id":"https:\/\/www.km77.com\/revista\/general\/dudas-avanzadas-balizas-v16-dgt\/","url":"https:\/\/www.km77.com\/revista\/general\/dudas-avanzadas-balizas-v16-dgt\/","name":"Todas las dudas sobre la baliza V16: tipos de bater\u00eda, d\u00f3nde colocarlas, uso del chaleco y tri\u00e1ngulo y m\u00e1s","isPartOf":{"@id":"https:\/\/www.km77.com\/revista\/#website"},"primaryImageOfPage":{"@id":"https:\/\/www.km77.com\/revista\/general\/dudas-avanzadas-balizas-v16-dgt\/#primaryimage"},"image":{"@id":"https:\/\/www.km77.com\/revista\/general\/dudas-avanzadas-balizas-v16-dgt\/#primaryimage"},"thumbnailUrl":"https:\/\/www.km77.com\/revista\/wp-content\/uploads\/2025\/12\/Portada-V16.png_557049244.png","datePublished":"2025-12-12T13:29:43+00:00","dateModified":"2025-12-12T13:29:54+00:00","description":"Respondemos a las dudas m\u00e1s habituales de los conductores sobre las nuevas balizas V16 conectadas: tipos de bater\u00eda, c\u00f3mo colocarlas en veh\u00edculos descapotables o con techo fr\u00e1gil, si la ITV las exige, qu\u00e9 pasa con los tri\u00e1ngulos, si el chaleco sigue siendo obligatorio y c\u00f3mo ser\u00e1n los controles de la DGT.","breadcrumb":{"@id":"https:\/\/www.km77.com\/revista\/general\/dudas-avanzadas-balizas-v16-dgt\/#breadcrumb"},"inLanguage":"es","potentialAction":[{"@type":"ReadAction","target":["https:\/\/www.km77.com\/revista\/general\/dudas-avanzadas-balizas-v16-dgt\/"]}]},{"@type":"ImageObject","inLanguage":"es","@id":"https:\/\/www.km77.com\/revista\/general\/dudas-avanzadas-balizas-v16-dgt\/#primaryimage","url":"https:\/\/www.km77.com\/revista\/wp-content\/uploads\/2025\/12\/Portada-V16.png_557049244.png","contentUrl":"https:\/\/www.km77.com\/revista\/wp-content\/uploads\/2025\/12\/Portada-V16.png_557049244.png","width":1200,"height":800,"caption":"Fuente de la imagen: DGT"},{"@type":"BreadcrumbList","@id":"https:\/\/www.km77.com\/revista\/general\/dudas-avanzadas-balizas-v16-dgt\/#breadcrumb","itemListElement":[{"@type":"ListItem","position":1,"name":"Revista km77","item":"https:\/\/www.km77.com\/revista\/"},{"@type":"ListItem","position":2,"name":"General","item":"https:\/\/www.km77.com\/revista\/general\/"},{"@type":"ListItem","position":3,"name":"Dudas sobre la baliza V16: d\u00f3nde colocarlas, uso del chaleco y tri\u00e1ngulo, tipos de bater\u00eda y m\u00e1s"}]},{"@type":"WebSite","@id":"https:\/\/www.km77.com\/revista\/#website","url":"https:\/\/www.km77.com\/revista\/","name":"Revista km77","description":"Revista de km77","publisher":{"@id":"https:\/\/www.km77.com\/revista\/#organization"},"potentialAction":[{"@type":"SearchAction","target":{"@type":"EntryPoint","urlTemplate":"https:\/\/www.km77.com\/revista\/?s={search_term_string}"},"query-input":{"@type":"PropertyValueSpecification","valueRequired":true,"valueName":"search_term_string"}}],"inLanguage":"es"},{"@type":"Organization","@id":"https:\/\/www.km77.com\/revista\/#organization","name":"KM77","url":"https:\/\/www.km77.com\/revista\/","logo":{"@type":"ImageObject","inLanguage":"es","@id":"https:\/\/www.km77.com\/revista\/#\/schema\/logo\/image\/","url":"https:\/\/www.km77.com\/revista\/wp-content\/uploads\/2021\/02\/logo-km77.png","contentUrl":"https:\/\/www.km77.com\/revista\/wp-content\/uploads\/2021\/02\/logo-km77.png","width":100,"height":34,"caption":"KM77"},"image":{"@id":"https:\/\/www.km77.com\/revista\/#\/schema\/logo\/image\/"}},{"@type":"Person","@id":"https:\/\/www.km77.com\/revista\/#\/schema\/person\/dd102435ccd38e4fccc382bc24b6258a","name":"Iv\u00e1n D\u00e1vila","image":{"@type":"ImageObject","inLanguage":"es","@id":"https:\/\/secure.gravatar.com\/avatar\/9f77db072342d2bc3219ab18df423dc43b9b86f7e477356b61dcf327ad23db07?s=96&d=mm&r=g","url":"https:\/\/secure.gravatar.com\/avatar\/9f77db072342d2bc3219ab18df423dc43b9b86f7e477356b61dcf327ad23db07?s=96&d=mm&r=g","contentUrl":"https:\/\/secure.gravatar.com\/avatar\/9f77db072342d2bc3219ab18df423dc43b9b86f7e477356b61dcf327ad23db07?s=96&d=mm&r=g","caption":"Iv\u00e1n D\u00e1vila"},"url":"https:\/\/www.km77.com\/revista\/author\/ivan-davila\/"}]}},"amp_enabled":true,"_links":{"self":[{"href":"https:\/\/www.km77.com\/revista\/wp-json\/wp\/v2\/posts\/65221","targetHints":{"allow":["GET"]}}],"collection":[{"href":"https:\/\/www.km77.com\/revista\/wp-json\/wp\/v2\/posts"}],"about":[{"href":"https:\/\/www.km77.com\/revista\/wp-json\/wp\/v2\/types\/post"}],"author":[{"embeddable":true,"href":"https:\/\/www.km77.com\/revista\/wp-json\/wp\/v2\/users\/93"}],"replies":[{"embeddable":true,"href":"https:\/\/www.km77.com\/revista\/wp-json\/wp\/v2\/comments?post=65221"}],"version-history":[{"count":12,"href":"https:\/\/www.km77.com\/revista\/wp-json\/wp\/v2\/posts\/65221\/revisions"}],"predecessor-version":[{"id":65308,"href":"https:\/\/www.km77.com\/revista\/wp-json\/wp\/v2\/posts\/65221\/revisions\/65308"}],"wp:featuredmedia":[{"embeddable":true,"href":"https:\/\/www.km77.com\/revista\/wp-json\/wp\/v2\/media\/65236"}],"wp:attachment":[{"href":"https:\/\/www.km77.com\/revista\/wp-json\/wp\/v2\/media?parent=65221"}],"wp:term":[{"taxonomy":"category","embeddable":true,"href":"https:\/\/www.km77.com\/revista\/wp-json\/wp\/v2\/categories?post=65221"},{"taxonomy":"post_tag","embeddable":true,"href":"https:\/\/www.km77.com\/revista\/wp-json\/wp\/v2\/tags?post=65221"}],"curies":[{"name":"wp","href":"https:\/\/api.w.org\/{rel}","templated":true}]}}