{"id":65148,"date":"2025-12-07T16:55:33","date_gmt":"2025-12-07T15:55:33","guid":{"rendered":"https:\/\/www.km77.com\/revista\/?p=65148"},"modified":"2025-12-07T16:55:36","modified_gmt":"2025-12-07T15:55:36","slug":"lando-norris-campeon-del-mundo-de-formula-1-de-2025","status":"publish","type":"post","link":"https:\/\/www.km77.com\/revista\/deporte\/f1\/lando-norris-campeon-del-mundo-de-formula-1-de-2025\/","title":{"rendered":"Lando Norris, campe\u00f3n del mundo de F\u00f3rmula 1 de 2025"},"content":{"rendered":"\n<h2 class=\"wp-block-heading\">Lando Norris acaba tercero y certifica el t\u00edtulo pese a la victoria de Verstappen<\/h2>\n\n\n\n<p>Era el gran favorito y finalmente ya lo tiene. <strong>Lando Norris es oficialmente el <a href=\"https:\/\/www.formula1.com\/en\/results\/2025\/drivers\">campe\u00f3n del mundo de pilotos<\/a><\/strong> n\u00famero 35 de la historia, el und\u00e9cimo brit\u00e1nico. Lo ha conseguido en una carrera plana, donde la tensi\u00f3n exist\u00eda pero McLaren ten\u00eda todo controlado. Gran estrategia del equipo, poniendo a Piastri en una carrera alternativa para evitar que Verstappen pudiese apretar a Norris. No pudo ser el pentacampeonato, aunque <strong>Max Verstappen se ha ganado una vez m\u00e1s el respeto del mundo. <\/strong>No desmerece, eso s\u00ed, el t\u00edtulo del brit\u00e1nico, que subi\u00f3 su nivel en el momento clave de la temporada.<\/p>\n\n\n\n<h3 class=\"wp-block-heading\">Menos mal que acaba este reglamento<\/h3>\n\n\n\n<p>No sabemos qu\u00e9 puede deparar el 2026, con muchas dudas sobre c\u00f3mo funcionar\u00e1n los nuevos monoplazas y sus motores. Lo que s\u00ed est\u00e1 claro es que hace falta un cambio, ya que <strong>este reglamento no da para m\u00e1s.<\/strong> En una carrera con la tensi\u00f3n por las nubes la competencia en pista ha sido pobre. Poco hay que hablar de la competici\u00f3n de hoy, ya que los tres primeros permanec\u00edan separados y el resto en trenes de DRS sin poder pasar. A pesar de existir estrategias dispares, con una y dos paradas, el espect\u00e1culo ha estado limitado. Temporada terrible a nivel de acci\u00f3n, capacidad de adelantar, problemas con el rebufo y el aire sucio, durabilidad extrema de los neum\u00e1ticos&#8230; Confiemos en 2026.<\/p>\n\n\n\n<p>Lando Norris sal\u00eda con mucha cautela, perdiendo la posici\u00f3n contra Oscar Piastri en la curva 9, sabiendo que no necesitaba luchar, ya que el podio le val\u00eda. Leclerc intentaba ponerle en aprietos en las primeras vueltas, pero poco a poco el brit\u00e1nico pon\u00eda distancia entre ambos. La carrera se estabilizaba hasta la <strong>primera parada, que Lando adelantaba para pasar a una estrategia de dos paradas<\/strong> y defenderse de Russell y Leclerc. <strong>Verstappen se manten\u00eda a una, marcado adem\u00e1s por un Piastri que usaba el duro e imped\u00eda con ello a Verstappen ralentizar la marcha y comprometer a Norris.<\/strong> Gran jugada de McLaren, que con Piastri pon\u00eda en jaque las opciones de ganar el t\u00edtulo del piloto de Red Bull.<\/p>\n\n\n\n<figure class=\"wp-block-embed is-type-rich is-provider-twitter wp-block-embed-twitter\"><div class=\"wp-block-embed__wrapper\">\n<blockquote class=\"twitter-tweet\" data-width=\"550\" data-dnt=\"true\"><p lang=\"es\" dir=\"ltr\">PIASTRI NO QUIERE SER UN GREGARIO. QUIERE EL MUNDIAL. VAYA EXTERIOR A NORRIS \ud83c\udde6\ud83c\uddfa\ud83d\udd25<a href=\"https:\/\/twitter.com\/hashtag\/AbuDabiDAZNF1?src=hash&amp;ref_src=twsrc%5Etfw\">#AbuDabiDAZNF1<\/a> \ud83c\udde6\ud83c\uddea <a href=\"https:\/\/t.co\/nhiPwYuLUu\">pic.twitter.com\/nhiPwYuLUu<\/a><\/p>&mdash; DAZN Espa\u00f1a (@DAZN_ES) <a href=\"https:\/\/twitter.com\/DAZN_ES\/status\/1997655568694104394?ref_src=twsrc%5Etfw\">December 7, 2025<\/a><\/blockquote><script async src=\"https:\/\/platform.twitter.com\/widgets.js\" charset=\"utf-8\"><\/script>\n<\/div><\/figure>\n\n\n\n<h3 class=\"wp-block-heading\">Lando Norris resiste a la presi\u00f3n<\/h3>\n\n\n\n<p>Poco m\u00e1s que destacar de una carrera muy estable, m\u00e1s all\u00e1 de la <strong>gran sexta posici\u00f3n de Fernando Alonso.<\/strong> El asturiano manten\u00eda su <a href=\"https:\/\/www.km77.com\/revista\/deporte\/f1\/max-verstappen-da-el-primer-golpe-en-la-clasificacion\/\">posici\u00f3n de salida<\/a> tras una gran carrera a la defensiva, consolidando su d\u00e9cima posici\u00f3n en el campeonato. El Aston Martin ha funcionado mejor en los dos \u00faltimos grandes premios, justo cuando Adrian Newey ha vuelto a los circuitos, as\u00ed que puede que no sea casualidad.<\/p>\n\n\n\n<p>Verstappen entend\u00eda que no pod\u00eda ralentizar a Norris por la amenaza de Piastri, por lo que se lanzaba a la victoria a la espera de un milagro que no llegaba.<strong> Incre\u00edble temporada del neerland\u00e9s, que hace ocho carreras estaba a m\u00e1s de cien puntos del l\u00edder y termina a solo dos. <\/strong>Vuelve a demostrar Max que muchas veces el mejor piloto no gana el campeonato, porque esto es una competici\u00f3n de coches. Finaliza<strong> tercero Oscar Piastri<\/strong>, claramente de m\u00e1s a menos en la temporada. El australiano ha demostrado buenas cosas este a\u00f1o, pero deber\u00e1 mejorar su consistencia para luchar por m\u00e1s en pr\u00f3ximos campeonatos.<\/p>\n\n\n\n<figure class=\"wp-block-embed is-type-rich is-provider-twitter wp-block-embed-twitter\"><div class=\"wp-block-embed__wrapper\">\n<blockquote class=\"twitter-tweet\" data-width=\"550\" data-dnt=\"true\"><p lang=\"es\" dir=\"ltr\">L\u00c1GRIMAS DE EMOCI\u00d3N. L\u00c1GRIMAS POR CUMPLIR EL SUE\u00d1O DE UNA VIDA. LANDO NORRIS ES EL NUEVO CAMPE\u00d3N DEL MUNDO \ud83d\udc4f\ud83d\udc4f<a href=\"https:\/\/twitter.com\/hashtag\/AbuDabiDAZNF1?src=hash&amp;ref_src=twsrc%5Etfw\">#AbuDabiDAZNF1<\/a> \ud83c\udde6\ud83c\uddea <a href=\"https:\/\/t.co\/1wqRALIBiW\">pic.twitter.com\/1wqRALIBiW<\/a><\/p>&mdash; DAZN Espa\u00f1a (@DAZN_ES) <a href=\"https:\/\/twitter.com\/DAZN_ES\/status\/1997677353028276403?ref_src=twsrc%5Etfw\">December 7, 2025<\/a><\/blockquote><script async src=\"https:\/\/platform.twitter.com\/widgets.js\" charset=\"utf-8\"><\/script>\n<\/div><\/figure>\n\n\n\n<p>Todos los honores para Lando Norris, que se proclama campe\u00f3n del mundo en Abu Dhabi. <strong>Tras las cr\u00edticas, las dudas sobre s\u00ed mismo y sus errores en 2024, el brit\u00e1nico ha conseguido aprovechar el mejor coche para ganar el t\u00edtulo. <\/strong>Mucho m\u00e9rito su renacimiento tras el <a href=\"https:\/\/www.km77.com\/revista\/deporte\/f1\/la-lucha-por-el-titulo-se-enfria-tras-la-averia-de-lando-norris\/\">cero de Zandvoort <\/a>que le alejaba del t\u00edtulo, pero Lando finalmente ha demostrado que ten\u00eda el ritmo y la cabeza para ser campe\u00f3n. Muy emotivas las im\u00e1genes del final, con el gran triunfador llorando y hablando sobre su familia y equipo. Ahora toca celebrar, pero en poco llega ya <a href=\"https:\/\/www.km77.com\/revista\/deporte\/f1\/confirmada-la-parrilla-completa-de-pilotos-de-formula-1-en-2026\/\">2026 lleno de cambios.<\/a><\/p>\n\n\n\n<figure class=\"wp-block-table is-style-stripes\"><table class=\"has-fixed-layout\"><tbody><tr><td class=\"has-text-align-center\" data-align=\"center\"><strong>Piloto<\/strong><\/td><td class=\"has-text-align-center\" data-align=\"center\"><strong>Escuder\u00eda<\/strong><\/td><td class=\"has-text-align-center\" data-align=\"center\"><strong>Puntos<\/strong><\/td><\/tr><tr><td class=\"has-text-align-center\" data-align=\"center\">Lando Norris<\/td><td class=\"has-text-align-center\" data-align=\"center\"><mark style=\"background-color:#f47600\" class=\"has-inline-color\">McLaren<\/mark><\/td><td class=\"has-text-align-center\" data-align=\"center\">423<\/td><\/tr><tr><td class=\"has-text-align-center\" data-align=\"center\">Max Verstappen<\/td><td class=\"has-text-align-center\" data-align=\"center\"><mark style=\"background-color:#000b8d\" class=\"has-inline-color has-white-color\">Red Bull Racing<\/mark><\/td><td class=\"has-text-align-center\" data-align=\"center\">421<\/td><\/tr><tr><td class=\"has-text-align-center\" data-align=\"center\">Oscar Piastri<\/td><td class=\"has-text-align-center\" data-align=\"center\"><mark style=\"background-color:#f47600\" class=\"has-inline-color\">McLaren<\/mark><\/td><td class=\"has-text-align-center\" data-align=\"center\">410<\/td><\/tr><tr><td class=\"has-text-align-center\" data-align=\"center\">George Russell<\/td><td class=\"has-text-align-center\" data-align=\"center\"><mark style=\"background-color:#00d7b6\" class=\"has-inline-color\">Mercedes<\/mark><\/td><td class=\"has-text-align-center\" data-align=\"center\">319<\/td><\/tr><tr><td class=\"has-text-align-center\" data-align=\"center\">Charles Leclerc<\/td><td class=\"has-text-align-center\" data-align=\"center\"><mark style=\"background-color:#ed1131\" class=\"has-inline-color has-white-color\">Ferrari<\/mark><\/td><td class=\"has-text-align-center\" data-align=\"center\">242<\/td><\/tr><tr><td class=\"has-text-align-center\" data-align=\"center\">Lewis Hamilton<\/td><td class=\"has-text-align-center\" data-align=\"center\"><mark style=\"background-color:#ed1131\" class=\"has-inline-color has-white-color\">Ferrari<\/mark><\/td><td class=\"has-text-align-center\" data-align=\"center\">156<\/td><\/tr><tr><td class=\"has-text-align-center\" data-align=\"center\">Kimi Antonelli<\/td><td class=\"has-text-align-center\" data-align=\"center\"><mark style=\"background-color:#00d7b6\" class=\"has-inline-color\">Mercedes<\/mark><\/td><td class=\"has-text-align-center\" data-align=\"center\">150<\/td><\/tr><tr><td class=\"has-text-align-center\" data-align=\"center\">Alexander Albon<\/td><td class=\"has-text-align-center\" data-align=\"center\"><mark style=\"background-color:#0066ca\" class=\"has-inline-color has-white-color\">Williams<\/mark><\/td><td class=\"has-text-align-center\" data-align=\"center\">73<\/td><\/tr><tr><td class=\"has-text-align-center\" data-align=\"center\">Carlos Sainz<\/td><td class=\"has-text-align-center\" data-align=\"center\"><mark style=\"background-color:#0066ca\" class=\"has-inline-color has-white-color\">Williams<\/mark><\/td><td class=\"has-text-align-center\" data-align=\"center\">64<\/td><\/tr><tr><td class=\"has-text-align-center\" data-align=\"center\">Fernando Alonso<\/td><td class=\"has-text-align-center\" data-align=\"center\"><mark style=\"background-color:#229971\" class=\"has-inline-color has-white-color\">Aston Martin<\/mark><\/td><td class=\"has-text-align-center\" data-align=\"center\">56<\/td><\/tr><tr><td class=\"has-text-align-center\" data-align=\"center\">Nico H\u00fclkenberg<\/td><td class=\"has-text-align-center\" data-align=\"center\"><mark style=\"background-color:#52e252\" class=\"has-inline-color\">Kick Sauber<\/mark><\/td><td class=\"has-text-align-center\" data-align=\"center\">51<\/td><\/tr><tr><td class=\"has-text-align-center\" data-align=\"center\">Isack Hadjar<\/td><td class=\"has-text-align-center\" data-align=\"center\"><mark style=\"background-color:#6c98ff\" class=\"has-inline-color has-white-color\">Racing Bulls<\/mark><\/td><td class=\"has-text-align-center\" data-align=\"center\">51<\/td><\/tr><tr><td class=\"has-text-align-center\" data-align=\"center\">Oliver Bearman<\/td><td class=\"has-text-align-center\" data-align=\"center\"><mark style=\"background-color:#b6babd\" class=\"has-inline-color\">Haas<\/mark><\/td><td class=\"has-text-align-center\" data-align=\"center\">41<\/td><\/tr><tr><td class=\"has-text-align-center\" data-align=\"center\">Liam Lawson<\/td><td class=\"has-text-align-center\" data-align=\"center\"><mark style=\"background-color:#6c98ff\" class=\"has-inline-color has-white-color\">Racing Bulls<\/mark><\/td><td class=\"has-text-align-center\" data-align=\"center\">38<\/td><\/tr><tr><td class=\"has-text-align-center\" data-align=\"center\">Esteban Ocon<\/td><td class=\"has-text-align-center\" data-align=\"center\"><mark style=\"background-color:#b6babd\" class=\"has-inline-color\">Haas<\/mark><\/td><td class=\"has-text-align-center\" data-align=\"center\">38<\/td><\/tr><tr><td class=\"has-text-align-center\" data-align=\"center\">Lance Stroll<\/td><td class=\"has-text-align-center\" data-align=\"center\"><mark style=\"background-color:#229971\" class=\"has-inline-color has-white-color\">Aston Martin<\/mark><\/td><td class=\"has-text-align-center\" data-align=\"center\">33<\/td><\/tr><tr><td class=\"has-text-align-center\" data-align=\"center\">Yuki Tsunoda<\/td><td class=\"has-text-align-center\" data-align=\"center\"><mark style=\"background-color:#000b8d\" class=\"has-inline-color has-white-color\">Red Bull Racing<\/mark><\/td><td class=\"has-text-align-center\" data-align=\"center\">33<\/td><\/tr><tr><td class=\"has-text-align-center\" data-align=\"center\">Pierre Gasly<\/td><td class=\"has-text-align-center\" data-align=\"center\"><mark style=\"background-color:#00a1e8\" class=\"has-inline-color has-white-color\">Alpine<\/mark><\/td><td class=\"has-text-align-center\" data-align=\"center\">22<\/td><\/tr><tr><td class=\"has-text-align-center\" data-align=\"center\">Gabriel Bortoleto<\/td><td class=\"has-text-align-center\" data-align=\"center\"><mark style=\"background-color:#52e252\" class=\"has-inline-color\">Kick Sauber<\/mark><\/td><td class=\"has-text-align-center\" data-align=\"center\">19<\/td><\/tr><tr><td class=\"has-text-align-center\" data-align=\"center\">Franco Colapinto<\/td><td class=\"has-text-align-center\" data-align=\"center\"><mark style=\"background-color:#00a1e8\" class=\"has-inline-color has-white-color\">Alpine<\/mark><\/td><td class=\"has-text-align-center\" data-align=\"center\">0<\/td><\/tr><tr><td class=\"has-text-align-center\" data-align=\"center\">Jack Doohan<\/td><td class=\"has-text-align-center\" data-align=\"center\"><mark style=\"background-color:#00a1e8\" class=\"has-inline-color has-white-color\">Alpine<\/mark><\/td><td class=\"has-text-align-center\" data-align=\"center\">0<\/td><\/tr><\/tbody><\/table><\/figure>\n","protected":false},"excerpt":{"rendered":"<p>Lando Norris acaba tercero y certifica el t\u00edtulo pese a la victoria de Verstappen Era el gran favorito y finalmente ya lo tiene. Lando Norris es oficialmente el campe\u00f3n del mundo de pilotos n\u00famero 35 de la historia, el und\u00e9cimo brit\u00e1nico. Lo ha conseguido en una carrera plana, donde la tensi\u00f3n exist\u00eda pero McLaren ten\u00eda [&hellip;]<\/p>\n","protected":false},"author":91,"featured_media":65150,"comment_status":"open","ping_status":"closed","sticky":false,"template":"","format":"standard","meta":{"_et_pb_use_builder":"off","_et_pb_old_content":"","_et_gb_content_width":"","footnotes":""},"categories":[13613],"tags":[4654,1311,9582,1993,13830],"class_list":["post-65148","post","type-post","status-publish","format-standard","has-post-thumbnail","hentry","category-f1","tag-carrera","tag-formula-1","tag-gran-premio","tag-mclaren","tag-norris"],"yoast_head":"<!-- This site is optimized with the Yoast SEO plugin v27.5 - https:\/\/yoast.com\/product\/yoast-seo-wordpress\/ -->\n<title>Lando Norris, campe\u00f3n del mundo de F\u00f3rmula 1 de 2025<\/title>\n<meta name=\"description\" content=\"Lando Norris certifica su favoritismo y se proclama campe\u00f3n del mundo de F\u00f3rmula 1 por primera vez en su vida\" \/>\n<meta name=\"robots\" content=\"index, follow, max-snippet:-1, max-image-preview:large, max-video-preview:-1\" \/>\n<link rel=\"canonical\" href=\"https:\/\/www.km77.com\/revista\/deporte\/f1\/lando-norris-campeon-del-mundo-de-formula-1-de-2025\/\" \/>\n<meta property=\"og:locale\" content=\"es_ES\" \/>\n<meta property=\"og:type\" content=\"article\" \/>\n<meta property=\"og:title\" content=\"Lando Norris, campe\u00f3n del mundo de F\u00f3rmula 1 de 2025\" \/>\n<meta property=\"og:description\" content=\"Lando Norris certifica su favoritismo y se proclama campe\u00f3n del mundo de F\u00f3rmula 1 por primera vez en su vida\" \/>\n<meta property=\"og:url\" content=\"https:\/\/www.km77.com\/revista\/deporte\/f1\/lando-norris-campeon-del-mundo-de-formula-1-de-2025\/\" \/>\n<meta property=\"og:site_name\" content=\"Revista km77\" \/>\n<meta property=\"article:published_time\" content=\"2025-12-07T15:55:33+00:00\" \/>\n<meta property=\"article:modified_time\" content=\"2025-12-07T15:55:36+00:00\" \/>\n<meta property=\"og:image\" content=\"https:\/\/www.km77.com\/revista\/wp-content\/uploads\/2025\/12\/Lando-Norris-campeon-del-mundo-de-Formula-1-scaled.jpg\" \/>\n\t<meta property=\"og:image:width\" content=\"2560\" \/>\n\t<meta property=\"og:image:height\" content=\"1706\" \/>\n\t<meta property=\"og:image:type\" content=\"image\/jpeg\" \/>\n<meta name=\"author\" content=\"Daniel Gonzalez\" \/>\n<meta name=\"twitter:card\" content=\"summary_large_image\" \/>\n<meta name=\"twitter:label1\" content=\"Escrito por\" \/>\n\t<meta name=\"twitter:data1\" content=\"Daniel Gonzalez\" \/>\n\t<meta name=\"twitter:label2\" content=\"Tiempo de lectura\" \/>\n\t<meta name=\"twitter:data2\" content=\"4 minutos\" \/>\n<script type=\"application\/ld+json\" class=\"yoast-schema-graph\">{\"@context\":\"https:\\\/\\\/schema.org\",\"@graph\":[{\"@type\":\"Article\",\"@id\":\"https:\\\/\\\/www.km77.com\\\/revista\\\/deporte\\\/f1\\\/lando-norris-campeon-del-mundo-de-formula-1-de-2025\\\/#article\",\"isPartOf\":{\"@id\":\"https:\\\/\\\/www.km77.com\\\/revista\\\/deporte\\\/f1\\\/lando-norris-campeon-del-mundo-de-formula-1-de-2025\\\/\"},\"author\":{\"name\":\"Daniel Gonzalez\",\"@id\":\"https:\\\/\\\/www.km77.com\\\/revista\\\/#\\\/schema\\\/person\\\/31de1565be120209b9c2c6a3c65ca1a7\"},\"headline\":\"Lando Norris, campe\u00f3n del mundo de F\u00f3rmula 1 de 2025\",\"datePublished\":\"2025-12-07T15:55:33+00:00\",\"dateModified\":\"2025-12-07T15:55:36+00:00\",\"mainEntityOfPage\":{\"@id\":\"https:\\\/\\\/www.km77.com\\\/revista\\\/deporte\\\/f1\\\/lando-norris-campeon-del-mundo-de-formula-1-de-2025\\\/\"},\"wordCount\":788,\"commentCount\":3,\"publisher\":{\"@id\":\"https:\\\/\\\/www.km77.com\\\/revista\\\/#organization\"},\"image\":{\"@id\":\"https:\\\/\\\/www.km77.com\\\/revista\\\/deporte\\\/f1\\\/lando-norris-campeon-del-mundo-de-formula-1-de-2025\\\/#primaryimage\"},\"thumbnailUrl\":\"https:\\\/\\\/www.km77.com\\\/revista\\\/wp-content\\\/uploads\\\/2025\\\/12\\\/Lando-Norris-campeon-del-mundo-de-Formula-1-scaled.jpg\",\"keywords\":[\"carrera\",\"Formula 1\",\"Gran Premio\",\"McLaren\",\"Norris\"],\"articleSection\":[\"Formula1\"],\"inLanguage\":\"es\",\"potentialAction\":[{\"@type\":\"CommentAction\",\"name\":\"Comment\",\"target\":[\"https:\\\/\\\/www.km77.com\\\/revista\\\/deporte\\\/f1\\\/lando-norris-campeon-del-mundo-de-formula-1-de-2025\\\/#respond\"]}]},{\"@type\":\"WebPage\",\"@id\":\"https:\\\/\\\/www.km77.com\\\/revista\\\/deporte\\\/f1\\\/lando-norris-campeon-del-mundo-de-formula-1-de-2025\\\/\",\"url\":\"https:\\\/\\\/www.km77.com\\\/revista\\\/deporte\\\/f1\\\/lando-norris-campeon-del-mundo-de-formula-1-de-2025\\\/\",\"name\":\"Lando Norris, campe\u00f3n del mundo de F\u00f3rmula 1 de 2025\",\"isPartOf\":{\"@id\":\"https:\\\/\\\/www.km77.com\\\/revista\\\/#website\"},\"primaryImageOfPage\":{\"@id\":\"https:\\\/\\\/www.km77.com\\\/revista\\\/deporte\\\/f1\\\/lando-norris-campeon-del-mundo-de-formula-1-de-2025\\\/#primaryimage\"},\"image\":{\"@id\":\"https:\\\/\\\/www.km77.com\\\/revista\\\/deporte\\\/f1\\\/lando-norris-campeon-del-mundo-de-formula-1-de-2025\\\/#primaryimage\"},\"thumbnailUrl\":\"https:\\\/\\\/www.km77.com\\\/revista\\\/wp-content\\\/uploads\\\/2025\\\/12\\\/Lando-Norris-campeon-del-mundo-de-Formula-1-scaled.jpg\",\"datePublished\":\"2025-12-07T15:55:33+00:00\",\"dateModified\":\"2025-12-07T15:55:36+00:00\",\"description\":\"Lando Norris certifica su favoritismo y se proclama campe\u00f3n del mundo de F\u00f3rmula 1 por primera vez en su vida\",\"breadcrumb\":{\"@id\":\"https:\\\/\\\/www.km77.com\\\/revista\\\/deporte\\\/f1\\\/lando-norris-campeon-del-mundo-de-formula-1-de-2025\\\/#breadcrumb\"},\"inLanguage\":\"es\",\"potentialAction\":[{\"@type\":\"ReadAction\",\"target\":[\"https:\\\/\\\/www.km77.com\\\/revista\\\/deporte\\\/f1\\\/lando-norris-campeon-del-mundo-de-formula-1-de-2025\\\/\"]}]},{\"@type\":\"ImageObject\",\"inLanguage\":\"es\",\"@id\":\"https:\\\/\\\/www.km77.com\\\/revista\\\/deporte\\\/f1\\\/lando-norris-campeon-del-mundo-de-formula-1-de-2025\\\/#primaryimage\",\"url\":\"https:\\\/\\\/www.km77.com\\\/revista\\\/wp-content\\\/uploads\\\/2025\\\/12\\\/Lando-Norris-campeon-del-mundo-de-Formula-1-scaled.jpg\",\"contentUrl\":\"https:\\\/\\\/www.km77.com\\\/revista\\\/wp-content\\\/uploads\\\/2025\\\/12\\\/Lando-Norris-campeon-del-mundo-de-Formula-1-scaled.jpg\",\"width\":2560,\"height\":1706,\"caption\":\"Lando Norris, campe\u00f3n del mundo de F\u00f3rmula 1\"},{\"@type\":\"BreadcrumbList\",\"@id\":\"https:\\\/\\\/www.km77.com\\\/revista\\\/deporte\\\/f1\\\/lando-norris-campeon-del-mundo-de-formula-1-de-2025\\\/#breadcrumb\",\"itemListElement\":[{\"@type\":\"ListItem\",\"position\":1,\"name\":\"Revista km77\",\"item\":\"https:\\\/\\\/www.km77.com\\\/revista\\\/\"},{\"@type\":\"ListItem\",\"position\":2,\"name\":\"Deporte\",\"item\":\"https:\\\/\\\/www.km77.com\\\/revista\\\/deporte\\\/\"},{\"@type\":\"ListItem\",\"position\":3,\"name\":\"Formula1\",\"item\":\"https:\\\/\\\/www.km77.com\\\/revista\\\/deporte\\\/f1\\\/\"},{\"@type\":\"ListItem\",\"position\":4,\"name\":\"Lando Norris, campe\u00f3n del mundo de F\u00f3rmula 1 de 2025\"}]},{\"@type\":\"WebSite\",\"@id\":\"https:\\\/\\\/www.km77.com\\\/revista\\\/#website\",\"url\":\"https:\\\/\\\/www.km77.com\\\/revista\\\/\",\"name\":\"Revista km77\",\"description\":\"Revista de km77\",\"publisher\":{\"@id\":\"https:\\\/\\\/www.km77.com\\\/revista\\\/#organization\"},\"potentialAction\":[{\"@type\":\"SearchAction\",\"target\":{\"@type\":\"EntryPoint\",\"urlTemplate\":\"https:\\\/\\\/www.km77.com\\\/revista\\\/?s={search_term_string}\"},\"query-input\":{\"@type\":\"PropertyValueSpecification\",\"valueRequired\":true,\"valueName\":\"search_term_string\"}}],\"inLanguage\":\"es\"},{\"@type\":\"Organization\",\"@id\":\"https:\\\/\\\/www.km77.com\\\/revista\\\/#organization\",\"name\":\"KM77\",\"url\":\"https:\\\/\\\/www.km77.com\\\/revista\\\/\",\"logo\":{\"@type\":\"ImageObject\",\"inLanguage\":\"es\",\"@id\":\"https:\\\/\\\/www.km77.com\\\/revista\\\/#\\\/schema\\\/logo\\\/image\\\/\",\"url\":\"https:\\\/\\\/www.km77.com\\\/revista\\\/wp-content\\\/uploads\\\/2021\\\/02\\\/logo-km77.png\",\"contentUrl\":\"https:\\\/\\\/www.km77.com\\\/revista\\\/wp-content\\\/uploads\\\/2021\\\/02\\\/logo-km77.png\",\"width\":100,\"height\":34,\"caption\":\"KM77\"},\"image\":{\"@id\":\"https:\\\/\\\/www.km77.com\\\/revista\\\/#\\\/schema\\\/logo\\\/image\\\/\"}},{\"@type\":\"Person\",\"@id\":\"https:\\\/\\\/www.km77.com\\\/revista\\\/#\\\/schema\\\/person\\\/31de1565be120209b9c2c6a3c65ca1a7\",\"name\":\"Daniel Gonzalez\",\"image\":{\"@type\":\"ImageObject\",\"inLanguage\":\"es\",\"@id\":\"https:\\\/\\\/secure.gravatar.com\\\/avatar\\\/183c6d686523c66f4e69c391b596d6370925ed4f1e2b42aa377fc589a4aa5035?s=96&d=mm&r=g\",\"url\":\"https:\\\/\\\/secure.gravatar.com\\\/avatar\\\/183c6d686523c66f4e69c391b596d6370925ed4f1e2b42aa377fc589a4aa5035?s=96&d=mm&r=g\",\"contentUrl\":\"https:\\\/\\\/secure.gravatar.com\\\/avatar\\\/183c6d686523c66f4e69c391b596d6370925ed4f1e2b42aa377fc589a4aa5035?s=96&d=mm&r=g\",\"caption\":\"Daniel Gonzalez\"},\"url\":\"https:\\\/\\\/www.km77.com\\\/revista\\\/author\\\/daniel-gonzalez\\\/\"}]}<\/script>\n<!-- \/ Yoast SEO plugin. -->","yoast_head_json":{"title":"Lando Norris, campe\u00f3n del mundo de F\u00f3rmula 1 de 2025","description":"Lando Norris certifica su favoritismo y se proclama campe\u00f3n del mundo de F\u00f3rmula 1 por primera vez en su vida","robots":{"index":"index","follow":"follow","max-snippet":"max-snippet:-1","max-image-preview":"max-image-preview:large","max-video-preview":"max-video-preview:-1"},"canonical":"https:\/\/www.km77.com\/revista\/deporte\/f1\/lando-norris-campeon-del-mundo-de-formula-1-de-2025\/","og_locale":"es_ES","og_type":"article","og_title":"Lando Norris, campe\u00f3n del mundo de F\u00f3rmula 1 de 2025","og_description":"Lando Norris certifica su favoritismo y se proclama campe\u00f3n del mundo de F\u00f3rmula 1 por primera vez en su vida","og_url":"https:\/\/www.km77.com\/revista\/deporte\/f1\/lando-norris-campeon-del-mundo-de-formula-1-de-2025\/","og_site_name":"Revista km77","article_published_time":"2025-12-07T15:55:33+00:00","article_modified_time":"2025-12-07T15:55:36+00:00","og_image":[{"width":2560,"height":1706,"url":"https:\/\/www.km77.com\/revista\/wp-content\/uploads\/2025\/12\/Lando-Norris-campeon-del-mundo-de-Formula-1-scaled.jpg","type":"image\/jpeg"}],"author":"Daniel Gonzalez","twitter_card":"summary_large_image","twitter_misc":{"Escrito por":"Daniel Gonzalez","Tiempo de lectura":"4 minutos"},"schema":{"@context":"https:\/\/schema.org","@graph":[{"@type":"Article","@id":"https:\/\/www.km77.com\/revista\/deporte\/f1\/lando-norris-campeon-del-mundo-de-formula-1-de-2025\/#article","isPartOf":{"@id":"https:\/\/www.km77.com\/revista\/deporte\/f1\/lando-norris-campeon-del-mundo-de-formula-1-de-2025\/"},"author":{"name":"Daniel Gonzalez","@id":"https:\/\/www.km77.com\/revista\/#\/schema\/person\/31de1565be120209b9c2c6a3c65ca1a7"},"headline":"Lando Norris, campe\u00f3n del mundo de F\u00f3rmula 1 de 2025","datePublished":"2025-12-07T15:55:33+00:00","dateModified":"2025-12-07T15:55:36+00:00","mainEntityOfPage":{"@id":"https:\/\/www.km77.com\/revista\/deporte\/f1\/lando-norris-campeon-del-mundo-de-formula-1-de-2025\/"},"wordCount":788,"commentCount":3,"publisher":{"@id":"https:\/\/www.km77.com\/revista\/#organization"},"image":{"@id":"https:\/\/www.km77.com\/revista\/deporte\/f1\/lando-norris-campeon-del-mundo-de-formula-1-de-2025\/#primaryimage"},"thumbnailUrl":"https:\/\/www.km77.com\/revista\/wp-content\/uploads\/2025\/12\/Lando-Norris-campeon-del-mundo-de-Formula-1-scaled.jpg","keywords":["carrera","Formula 1","Gran Premio","McLaren","Norris"],"articleSection":["Formula1"],"inLanguage":"es","potentialAction":[{"@type":"CommentAction","name":"Comment","target":["https:\/\/www.km77.com\/revista\/deporte\/f1\/lando-norris-campeon-del-mundo-de-formula-1-de-2025\/#respond"]}]},{"@type":"WebPage","@id":"https:\/\/www.km77.com\/revista\/deporte\/f1\/lando-norris-campeon-del-mundo-de-formula-1-de-2025\/","url":"https:\/\/www.km77.com\/revista\/deporte\/f1\/lando-norris-campeon-del-mundo-de-formula-1-de-2025\/","name":"Lando Norris, campe\u00f3n del mundo de F\u00f3rmula 1 de 2025","isPartOf":{"@id":"https:\/\/www.km77.com\/revista\/#website"},"primaryImageOfPage":{"@id":"https:\/\/www.km77.com\/revista\/deporte\/f1\/lando-norris-campeon-del-mundo-de-formula-1-de-2025\/#primaryimage"},"image":{"@id":"https:\/\/www.km77.com\/revista\/deporte\/f1\/lando-norris-campeon-del-mundo-de-formula-1-de-2025\/#primaryimage"},"thumbnailUrl":"https:\/\/www.km77.com\/revista\/wp-content\/uploads\/2025\/12\/Lando-Norris-campeon-del-mundo-de-Formula-1-scaled.jpg","datePublished":"2025-12-07T15:55:33+00:00","dateModified":"2025-12-07T15:55:36+00:00","description":"Lando Norris certifica su favoritismo y se proclama campe\u00f3n del mundo de F\u00f3rmula 1 por primera vez en su vida","breadcrumb":{"@id":"https:\/\/www.km77.com\/revista\/deporte\/f1\/lando-norris-campeon-del-mundo-de-formula-1-de-2025\/#breadcrumb"},"inLanguage":"es","potentialAction":[{"@type":"ReadAction","target":["https:\/\/www.km77.com\/revista\/deporte\/f1\/lando-norris-campeon-del-mundo-de-formula-1-de-2025\/"]}]},{"@type":"ImageObject","inLanguage":"es","@id":"https:\/\/www.km77.com\/revista\/deporte\/f1\/lando-norris-campeon-del-mundo-de-formula-1-de-2025\/#primaryimage","url":"https:\/\/www.km77.com\/revista\/wp-content\/uploads\/2025\/12\/Lando-Norris-campeon-del-mundo-de-Formula-1-scaled.jpg","contentUrl":"https:\/\/www.km77.com\/revista\/wp-content\/uploads\/2025\/12\/Lando-Norris-campeon-del-mundo-de-Formula-1-scaled.jpg","width":2560,"height":1706,"caption":"Lando Norris, campe\u00f3n del mundo de F\u00f3rmula 1"},{"@type":"BreadcrumbList","@id":"https:\/\/www.km77.com\/revista\/deporte\/f1\/lando-norris-campeon-del-mundo-de-formula-1-de-2025\/#breadcrumb","itemListElement":[{"@type":"ListItem","position":1,"name":"Revista km77","item":"https:\/\/www.km77.com\/revista\/"},{"@type":"ListItem","position":2,"name":"Deporte","item":"https:\/\/www.km77.com\/revista\/deporte\/"},{"@type":"ListItem","position":3,"name":"Formula1","item":"https:\/\/www.km77.com\/revista\/deporte\/f1\/"},{"@type":"ListItem","position":4,"name":"Lando Norris, campe\u00f3n del mundo de F\u00f3rmula 1 de 2025"}]},{"@type":"WebSite","@id":"https:\/\/www.km77.com\/revista\/#website","url":"https:\/\/www.km77.com\/revista\/","name":"Revista km77","description":"Revista de km77","publisher":{"@id":"https:\/\/www.km77.com\/revista\/#organization"},"potentialAction":[{"@type":"SearchAction","target":{"@type":"EntryPoint","urlTemplate":"https:\/\/www.km77.com\/revista\/?s={search_term_string}"},"query-input":{"@type":"PropertyValueSpecification","valueRequired":true,"valueName":"search_term_string"}}],"inLanguage":"es"},{"@type":"Organization","@id":"https:\/\/www.km77.com\/revista\/#organization","name":"KM77","url":"https:\/\/www.km77.com\/revista\/","logo":{"@type":"ImageObject","inLanguage":"es","@id":"https:\/\/www.km77.com\/revista\/#\/schema\/logo\/image\/","url":"https:\/\/www.km77.com\/revista\/wp-content\/uploads\/2021\/02\/logo-km77.png","contentUrl":"https:\/\/www.km77.com\/revista\/wp-content\/uploads\/2021\/02\/logo-km77.png","width":100,"height":34,"caption":"KM77"},"image":{"@id":"https:\/\/www.km77.com\/revista\/#\/schema\/logo\/image\/"}},{"@type":"Person","@id":"https:\/\/www.km77.com\/revista\/#\/schema\/person\/31de1565be120209b9c2c6a3c65ca1a7","name":"Daniel Gonzalez","image":{"@type":"ImageObject","inLanguage":"es","@id":"https:\/\/secure.gravatar.com\/avatar\/183c6d686523c66f4e69c391b596d6370925ed4f1e2b42aa377fc589a4aa5035?s=96&d=mm&r=g","url":"https:\/\/secure.gravatar.com\/avatar\/183c6d686523c66f4e69c391b596d6370925ed4f1e2b42aa377fc589a4aa5035?s=96&d=mm&r=g","contentUrl":"https:\/\/secure.gravatar.com\/avatar\/183c6d686523c66f4e69c391b596d6370925ed4f1e2b42aa377fc589a4aa5035?s=96&d=mm&r=g","caption":"Daniel Gonzalez"},"url":"https:\/\/www.km77.com\/revista\/author\/daniel-gonzalez\/"}]}},"amp_enabled":true,"_links":{"self":[{"href":"https:\/\/www.km77.com\/revista\/wp-json\/wp\/v2\/posts\/65148","targetHints":{"allow":["GET"]}}],"collection":[{"href":"https:\/\/www.km77.com\/revista\/wp-json\/wp\/v2\/posts"}],"about":[{"href":"https:\/\/www.km77.com\/revista\/wp-json\/wp\/v2\/types\/post"}],"author":[{"embeddable":true,"href":"https:\/\/www.km77.com\/revista\/wp-json\/wp\/v2\/users\/91"}],"replies":[{"embeddable":true,"href":"https:\/\/www.km77.com\/revista\/wp-json\/wp\/v2\/comments?post=65148"}],"version-history":[{"count":1,"href":"https:\/\/www.km77.com\/revista\/wp-json\/wp\/v2\/posts\/65148\/revisions"}],"predecessor-version":[{"id":65152,"href":"https:\/\/www.km77.com\/revista\/wp-json\/wp\/v2\/posts\/65148\/revisions\/65152"}],"wp:featuredmedia":[{"embeddable":true,"href":"https:\/\/www.km77.com\/revista\/wp-json\/wp\/v2\/media\/65150"}],"wp:attachment":[{"href":"https:\/\/www.km77.com\/revista\/wp-json\/wp\/v2\/media?parent=65148"}],"wp:term":[{"taxonomy":"category","embeddable":true,"href":"https:\/\/www.km77.com\/revista\/wp-json\/wp\/v2\/categories?post=65148"},{"taxonomy":"post_tag","embeddable":true,"href":"https:\/\/www.km77.com\/revista\/wp-json\/wp\/v2\/tags?post=65148"}],"curies":[{"name":"wp","href":"https:\/\/api.w.org\/{rel}","templated":true}]}}