{"id":60052,"date":"2025-04-19T22:29:29","date_gmt":"2025-04-19T20:29:29","guid":{"rendered":"https:\/\/www.km77.com\/revista\/?p=60052"},"modified":"2025-04-19T22:33:53","modified_gmt":"2025-04-19T20:33:53","slug":"f1-arabia-saudi-2025-parrilla-de-salida","status":"publish","type":"post","link":"https:\/\/www.km77.com\/revista\/deporte\/f1-arabia-saudi-2025-parrilla-de-salida\/","title":{"rendered":"F1. Arabia Saud\u00ed 2025. Parrilla de salida"},"content":{"rendered":"\n<p><strong>Max Verstappen<\/strong> (Red Bull) ha dado la sorpresa en el circuito de Yeda y ha marcado el mejor tiempo por delante de <strong>Oscar Piastri<\/strong> (McLaren) que ha quedado a 10 mil\u00e9simas.<strong> Lando Norris<\/strong> (McLaren) ha accidentado su monoplaza en su primera vuelta de la \u00faltima sesi\u00f3n cronometrada por lo que no ha podido marcar tiempo en la Q3.<\/p>\n\n\n\n<p><strong>George Russell<\/strong> (Mercedes), saldr\u00e1 tercero de nuevo este fin de semana, por delante de <strong>Charles Leclerc<\/strong> (Ferrari) y su compa\u00f1ero de equipo <strong>Kimi Antonelli<\/strong> (Mercedes). De esta forma, los cuatro primeros clasificados son pilotos de diferentes equipos y el primer equipo en repetir es Mercedes, al clasificarse tercero y quinto.<\/p>\n\n\n\n<h2 class=\"wp-block-heading\">Carlos Sainz, sexto<\/h2>\n\n\n\n<p>Excelente resultado de <strong>Carlos Sainz<\/strong> (Williams), que vuelve a clasificarse por delante de su compa\u00f1ero de equipo. <strong>Alexander Albon<\/strong> (Williams) ha quedado fuera de la Q3 por s\u00f3lo 7 mil\u00e9simas de segundo. Partir\u00e1 ma\u00f1ana desde la und\u00e9cima posici\u00f3n. Sainz se ha clasificado en sexta posici\u00f3n, su mejor resultado en Williams, tres d\u00e9cimas por detr\u00e1s del Mercedes de Kimi Antonelli.<br><br>Por detr\u00e1s de Carlos Sainz se ha colocado <strong>Lewis Hamilton<\/strong> (Ferrari), media d\u00e9cima de segundo m\u00e1s lento que el piloto espa\u00f1ol y pr\u00e1cticamente empatado con Yuki Tsunoda (Red Bull). En novena posici\u00f3n se ha situado Pierre Gasly (Alpine) ocupando una de las dos plazas libres que no se han adjudicado los cuatro primeros equipos del campeonato.<\/p>\n\n\n\n<p><strong>Fernando Alonso<\/strong> (Aston Martin), repite posici\u00f3n y saldr\u00e1 en decimotercer lugar.<\/p>\n\n\n\n<h2 class=\"wp-block-heading\">Parrilla de Salida<\/h2>\n\n\n\n<figure class=\"wp-block-table is-style-stripes\"><table class=\"has-fixed-layout\"><tbody><tr><td><\/td><td><\/td><td><\/td><\/tr><tr><td><strong>1\u00aa fila<\/strong><\/td><td>1.<strong>&nbsp;Max Verstappen<\/strong>&nbsp;1:27.294<br>Red Bull<\/td><td><\/td><\/tr><tr><td><\/td><td><\/td><td>2.&nbsp;<strong>Oscar Piastri<\/strong>&nbsp;1:27.304<br>McLaren<\/td><\/tr><tr><td><strong>2\u00aa fila<\/strong><\/td><td>3.&nbsp;<strong>George Russell&nbsp;<\/strong>1:27.407<br>Mercedes<\/td><td><\/td><\/tr><tr><td><\/td><td><\/td><td>4.&nbsp;<strong>Charles Leclerc<\/strong>&nbsp;1:27.670<br>Ferrari<\/td><\/tr><tr><td><strong>3\u00aa fila<\/strong><\/td><td>5.<strong>&nbsp;Kimi Antonelli&nbsp;<\/strong>1:27.866<br>Mercedes<\/td><td><\/td><\/tr><tr><td><\/td><td><\/td><td>6.&nbsp;<strong>Carlos Sainz<\/strong>&nbsp;1:28.164<br>Williams<\/td><\/tr><tr><td><strong>4\u00aa fila<\/strong><\/td><td>7.&nbsp;<strong>Lewis Hamilton<\/strong>&nbsp;1:28.201<br>Ferrari<\/td><td><\/td><\/tr><tr><td><\/td><td><\/td><td>8.&nbsp;<strong>Yuki Tsunoda<\/strong>&nbsp;1:28.204<br>Red Bull<\/td><\/tr><tr><td><strong>5\u00aa fila<\/strong><\/td><td>9.&nbsp;<strong>Pierre Gasly<\/strong>&nbsp;1:28.367<br>Alpine<\/td><td><\/td><\/tr><tr><td><\/td><td><\/td><td>10.&nbsp;<strong>Lando Norris<\/strong>&nbsp;s.t.<br>McLaren<\/td><\/tr><tr><td><strong>6\u00aa fila<\/strong><\/td><td>11.&nbsp;<strong>Alexander Albon<\/strong>&nbsp;1:28.109<br>Williams<\/td><td><\/td><\/tr><tr><td><\/td><td><\/td><td>12.&nbsp;<strong>Liam Lawson<\/strong>&nbsp;1:28.191<br>Racing Bulls<\/td><\/tr><tr><td><strong>7\u00aa fila<\/strong><\/td><td>13.&nbsp;<strong>Fernando Alonso&nbsp;<\/strong>1:28.303<br>Aston Martin<\/td><td><\/td><\/tr><tr><td><\/td><td><\/td><td>14.&nbsp;<strong>Isack Hadjar&nbsp;<\/strong>1:28.418<br>Racing Bulls<\/td><\/tr><tr><td><strong>8\u00aa fila<\/strong><\/td><td>15.&nbsp;<strong>Oliver Bearman<\/strong>&nbsp;1:28.648<br>Haas<\/td><td><\/td><\/tr><tr><td><\/td><td><\/td><td>16.&nbsp;<strong>Lance Stroll<\/strong>&nbsp;1:28.645<br>Aston Martin<\/td><\/tr><tr><td><strong>9\u00aa fila<\/strong><\/td><td>17.&nbsp;<strong>Jack Doohan<\/strong>&nbsp;1:28.739<br>Alpine<\/td><td><\/td><\/tr><tr><td><\/td><td><\/td><td>18.&nbsp;<strong>Nico H\u00fclkenberg<\/strong>&nbsp;1:28.782<br>Kick Sauber<\/td><\/tr><tr><td><strong>10\u00aa fila<\/strong><\/td><td>19.&nbsp;<strong>Esteban Ocon<\/strong>&nbsp;1:29.092<br>Haas<\/td><td><\/td><\/tr><tr><td><\/td><td><\/td><td>20.&nbsp;<strong>Gabriel Bortoleto<\/strong>&nbsp;1:29.462<br>Kick Sauber<\/td><\/tr><\/tbody><\/table><\/figure>\n","protected":false},"excerpt":{"rendered":"<p>Max Verstappen (Red Bull) ha dado la sorpresa y ha marcado el mejor tiempo en la clasificaci\u00f3n para la parrilla de salida del GP de F1 de Arabia Saud\u00ed. Carlos Sainz (Williams) se ha clasificado sexto, el mejor resultado en su nuevo equipo.<\/p>\n","protected":false},"author":88,"featured_media":60053,"comment_status":"open","ping_status":"closed","sticky":false,"template":"","format":"standard","meta":{"_et_pb_use_builder":"off","_et_pb_old_content":"","_et_gb_content_width":"","footnotes":""},"categories":[13612,13613],"tags":[],"class_list":["post-60052","post","type-post","status-publish","format-standard","has-post-thumbnail","hentry","category-deporte","category-f1"],"yoast_head":"<!-- This site is optimized with the Yoast SEO plugin v27.5 - https:\/\/yoast.com\/product\/yoast-seo-wordpress\/ -->\n<title>F1. Arabia Saud\u00ed 2025. Parrilla de salida - Revista km77<\/title>\n<meta name=\"description\" content=\"Max Verstappen ha conseguido la pole position en la parrilla de salida del GP de F1 de Arabia Saud\u00ed. Carlos Sainz saldr\u00e1 sexto y Alonso 13\" \/>\n<meta name=\"robots\" content=\"index, follow, max-snippet:-1, max-image-preview:large, max-video-preview:-1\" \/>\n<link rel=\"canonical\" href=\"https:\/\/www.km77.com\/revista\/deporte\/f1-arabia-saudi-2025-parrilla-de-salida\/\" \/>\n<meta property=\"og:locale\" content=\"es_ES\" \/>\n<meta property=\"og:type\" content=\"article\" \/>\n<meta property=\"og:title\" content=\"F1. Arabia Saud\u00ed 2025. Parrilla de salida - Revista km77\" \/>\n<meta property=\"og:description\" content=\"Max Verstappen ha conseguido la pole position en la parrilla de salida del GP de F1 de Arabia Saud\u00ed. Carlos Sainz saldr\u00e1 sexto y Alonso 13\" \/>\n<meta property=\"og:url\" content=\"https:\/\/www.km77.com\/revista\/deporte\/f1-arabia-saudi-2025-parrilla-de-salida\/\" \/>\n<meta property=\"og:site_name\" content=\"Revista km77\" \/>\n<meta property=\"article:published_time\" content=\"2025-04-19T20:29:29+00:00\" \/>\n<meta property=\"article:modified_time\" content=\"2025-04-19T20:33:53+00:00\" \/>\n<meta property=\"og:image\" content=\"https:\/\/www.km77.com\/revista\/wp-content\/uploads\/2025\/04\/Max_verstappen-1.jpg\" \/>\n\t<meta property=\"og:image:width\" content=\"1200\" \/>\n\t<meta property=\"og:image:height\" content=\"800\" \/>\n\t<meta property=\"og:image:type\" content=\"image\/jpeg\" \/>\n<meta name=\"author\" content=\"Lola P\u00e9rez\" \/>\n<meta name=\"twitter:card\" content=\"summary_large_image\" \/>\n<meta name=\"twitter:label1\" content=\"Escrito por\" \/>\n\t<meta name=\"twitter:data1\" content=\"Lola P\u00e9rez\" \/>\n\t<meta name=\"twitter:label2\" content=\"Tiempo de lectura\" \/>\n\t<meta name=\"twitter:data2\" content=\"2 minutos\" \/>\n<script type=\"application\/ld+json\" class=\"yoast-schema-graph\">{\"@context\":\"https:\\\/\\\/schema.org\",\"@graph\":[{\"@type\":\"Article\",\"@id\":\"https:\\\/\\\/www.km77.com\\\/revista\\\/deporte\\\/f1-arabia-saudi-2025-parrilla-de-salida\\\/#article\",\"isPartOf\":{\"@id\":\"https:\\\/\\\/www.km77.com\\\/revista\\\/deporte\\\/f1-arabia-saudi-2025-parrilla-de-salida\\\/\"},\"author\":{\"name\":\"Lola P\u00e9rez\",\"@id\":\"https:\\\/\\\/www.km77.com\\\/revista\\\/#\\\/schema\\\/person\\\/4196836db36963d7320674b151afdd66\"},\"headline\":\"F1. Arabia Saud\u00ed 2025. Parrilla de salida\",\"datePublished\":\"2025-04-19T20:29:29+00:00\",\"dateModified\":\"2025-04-19T20:33:53+00:00\",\"mainEntityOfPage\":{\"@id\":\"https:\\\/\\\/www.km77.com\\\/revista\\\/deporte\\\/f1-arabia-saudi-2025-parrilla-de-salida\\\/\"},\"wordCount\":384,\"commentCount\":0,\"publisher\":{\"@id\":\"https:\\\/\\\/www.km77.com\\\/revista\\\/#organization\"},\"image\":{\"@id\":\"https:\\\/\\\/www.km77.com\\\/revista\\\/deporte\\\/f1-arabia-saudi-2025-parrilla-de-salida\\\/#primaryimage\"},\"thumbnailUrl\":\"https:\\\/\\\/www.km77.com\\\/revista\\\/wp-content\\\/uploads\\\/2025\\\/04\\\/Max_verstappen-1.jpg\",\"articleSection\":[\"Deporte\",\"Formula1\"],\"inLanguage\":\"es\",\"potentialAction\":[{\"@type\":\"CommentAction\",\"name\":\"Comment\",\"target\":[\"https:\\\/\\\/www.km77.com\\\/revista\\\/deporte\\\/f1-arabia-saudi-2025-parrilla-de-salida\\\/#respond\"]}]},{\"@type\":\"WebPage\",\"@id\":\"https:\\\/\\\/www.km77.com\\\/revista\\\/deporte\\\/f1-arabia-saudi-2025-parrilla-de-salida\\\/\",\"url\":\"https:\\\/\\\/www.km77.com\\\/revista\\\/deporte\\\/f1-arabia-saudi-2025-parrilla-de-salida\\\/\",\"name\":\"F1. Arabia Saud\u00ed 2025. Parrilla de salida - Revista km77\",\"isPartOf\":{\"@id\":\"https:\\\/\\\/www.km77.com\\\/revista\\\/#website\"},\"primaryImageOfPage\":{\"@id\":\"https:\\\/\\\/www.km77.com\\\/revista\\\/deporte\\\/f1-arabia-saudi-2025-parrilla-de-salida\\\/#primaryimage\"},\"image\":{\"@id\":\"https:\\\/\\\/www.km77.com\\\/revista\\\/deporte\\\/f1-arabia-saudi-2025-parrilla-de-salida\\\/#primaryimage\"},\"thumbnailUrl\":\"https:\\\/\\\/www.km77.com\\\/revista\\\/wp-content\\\/uploads\\\/2025\\\/04\\\/Max_verstappen-1.jpg\",\"datePublished\":\"2025-04-19T20:29:29+00:00\",\"dateModified\":\"2025-04-19T20:33:53+00:00\",\"description\":\"Max Verstappen ha conseguido la pole position en la parrilla de salida del GP de F1 de Arabia Saud\u00ed. Carlos Sainz saldr\u00e1 sexto y Alonso 13\",\"breadcrumb\":{\"@id\":\"https:\\\/\\\/www.km77.com\\\/revista\\\/deporte\\\/f1-arabia-saudi-2025-parrilla-de-salida\\\/#breadcrumb\"},\"inLanguage\":\"es\",\"potentialAction\":[{\"@type\":\"ReadAction\",\"target\":[\"https:\\\/\\\/www.km77.com\\\/revista\\\/deporte\\\/f1-arabia-saudi-2025-parrilla-de-salida\\\/\"]}]},{\"@type\":\"ImageObject\",\"inLanguage\":\"es\",\"@id\":\"https:\\\/\\\/www.km77.com\\\/revista\\\/deporte\\\/f1-arabia-saudi-2025-parrilla-de-salida\\\/#primaryimage\",\"url\":\"https:\\\/\\\/www.km77.com\\\/revista\\\/wp-content\\\/uploads\\\/2025\\\/04\\\/Max_verstappen-1.jpg\",\"contentUrl\":\"https:\\\/\\\/www.km77.com\\\/revista\\\/wp-content\\\/uploads\\\/2025\\\/04\\\/Max_verstappen-1.jpg\",\"width\":1200,\"height\":800},{\"@type\":\"BreadcrumbList\",\"@id\":\"https:\\\/\\\/www.km77.com\\\/revista\\\/deporte\\\/f1-arabia-saudi-2025-parrilla-de-salida\\\/#breadcrumb\",\"itemListElement\":[{\"@type\":\"ListItem\",\"position\":1,\"name\":\"Revista km77\",\"item\":\"https:\\\/\\\/www.km77.com\\\/revista\\\/\"},{\"@type\":\"ListItem\",\"position\":2,\"name\":\"Deporte\",\"item\":\"https:\\\/\\\/www.km77.com\\\/revista\\\/deporte\\\/\"},{\"@type\":\"ListItem\",\"position\":3,\"name\":\"F1. Arabia Saud\u00ed 2025. Parrilla de salida\"}]},{\"@type\":\"WebSite\",\"@id\":\"https:\\\/\\\/www.km77.com\\\/revista\\\/#website\",\"url\":\"https:\\\/\\\/www.km77.com\\\/revista\\\/\",\"name\":\"Revista km77\",\"description\":\"Revista de km77\",\"publisher\":{\"@id\":\"https:\\\/\\\/www.km77.com\\\/revista\\\/#organization\"},\"potentialAction\":[{\"@type\":\"SearchAction\",\"target\":{\"@type\":\"EntryPoint\",\"urlTemplate\":\"https:\\\/\\\/www.km77.com\\\/revista\\\/?s={search_term_string}\"},\"query-input\":{\"@type\":\"PropertyValueSpecification\",\"valueRequired\":true,\"valueName\":\"search_term_string\"}}],\"inLanguage\":\"es\"},{\"@type\":\"Organization\",\"@id\":\"https:\\\/\\\/www.km77.com\\\/revista\\\/#organization\",\"name\":\"KM77\",\"url\":\"https:\\\/\\\/www.km77.com\\\/revista\\\/\",\"logo\":{\"@type\":\"ImageObject\",\"inLanguage\":\"es\",\"@id\":\"https:\\\/\\\/www.km77.com\\\/revista\\\/#\\\/schema\\\/logo\\\/image\\\/\",\"url\":\"https:\\\/\\\/www.km77.com\\\/revista\\\/wp-content\\\/uploads\\\/2021\\\/02\\\/logo-km77.png\",\"contentUrl\":\"https:\\\/\\\/www.km77.com\\\/revista\\\/wp-content\\\/uploads\\\/2021\\\/02\\\/logo-km77.png\",\"width\":100,\"height\":34,\"caption\":\"KM77\"},\"image\":{\"@id\":\"https:\\\/\\\/www.km77.com\\\/revista\\\/#\\\/schema\\\/logo\\\/image\\\/\"}},{\"@type\":\"Person\",\"@id\":\"https:\\\/\\\/www.km77.com\\\/revista\\\/#\\\/schema\\\/person\\\/4196836db36963d7320674b151afdd66\",\"name\":\"Lola P\u00e9rez\",\"image\":{\"@type\":\"ImageObject\",\"inLanguage\":\"es\",\"@id\":\"https:\\\/\\\/secure.gravatar.com\\\/avatar\\\/4d989bdee7d1b74b8ed9c59feeaa21652a8329769205d9f9210511da2e42d702?s=96&d=mm&r=g\",\"url\":\"https:\\\/\\\/secure.gravatar.com\\\/avatar\\\/4d989bdee7d1b74b8ed9c59feeaa21652a8329769205d9f9210511da2e42d702?s=96&d=mm&r=g\",\"contentUrl\":\"https:\\\/\\\/secure.gravatar.com\\\/avatar\\\/4d989bdee7d1b74b8ed9c59feeaa21652a8329769205d9f9210511da2e42d702?s=96&d=mm&r=g\",\"caption\":\"Lola P\u00e9rez\"},\"sameAs\":[\"https:\\\/\\\/www.km77.com\\\/\"],\"url\":\"https:\\\/\\\/www.km77.com\\\/revista\\\/author\\\/deportes1\\\/\"}]}<\/script>\n<!-- \/ Yoast SEO plugin. -->","yoast_head_json":{"title":"F1. Arabia Saud\u00ed 2025. Parrilla de salida - Revista km77","description":"Max Verstappen ha conseguido la pole position en la parrilla de salida del GP de F1 de Arabia Saud\u00ed. Carlos Sainz saldr\u00e1 sexto y Alonso 13","robots":{"index":"index","follow":"follow","max-snippet":"max-snippet:-1","max-image-preview":"max-image-preview:large","max-video-preview":"max-video-preview:-1"},"canonical":"https:\/\/www.km77.com\/revista\/deporte\/f1-arabia-saudi-2025-parrilla-de-salida\/","og_locale":"es_ES","og_type":"article","og_title":"F1. Arabia Saud\u00ed 2025. Parrilla de salida - Revista km77","og_description":"Max Verstappen ha conseguido la pole position en la parrilla de salida del GP de F1 de Arabia Saud\u00ed. Carlos Sainz saldr\u00e1 sexto y Alonso 13","og_url":"https:\/\/www.km77.com\/revista\/deporte\/f1-arabia-saudi-2025-parrilla-de-salida\/","og_site_name":"Revista km77","article_published_time":"2025-04-19T20:29:29+00:00","article_modified_time":"2025-04-19T20:33:53+00:00","og_image":[{"width":1200,"height":800,"url":"https:\/\/www.km77.com\/revista\/wp-content\/uploads\/2025\/04\/Max_verstappen-1.jpg","type":"image\/jpeg"}],"author":"Lola P\u00e9rez","twitter_card":"summary_large_image","twitter_misc":{"Escrito por":"Lola P\u00e9rez","Tiempo de lectura":"2 minutos"},"schema":{"@context":"https:\/\/schema.org","@graph":[{"@type":"Article","@id":"https:\/\/www.km77.com\/revista\/deporte\/f1-arabia-saudi-2025-parrilla-de-salida\/#article","isPartOf":{"@id":"https:\/\/www.km77.com\/revista\/deporte\/f1-arabia-saudi-2025-parrilla-de-salida\/"},"author":{"name":"Lola P\u00e9rez","@id":"https:\/\/www.km77.com\/revista\/#\/schema\/person\/4196836db36963d7320674b151afdd66"},"headline":"F1. Arabia Saud\u00ed 2025. Parrilla de salida","datePublished":"2025-04-19T20:29:29+00:00","dateModified":"2025-04-19T20:33:53+00:00","mainEntityOfPage":{"@id":"https:\/\/www.km77.com\/revista\/deporte\/f1-arabia-saudi-2025-parrilla-de-salida\/"},"wordCount":384,"commentCount":0,"publisher":{"@id":"https:\/\/www.km77.com\/revista\/#organization"},"image":{"@id":"https:\/\/www.km77.com\/revista\/deporte\/f1-arabia-saudi-2025-parrilla-de-salida\/#primaryimage"},"thumbnailUrl":"https:\/\/www.km77.com\/revista\/wp-content\/uploads\/2025\/04\/Max_verstappen-1.jpg","articleSection":["Deporte","Formula1"],"inLanguage":"es","potentialAction":[{"@type":"CommentAction","name":"Comment","target":["https:\/\/www.km77.com\/revista\/deporte\/f1-arabia-saudi-2025-parrilla-de-salida\/#respond"]}]},{"@type":"WebPage","@id":"https:\/\/www.km77.com\/revista\/deporte\/f1-arabia-saudi-2025-parrilla-de-salida\/","url":"https:\/\/www.km77.com\/revista\/deporte\/f1-arabia-saudi-2025-parrilla-de-salida\/","name":"F1. Arabia Saud\u00ed 2025. Parrilla de salida - Revista km77","isPartOf":{"@id":"https:\/\/www.km77.com\/revista\/#website"},"primaryImageOfPage":{"@id":"https:\/\/www.km77.com\/revista\/deporte\/f1-arabia-saudi-2025-parrilla-de-salida\/#primaryimage"},"image":{"@id":"https:\/\/www.km77.com\/revista\/deporte\/f1-arabia-saudi-2025-parrilla-de-salida\/#primaryimage"},"thumbnailUrl":"https:\/\/www.km77.com\/revista\/wp-content\/uploads\/2025\/04\/Max_verstappen-1.jpg","datePublished":"2025-04-19T20:29:29+00:00","dateModified":"2025-04-19T20:33:53+00:00","description":"Max Verstappen ha conseguido la pole position en la parrilla de salida del GP de F1 de Arabia Saud\u00ed. Carlos Sainz saldr\u00e1 sexto y Alonso 13","breadcrumb":{"@id":"https:\/\/www.km77.com\/revista\/deporte\/f1-arabia-saudi-2025-parrilla-de-salida\/#breadcrumb"},"inLanguage":"es","potentialAction":[{"@type":"ReadAction","target":["https:\/\/www.km77.com\/revista\/deporte\/f1-arabia-saudi-2025-parrilla-de-salida\/"]}]},{"@type":"ImageObject","inLanguage":"es","@id":"https:\/\/www.km77.com\/revista\/deporte\/f1-arabia-saudi-2025-parrilla-de-salida\/#primaryimage","url":"https:\/\/www.km77.com\/revista\/wp-content\/uploads\/2025\/04\/Max_verstappen-1.jpg","contentUrl":"https:\/\/www.km77.com\/revista\/wp-content\/uploads\/2025\/04\/Max_verstappen-1.jpg","width":1200,"height":800},{"@type":"BreadcrumbList","@id":"https:\/\/www.km77.com\/revista\/deporte\/f1-arabia-saudi-2025-parrilla-de-salida\/#breadcrumb","itemListElement":[{"@type":"ListItem","position":1,"name":"Revista km77","item":"https:\/\/www.km77.com\/revista\/"},{"@type":"ListItem","position":2,"name":"Deporte","item":"https:\/\/www.km77.com\/revista\/deporte\/"},{"@type":"ListItem","position":3,"name":"F1. Arabia Saud\u00ed 2025. Parrilla de salida"}]},{"@type":"WebSite","@id":"https:\/\/www.km77.com\/revista\/#website","url":"https:\/\/www.km77.com\/revista\/","name":"Revista km77","description":"Revista de km77","publisher":{"@id":"https:\/\/www.km77.com\/revista\/#organization"},"potentialAction":[{"@type":"SearchAction","target":{"@type":"EntryPoint","urlTemplate":"https:\/\/www.km77.com\/revista\/?s={search_term_string}"},"query-input":{"@type":"PropertyValueSpecification","valueRequired":true,"valueName":"search_term_string"}}],"inLanguage":"es"},{"@type":"Organization","@id":"https:\/\/www.km77.com\/revista\/#organization","name":"KM77","url":"https:\/\/www.km77.com\/revista\/","logo":{"@type":"ImageObject","inLanguage":"es","@id":"https:\/\/www.km77.com\/revista\/#\/schema\/logo\/image\/","url":"https:\/\/www.km77.com\/revista\/wp-content\/uploads\/2021\/02\/logo-km77.png","contentUrl":"https:\/\/www.km77.com\/revista\/wp-content\/uploads\/2021\/02\/logo-km77.png","width":100,"height":34,"caption":"KM77"},"image":{"@id":"https:\/\/www.km77.com\/revista\/#\/schema\/logo\/image\/"}},{"@type":"Person","@id":"https:\/\/www.km77.com\/revista\/#\/schema\/person\/4196836db36963d7320674b151afdd66","name":"Lola P\u00e9rez","image":{"@type":"ImageObject","inLanguage":"es","@id":"https:\/\/secure.gravatar.com\/avatar\/4d989bdee7d1b74b8ed9c59feeaa21652a8329769205d9f9210511da2e42d702?s=96&d=mm&r=g","url":"https:\/\/secure.gravatar.com\/avatar\/4d989bdee7d1b74b8ed9c59feeaa21652a8329769205d9f9210511da2e42d702?s=96&d=mm&r=g","contentUrl":"https:\/\/secure.gravatar.com\/avatar\/4d989bdee7d1b74b8ed9c59feeaa21652a8329769205d9f9210511da2e42d702?s=96&d=mm&r=g","caption":"Lola P\u00e9rez"},"sameAs":["https:\/\/www.km77.com\/"],"url":"https:\/\/www.km77.com\/revista\/author\/deportes1\/"}]}},"amp_enabled":true,"_links":{"self":[{"href":"https:\/\/www.km77.com\/revista\/wp-json\/wp\/v2\/posts\/60052","targetHints":{"allow":["GET"]}}],"collection":[{"href":"https:\/\/www.km77.com\/revista\/wp-json\/wp\/v2\/posts"}],"about":[{"href":"https:\/\/www.km77.com\/revista\/wp-json\/wp\/v2\/types\/post"}],"author":[{"embeddable":true,"href":"https:\/\/www.km77.com\/revista\/wp-json\/wp\/v2\/users\/88"}],"replies":[{"embeddable":true,"href":"https:\/\/www.km77.com\/revista\/wp-json\/wp\/v2\/comments?post=60052"}],"version-history":[{"count":4,"href":"https:\/\/www.km77.com\/revista\/wp-json\/wp\/v2\/posts\/60052\/revisions"}],"predecessor-version":[{"id":60065,"href":"https:\/\/www.km77.com\/revista\/wp-json\/wp\/v2\/posts\/60052\/revisions\/60065"}],"wp:featuredmedia":[{"embeddable":true,"href":"https:\/\/www.km77.com\/revista\/wp-json\/wp\/v2\/media\/60053"}],"wp:attachment":[{"href":"https:\/\/www.km77.com\/revista\/wp-json\/wp\/v2\/media?parent=60052"}],"wp:term":[{"taxonomy":"category","embeddable":true,"href":"https:\/\/www.km77.com\/revista\/wp-json\/wp\/v2\/categories?post=60052"},{"taxonomy":"post_tag","embeddable":true,"href":"https:\/\/www.km77.com\/revista\/wp-json\/wp\/v2\/tags?post=60052"}],"curies":[{"name":"wp","href":"https:\/\/api.w.org\/{rel}","templated":true}]}}