{"id":58722,"date":"2025-03-10T14:23:33","date_gmt":"2025-03-10T13:23:33","guid":{"rendered":"https:\/\/www.km77.com\/revista\/?p=58722"},"modified":"2025-03-11T08:31:58","modified_gmt":"2025-03-11T07:31:58","slug":"los-suv-mas-amplios-para-hasta-5-personas-y-que-cuestan-menos-de-60-000-euros","status":"publish","type":"post","link":"https:\/\/www.km77.com\/revista\/engendro-mecanico\/los-suv-mas-amplios-para-hasta-5-personas-y-que-cuestan-menos-de-60-000-euros\/","title":{"rendered":"Los SUV m\u00e1s amplios para un m\u00e1ximo de 5 personas y que cuestan menos de 60 000 euros"},"content":{"rendered":"\n<p>Seg\u00fan el <a href=\"https:\/\/www.km77.com\/glosario\/a\"><strong>glosario de km77.com<\/strong><\/a> un SUV es un \u00abt\u00e9rmino acu\u00f1ado en el mercado americano para referirse a modelos que tienen mucha similitud por sus proporciones con los veh\u00edculos todoterreno cl\u00e1sicos, mejores aptitudes que estos para circular por carretera y mayores limitaciones para hacerlo fuera de ellas. Su sistema de transmisi\u00f3n carece generalmente de <a href=\"https:\/\/www.km77.com\/glosario\/reductora\">reductora<\/a> y pueden tener una tracci\u00f3n total o tracci\u00f3n a un solo eje\u00bb.<\/p>\n\n\n\n<p>Los SUV primigenios no se defend\u00edan nada mal en el campo. Con el paso de los a\u00f1os este tipo de veh\u00edculos se han ido adaptando cada vez m\u00e1s a la carretera de m\u00faltiples formas: han perdido altura libre al suelo, los paragolpes dejan \u00e1ngulos de entrada y salida m\u00e1s agudos, las carrocer\u00edas son m\u00e1s aerodin\u00e1micas y, en muchos casos, s\u00f3lo hay tracci\u00f3n a un solo eje.<\/p>\n\n\n\n<p><strong>Hasta el a\u00f1o 2009, aproximadamente, el veh\u00edculo SUV no estaba especialmente extendido<\/strong> en el mercado, al menos en el espa\u00f1ol.  La mayor parte de los clientes que buscaban un coche amplio y para transportar a cuatro o cinco personas eleg\u00edan los turismos de carrocer\u00eda familiar o bien de tipo monovolumen.<\/p>\n\n\n\n<p>Sin embargo, en poco tiempo los SUV desplazaron a los familiares y monovol\u00famenes de forma espectacular.<br>A d\u00eda de hoy, en marzo de 2025, s\u00f3lo hay en el mercado 271 versiones de coches familiares y 169 de monovol\u00famenes a la venta en Espa\u00f1a, frente a <strong>1534 con carrocer\u00eda de tipo SUV y todoterreno<\/strong>.<\/p>\n\n\n\n<figure class=\"wp-block-image size-large\"><img decoding=\"async\" width=\"1024\" height=\"683\" src=\"https:\/\/www.km77.com\/revista\/wp-content\/uploads\/2025\/01\/Toyota-rav4-1024x683.jpg\" alt=\"Toyota RAV4\" class=\"wp-image-58727\" srcset=\"https:\/\/www.km77.com\/revista\/wp-content\/uploads\/2025\/01\/Toyota-rav4-1024x683.jpg 1024w, https:\/\/www.km77.com\/revista\/wp-content\/uploads\/2025\/01\/Toyota-rav4-980x653.jpg 980w, https:\/\/www.km77.com\/revista\/wp-content\/uploads\/2025\/01\/Toyota-rav4-480x320.jpg 480w\" sizes=\"(min-width: 0px) and (max-width: 480px) 480px, (min-width: 481px) and (max-width: 980px) 980px, (min-width: 981px) 1024px, 100vw\" \/><figcaption class=\"wp-element-caption\">Toyota RAV4<\/figcaption><\/figure>\n\n\n\n<p>Es decir, la mayor parte de la gente que busca un coche para usar en familia recurre a un SUV. Por ello, en este art\u00edculo vamos a ayudar a este p\u00fablico a elegir su nuevo coche. Daremos un repaso a los<strong> SUV m\u00e1s amplios de hasta 60 000 euros para transportar hasta 5 personas<\/strong>.<\/p>\n\n\n\n<h2 class=\"wp-block-heading\">Mediciones de las plazas traseras<\/h2>\n\n\n\n<p>Nos vamos a centrar en los SUV que tienen una segunda fila de asientos m\u00e1s amplia. Para que el listado sea manejable hemos seleccionado los que tienen m\u00e1s de<strong> 75 cent\u00edmetros de espacio para las piernas, m\u00e1s de 138 cent\u00edmetros de anchura entre puertas y m\u00e1s de 93 cent\u00edmetros de altura libre al techo<\/strong>.<\/p>\n\n\n\n<p><strong>Todas las mediciones interiores est\u00e1n tomadas por nosotros<\/strong>, cinta m\u00e9trica en mano (si quieres ver c\u00f3mo medimos los coches en km77.com pincha <a href=\"https:\/\/www.youtube.com\/watch?v=va3ih5c7RQ8\">aqu\u00ed<\/a>). Somos conscientes que hay algunos modelos muy interesantes que se han quedado fuera porque est\u00e1n un s\u00f3lo cent\u00edmetro por debajo en las mediciones mencionadas, pero hab\u00eda que poner el corte en alg\u00fan sitio.<\/p>\n\n\n\n<p>Como datos adicionales hemos incluido tres columnas m\u00e1s: <strong>el precio, la longitud total de la carrocer\u00eda, la posibilidad de llevar a siete ocupantes, la presencia o no de piso plano en las tres plazas posteriores y el volumen del maletero<\/strong> (el dato m\u00e1ximo y m\u00ednimo que declara el fabricante seg\u00fan norma VDA).<\/p>\n\n\n\n<p><\/p>\n\n\n\n<figure class=\"wp-block-table is-style-stripes\"><table><tbody><tr><td><\/td><td class=\"has-text-align-center\" data-align=\"center\"><strong>Precio<\/strong> <strong>desde (\u20ac)<\/strong><\/td><td class=\"has-text-align-center\" data-align=\"center\"><strong>Longitud<\/strong><\/td><td class=\"has-text-align-center\" data-align=\"center\"><strong>Espacio para piernas (cm) <\/strong><\/td><td class=\"has-text-align-center\" data-align=\"center\"><br><strong>Anchura entre puertas (cm)<\/strong><\/td><td class=\"has-text-align-center\" data-align=\"center\"><strong>Altura libre al techo (cm)<\/strong><\/td><td class=\"has-text-align-center\" data-align=\"center\"><strong>\u00bfSuelo plano?<\/strong><\/td><td class=\"has-text-align-center\" data-align=\"center\"><strong>Distancia entre Isofix<\/strong> <\/td><td class=\"has-text-align-center\" data-align=\"center\"><strong>\u00bf7 plazas?<\/strong><\/td><td class=\"has-text-align-center\" data-align=\"center\"><br><strong>Volumen maletero (VDA)<\/strong><\/td><\/tr><tr><td><strong><a href=\"https:\/\/www.km77.com\/coches\/nissan\/x-trail\">Nissan X-Trail<\/a><\/strong><\/td><td class=\"has-text-align-center\" data-align=\"center\">33 900<\/td><td class=\"has-text-align-center\" data-align=\"center\">4,68<\/td><td class=\"has-text-align-center\" data-align=\"center\">77-56<\/td><td class=\"has-text-align-center\" data-align=\"center\">139<\/td><td class=\"has-text-align-center\" data-align=\"center\">97*<\/td><td class=\"has-text-align-center\" data-align=\"center\">No<\/td><td class=\"has-text-align-center\" data-align=\"center\">39<\/td><td class=\"has-text-align-center\" data-align=\"center\">S\u00ed<\/td><td class=\"has-text-align-center\" data-align=\"center\">585-485<\/td><\/tr><tr><td><strong><a href=\"https:\/\/www.km77.com\/coches\/toyota\/bz4x\/2023\/estandar\/informacion\">Toyota BZ4X<\/a><\/strong><\/td><td class=\"has-text-align-center\" data-align=\"center\">34 500<\/td><td class=\"has-text-align-center\" data-align=\"center\">4,69<\/td><td class=\"has-text-align-center\" data-align=\"center\">80<\/td><td class=\"has-text-align-center\" data-align=\"center\">140<\/td><td class=\"has-text-align-center\" data-align=\"center\">97*<\/td><td class=\"has-text-align-center\" data-align=\"center\">No<\/td><td class=\"has-text-align-center\" data-align=\"center\">38<\/td><td class=\"has-text-align-center\" data-align=\"center\">No<\/td><td class=\"has-text-align-center\" data-align=\"center\">450<\/td><\/tr><tr><td><a href=\"https:\/\/www.km77.com\/coches\/peugeot\/5008\/2025\/estandar\/informacion\"><strong>Peugeot 5008<\/strong><\/a><\/td><td class=\"has-text-align-center\" data-align=\"center\">35 160<\/td><td class=\"has-text-align-center\" data-align=\"center\">4,79<\/td><td class=\"has-text-align-center\" data-align=\"center\">78-63<\/td><td class=\"has-text-align-center\" data-align=\"center\">144<\/td><td class=\"has-text-align-center\" data-align=\"center\">94*<\/td><td class=\"has-text-align-center\" data-align=\"center\">No<\/td><td class=\"has-text-align-center\" data-align=\"center\">46<\/td><td class=\"has-text-align-center\" data-align=\"center\">S\u00ed<\/td><td class=\"has-text-align-center\" data-align=\"center\">748<\/td><\/tr><tr><td><strong><a href=\"https:\/\/www.km77.com\/coches\/subaru\/forester\/2025\/estandar\/informacion\">Subaru Forester<\/a><\/strong><\/td><td class=\"has-text-align-center\" data-align=\"center\">40 400<\/td><td class=\"has-text-align-center\" data-align=\"center\">4,67<\/td><td class=\"has-text-align-center\" data-align=\"center\">80<\/td><td class=\"has-text-align-center\" data-align=\"center\">143<\/td><td class=\"has-text-align-center\" data-align=\"center\">96*<\/td><td class=\"has-text-align-center\" data-align=\"center\">No<\/td><td class=\"has-text-align-center\" data-align=\"center\">&#8211;<\/td><td class=\"has-text-align-center\" data-align=\"center\">No<\/td><td class=\"has-text-align-center\" data-align=\"center\">508<\/td><\/tr><tr><td><strong><a href=\"https:\/\/www.km77.com\/coches\/toyota\/rav4\/2019\/estandar\/informacion\">Toyota RAV4<\/a><\/strong><\/td><td class=\"has-text-align-center\" data-align=\"center\">40 500<\/td><td class=\"has-text-align-center\" data-align=\"center\">4,60<\/td><td class=\"has-text-align-center\" data-align=\"center\">75<\/td><td class=\"has-text-align-center\" data-align=\"center\">142<\/td><td class=\"has-text-align-center\" data-align=\"center\">101<\/td><td class=\"has-text-align-center\" data-align=\"center\">No<\/td><td class=\"has-text-align-center\" data-align=\"center\">39<\/td><td class=\"has-text-align-center\" data-align=\"center\">No<\/td><td class=\"has-text-align-center\" data-align=\"center\">580-520<\/td><\/tr><tr><td><strong><a href=\"https:\/\/www.km77.com\/coches\/renault\/rafale\/2024\/estandar\/informacion\">Renault Rafale<\/a><\/strong><\/td><td class=\"has-text-align-center\" data-align=\"center\">41 807<\/td><td class=\"has-text-align-center\" data-align=\"center\">4,71<\/td><td class=\"has-text-align-center\" data-align=\"center\">77<\/td><td class=\"has-text-align-center\" data-align=\"center\">141<\/td><td class=\"has-text-align-center\" data-align=\"center\">95*<\/td><td class=\"has-text-align-center\" data-align=\"center\">No<\/td><td class=\"has-text-align-center\" data-align=\"center\">&#8211;<\/td><td class=\"has-text-align-center\" data-align=\"center\">No<\/td><td class=\"has-text-align-center\" data-align=\"center\">532-465<\/td><\/tr><tr><td><strong><a href=\"https:\/\/www.km77.com\/coches\/kgm\/rexton\/2024\/estandar\/informacion\">KGM Rexton<\/a><\/strong><\/td><td class=\"has-text-align-center\" data-align=\"center\">42100<\/td><td class=\"has-text-align-center\" data-align=\"center\">4,85<\/td><td class=\"has-text-align-center\" data-align=\"center\">75<\/td><td class=\"has-text-align-center\" data-align=\"center\">147<\/td><td class=\"has-text-align-center\" data-align=\"center\">98<\/td><td class=\"has-text-align-center\" data-align=\"center\">No<\/td><td class=\"has-text-align-center\" data-align=\"center\">&#8211;<\/td><td class=\"has-text-align-center\" data-align=\"center\">S\u00ed<\/td><td class=\"has-text-align-center\" data-align=\"center\">641<\/td><\/tr><tr><td><strong><a href=\"https:\/\/www.km77.com\/coches\/volkswagen\/id4\/2021\/estandar\/informacion\">Volkswagen ID.4<\/a><\/strong><\/td><td class=\"has-text-align-center\" data-align=\"center\">42 490<\/td><td class=\"has-text-align-center\" data-align=\"center\">4,58<\/td><td class=\"has-text-align-center\" data-align=\"center\">78<\/td><td class=\"has-text-align-center\" data-align=\"center\">138<\/td><td class=\"has-text-align-center\" data-align=\"center\">97*<\/td><td class=\"has-text-align-center\" data-align=\"center\">S\u00ed<\/td><td class=\"has-text-align-center\" data-align=\"center\">41<\/td><td class=\"has-text-align-center\" data-align=\"center\">No<\/td><td class=\"has-text-align-center\" data-align=\"center\">549<\/td><\/tr><tr><td><strong><a href=\"https:\/\/www.km77.com\/coches\/hyundai\/ioniq-5\/2025\/estandar\/informacion\">Hyundai IONIQ 5<\/a><\/strong><\/td><td class=\"has-text-align-center\" data-align=\"center\">44 020<\/td><td class=\"has-text-align-center\" data-align=\"center\">4,66<\/td><td class=\"has-text-align-center\" data-align=\"center\">77<\/td><td class=\"has-text-align-center\" data-align=\"center\">146<\/td><td class=\"has-text-align-center\" data-align=\"center\">93<\/td><td class=\"has-text-align-center\" data-align=\"center\">S\u00ed<\/td><td class=\"has-text-align-center\" data-align=\"center\">&#8211;<\/td><td class=\"has-text-align-center\" data-align=\"center\">No<\/td><td class=\"has-text-align-center\" data-align=\"center\">577-544<\/td><\/tr><tr><td><strong><a href=\"https:\/\/www.km77.com\/coches\/skoda\/kodiaq\/2024\/estandar\/informacion\">Skoda Kodiaq<\/a><\/strong><\/td><td class=\"has-text-align-center\" data-align=\"center\">44 270<\/td><td class=\"has-text-align-center\" data-align=\"center\">4,76<\/td><td class=\"has-text-align-center\" data-align=\"center\">75-57<\/td><td class=\"has-text-align-center\" data-align=\"center\">138<\/td><td class=\"has-text-align-center\" data-align=\"center\">94<\/td><td class=\"has-text-align-center\" data-align=\"center\">No<\/td><td class=\"has-text-align-center\" data-align=\"center\">&#8211;<\/td><td class=\"has-text-align-center\" data-align=\"center\">S\u00ed<\/td><td class=\"has-text-align-center\" data-align=\"center\">&#8211;<\/td><\/tr><tr><td><strong><a href=\"https:\/\/www.km77.com\/coches\/bmw\/x1\/2023\/estandar\/informacion\">BMW X1<\/a><\/strong><\/td><td class=\"has-text-align-center\" data-align=\"center\">44 700<\/td><td class=\"has-text-align-center\" data-align=\"center\">4,50<\/td><td class=\"has-text-align-center\" data-align=\"center\">76-62<\/td><td class=\"has-text-align-center\" data-align=\"center\">141<\/td><td class=\"has-text-align-center\" data-align=\"center\">98<\/td><td class=\"has-text-align-center\" data-align=\"center\">No<\/td><td class=\"has-text-align-center\" data-align=\"center\">37<\/td><td class=\"has-text-align-center\" data-align=\"center\">No<\/td><td class=\"has-text-align-center\" data-align=\"center\">540-490<\/td><\/tr><tr><td><a href=\"https:\/\/www.km77.com\/coches\/xpeng\/g6\/2025\/estandar\/informacion\"><strong>XPENG G6<\/strong><\/a><\/td><td class=\"has-text-align-center\" data-align=\"center\">44 990<\/td><td class=\"has-text-align-center\" data-align=\"center\"><\/td><td class=\"has-text-align-center\" data-align=\"center\">78<\/td><td class=\"has-text-align-center\" data-align=\"center\">140<\/td><td class=\"has-text-align-center\" data-align=\"center\">98<\/td><td class=\"has-text-align-center\" data-align=\"center\">S\u00ed <\/td><td class=\"has-text-align-center\" data-align=\"center\">47<\/td><td class=\"has-text-align-center\" data-align=\"center\">No<\/td><td class=\"has-text-align-center\" data-align=\"center\">571<\/td><\/tr><tr><td><strong><a href=\"https:\/\/www.km77.com\/coches\/kia\/sorento\/2024\/estandar\/informacion\">Kia Sorento<\/a><\/strong><\/td><td class=\"has-text-align-center\" data-align=\"center\">45 725<\/td><td class=\"has-text-align-center\" data-align=\"center\">4,82<\/td><td class=\"has-text-align-center\" data-align=\"center\">80-54<\/td><td class=\"has-text-align-center\" data-align=\"center\">142<\/td><td class=\"has-text-align-center\" data-align=\"center\">98<\/td><td class=\"has-text-align-center\" data-align=\"center\">S\u00ed<\/td><td class=\"has-text-align-center\" data-align=\"center\">37<\/td><td class=\"has-text-align-center\" data-align=\"center\">S\u00ed<\/td><td class=\"has-text-align-center\" data-align=\"center\">616-604<\/td><\/tr><tr><td><strong><a href=\"https:\/\/www.km77.com\/coches\/honda\/cr-v\/2024\/estandar\/informacion\">Honda CR-V<\/a><\/strong><\/td><td class=\"has-text-align-center\" data-align=\"center\">48 145<\/td><td class=\"has-text-align-center\" data-align=\"center\">4,71<\/td><td class=\"has-text-align-center\" data-align=\"center\">78<\/td><td class=\"has-text-align-center\" data-align=\"center\">142<\/td><td class=\"has-text-align-center\" data-align=\"center\">95<\/td><td class=\"has-text-align-center\" data-align=\"center\">No<\/td><td class=\"has-text-align-center\" data-align=\"center\">&#8211;<\/td><td class=\"has-text-align-center\" data-align=\"center\">No<\/td><td class=\"has-text-align-center\" data-align=\"center\">635-588<\/td><\/tr><tr><td><strong><a href=\"https:\/\/www.km77.com\/coches\/cupra\/tavascan\/2024\/estandar\/informacion\">Cupra Tavascan<\/a><\/strong><\/td><td class=\"has-text-align-center\" data-align=\"center\">48 990<\/td><td class=\"has-text-align-center\" data-align=\"center\">4,64<\/td><td class=\"has-text-align-center\" data-align=\"center\">77<\/td><td class=\"has-text-align-center\" data-align=\"center\">139<\/td><td class=\"has-text-align-center\" data-align=\"center\">93<\/td><td class=\"has-text-align-center\" data-align=\"center\">S\u00ed<\/td><td class=\"has-text-align-center\" data-align=\"center\">41<\/td><td class=\"has-text-align-center\" data-align=\"center\">No<\/td><td class=\"has-text-align-center\" data-align=\"center\">540<\/td><\/tr><tr><td><strong><a href=\"https:\/\/www.km77.com\/coches\/ford\/mustang\/2024\/fastback\/informacion\">Ford Mustang SUV<\/a><\/strong><\/td><td class=\"has-text-align-center\" data-align=\"center\">49 206<\/td><td class=\"has-text-align-center\" data-align=\"center\">4,71<\/td><td class=\"has-text-align-center\" data-align=\"center\">79<\/td><td class=\"has-text-align-center\" data-align=\"center\">139<\/td><td class=\"has-text-align-center\" data-align=\"center\">97*<\/td><td class=\"has-text-align-center\" data-align=\"center\">S\u00ed<\/td><td class=\"has-text-align-center\" data-align=\"center\">&#8211;<\/td><td class=\"has-text-align-center\" data-align=\"center\">No<\/td><td class=\"has-text-align-center\" data-align=\"center\">502<\/td><\/tr><tr><td><strong><a href=\"https:\/\/www.km77.com\/coches\/mazda\/cx-80\/2025\/estandar\/informacion\">Mazda CX-80<\/a><\/strong><\/td><td class=\"has-text-align-center\" data-align=\"center\">56 544<\/td><td class=\"has-text-align-center\" data-align=\"center\">4,96<\/td><td class=\"has-text-align-center\" data-align=\"center\">77-65<\/td><td class=\"has-text-align-center\" data-align=\"center\">149<\/td><td class=\"has-text-align-center\" data-align=\"center\">94*<\/td><td class=\"has-text-align-center\" data-align=\"center\">No<\/td><td class=\"has-text-align-center\" data-align=\"center\">&#8211;<\/td><td class=\"has-text-align-center\" data-align=\"center\">S\u00ed<\/td><td class=\"has-text-align-center\" data-align=\"center\">566<\/td><\/tr><tr><td><strong><a href=\"https:\/\/www.km77.com\/coches\/hyundai\/santa-fe\/2024\/estandar\/informacion\">Hyundai Sanfa Fe<\/a><\/strong><\/td><td class=\"has-text-align-center\" data-align=\"center\">58 020<\/td><td class=\"has-text-align-center\" data-align=\"center\">4,83<\/td><td class=\"has-text-align-center\" data-align=\"center\">78-53<\/td><td class=\"has-text-align-center\" data-align=\"center\">146<\/td><td class=\"has-text-align-center\" data-align=\"center\">99<\/td><td class=\"has-text-align-center\" data-align=\"center\">S\u00ed<\/td><td class=\"has-text-align-center\" data-align=\"center\">47<\/td><td class=\"has-text-align-center\" data-align=\"center\">S\u00ed<\/td><td class=\"has-text-align-center\" data-align=\"center\">628-621<\/td><\/tr><tr><td><strong><a href=\"https:\/\/www.km77.com\/coches\/lexus\/nx\/2022\/estandar\/informacion\">Lexus NX<\/a><\/strong><\/td><td class=\"has-text-align-center\" data-align=\"center\">58 300<\/td><td class=\"has-text-align-center\" data-align=\"center\">4,66<\/td><td class=\"has-text-align-center\" data-align=\"center\">78<\/td><td class=\"has-text-align-center\" data-align=\"center\">138<\/td><td class=\"has-text-align-center\" data-align=\"center\">96<\/td><td class=\"has-text-align-center\" data-align=\"center\">No<\/td><td class=\"has-text-align-center\" data-align=\"center\">35<\/td><td class=\"has-text-align-center\" data-align=\"center\">No<\/td><td class=\"has-text-align-center\" data-align=\"center\">545<\/td><\/tr><\/tbody><\/table><\/figure>\n\n\n\n<p><sub>*Coche con techo solar<br>**Si el banco trasero tiene regulaci\u00f3n longitudinal mostramos el espacio para las piernas m\u00e1ximo y m\u00ednimo<br>***El volumen del maletero var\u00eda en algunos casos en funci\u00f3n de la versi\u00f3n concreta. Publicamos el valor de maletero m\u00e1ximo y m\u00ednimo.<\/sub><\/p>\n\n\n\n<h2 class=\"wp-block-heading\"><strong>Algunas valoraciones basadas en los datos<\/strong><\/h2>\n\n\n\n<p>El <strong>Mazda CX-80<\/strong> es el tiene <strong>m\u00e1s espacio a lo ancho<\/strong> y tambi\u00e9n est\u00e1 muy cerca de los mejores en el resto de las cotas. Es el que tiene la carrocer\u00eda m\u00e1s larga de la comparativa.<\/p>\n\n\n\n<p>El <strong>Nissan X-Trail es un producto muy interesante<\/strong> para cuatro ocupantes (no lo es para cinco porque la segunda fila no tiene mucha anchura entre puertas) <strong>y es el que tiene el precio de adquisici\u00f3n m\u00e1s bajo<\/strong>. Adem\u00e1s, existe la posibilidad de montar una tercera fila de asientos para un total de 7 plazas. Algo parecido ocurre con el <strong>Peugeot 5008<\/strong>, con la ventaja a\u00f1adida de que<strong> <\/strong>ofrece m\u00e1s anchura entre puertas y ello hace que sea m\u00e1s confortable para cinco personas. Adem\u00e1s, tiene el maletero de mayor tama\u00f1o.<\/p>\n\n\n\n<figure class=\"wp-block-image size-large\"><img decoding=\"async\" width=\"1024\" height=\"683\" src=\"https:\/\/www.km77.com\/revista\/wp-content\/uploads\/2025\/03\/nissan-x-trail-1024x683.jpg\" alt=\"Nissan X-Trail\" class=\"wp-image-59349\" srcset=\"https:\/\/www.km77.com\/revista\/wp-content\/uploads\/2025\/03\/nissan-x-trail-1024x683.jpg 1024w, https:\/\/www.km77.com\/revista\/wp-content\/uploads\/2025\/03\/nissan-x-trail-980x653.jpg 980w, https:\/\/www.km77.com\/revista\/wp-content\/uploads\/2025\/03\/nissan-x-trail-480x320.jpg 480w\" sizes=\"(min-width: 0px) and (max-width: 480px) 480px, (min-width: 481px) and (max-width: 980px) 980px, (min-width: 981px) 1024px, 100vw\" \/><figcaption class=\"wp-element-caption\">Nissan X-Trail<\/figcaption><\/figure>\n\n\n\n<p>El <strong>BMW X1<\/strong> sorprende porque tiene un interior <strong>muy bien aprovechado teniendo en cuenta que su la carrocer\u00eda es la de menor longitud de la comparativa<\/strong> (4,5 m). Por lo tanto, permite acceder a un producto de calidad superior a la media sin renunciar a un habit\u00e1culo pr\u00e1ctico. Est\u00e1 lejos de ser de los m\u00e1s caros.<\/p>\n\n\n\n<figure class=\"wp-block-image size-large\"><img decoding=\"async\" width=\"1024\" height=\"683\" src=\"https:\/\/www.km77.com\/revista\/wp-content\/uploads\/2025\/03\/bmw-x1-1024x683.jpg\" alt=\"BMW X1\" class=\"wp-image-59345\" srcset=\"https:\/\/www.km77.com\/revista\/wp-content\/uploads\/2025\/03\/bmw-x1-1024x683.jpg 1024w, https:\/\/www.km77.com\/revista\/wp-content\/uploads\/2025\/03\/bmw-x1-980x653.jpg 980w, https:\/\/www.km77.com\/revista\/wp-content\/uploads\/2025\/03\/bmw-x1-480x320.jpg 480w\" sizes=\"(min-width: 0px) and (max-width: 480px) 480px, (min-width: 481px) and (max-width: 980px) 980px, (min-width: 981px) 1024px, 100vw\" \/><figcaption class=\"wp-element-caption\">BMW X1<\/figcaption><\/figure>\n\n\n\n<p>El <strong>Kia Sorento<\/strong> ofrece, junto con el Subaru Forester, el mayor espacio para las piernas y mucha altura libre al techo, aunque su anchura est\u00e1 en una posici\u00f3n intermedia. Es uno de los pocos que tiene el suelo plano en la zona donde el ocupante central reposa los pies. Es el segundo m\u00e1s largo de la comparativa. El <strong>Hyundai Santa Fe<\/strong> queda muy bien posicionado en todas las dimensiones, incluso es de los mejores por su maletero. <\/p>\n\n\n\n<figure class=\"wp-block-image size-large\"><img decoding=\"async\" width=\"1024\" height=\"684\" src=\"https:\/\/www.km77.com\/revista\/wp-content\/uploads\/2025\/03\/subaru-forester-1-1024x684.jpg\" alt=\"Subaru Forester\" class=\"wp-image-59351\" srcset=\"https:\/\/www.km77.com\/revista\/wp-content\/uploads\/2025\/03\/subaru-forester-1-1024x684.jpg 1024w, https:\/\/www.km77.com\/revista\/wp-content\/uploads\/2025\/03\/subaru-forester-1-980x654.jpg 980w, https:\/\/www.km77.com\/revista\/wp-content\/uploads\/2025\/03\/subaru-forester-1-480x320.jpg 480w\" sizes=\"(min-width: 0px) and (max-width: 480px) 480px, (min-width: 481px) and (max-width: 980px) 980px, (min-width: 981px) 1024px, 100vw\" \/><figcaption class=\"wp-element-caption\">Subaru Forester<\/figcaption><\/figure>\n\n\n\n<p>Casi tan grande por dentro como el Hyundai Santa Fe es el <strong>KGM Rexton<\/strong>, pero con un precio de partida mucho m\u00e1s bajo. El bZ4X podr\u00eda ser un buen coche para cuatro ocupantes porque tiene mucho espacio para las piernas, aunque es el que tiene <strong>el maletero m\u00e1s peque\u00f1o<\/strong> de la comparativa.<\/p>\n\n\n\n<h2 class=\"wp-block-heading\">Los ganadores<\/h2>\n\n\n\n<p>Despu\u00e9s de analizar los datos llega el momento de citar los que, a nuestro juicio son los mejores para cuatro  y cinco ocupantes. <\/p>\n\n\n\n<p><strong>Para cuatro, nos quedamos con el Kia Sorento<\/strong> porque es el que tiene m\u00e1s espacio longitudinal en las plazas posteriores,  y tambi\u00e9n est\u00e1 entre los mejores por anchura y altura al techo. Adem\u00e1s, el piso en esa segunda fila de asientos es plano y su maletero pasa de 600 litros de capacidad. Nuestra segunda elecci\u00f3n ser\u00eda el <strong>Mazda CX-80 de seis plazas<\/strong>; aunque tiene menos espacio para las piernas que el Kia, dispone de dos asientos individuales en la segunda fila que aportan gran comodidad.<\/p>\n\n\n\n<figure class=\"wp-block-image size-large\"><img decoding=\"async\" width=\"1024\" height=\"683\" src=\"https:\/\/www.km77.com\/revista\/wp-content\/uploads\/2025\/03\/kia-sorento-1024x683.jpg\" alt=\"Kia Sorento\" class=\"wp-image-59347\" srcset=\"https:\/\/www.km77.com\/revista\/wp-content\/uploads\/2025\/03\/kia-sorento-1024x683.jpg 1024w, https:\/\/www.km77.com\/revista\/wp-content\/uploads\/2025\/03\/kia-sorento-980x653.jpg 980w, https:\/\/www.km77.com\/revista\/wp-content\/uploads\/2025\/03\/kia-sorento-480x320.jpg 480w\" sizes=\"(min-width: 0px) and (max-width: 480px) 480px, (min-width: 481px) and (max-width: 980px) 980px, (min-width: 981px) 1024px, 100vw\" \/><figcaption class=\"wp-element-caption\">Kia Sorento<\/figcaption><\/figure>\n\n\n\n<p><strong>Para cinco, los dos finalistas son el Hyundai Santa Fe y el Mazda CX-80<\/strong> (en este caso, en su versi\u00f3n de 7 plazas, que tiene tres asientos en la fila intermedia). Este \u00faltimo es el que tiene m\u00e1s anchura entre puertas y, por ello, cinco ocupantes ir\u00e1n muy c\u00f3modos. <strong>Para<\/strong> <strong>nosotros es el mejor para llevar a cinco personas<\/strong>. No obstante, no hay que perder de vista al Hyundai ya que, aunque tiene 3 cent\u00edmetros menos de anchura en la segunda fila, dispone de m\u00e1s altura libre al techo y un piso plano para los pies de los ocupantes, sin olvidar de que su maletero es mayor que el del Mazda.<\/p>\n\n\n\n<figure class=\"wp-block-image size-large\"><img decoding=\"async\" width=\"1024\" height=\"683\" src=\"https:\/\/www.km77.com\/revista\/wp-content\/uploads\/2025\/03\/mazda-cx-80-1024x683.jpg\" alt=\"Mazda CX-80\" class=\"wp-image-59348\" srcset=\"https:\/\/www.km77.com\/revista\/wp-content\/uploads\/2025\/03\/mazda-cx-80-1024x683.jpg 1024w, https:\/\/www.km77.com\/revista\/wp-content\/uploads\/2025\/03\/mazda-cx-80-980x653.jpg 980w, https:\/\/www.km77.com\/revista\/wp-content\/uploads\/2025\/03\/mazda-cx-80-480x320.jpg 480w\" sizes=\"(min-width: 0px) and (max-width: 480px) 480px, (min-width: 481px) and (max-width: 980px) 980px, (min-width: 981px) 1024px, 100vw\" \/><figcaption class=\"wp-element-caption\">Mazda CX-80<\/figcaption><\/figure>\n\n\n\n<p><br><\/p>\n","protected":false},"excerpt":{"rendered":"<p>Seg\u00fan el glosario de km77.com un SUV es un \u00abt\u00e9rmino acu\u00f1ado en el mercado americano para referirse a modelos que tienen mucha similitud por sus proporciones con los veh\u00edculos todoterreno cl\u00e1sicos, mejores aptitudes que estos para circular por carretera y mayores limitaciones para hacerlo fuera de ellas. Su sistema de transmisi\u00f3n carece generalmente de reductora [&hellip;]<\/p>\n","protected":false},"author":52,"featured_media":0,"comment_status":"open","ping_status":"closed","sticky":false,"template":"","format":"standard","meta":{"_et_pb_use_builder":"off","_et_pb_old_content":"","_et_gb_content_width":"","footnotes":""},"categories":[3912],"tags":[],"class_list":["post-58722","post","type-post","status-publish","format-standard","hentry","category-engendro-mecanico"],"yoast_head":"<!-- This site is optimized with the Yoast SEO plugin v27.4 - https:\/\/yoast.com\/product\/yoast-seo-wordpress\/ -->\n<title>Los SUV m\u00e1s amplios para un m\u00e1ximo de 5 personas y que cuestan menos de 60 000 euros - Revista km77<\/title>\n<meta name=\"description\" content=\"Los SUV m\u00e1s amplios para transportar 5 personas y de hasta 60 000 euros. Tabla comparativa de SUV para saber cu\u00e1l es el m\u00e1s amplio.\" \/>\n<meta name=\"robots\" content=\"index, follow, max-snippet:-1, max-image-preview:large, max-video-preview:-1\" \/>\n<link rel=\"canonical\" href=\"https:\/\/www.km77.com\/revista\/engendro-mecanico\/los-suv-mas-amplios-para-hasta-5-personas-y-que-cuestan-menos-de-60-000-euros\/\" \/>\n<meta property=\"og:locale\" content=\"es_ES\" \/>\n<meta property=\"og:type\" content=\"article\" \/>\n<meta property=\"og:title\" content=\"Los SUV m\u00e1s amplios para un m\u00e1ximo de 5 personas y que cuestan menos de 60 000 euros - Revista km77\" \/>\n<meta property=\"og:description\" content=\"Los SUV m\u00e1s amplios para transportar 5 personas y de hasta 60 000 euros. Tabla comparativa de SUV para saber cu\u00e1l es el m\u00e1s amplio.\" \/>\n<meta property=\"og:url\" content=\"https:\/\/www.km77.com\/revista\/engendro-mecanico\/los-suv-mas-amplios-para-hasta-5-personas-y-que-cuestan-menos-de-60-000-euros\/\" \/>\n<meta property=\"og:site_name\" content=\"Revista km77\" \/>\n<meta property=\"article:published_time\" content=\"2025-03-10T13:23:33+00:00\" \/>\n<meta property=\"article:modified_time\" content=\"2025-03-11T07:31:58+00:00\" \/>\n<meta property=\"og:image\" content=\"https:\/\/www.km77.com\/revista\/wp-content\/uploads\/2025\/01\/Toyota-rav4.jpg\" \/>\n\t<meta property=\"og:image:width\" content=\"1200\" \/>\n\t<meta property=\"og:image:height\" content=\"800\" \/>\n\t<meta property=\"og:image:type\" content=\"image\/jpeg\" \/>\n<meta name=\"author\" content=\"E. Calle\" \/>\n<meta name=\"twitter:card\" content=\"summary_large_image\" \/>\n<meta name=\"twitter:label1\" content=\"Escrito por\" \/>\n\t<meta name=\"twitter:data1\" content=\"E. Calle\" \/>\n\t<meta name=\"twitter:label2\" content=\"Tiempo de lectura\" \/>\n\t<meta name=\"twitter:data2\" content=\"8 minutos\" \/>\n<script type=\"application\/ld+json\" class=\"yoast-schema-graph\">{\"@context\":\"https:\\\/\\\/schema.org\",\"@graph\":[{\"@type\":\"Article\",\"@id\":\"https:\\\/\\\/www.km77.com\\\/revista\\\/engendro-mecanico\\\/los-suv-mas-amplios-para-hasta-5-personas-y-que-cuestan-menos-de-60-000-euros\\\/#article\",\"isPartOf\":{\"@id\":\"https:\\\/\\\/www.km77.com\\\/revista\\\/engendro-mecanico\\\/los-suv-mas-amplios-para-hasta-5-personas-y-que-cuestan-menos-de-60-000-euros\\\/\"},\"author\":{\"name\":\"E. Calle\",\"@id\":\"https:\\\/\\\/www.km77.com\\\/revista\\\/#\\\/schema\\\/person\\\/d528ee8d860e406999292e1a36af3bb4\"},\"headline\":\"Los SUV m\u00e1s amplios para un m\u00e1ximo de 5 personas y que cuestan menos de 60 000 euros\",\"datePublished\":\"2025-03-10T13:23:33+00:00\",\"dateModified\":\"2025-03-11T07:31:58+00:00\",\"mainEntityOfPage\":{\"@id\":\"https:\\\/\\\/www.km77.com\\\/revista\\\/engendro-mecanico\\\/los-suv-mas-amplios-para-hasta-5-personas-y-que-cuestan-menos-de-60-000-euros\\\/\"},\"wordCount\":1273,\"commentCount\":10,\"publisher\":{\"@id\":\"https:\\\/\\\/www.km77.com\\\/revista\\\/#organization\"},\"image\":{\"@id\":\"https:\\\/\\\/www.km77.com\\\/revista\\\/engendro-mecanico\\\/los-suv-mas-amplios-para-hasta-5-personas-y-que-cuestan-menos-de-60-000-euros\\\/#primaryimage\"},\"thumbnailUrl\":\"https:\\\/\\\/www.km77.com\\\/revista\\\/wp-content\\\/uploads\\\/2025\\\/01\\\/Toyota-rav4-1024x683.jpg\",\"articleSection\":[\"Engendro Mec\u00e1nico\"],\"inLanguage\":\"es\",\"potentialAction\":[{\"@type\":\"CommentAction\",\"name\":\"Comment\",\"target\":[\"https:\\\/\\\/www.km77.com\\\/revista\\\/engendro-mecanico\\\/los-suv-mas-amplios-para-hasta-5-personas-y-que-cuestan-menos-de-60-000-euros\\\/#respond\"]}]},{\"@type\":\"WebPage\",\"@id\":\"https:\\\/\\\/www.km77.com\\\/revista\\\/engendro-mecanico\\\/los-suv-mas-amplios-para-hasta-5-personas-y-que-cuestan-menos-de-60-000-euros\\\/\",\"url\":\"https:\\\/\\\/www.km77.com\\\/revista\\\/engendro-mecanico\\\/los-suv-mas-amplios-para-hasta-5-personas-y-que-cuestan-menos-de-60-000-euros\\\/\",\"name\":\"Los SUV m\u00e1s amplios para un m\u00e1ximo de 5 personas y que cuestan menos de 60 000 euros - Revista km77\",\"isPartOf\":{\"@id\":\"https:\\\/\\\/www.km77.com\\\/revista\\\/#website\"},\"primaryImageOfPage\":{\"@id\":\"https:\\\/\\\/www.km77.com\\\/revista\\\/engendro-mecanico\\\/los-suv-mas-amplios-para-hasta-5-personas-y-que-cuestan-menos-de-60-000-euros\\\/#primaryimage\"},\"image\":{\"@id\":\"https:\\\/\\\/www.km77.com\\\/revista\\\/engendro-mecanico\\\/los-suv-mas-amplios-para-hasta-5-personas-y-que-cuestan-menos-de-60-000-euros\\\/#primaryimage\"},\"thumbnailUrl\":\"https:\\\/\\\/www.km77.com\\\/revista\\\/wp-content\\\/uploads\\\/2025\\\/01\\\/Toyota-rav4-1024x683.jpg\",\"datePublished\":\"2025-03-10T13:23:33+00:00\",\"dateModified\":\"2025-03-11T07:31:58+00:00\",\"description\":\"Los SUV m\u00e1s amplios para transportar 5 personas y de hasta 60 000 euros. Tabla comparativa de SUV para saber cu\u00e1l es el m\u00e1s amplio.\",\"breadcrumb\":{\"@id\":\"https:\\\/\\\/www.km77.com\\\/revista\\\/engendro-mecanico\\\/los-suv-mas-amplios-para-hasta-5-personas-y-que-cuestan-menos-de-60-000-euros\\\/#breadcrumb\"},\"inLanguage\":\"es\",\"potentialAction\":[{\"@type\":\"ReadAction\",\"target\":[\"https:\\\/\\\/www.km77.com\\\/revista\\\/engendro-mecanico\\\/los-suv-mas-amplios-para-hasta-5-personas-y-que-cuestan-menos-de-60-000-euros\\\/\"]}]},{\"@type\":\"ImageObject\",\"inLanguage\":\"es\",\"@id\":\"https:\\\/\\\/www.km77.com\\\/revista\\\/engendro-mecanico\\\/los-suv-mas-amplios-para-hasta-5-personas-y-que-cuestan-menos-de-60-000-euros\\\/#primaryimage\",\"url\":\"https:\\\/\\\/www.km77.com\\\/revista\\\/wp-content\\\/uploads\\\/2025\\\/01\\\/Toyota-rav4.jpg\",\"contentUrl\":\"https:\\\/\\\/www.km77.com\\\/revista\\\/wp-content\\\/uploads\\\/2025\\\/01\\\/Toyota-rav4.jpg\",\"width\":1200,\"height\":800,\"caption\":\"Toyota RAV4\"},{\"@type\":\"BreadcrumbList\",\"@id\":\"https:\\\/\\\/www.km77.com\\\/revista\\\/engendro-mecanico\\\/los-suv-mas-amplios-para-hasta-5-personas-y-que-cuestan-menos-de-60-000-euros\\\/#breadcrumb\",\"itemListElement\":[{\"@type\":\"ListItem\",\"position\":1,\"name\":\"Revista km77\",\"item\":\"https:\\\/\\\/www.km77.com\\\/revista\\\/\"},{\"@type\":\"ListItem\",\"position\":2,\"name\":\"Engendro Mec\u00e1nico\",\"item\":\"https:\\\/\\\/www.km77.com\\\/revista\\\/engendro-mecanico\\\/\"},{\"@type\":\"ListItem\",\"position\":3,\"name\":\"Los SUV m\u00e1s amplios para un m\u00e1ximo de 5 personas y que cuestan menos de 60 000 euros\"}]},{\"@type\":\"WebSite\",\"@id\":\"https:\\\/\\\/www.km77.com\\\/revista\\\/#website\",\"url\":\"https:\\\/\\\/www.km77.com\\\/revista\\\/\",\"name\":\"Revista km77\",\"description\":\"Revista de km77\",\"publisher\":{\"@id\":\"https:\\\/\\\/www.km77.com\\\/revista\\\/#organization\"},\"potentialAction\":[{\"@type\":\"SearchAction\",\"target\":{\"@type\":\"EntryPoint\",\"urlTemplate\":\"https:\\\/\\\/www.km77.com\\\/revista\\\/?s={search_term_string}\"},\"query-input\":{\"@type\":\"PropertyValueSpecification\",\"valueRequired\":true,\"valueName\":\"search_term_string\"}}],\"inLanguage\":\"es\"},{\"@type\":\"Organization\",\"@id\":\"https:\\\/\\\/www.km77.com\\\/revista\\\/#organization\",\"name\":\"KM77\",\"url\":\"https:\\\/\\\/www.km77.com\\\/revista\\\/\",\"logo\":{\"@type\":\"ImageObject\",\"inLanguage\":\"es\",\"@id\":\"https:\\\/\\\/www.km77.com\\\/revista\\\/#\\\/schema\\\/logo\\\/image\\\/\",\"url\":\"https:\\\/\\\/www.km77.com\\\/revista\\\/wp-content\\\/uploads\\\/2021\\\/02\\\/logo-km77.png\",\"contentUrl\":\"https:\\\/\\\/www.km77.com\\\/revista\\\/wp-content\\\/uploads\\\/2021\\\/02\\\/logo-km77.png\",\"width\":100,\"height\":34,\"caption\":\"KM77\"},\"image\":{\"@id\":\"https:\\\/\\\/www.km77.com\\\/revista\\\/#\\\/schema\\\/logo\\\/image\\\/\"}},{\"@type\":\"Person\",\"@id\":\"https:\\\/\\\/www.km77.com\\\/revista\\\/#\\\/schema\\\/person\\\/d528ee8d860e406999292e1a36af3bb4\",\"name\":\"E. Calle\",\"image\":{\"@type\":\"ImageObject\",\"inLanguage\":\"es\",\"@id\":\"https:\\\/\\\/secure.gravatar.com\\\/avatar\\\/7c902416ced08c25106c4d20a06d79f8e11185c5ce49b0554be653ac67fbb7ec?s=96&d=mm&r=g\",\"url\":\"https:\\\/\\\/secure.gravatar.com\\\/avatar\\\/7c902416ced08c25106c4d20a06d79f8e11185c5ce49b0554be653ac67fbb7ec?s=96&d=mm&r=g\",\"contentUrl\":\"https:\\\/\\\/secure.gravatar.com\\\/avatar\\\/7c902416ced08c25106c4d20a06d79f8e11185c5ce49b0554be653ac67fbb7ec?s=96&d=mm&r=g\",\"caption\":\"E. Calle\"},\"url\":\"https:\\\/\\\/www.km77.com\\\/revista\\\/author\\\/enrique-calle\\\/\"}]}<\/script>\n<!-- \/ Yoast SEO plugin. -->","yoast_head_json":{"title":"Los SUV m\u00e1s amplios para un m\u00e1ximo de 5 personas y que cuestan menos de 60 000 euros - Revista km77","description":"Los SUV m\u00e1s amplios para transportar 5 personas y de hasta 60 000 euros. Tabla comparativa de SUV para saber cu\u00e1l es el m\u00e1s amplio.","robots":{"index":"index","follow":"follow","max-snippet":"max-snippet:-1","max-image-preview":"max-image-preview:large","max-video-preview":"max-video-preview:-1"},"canonical":"https:\/\/www.km77.com\/revista\/engendro-mecanico\/los-suv-mas-amplios-para-hasta-5-personas-y-que-cuestan-menos-de-60-000-euros\/","og_locale":"es_ES","og_type":"article","og_title":"Los SUV m\u00e1s amplios para un m\u00e1ximo de 5 personas y que cuestan menos de 60 000 euros - Revista km77","og_description":"Los SUV m\u00e1s amplios para transportar 5 personas y de hasta 60 000 euros. Tabla comparativa de SUV para saber cu\u00e1l es el m\u00e1s amplio.","og_url":"https:\/\/www.km77.com\/revista\/engendro-mecanico\/los-suv-mas-amplios-para-hasta-5-personas-y-que-cuestan-menos-de-60-000-euros\/","og_site_name":"Revista km77","article_published_time":"2025-03-10T13:23:33+00:00","article_modified_time":"2025-03-11T07:31:58+00:00","og_image":[{"width":1200,"height":800,"url":"https:\/\/www.km77.com\/revista\/wp-content\/uploads\/2025\/01\/Toyota-rav4.jpg","type":"image\/jpeg"}],"author":"E. Calle","twitter_card":"summary_large_image","twitter_misc":{"Escrito por":"E. Calle","Tiempo de lectura":"8 minutos"},"schema":{"@context":"https:\/\/schema.org","@graph":[{"@type":"Article","@id":"https:\/\/www.km77.com\/revista\/engendro-mecanico\/los-suv-mas-amplios-para-hasta-5-personas-y-que-cuestan-menos-de-60-000-euros\/#article","isPartOf":{"@id":"https:\/\/www.km77.com\/revista\/engendro-mecanico\/los-suv-mas-amplios-para-hasta-5-personas-y-que-cuestan-menos-de-60-000-euros\/"},"author":{"name":"E. Calle","@id":"https:\/\/www.km77.com\/revista\/#\/schema\/person\/d528ee8d860e406999292e1a36af3bb4"},"headline":"Los SUV m\u00e1s amplios para un m\u00e1ximo de 5 personas y que cuestan menos de 60 000 euros","datePublished":"2025-03-10T13:23:33+00:00","dateModified":"2025-03-11T07:31:58+00:00","mainEntityOfPage":{"@id":"https:\/\/www.km77.com\/revista\/engendro-mecanico\/los-suv-mas-amplios-para-hasta-5-personas-y-que-cuestan-menos-de-60-000-euros\/"},"wordCount":1273,"commentCount":10,"publisher":{"@id":"https:\/\/www.km77.com\/revista\/#organization"},"image":{"@id":"https:\/\/www.km77.com\/revista\/engendro-mecanico\/los-suv-mas-amplios-para-hasta-5-personas-y-que-cuestan-menos-de-60-000-euros\/#primaryimage"},"thumbnailUrl":"https:\/\/www.km77.com\/revista\/wp-content\/uploads\/2025\/01\/Toyota-rav4-1024x683.jpg","articleSection":["Engendro Mec\u00e1nico"],"inLanguage":"es","potentialAction":[{"@type":"CommentAction","name":"Comment","target":["https:\/\/www.km77.com\/revista\/engendro-mecanico\/los-suv-mas-amplios-para-hasta-5-personas-y-que-cuestan-menos-de-60-000-euros\/#respond"]}]},{"@type":"WebPage","@id":"https:\/\/www.km77.com\/revista\/engendro-mecanico\/los-suv-mas-amplios-para-hasta-5-personas-y-que-cuestan-menos-de-60-000-euros\/","url":"https:\/\/www.km77.com\/revista\/engendro-mecanico\/los-suv-mas-amplios-para-hasta-5-personas-y-que-cuestan-menos-de-60-000-euros\/","name":"Los SUV m\u00e1s amplios para un m\u00e1ximo de 5 personas y que cuestan menos de 60 000 euros - Revista km77","isPartOf":{"@id":"https:\/\/www.km77.com\/revista\/#website"},"primaryImageOfPage":{"@id":"https:\/\/www.km77.com\/revista\/engendro-mecanico\/los-suv-mas-amplios-para-hasta-5-personas-y-que-cuestan-menos-de-60-000-euros\/#primaryimage"},"image":{"@id":"https:\/\/www.km77.com\/revista\/engendro-mecanico\/los-suv-mas-amplios-para-hasta-5-personas-y-que-cuestan-menos-de-60-000-euros\/#primaryimage"},"thumbnailUrl":"https:\/\/www.km77.com\/revista\/wp-content\/uploads\/2025\/01\/Toyota-rav4-1024x683.jpg","datePublished":"2025-03-10T13:23:33+00:00","dateModified":"2025-03-11T07:31:58+00:00","description":"Los SUV m\u00e1s amplios para transportar 5 personas y de hasta 60 000 euros. Tabla comparativa de SUV para saber cu\u00e1l es el m\u00e1s amplio.","breadcrumb":{"@id":"https:\/\/www.km77.com\/revista\/engendro-mecanico\/los-suv-mas-amplios-para-hasta-5-personas-y-que-cuestan-menos-de-60-000-euros\/#breadcrumb"},"inLanguage":"es","potentialAction":[{"@type":"ReadAction","target":["https:\/\/www.km77.com\/revista\/engendro-mecanico\/los-suv-mas-amplios-para-hasta-5-personas-y-que-cuestan-menos-de-60-000-euros\/"]}]},{"@type":"ImageObject","inLanguage":"es","@id":"https:\/\/www.km77.com\/revista\/engendro-mecanico\/los-suv-mas-amplios-para-hasta-5-personas-y-que-cuestan-menos-de-60-000-euros\/#primaryimage","url":"https:\/\/www.km77.com\/revista\/wp-content\/uploads\/2025\/01\/Toyota-rav4.jpg","contentUrl":"https:\/\/www.km77.com\/revista\/wp-content\/uploads\/2025\/01\/Toyota-rav4.jpg","width":1200,"height":800,"caption":"Toyota RAV4"},{"@type":"BreadcrumbList","@id":"https:\/\/www.km77.com\/revista\/engendro-mecanico\/los-suv-mas-amplios-para-hasta-5-personas-y-que-cuestan-menos-de-60-000-euros\/#breadcrumb","itemListElement":[{"@type":"ListItem","position":1,"name":"Revista km77","item":"https:\/\/www.km77.com\/revista\/"},{"@type":"ListItem","position":2,"name":"Engendro Mec\u00e1nico","item":"https:\/\/www.km77.com\/revista\/engendro-mecanico\/"},{"@type":"ListItem","position":3,"name":"Los SUV m\u00e1s amplios para un m\u00e1ximo de 5 personas y que cuestan menos de 60 000 euros"}]},{"@type":"WebSite","@id":"https:\/\/www.km77.com\/revista\/#website","url":"https:\/\/www.km77.com\/revista\/","name":"Revista km77","description":"Revista de km77","publisher":{"@id":"https:\/\/www.km77.com\/revista\/#organization"},"potentialAction":[{"@type":"SearchAction","target":{"@type":"EntryPoint","urlTemplate":"https:\/\/www.km77.com\/revista\/?s={search_term_string}"},"query-input":{"@type":"PropertyValueSpecification","valueRequired":true,"valueName":"search_term_string"}}],"inLanguage":"es"},{"@type":"Organization","@id":"https:\/\/www.km77.com\/revista\/#organization","name":"KM77","url":"https:\/\/www.km77.com\/revista\/","logo":{"@type":"ImageObject","inLanguage":"es","@id":"https:\/\/www.km77.com\/revista\/#\/schema\/logo\/image\/","url":"https:\/\/www.km77.com\/revista\/wp-content\/uploads\/2021\/02\/logo-km77.png","contentUrl":"https:\/\/www.km77.com\/revista\/wp-content\/uploads\/2021\/02\/logo-km77.png","width":100,"height":34,"caption":"KM77"},"image":{"@id":"https:\/\/www.km77.com\/revista\/#\/schema\/logo\/image\/"}},{"@type":"Person","@id":"https:\/\/www.km77.com\/revista\/#\/schema\/person\/d528ee8d860e406999292e1a36af3bb4","name":"E. Calle","image":{"@type":"ImageObject","inLanguage":"es","@id":"https:\/\/secure.gravatar.com\/avatar\/7c902416ced08c25106c4d20a06d79f8e11185c5ce49b0554be653ac67fbb7ec?s=96&d=mm&r=g","url":"https:\/\/secure.gravatar.com\/avatar\/7c902416ced08c25106c4d20a06d79f8e11185c5ce49b0554be653ac67fbb7ec?s=96&d=mm&r=g","contentUrl":"https:\/\/secure.gravatar.com\/avatar\/7c902416ced08c25106c4d20a06d79f8e11185c5ce49b0554be653ac67fbb7ec?s=96&d=mm&r=g","caption":"E. Calle"},"url":"https:\/\/www.km77.com\/revista\/author\/enrique-calle\/"}]}},"amp_enabled":true,"_links":{"self":[{"href":"https:\/\/www.km77.com\/revista\/wp-json\/wp\/v2\/posts\/58722","targetHints":{"allow":["GET"]}}],"collection":[{"href":"https:\/\/www.km77.com\/revista\/wp-json\/wp\/v2\/posts"}],"about":[{"href":"https:\/\/www.km77.com\/revista\/wp-json\/wp\/v2\/types\/post"}],"author":[{"embeddable":true,"href":"https:\/\/www.km77.com\/revista\/wp-json\/wp\/v2\/users\/52"}],"replies":[{"embeddable":true,"href":"https:\/\/www.km77.com\/revista\/wp-json\/wp\/v2\/comments?post=58722"}],"version-history":[{"count":24,"href":"https:\/\/www.km77.com\/revista\/wp-json\/wp\/v2\/posts\/58722\/revisions"}],"predecessor-version":[{"id":59365,"href":"https:\/\/www.km77.com\/revista\/wp-json\/wp\/v2\/posts\/58722\/revisions\/59365"}],"wp:attachment":[{"href":"https:\/\/www.km77.com\/revista\/wp-json\/wp\/v2\/media?parent=58722"}],"wp:term":[{"taxonomy":"category","embeddable":true,"href":"https:\/\/www.km77.com\/revista\/wp-json\/wp\/v2\/categories?post=58722"},{"taxonomy":"post_tag","embeddable":true,"href":"https:\/\/www.km77.com\/revista\/wp-json\/wp\/v2\/tags?post=58722"}],"curies":[{"name":"wp","href":"https:\/\/api.w.org\/{rel}","templated":true}]}}