{"id":5297,"date":"2013-05-03T10:12:11","date_gmt":"2013-05-03T08:12:11","guid":{"rendered":"http:\/\/blogs.km77.com\/arturoandres\/?p=5297"},"modified":"2021-03-31T20:03:51","modified_gmt":"2021-03-31T18:03:51","slug":"prueba-de-consumo-117-bmw-116d-ed-116-cv","status":"publish","type":"post","link":"https:\/\/www.km77.com\/revista\/curvas-enlazadas\/prueba-de-consumo-117-bmw-116d-ed-116-cv\/","title":{"rendered":"Prueba de consumo (117): BMW 116d ED 116 CV"},"content":{"rendered":"<p>En cuanto tuve conocimiento del lanzamiento de la nueva versi\u00f3n de un <strong>BMW Efficient Dynamics<\/strong> me pic\u00f3 la curiosidad de comprobar si el nuevo miembro de la familia, m\u00e1s compacto, ligero y con menor cilindrada, ser\u00eda capaz de destronar al patriarca de la familia, el 320d ED 2.0 de 163 CV. El cual, por dos veces y en dos generaciones sucesivas, con cambio mec\u00e1nico en un caso y autom\u00e1tico de ocho marchas en el otro, pero siempre con el mismo motor, ha marcado unos resultados que dejan pero que muy en evidencia a otros productos pertenecientes a segmentos m\u00e1s humildes y que se presentan como los paladines a ultranza de la econom\u00eda de consumo.<\/p>\n<p><!--more--><\/p>\n<p>Y la \u00fanica manera de satisfacer esa curiosidad, evidentemente, era la de someter a prueba al reci\u00e9n llegado; as\u00ed que, tras de los habituales tira y afloja en cuanto a fechas y disponibilidad de la unidad de pruebas, finalmente pude ponerme al volante del nuevo y flamante 116d ED, con su motor 1.6d de 116 CV (coinciden potencia y denominaci\u00f3n, no s\u00e9 si por casualidad o es buscado adrede, pero tampoco importa demasiado). La unidad de pruebas era la versi\u00f3n de carrocer\u00eda de tres puertas, puesto que tambi\u00e9n existe el ED en la de cinco; siempre en carrocer\u00eda hatchback de la Serie 1, puesto que aunque el Coup\u00e9 es muy parecido al de tres puertas, en esta carrocer\u00eda m\u00e1s deportiva y \u201cpintona\u201d no existe como ED.<\/p>\n<p><img decoding=\"async\" class=\"aligncenter size-full wp-image-5298\" alt=\"Prueba BMW 116d ED 116 CV\" src=\"https:\/\/www.km77.com\/revista\/wp-content\/files\/2013\/05\/BMW-116-ED_02.jpg\" width=\"700\" height=\"525\" \/><\/p>\n<p>El planteamiento para sacar un Efficient Dynamics en la Serie 1 ha sido relativamente sencillo: se coge una carrocer\u00eda hatchback de dicha Serie 1 (de 3 o 5 puertas, como ya se acaba de decir), se le adapta en posici\u00f3n longitudinal el motor 1.6d ya bien conocido en los Mini -One y Cooper-, se acopla un cambio de seis marchas con las relaciones y el grupo final adecuados, y se completa la faena a\u00f1adiendo buena parte si no todas, de las optimizaciones ya experimentadas en el 320d ED, y que tan buenos resultados vienen dando desde hace tres a\u00f1os.<\/p>\n<p><img decoding=\"async\" class=\"aligncenter size-full wp-image-5299\" alt=\"Prueba BMW 116d ED 116 CV\" src=\"https:\/\/www.km77.com\/revista\/wp-content\/files\/2013\/05\/BMW-116-ED_06.jpg\" width=\"700\" height=\"525\" \/><\/p>\n<p>En principio se cuenta con un dato a favor: un peso oficial de 115 kilos menos, tanto respecto al de la generaci\u00f3n antigua como al de la actual con cambio manual, y una secci\u00f3n frontal que es el 94% de la correspondiente al ED de la Serie 3. En cuanto al calzado, ambos llevan secci\u00f3n de goma 205, si bien con perfil 55 en el 116d frente a 60 en el 320d; pero a efectos pr\u00e1cticos da igual. Ahora bien, el reci\u00e9n llegado, m\u00e1s corto y rechoncho de carrocer\u00eda, tiene un Cx 0,30, que no est\u00e1 nada mal; pero es que el hermano mayor disfruta de un 0,26, que es el 87% del anterior, por lo que su producto S.Cx se queda en el 92,5% del coche peque\u00f1o. \u00bfSe compensa la aerodin\u00e1mica con el peso?; ya lo veremos, pero de momento, vamos con la ficha t\u00e9cnica:<\/p>\n<table width=\"700\" border=\"1\">\n<tbody>\n<tr>\n<td>\n<div align=\"left\">\n<p><strong><span style=\"text-decoration: underline\">BMW 116d ED<\/span>:<br \/>\n<\/strong><br \/>\n<strong> Motor: 1.598 cc; 116 CV a 4.000 rpm; 26,5 m.kg de 1.750 a 2.500 rpm. <\/strong><\/p>\n<p><strong>Transmisi\u00f3n: Caja de seis marchas, con 61,2 km\/h a 1.000 rpm en 6\u00aa.<\/strong><\/p>\n<p><strong> Neum\u00e1ticos: 205\/55-16, de baja resistencia a la rodadura. <\/strong><\/p>\n<p><strong>Cotas: (longitud\/anchura\/altura): 4,32\/1,77\/1,41 metros. <\/strong><\/p>\n<p><strong>Peso (sin conductor, con dep\u00f3sito lleno): 1.305 kg. <\/strong><\/p>\n<p><strong>Velocidad m\u00e1xima: 195 km\/h. <\/strong><\/p>\n<p><strong>Consumo extra-urbano: 3,4 l\/100 km. <\/strong><\/p>\n<p><strong>Emisi\u00f3n ponderada de CO2: 99 g\/km.<\/strong><\/p>\n<\/div>\n<\/td>\n<\/tr>\n<\/tbody>\n<\/table>\n<p><img decoding=\"async\" class=\"aligncenter size-full wp-image-5302\" alt=\"Prueba BMW 116d ED 116 CV\" src=\"https:\/\/www.km77.com\/revista\/wp-content\/files\/2013\/05\/BMW-116-ED_04.jpg\" width=\"700\" height=\"525\" \/><\/p>\n<p>Como ya se ha dicho antes, el motor es el turbodi\u00e9sel 1.6 utilizado en los Mini, que a su vez ya se ha distanciado del que monta el grupo <strong>PSA<\/strong>, puesto que BMW mantiene la culata doble \u00e1rbol, las 16 v\u00e1lvulas y las cotas que dan lugar a la cilindrada 1.598 cc. Su supone que la versi\u00f3n de la que se parte es la Cooper, que en el Mini rinde 112 CV a 4.000 rpm, que son 4 CV menos que en el 116d; puestos a elucubrar, se podr\u00eda achacar esta mejora a un dise\u00f1o m\u00e1s desahogado del colector de escape, y del escape en general, al alojarse en un vano motor y una carrocer\u00eda menos constre\u00f1idos en tama\u00f1o que en el muy compacto Mini.<\/p>\n<p>Ahora bien, lo que ya no cuadra es que, si el motor respira mejor, tenga menos par m\u00e1ximo; y es que, en efecto, el <strong>Mini Cooper-D<\/strong> disfruta de 27,5 mkg desde 1.750 rpm (mismo r\u00e9gimen de inicio de la meseta) hasta 2.250 rpm (250 rpm antes que en el 116d, tal vez porque el soplado m\u00e1ximo de los gases de escape ya est\u00e1 empezando a agotarse). Esto puede parecer extra\u00f1o, pero la explicaci\u00f3n muy bien podr\u00eda ser de lo m\u00e1s simple: para convertirlo en un propulsor Efficient Dynamics, a la gesti\u00f3n de inyecci\u00f3n se le ha recortado el volumen de gas\u00f3leo inyectado en la zona de par m\u00e1ximo, para controlar el consumo en esa zona del r\u00e9gimen donde incluso el conductor que maneja en plan econ\u00f3mico puede y suele pisar a fondo para ahorrarse una reducci\u00f3n en el cambio de marchas.<\/p>\n<p><img decoding=\"async\" class=\"aligncenter size-full wp-image-5303\" alt=\"Prueba BMW 116d ED 116 CV\" src=\"https:\/\/www.km77.com\/revista\/wp-content\/files\/2013\/05\/BMW-116-ED_07.jpg\" width=\"700\" height=\"525\" \/><\/p>\n<p>Al fin y al cabo, el rival m\u00e1s directo \u2013y ya se sabe c\u00f3mo se toman de en serio las marcas alemanas estas rivalidades- es el 1.6-TDI del grupo <strong>VAG<\/strong>, que se conforma con 105 CV y 25,5 mkg de par m\u00e1ximo. Ya se ha anunciado una variante de 110 CV para el inminente <strong>Golf BlueMotion<\/strong> \u2013curioso que en este caso el motor econ\u00f3mico sea m\u00e1s potente que el otro-, pero no se ha dado ning\u00fan dato respecto a su par m\u00e1ximo, as\u00ed que supongamos que sigue igual. En cualquier caso, en BMW habr\u00e1n pensado que con un cambio de seis marchas y 26,5 mkg de par m\u00e1ximo hay empuje suficiente para mover con decoro al coche, y esto es lo que hay.<\/p>\n<p><img decoding=\"async\" class=\"aligncenter size-full wp-image-5304\" alt=\"Prueba BMW 116d ED 116 CV\" src=\"https:\/\/www.km77.com\/revista\/wp-content\/files\/2013\/05\/BMW-116-ED_01.jpg\" width=\"700\" height=\"525\" \/><\/p>\n<p>La inyecci\u00f3n se mantiene en 1.600 bar, que actualmente es una presi\u00f3n normal, pues ya hay bastantes common-rail que superan dicha cifra e incluso algunas flirtean con los 2.000 bar. Pero lo m\u00e1s interesante son las optimizaciones, al margen de las ya habituales del <strong>Start\/Stop<\/strong> y el alternador inteligente. Tenemos una bomba de aceite de caudal variable, y el resto de los perif\u00e9ricos (bomba de agua en particular) trabajan seg\u00fan el concepto \u201con demand\u201d, es decir, seg\u00fan lo que haga falta. El compresor del aire acondicionado, en particular, es totalmente desacoplable cuando no est\u00e1 en funcionamiento, ya que su arrastre es el\u00e9ctrico. Pero de lo que no se habla en el caso del 116d ED es de persianas m\u00f3viles para el radiador, lo cual tiene una influencia nada despreciable en el Cx, una vez con el coche en marcha y cuando el clima est\u00e1 fresquito y no hay una demanda excesiva de potencia. Por supuesto, la direcci\u00f3n el\u00e9ctrica EPS tambi\u00e9n colabora, pero actualmente esto ya es moneda corriente.<\/p>\n<p><img decoding=\"async\" class=\"aligncenter size-full wp-image-5305\" alt=\"Prueba BMW 116d ED 116 CV\" src=\"https:\/\/www.km77.com\/revista\/wp-content\/files\/2013\/05\/BMW-116-ED_09.jpg\" width=\"467\" height=\"700\" \/><\/p>\n<p>En lo que no se ha escatimado es en cuesti\u00f3n de desarrollos en la transmisi\u00f3n: la 6\u00aa se va nada menos que a m\u00e1s de 61 km\/h, que es mucho para un motor 1.6, con menos de 120 CV y de 27 mkg de par m\u00e1ximo. Pero para eso hay seis marchas; cuando la 6\u00aa no puede, por debajo tenemos una 5\u00aa que supera ligeramente los 50 km\/h, e incluso una 4\u00aa de casi 40 km\/h. Y al final lo que cuenta es el resultado global de la utilizaci\u00f3n, del cual vamos a hablar a continuaci\u00f3n:<\/p>\n<table width=\"700\" border=\"1\">\n<tbody>\n<tr>\n<td>\n<div align=\"left\"><strong><span style=\"text-decoration: underline\">BMW 116d ED 116 CV<\/span>:<\/strong><\/div>\n<div align=\"left\"><\/div>\n<div align=\"left\"><strong>Consumo: 5,15 l\/100 km. <\/strong><\/div>\n<div align=\"left\"><\/div>\n<div align=\"left\"><strong>Promedio: 107,2 km\/h.<\/strong><\/div>\n<\/td>\n<\/tr>\n<\/tbody>\n<\/table>\n<p><img decoding=\"async\" class=\"aligncenter size-full wp-image-5306\" alt=\"Prueba BMW 116d ED 116 CV\" src=\"https:\/\/www.km77.com\/revista\/wp-content\/files\/2013\/05\/BMW-116-ED_03.jpg\" width=\"700\" height=\"525\" \/><\/p>\n<p>Y este resultado no est\u00e1 pero que nada mal, sobre todo para un coche que por tama\u00f1o es del segmento C, pero que por su estructura cl\u00e1sica y peso m\u00e1s bien corresponde a un segmento D compacto. Pues bien, y al margen de sus dos hermanos mayores, los 320d ED, con sus 5,03 l\/100 km del ya antiguo con cambio manual, y 5,09 del actual con caja autom\u00e1tica, los \u00fanicos turbodi\u00e9sel que le mejoran son los <strong>Octavia GreenLine<\/strong> y <strong>Toledo<\/strong> IV, ambos con 5,08 l\/100 km y el motor 1.6-TDI, el <strong>Fiesta ECOnectic<\/strong> probado hace poco, con la versi\u00f3n mono\u00e1rbol de este motor, turbo fijo y 95 CV (5,11 l\/100 km), y el Polo BlueMotion, con el econ\u00f3mico pero poco potente tricil\u00edndrico 1.2 de 75 CV (5,14). Por detr\u00e1s de nuestro 116d ED quedan, en un estrecho margen que va de 5,17 a 5,19 l\/100 km, otros tres segmento B optimizados, y finalmente aparece el otro \u201ccoco\u201d de la econom\u00eda (junto al 320d ED), que es el actual VW <strong>Passat BlueMotion<\/strong>, tambi\u00e9n con el motor 1.6-TDI de 105 CV, que ya se bebi\u00f3 gas\u00f3leo a raz\u00f3n de 5,25 l\/100 km.<\/p>\n<p>Una conclusi\u00f3n, anecd\u00f3tica si se quiere, pero que tiene su inter\u00e9s es que, aunque por poco, finalmente el 116d no ha podido con el 320d, al menos en una prueba de carretera y viajando a buen ritmo, aunque con conducci\u00f3n cuidadosa y econ\u00f3mica en ambos casos; digamos al respecto que el tiempo obtenido por el 116d corresponde a 4h 42m, que est\u00e1 en la frontera justa entre los tiempos normales buenos y los que empiezan a ser ya muy buenos. No est\u00e1 nada mal para 116 CV y un desarrollo tan largo; pero el buen comportamiento del bastidor BMW, en un d\u00eda de buen tr\u00e1fico y con pavimento seco, permiti\u00f3 conducirlo con la soltura que estos coches parecen estar pidiendo, al menos cuando las condiciones son las que se acaban de indicar.<\/p>\n<p><img decoding=\"async\" class=\"aligncenter size-full wp-image-5308\" alt=\"Prueba BMW 116d ED 116 CV\" src=\"https:\/\/www.km77.com\/revista\/wp-content\/files\/2013\/05\/BMW-116-ED_08.jpg\" width=\"700\" height=\"410\" \/><\/p>\n<p>Otro podr\u00eda ser el resultado en una utilizaci\u00f3n m\u00e1s suave en cuanto a las velocidades de crucero, o en tr\u00e1fico urbano y metropolitano, con promedio m\u00e1s bajo y muchas m\u00e1s aceleraciones y paradas, donde el peso cuenta m\u00e1s, y la aerodin\u00e1mica menos. Pero nuestra prueba es la que es, la de un viaje en carretera muy variada, a buen ritmo pero procurando optimizar el balance entre consumo y promedio. No obstante, todav\u00eda hay otra comparaci\u00f3n que tiene inter\u00e9s, por el doble morbo de ser una pelea dentro de casa, y porque demuestra la importancia tanto de la aerodin\u00e1mica como tambi\u00e9n del influjo de las optimizaciones cuando se hacen en serio. Se trata de los consumos de un par de Mini, en ambos casos con la variante de 90 CV y turbo fijo que se monta en los One-D y Clubman One-D, que consumieron a raz\u00f3n de 5,56 y 5,81 l\/100 km, con unos tiempos de 4h 43m y 4h 44m respectivamente. Es decir, del orden de medio litro m\u00e1s que el 116d, en el promedio de ambos, y yendo un poco m\u00e1s despacio.<\/p>\n<p><img decoding=\"async\" class=\"aligncenter size-full wp-image-5307\" alt=\"Prueba BMW 116d ED 116 CV\" src=\"https:\/\/www.km77.com\/revista\/wp-content\/files\/2013\/05\/BMW-116-ED_05.jpg\" width=\"700\" height=\"525\" \/><\/p>\n<p>Es evidente que la aerodin\u00e1mica real, y la suma de peque\u00f1os detalles, dan lugar a mejoras que ya no son tan peque\u00f1as; y a este respecto, no hay que ignorar el doble aspecto de los neum\u00e1ticos: nuestro coche se conforma con una secci\u00f3n 205, y los neum\u00e1ticos son los Michelin Energy Saver de \u00faltima generaci\u00f3n, y con esa carcasa espec\u00edfica marcada con una estrella, que Michelin le hace especialmente a BMW para adecuar el comportamiento del neum\u00e1tico a la especial idiosincrasia de la propulsi\u00f3n trasera.<\/p>\n<p>Digamos finalmente, aunque esto tenga poco que ver con todo lo anterior, que el incremento de nada menos que 1.400 euros, sobre los 25.200 que cuesta el 3 puertas que hemos probado, para pasar a la carrocer\u00eda de 5 puertas, parece un tanto desmesurado. El coche, puertas al margen, es exactamente el mismo, y el aumento supone casi un 5,6% sobre el precio total del coche, s\u00f3lo por a\u00f1adirle dos puertas, no por hacerlo m\u00e1s grande.<\/p>\n","protected":false},"excerpt":{"rendered":"<p>En cuanto tuve conocimiento del lanzamiento de la nueva versi\u00f3n de un BMW Efficient Dynamics me pic\u00f3 la curiosidad de comprobar si el nuevo miembro de la familia, m\u00e1s compacto, ligero y con menor cilindrada, ser\u00eda capaz de destronar al patriarca de la familia, el 320d ED 2.0 de 163 CV. El cual, por dos [&hellip;]<\/p>\n","protected":false},"author":46,"featured_media":5298,"comment_status":"open","ping_status":"closed","sticky":false,"template":"","format":"standard","meta":{"_et_pb_use_builder":"","_et_pb_old_content":"","_et_gb_content_width":"","footnotes":""},"categories":[3910],"tags":[11395,10970,11421,11417,10971,4488,10972,6535,4489,2471,11440,4496,4025,6570],"class_list":["post-5297","post","type-post","status-publish","format-standard","has-post-thumbnail","hentry","category-curvas-enlazadas","tag-bmw-pruebas-de-consumo","tag-bmw-efficient-dynamics","tag-coche","tag-consumo-2","tag-fiesta-econectic","tag-golf-bluemotion","tag-mini-cooper-d","tag-octavia-greenline","tag-passat-bluemotion","tag-psa","tag-serie-1","tag-startstop","tag-toledo","tag-vag"],"yoast_head":"<!-- This site is optimized with the Yoast SEO plugin v27.4 - https:\/\/yoast.com\/product\/yoast-seo-wordpress\/ -->\n<title>Prueba de consumo (117): BMW 116d ED 116 CV - Revista km77<\/title>\n<meta name=\"robots\" content=\"index, follow, max-snippet:-1, max-image-preview:large, max-video-preview:-1\" \/>\n<link rel=\"canonical\" href=\"https:\/\/www.km77.com\/revista\/curvas-enlazadas\/prueba-de-consumo-117-bmw-116d-ed-116-cv\/\" \/>\n<meta property=\"og:locale\" content=\"es_ES\" \/>\n<meta property=\"og:type\" content=\"article\" \/>\n<meta property=\"og:title\" content=\"Prueba de consumo (117): BMW 116d ED 116 CV - Revista km77\" \/>\n<meta property=\"og:description\" content=\"En cuanto tuve conocimiento del lanzamiento de la nueva versi\u00f3n de un BMW Efficient Dynamics me pic\u00f3 la curiosidad de comprobar si el nuevo miembro de la familia, m\u00e1s compacto, ligero y con menor cilindrada, ser\u00eda capaz de destronar al patriarca de la familia, el 320d ED 2.0 de 163 CV. El cual, por dos [&hellip;]\" \/>\n<meta property=\"og:url\" content=\"https:\/\/www.km77.com\/revista\/curvas-enlazadas\/prueba-de-consumo-117-bmw-116d-ed-116-cv\/\" \/>\n<meta property=\"og:site_name\" content=\"Revista km77\" \/>\n<meta property=\"article:published_time\" content=\"2013-05-03T08:12:11+00:00\" \/>\n<meta property=\"article:modified_time\" content=\"2021-03-31T18:03:51+00:00\" \/>\n<meta property=\"og:image\" content=\"https:\/\/www.km77.com\/revista\/wp-content\/uploads\/2014\/07\/Ambience.jpg\" \/>\n\t<meta property=\"og:image:width\" content=\"700\" \/>\n\t<meta property=\"og:image:height\" content=\"374\" \/>\n\t<meta property=\"og:image:type\" content=\"image\/jpeg\" \/>\n<meta name=\"author\" content=\"A. de A.\" \/>\n<meta name=\"twitter:card\" content=\"summary_large_image\" \/>\n<meta name=\"twitter:label1\" content=\"Escrito por\" \/>\n\t<meta name=\"twitter:data1\" content=\"A. de A.\" \/>\n\t<meta name=\"twitter:label2\" content=\"Tiempo de lectura\" \/>\n\t<meta name=\"twitter:data2\" content=\"10 minutos\" \/>\n<script type=\"application\/ld+json\" class=\"yoast-schema-graph\">{\"@context\":\"https:\\\/\\\/schema.org\",\"@graph\":[{\"@type\":\"Article\",\"@id\":\"https:\\\/\\\/www.km77.com\\\/revista\\\/curvas-enlazadas\\\/prueba-de-consumo-117-bmw-116d-ed-116-cv\\\/#article\",\"isPartOf\":{\"@id\":\"https:\\\/\\\/www.km77.com\\\/revista\\\/curvas-enlazadas\\\/prueba-de-consumo-117-bmw-116d-ed-116-cv\\\/\"},\"author\":{\"name\":\"A. de A.\",\"@id\":\"https:\\\/\\\/www.km77.com\\\/revista\\\/#\\\/schema\\\/person\\\/9528542f10577efe637078df52f3a1ea\"},\"headline\":\"Prueba de consumo (117): BMW 116d ED 116 CV\",\"datePublished\":\"2013-05-03T08:12:11+00:00\",\"dateModified\":\"2021-03-31T18:03:51+00:00\",\"mainEntityOfPage\":{\"@id\":\"https:\\\/\\\/www.km77.com\\\/revista\\\/curvas-enlazadas\\\/prueba-de-consumo-117-bmw-116d-ed-116-cv\\\/\"},\"wordCount\":1952,\"commentCount\":48,\"publisher\":{\"@id\":\"https:\\\/\\\/www.km77.com\\\/revista\\\/#organization\"},\"image\":{\"@id\":\"https:\\\/\\\/www.km77.com\\\/revista\\\/curvas-enlazadas\\\/prueba-de-consumo-117-bmw-116d-ed-116-cv\\\/#primaryimage\"},\"thumbnailUrl\":\"https:\\\/\\\/www.km77.com\\\/revista\\\/wp-content\\\/uploads\\\/2014\\\/07\\\/Ambience.jpg\",\"keywords\":[\"BMW\",\"BMW Efficient Dynamics\",\"coche\",\"Consumo\",\"Fiesta ECOnectic\",\"Golf BlueMotion\",\"Mini Cooper-D\",\"Octavia GreenLine\",\"Passat BlueMotion\",\"PSA\",\"Serie 1\",\"start&amp;stop\",\"toledo\",\"VAG\"],\"articleSection\":[\"Curvas Enlazadas\"],\"inLanguage\":\"es\",\"potentialAction\":[{\"@type\":\"CommentAction\",\"name\":\"Comment\",\"target\":[\"https:\\\/\\\/www.km77.com\\\/revista\\\/curvas-enlazadas\\\/prueba-de-consumo-117-bmw-116d-ed-116-cv\\\/#respond\"]}]},{\"@type\":\"WebPage\",\"@id\":\"https:\\\/\\\/www.km77.com\\\/revista\\\/curvas-enlazadas\\\/prueba-de-consumo-117-bmw-116d-ed-116-cv\\\/\",\"url\":\"https:\\\/\\\/www.km77.com\\\/revista\\\/curvas-enlazadas\\\/prueba-de-consumo-117-bmw-116d-ed-116-cv\\\/\",\"name\":\"Prueba de consumo (117): BMW 116d ED 116 CV - Revista km77\",\"isPartOf\":{\"@id\":\"https:\\\/\\\/www.km77.com\\\/revista\\\/#website\"},\"primaryImageOfPage\":{\"@id\":\"https:\\\/\\\/www.km77.com\\\/revista\\\/curvas-enlazadas\\\/prueba-de-consumo-117-bmw-116d-ed-116-cv\\\/#primaryimage\"},\"image\":{\"@id\":\"https:\\\/\\\/www.km77.com\\\/revista\\\/curvas-enlazadas\\\/prueba-de-consumo-117-bmw-116d-ed-116-cv\\\/#primaryimage\"},\"thumbnailUrl\":\"https:\\\/\\\/www.km77.com\\\/revista\\\/wp-content\\\/uploads\\\/2014\\\/07\\\/Ambience.jpg\",\"datePublished\":\"2013-05-03T08:12:11+00:00\",\"dateModified\":\"2021-03-31T18:03:51+00:00\",\"breadcrumb\":{\"@id\":\"https:\\\/\\\/www.km77.com\\\/revista\\\/curvas-enlazadas\\\/prueba-de-consumo-117-bmw-116d-ed-116-cv\\\/#breadcrumb\"},\"inLanguage\":\"es\",\"potentialAction\":[{\"@type\":\"ReadAction\",\"target\":[\"https:\\\/\\\/www.km77.com\\\/revista\\\/curvas-enlazadas\\\/prueba-de-consumo-117-bmw-116d-ed-116-cv\\\/\"]}]},{\"@type\":\"ImageObject\",\"inLanguage\":\"es\",\"@id\":\"https:\\\/\\\/www.km77.com\\\/revista\\\/curvas-enlazadas\\\/prueba-de-consumo-117-bmw-116d-ed-116-cv\\\/#primaryimage\",\"url\":\"https:\\\/\\\/www.km77.com\\\/revista\\\/wp-content\\\/uploads\\\/2014\\\/07\\\/Ambience.jpg\",\"contentUrl\":\"https:\\\/\\\/www.km77.com\\\/revista\\\/wp-content\\\/uploads\\\/2014\\\/07\\\/Ambience.jpg\",\"width\":700,\"height\":374,\"caption\":\"Sede de BMW en Italia. Las marcas alemanas no tienen rival alineando coches. Precisi\u00f3n germ\u00e1nica\"},{\"@type\":\"BreadcrumbList\",\"@id\":\"https:\\\/\\\/www.km77.com\\\/revista\\\/curvas-enlazadas\\\/prueba-de-consumo-117-bmw-116d-ed-116-cv\\\/#breadcrumb\",\"itemListElement\":[{\"@type\":\"ListItem\",\"position\":1,\"name\":\"Revista km77\",\"item\":\"https:\\\/\\\/www.km77.com\\\/revista\\\/\"},{\"@type\":\"ListItem\",\"position\":2,\"name\":\"Curvas Enlazadas\",\"item\":\"https:\\\/\\\/www.km77.com\\\/revista\\\/curvas-enlazadas\\\/\"},{\"@type\":\"ListItem\",\"position\":3,\"name\":\"Prueba de consumo (117): BMW 116d ED 116 CV\"}]},{\"@type\":\"WebSite\",\"@id\":\"https:\\\/\\\/www.km77.com\\\/revista\\\/#website\",\"url\":\"https:\\\/\\\/www.km77.com\\\/revista\\\/\",\"name\":\"Revista km77\",\"description\":\"Revista de km77\",\"publisher\":{\"@id\":\"https:\\\/\\\/www.km77.com\\\/revista\\\/#organization\"},\"potentialAction\":[{\"@type\":\"SearchAction\",\"target\":{\"@type\":\"EntryPoint\",\"urlTemplate\":\"https:\\\/\\\/www.km77.com\\\/revista\\\/?s={search_term_string}\"},\"query-input\":{\"@type\":\"PropertyValueSpecification\",\"valueRequired\":true,\"valueName\":\"search_term_string\"}}],\"inLanguage\":\"es\"},{\"@type\":\"Organization\",\"@id\":\"https:\\\/\\\/www.km77.com\\\/revista\\\/#organization\",\"name\":\"KM77\",\"url\":\"https:\\\/\\\/www.km77.com\\\/revista\\\/\",\"logo\":{\"@type\":\"ImageObject\",\"inLanguage\":\"es\",\"@id\":\"https:\\\/\\\/www.km77.com\\\/revista\\\/#\\\/schema\\\/logo\\\/image\\\/\",\"url\":\"https:\\\/\\\/www.km77.com\\\/revista\\\/wp-content\\\/uploads\\\/2021\\\/02\\\/logo-km77.png\",\"contentUrl\":\"https:\\\/\\\/www.km77.com\\\/revista\\\/wp-content\\\/uploads\\\/2021\\\/02\\\/logo-km77.png\",\"width\":100,\"height\":34,\"caption\":\"KM77\"},\"image\":{\"@id\":\"https:\\\/\\\/www.km77.com\\\/revista\\\/#\\\/schema\\\/logo\\\/image\\\/\"}},{\"@type\":\"Person\",\"@id\":\"https:\\\/\\\/www.km77.com\\\/revista\\\/#\\\/schema\\\/person\\\/9528542f10577efe637078df52f3a1ea\",\"name\":\"A. de A.\",\"image\":{\"@type\":\"ImageObject\",\"inLanguage\":\"es\",\"@id\":\"https:\\\/\\\/www.km77.com\\\/revista\\\/wp-content\\\/uploads\\\/2021\\\/03\\\/arturo_andres_curvasenlazadas-150x111.jpg\",\"url\":\"https:\\\/\\\/www.km77.com\\\/revista\\\/wp-content\\\/uploads\\\/2021\\\/03\\\/arturo_andres_curvasenlazadas-150x111.jpg\",\"contentUrl\":\"https:\\\/\\\/www.km77.com\\\/revista\\\/wp-content\\\/uploads\\\/2021\\\/03\\\/arturo_andres_curvasenlazadas-150x111.jpg\",\"caption\":\"A. de A.\"},\"description\":\"Probablemente el m\u00e1s veterano de los periodistas del motor que sigue \u201cactivamente activo\u201d. Al margen de divulgaci\u00f3n t\u00e9cnica, llevar algunos \u201cConsultorios del lector\u201d y otros temas variados, su especialidad -desde Navidades de 1965- viene siendo las pruebas de coches, centr\u00e1ndose muy espec\u00edficamente en el control del consumo. Para lo cual ha ido dejando \u201cen herencia\u201d en las diversas publicaciones en las que ha colaborado diversos recorridos fijos, que permitan la comparaci\u00f3n de resultados en igualdad de condiciones.\",\"url\":\"https:\\\/\\\/www.km77.com\\\/revista\\\/author\\\/arturoandres\\\/\"}]}<\/script>\n<!-- \/ Yoast SEO plugin. -->","yoast_head_json":{"title":"Prueba de consumo (117): BMW 116d ED 116 CV - Revista km77","robots":{"index":"index","follow":"follow","max-snippet":"max-snippet:-1","max-image-preview":"max-image-preview:large","max-video-preview":"max-video-preview:-1"},"canonical":"https:\/\/www.km77.com\/revista\/curvas-enlazadas\/prueba-de-consumo-117-bmw-116d-ed-116-cv\/","og_locale":"es_ES","og_type":"article","og_title":"Prueba de consumo (117): BMW 116d ED 116 CV - Revista km77","og_description":"En cuanto tuve conocimiento del lanzamiento de la nueva versi\u00f3n de un BMW Efficient Dynamics me pic\u00f3 la curiosidad de comprobar si el nuevo miembro de la familia, m\u00e1s compacto, ligero y con menor cilindrada, ser\u00eda capaz de destronar al patriarca de la familia, el 320d ED 2.0 de 163 CV. El cual, por dos [&hellip;]","og_url":"https:\/\/www.km77.com\/revista\/curvas-enlazadas\/prueba-de-consumo-117-bmw-116d-ed-116-cv\/","og_site_name":"Revista km77","article_published_time":"2013-05-03T08:12:11+00:00","article_modified_time":"2021-03-31T18:03:51+00:00","og_image":[{"width":700,"height":374,"url":"https:\/\/www.km77.com\/revista\/wp-content\/uploads\/2014\/07\/Ambience.jpg","type":"image\/jpeg"}],"author":"A. de A.","twitter_card":"summary_large_image","twitter_misc":{"Escrito por":"A. de A.","Tiempo de lectura":"10 minutos"},"schema":{"@context":"https:\/\/schema.org","@graph":[{"@type":"Article","@id":"https:\/\/www.km77.com\/revista\/curvas-enlazadas\/prueba-de-consumo-117-bmw-116d-ed-116-cv\/#article","isPartOf":{"@id":"https:\/\/www.km77.com\/revista\/curvas-enlazadas\/prueba-de-consumo-117-bmw-116d-ed-116-cv\/"},"author":{"name":"A. de A.","@id":"https:\/\/www.km77.com\/revista\/#\/schema\/person\/9528542f10577efe637078df52f3a1ea"},"headline":"Prueba de consumo (117): BMW 116d ED 116 CV","datePublished":"2013-05-03T08:12:11+00:00","dateModified":"2021-03-31T18:03:51+00:00","mainEntityOfPage":{"@id":"https:\/\/www.km77.com\/revista\/curvas-enlazadas\/prueba-de-consumo-117-bmw-116d-ed-116-cv\/"},"wordCount":1952,"commentCount":48,"publisher":{"@id":"https:\/\/www.km77.com\/revista\/#organization"},"image":{"@id":"https:\/\/www.km77.com\/revista\/curvas-enlazadas\/prueba-de-consumo-117-bmw-116d-ed-116-cv\/#primaryimage"},"thumbnailUrl":"https:\/\/www.km77.com\/revista\/wp-content\/uploads\/2014\/07\/Ambience.jpg","keywords":["BMW","BMW Efficient Dynamics","coche","Consumo","Fiesta ECOnectic","Golf BlueMotion","Mini Cooper-D","Octavia GreenLine","Passat BlueMotion","PSA","Serie 1","start&amp;stop","toledo","VAG"],"articleSection":["Curvas Enlazadas"],"inLanguage":"es","potentialAction":[{"@type":"CommentAction","name":"Comment","target":["https:\/\/www.km77.com\/revista\/curvas-enlazadas\/prueba-de-consumo-117-bmw-116d-ed-116-cv\/#respond"]}]},{"@type":"WebPage","@id":"https:\/\/www.km77.com\/revista\/curvas-enlazadas\/prueba-de-consumo-117-bmw-116d-ed-116-cv\/","url":"https:\/\/www.km77.com\/revista\/curvas-enlazadas\/prueba-de-consumo-117-bmw-116d-ed-116-cv\/","name":"Prueba de consumo (117): BMW 116d ED 116 CV - Revista km77","isPartOf":{"@id":"https:\/\/www.km77.com\/revista\/#website"},"primaryImageOfPage":{"@id":"https:\/\/www.km77.com\/revista\/curvas-enlazadas\/prueba-de-consumo-117-bmw-116d-ed-116-cv\/#primaryimage"},"image":{"@id":"https:\/\/www.km77.com\/revista\/curvas-enlazadas\/prueba-de-consumo-117-bmw-116d-ed-116-cv\/#primaryimage"},"thumbnailUrl":"https:\/\/www.km77.com\/revista\/wp-content\/uploads\/2014\/07\/Ambience.jpg","datePublished":"2013-05-03T08:12:11+00:00","dateModified":"2021-03-31T18:03:51+00:00","breadcrumb":{"@id":"https:\/\/www.km77.com\/revista\/curvas-enlazadas\/prueba-de-consumo-117-bmw-116d-ed-116-cv\/#breadcrumb"},"inLanguage":"es","potentialAction":[{"@type":"ReadAction","target":["https:\/\/www.km77.com\/revista\/curvas-enlazadas\/prueba-de-consumo-117-bmw-116d-ed-116-cv\/"]}]},{"@type":"ImageObject","inLanguage":"es","@id":"https:\/\/www.km77.com\/revista\/curvas-enlazadas\/prueba-de-consumo-117-bmw-116d-ed-116-cv\/#primaryimage","url":"https:\/\/www.km77.com\/revista\/wp-content\/uploads\/2014\/07\/Ambience.jpg","contentUrl":"https:\/\/www.km77.com\/revista\/wp-content\/uploads\/2014\/07\/Ambience.jpg","width":700,"height":374,"caption":"Sede de BMW en Italia. Las marcas alemanas no tienen rival alineando coches. Precisi\u00f3n germ\u00e1nica"},{"@type":"BreadcrumbList","@id":"https:\/\/www.km77.com\/revista\/curvas-enlazadas\/prueba-de-consumo-117-bmw-116d-ed-116-cv\/#breadcrumb","itemListElement":[{"@type":"ListItem","position":1,"name":"Revista km77","item":"https:\/\/www.km77.com\/revista\/"},{"@type":"ListItem","position":2,"name":"Curvas Enlazadas","item":"https:\/\/www.km77.com\/revista\/curvas-enlazadas\/"},{"@type":"ListItem","position":3,"name":"Prueba de consumo (117): BMW 116d ED 116 CV"}]},{"@type":"WebSite","@id":"https:\/\/www.km77.com\/revista\/#website","url":"https:\/\/www.km77.com\/revista\/","name":"Revista km77","description":"Revista de km77","publisher":{"@id":"https:\/\/www.km77.com\/revista\/#organization"},"potentialAction":[{"@type":"SearchAction","target":{"@type":"EntryPoint","urlTemplate":"https:\/\/www.km77.com\/revista\/?s={search_term_string}"},"query-input":{"@type":"PropertyValueSpecification","valueRequired":true,"valueName":"search_term_string"}}],"inLanguage":"es"},{"@type":"Organization","@id":"https:\/\/www.km77.com\/revista\/#organization","name":"KM77","url":"https:\/\/www.km77.com\/revista\/","logo":{"@type":"ImageObject","inLanguage":"es","@id":"https:\/\/www.km77.com\/revista\/#\/schema\/logo\/image\/","url":"https:\/\/www.km77.com\/revista\/wp-content\/uploads\/2021\/02\/logo-km77.png","contentUrl":"https:\/\/www.km77.com\/revista\/wp-content\/uploads\/2021\/02\/logo-km77.png","width":100,"height":34,"caption":"KM77"},"image":{"@id":"https:\/\/www.km77.com\/revista\/#\/schema\/logo\/image\/"}},{"@type":"Person","@id":"https:\/\/www.km77.com\/revista\/#\/schema\/person\/9528542f10577efe637078df52f3a1ea","name":"A. de A.","image":{"@type":"ImageObject","inLanguage":"es","@id":"https:\/\/www.km77.com\/revista\/wp-content\/uploads\/2021\/03\/arturo_andres_curvasenlazadas-150x111.jpg","url":"https:\/\/www.km77.com\/revista\/wp-content\/uploads\/2021\/03\/arturo_andres_curvasenlazadas-150x111.jpg","contentUrl":"https:\/\/www.km77.com\/revista\/wp-content\/uploads\/2021\/03\/arturo_andres_curvasenlazadas-150x111.jpg","caption":"A. de A."},"description":"Probablemente el m\u00e1s veterano de los periodistas del motor que sigue \u201cactivamente activo\u201d. Al margen de divulgaci\u00f3n t\u00e9cnica, llevar algunos \u201cConsultorios del lector\u201d y otros temas variados, su especialidad -desde Navidades de 1965- viene siendo las pruebas de coches, centr\u00e1ndose muy espec\u00edficamente en el control del consumo. Para lo cual ha ido dejando \u201cen herencia\u201d en las diversas publicaciones en las que ha colaborado diversos recorridos fijos, que permitan la comparaci\u00f3n de resultados en igualdad de condiciones.","url":"https:\/\/www.km77.com\/revista\/author\/arturoandres\/"}]}},"amp_enabled":true,"_links":{"self":[{"href":"https:\/\/www.km77.com\/revista\/wp-json\/wp\/v2\/posts\/5297","targetHints":{"allow":["GET"]}}],"collection":[{"href":"https:\/\/www.km77.com\/revista\/wp-json\/wp\/v2\/posts"}],"about":[{"href":"https:\/\/www.km77.com\/revista\/wp-json\/wp\/v2\/types\/post"}],"author":[{"embeddable":true,"href":"https:\/\/www.km77.com\/revista\/wp-json\/wp\/v2\/users\/46"}],"replies":[{"embeddable":true,"href":"https:\/\/www.km77.com\/revista\/wp-json\/wp\/v2\/comments?post=5297"}],"version-history":[{"count":1,"href":"https:\/\/www.km77.com\/revista\/wp-json\/wp\/v2\/posts\/5297\/revisions"}],"predecessor-version":[{"id":43034,"href":"https:\/\/www.km77.com\/revista\/wp-json\/wp\/v2\/posts\/5297\/revisions\/43034"}],"wp:featuredmedia":[{"embeddable":true,"href":"https:\/\/www.km77.com\/revista\/wp-json\/wp\/v2\/media\/5298"}],"wp:attachment":[{"href":"https:\/\/www.km77.com\/revista\/wp-json\/wp\/v2\/media?parent=5297"}],"wp:term":[{"taxonomy":"category","embeddable":true,"href":"https:\/\/www.km77.com\/revista\/wp-json\/wp\/v2\/categories?post=5297"},{"taxonomy":"post_tag","embeddable":true,"href":"https:\/\/www.km77.com\/revista\/wp-json\/wp\/v2\/tags?post=5297"}],"curies":[{"name":"wp","href":"https:\/\/api.w.org\/{rel}","templated":true}]}}