{"id":5157,"date":"2011-04-11T10:00:48","date_gmt":"2011-04-11T08:00:48","guid":{"rendered":"http:\/\/blogs.km77.com\/engendromecanico\/?p=5157"},"modified":"2021-03-31T20:10:46","modified_gmt":"2021-03-31T18:10:46","slug":"bmw-x6-version-hibrida-activehybrid-nuevos-motores-y-menor-consumo","status":"publish","type":"post","link":"https:\/\/www.km77.com\/revista\/engendro-mecanico\/bmw-x6-version-hibrida-activehybrid-nuevos-motores-y-menor-consumo\/","title":{"rendered":"BMW X6. Ahora con cinco plazas."},"content":{"rendered":"<p>BMW ha actualizado la gama X6 con la posibilidad de comprarlo con cinco plazas, modificaciones en el precio y novedades en\u00a0el equipamiento opcional.\u00a0No hay cambios en\u00a0los<strong> motores<\/strong>\u00a0ni en el\u00a0<strong>consumo<\/strong> de\u00a0las distintas versiones. Est\u00e1 en venta <strong>desde 67.800 Euros<\/strong>.<br \/>\n<strong>Todos los precios<\/strong> del X6:<br \/>\nxDrive35i (306 CV): 68.200 \u20ac<br \/>\nxDrive50i (408 CV): 88.900 \u20ac<br \/>\nxDrive30d (245 CV); 67.800 \u20ac<br \/>\nxDrive40d (306 CV): 71.200 \u20ac<br \/>\nActiveHybrid X6: 98.700 \u20ac<br \/>\nX6 M (555 CV): 127.200 \u20ac<br \/>\nDesde abril de 2011, puede pedirse con <strong>cinco plazas con 400 Euros de suplemento<\/strong>. Hasta ahora, s\u00f3lo pod\u00eda comprarse con cuatro plazas. Tambi\u00e9n est\u00e1 disponible con el dispositivo \u00ab<strong>BMW Apps<\/strong>\u00bb que permite interactuar con un iPhone.<br \/>\nLa gama 2011 tiene de media un <strong>precio 1.500 Euros superior<\/strong> sin que el equipamiento de serie cambie. El <strong>ActiveHybrid X6 reduce su precio<\/strong> en 17.300 Euros gracias a una rebaja de equipamiento.<br \/>\n\u00a0<br \/>\n<strong>ActiveHybrid X6<\/strong><br \/>\nLa versi\u00f3n <strong>ActiveHybrid X6<\/strong> tiene un motor de gasolina con ocho cilindros en \u00abV8\u00bb, que alcanza una potencia m\u00e1xima de 408 CV, y <strong>dos motores el\u00e9ctricos de 86 y 91 CV<\/strong>. La potencia m\u00e1xima que se puede alcanzar con los tres motores funcionando a la vez es de 486 CV.<br \/>\nEn funci\u00f3n de las condiciones de circulaci\u00f3n, puede funcionar s\u00f3lo con el motor t\u00e9rmico, <strong>s\u00f3lo con los motores el\u00e9ctricos<\/strong> o con los tres a la vez. En condiciones normales, inicia la marcha con los motores el\u00e9ctricos y no se conecta el de gasolina hasta que se sobrepasan los 60 km\/h (o un m\u00e1ximo de 2,5 km).<br \/>\nLos motores el\u00e9ctricos se alimentan de la energ\u00eda almacenada en una bater\u00eda de hidruros met\u00e1licos de n\u00edquel, que se carga en las fases de retenci\u00f3n.<br \/>\nEl <strong>consumo medio homologado es de 9,9 l\/100 km<\/strong>. Es un consumo contenido teniendo en cuenta las prestaciones de esta versi\u00f3n (236 km\/h de velocidad m\u00e1xima y 5,6 s en el 0-100 km\/h).<br \/>\n<a href=\"https:\/\/www.km77.com\/revista\/engendro-mecanico\/\/5157\/bmw-x6-version-hibrida-activehybrid-nuevos-motores-y-menor-consumo\" target=\"_blank\" rel=\"noopener\">M\u00e1s informaci\u00f3n <\/a>sobre este modelo en km77.com.<br \/>\n\u00a0<br \/>\n<strong>Im\u00e1genes:<\/strong><\/p>\n<p style=\"text-align: center;\"><img decoding=\"async\" class=\"alignnone size-medium wp-image-2153\" title=\"BMW ActiveHybrid X6\" src=\"https:\/\/www.km77.com\/00\/bmw\/x6\/gra\/009.jpg\" alt=\"\" width=\"300\" height=\"200\" \/><img decoding=\"async\" class=\"alignnone size-medium wp-image-2153\" title=\"BMW ActiveHybrid X6\" src=\"https:\/\/www.km77.com\/00\/bmw\/x6\/gra\/013.jpg\" alt=\"\" width=\"300\" height=\"200\" \/><img decoding=\"async\" class=\"alignnone size-medium wp-image-2153\" title=\"BMW ActiveHybrid X6\" src=\"https:\/\/www.km77.com\/00\/bmw\/x6\/gra\/101.jpg\" alt=\"\" width=\"300\" height=\"200\" \/><br \/>\n<img decoding=\"async\" class=\"alignnone size-medium wp-image-2153\" title=\"BMW X6 M\" src=\"https:\/\/www.km77.com\/fotos\/bbtcontent\/clipping\/KM7KPH20090525_0296\/3.jpg\" alt=\"\" width=\"300\" height=\"200\" \/><img decoding=\"async\" class=\"alignnone size-medium wp-image-2153\" title=\"BMW X6 M\" src=\"https:\/\/www.km77.com\/fotos\/bbtcontent\/clipping\/KM7KPH20090525_0301\/3.jpg\" alt=\"\" width=\"300\" height=\"200\" \/><br \/>\n<img decoding=\"async\" class=\"alignnone size-medium wp-image-2153\" title=\"BMW ActiveHybrid X6\" src=\"https:\/\/www.km77.com\/fotos\/bbtcontent\/clipping\/KM7KPH20091120_0041\/3.jpg\" alt=\"\" width=\"300\" height=\"200\" \/><img decoding=\"async\" class=\"alignnone size-medium wp-image-2153\" title=\"BMW ActiveHybrid X6\" src=\"https:\/\/www.km77.com\/fotos\/bbtcontent\/clipping\/KM7KPH20091120_0036\/3.jpg\" alt=\"\" width=\"300\" height=\"200\" \/><\/p>\n<p style=\"text-align: center;\">(clic en las fotos para ampliarlas)<\/p>\n","protected":false},"excerpt":{"rendered":"<p>BMW ha actualizado la gama X6 con la posibilidad de comprarlo con cinco plazas, modificaciones en el precio y novedades en\u00a0el equipamiento opcional.\u00a0No hay cambios en\u00a0los motores\u00a0ni en el\u00a0consumo de\u00a0las distintas versiones. Est\u00e1 en venta desde 67.800 Euros. Todos los precios del X6: xDrive35i (306 CV): 68.200 \u20ac xDrive50i (408 CV): 88.900 \u20ac xDrive30d (245 [&hellip;]<\/p>\n","protected":false},"author":61,"featured_media":0,"comment_status":"open","ping_status":"closed","sticky":false,"template":"","format":"standard","meta":{"_et_pb_use_builder":"","_et_pb_old_content":"","_et_gb_content_width":"","footnotes":""},"categories":[3912],"tags":[4264,5035,5,3964,1468,7811,7798,4019,4265],"class_list":["post-5157","post","type-post","status-publish","format-standard","hentry","category-engendro-mecanico","tag-activehybrid","tag-activehybrid-x6","tag-bmw","tag-deportivo","tag-hibrido","tag-hibridos","tag-novedades","tag-todoterreno","tag-x6"],"amp_enabled":true,"_links":{"self":[{"href":"https:\/\/www.km77.com\/revista\/wp-json\/wp\/v2\/posts\/5157","targetHints":{"allow":["GET"]}}],"collection":[{"href":"https:\/\/www.km77.com\/revista\/wp-json\/wp\/v2\/posts"}],"about":[{"href":"https:\/\/www.km77.com\/revista\/wp-json\/wp\/v2\/types\/post"}],"author":[{"embeddable":true,"href":"https:\/\/www.km77.com\/revista\/wp-json\/wp\/v2\/users\/61"}],"replies":[{"embeddable":true,"href":"https:\/\/www.km77.com\/revista\/wp-json\/wp\/v2\/comments?post=5157"}],"version-history":[{"count":1,"href":"https:\/\/www.km77.com\/revista\/wp-json\/wp\/v2\/posts\/5157\/revisions"}],"predecessor-version":[{"id":44257,"href":"https:\/\/www.km77.com\/revista\/wp-json\/wp\/v2\/posts\/5157\/revisions\/44257"}],"wp:attachment":[{"href":"https:\/\/www.km77.com\/revista\/wp-json\/wp\/v2\/media?parent=5157"}],"wp:term":[{"taxonomy":"category","embeddable":true,"href":"https:\/\/www.km77.com\/revista\/wp-json\/wp\/v2\/categories?post=5157"},{"taxonomy":"post_tag","embeddable":true,"href":"https:\/\/www.km77.com\/revista\/wp-json\/wp\/v2\/tags?post=5157"}],"curies":[{"name":"wp","href":"https:\/\/api.w.org\/{rel}","templated":true}]}}