{"id":5148,"date":"2010-04-22T01:00:10","date_gmt":"2010-04-21T23:00:10","guid":{"rendered":"http:\/\/blogs.km77.com\/engendromecanico\/?p=5148"},"modified":"2021-03-31T20:13:06","modified_gmt":"2021-03-31T18:13:06","slug":"bmw-activehybrid-7-el-hibrido-del-serie-7-en-venta-desde-115-000-e","status":"publish","type":"post","link":"https:\/\/www.km77.com\/revista\/engendro-mecanico\/bmw-activehybrid-7-el-hibrido-del-serie-7-en-venta-desde-115-000-e\/","title":{"rendered":"BMW ActiveHybrid 7, el h\u00edbrido del Serie 7. En venta desde 115.000 \u20ac."},"content":{"rendered":"<p>BMW ha puesto en venta el ActiveHybrid 7, la versi\u00f3n con <strong>propulsi\u00f3n h\u00edbrida<\/strong> del <a href=\"https:\/\/www.km77.com\/revista\/engendro-mecanico\/\/40\/bmw-serie-7-mas-potente-mas-equipamiento-y-menor-consumo\/\" target=\"_blank\" rel=\"noopener\">Serie 7<\/a>. Puede comprarse con carrocer\u00eda normal (5,07 m) por <strong>115.000 \u20ac<\/strong> y con carrocer\u00eda larga (5,21 m) por <strong>141.000 \u20ac<\/strong>.<br \/>\nTiene un<strong> motor de gasolina<\/strong> con ocho cilindros en \u00abV8\u00bb, que alcanza una potencia m\u00e1xima de <strong>449 CV<\/strong>, y un <strong>motor el\u00e9ctrico de 20 CV<\/strong>. La potencia m\u00e1xima que se puede alcanzar con los dos motores funcionando a la vez es de 465 CV.<br \/>\nEl peque\u00f1o motor el\u00e9ctrico<strong> apoya<\/strong> al de gasolina en las <strong>salidas desde parado<\/strong> y en las <strong>aceleraciones<\/strong>. Se alimenta de la energ\u00eda almacenada en una<strong> bater\u00eda de iones de litio<\/strong>, que se carga mediante un generador el\u00e9ctrico que produce energ\u00eda en las fases de retenci\u00f3n.<br \/>\nEntre otras medidas para reducir el consumo, lleva un sistema autom\u00e1tico de parada y arranque del motor, que para el motor en las detenciones.<br \/>\nHay otros modelos semejantes al Serie 7 h\u00edbrido, como el Mercedes-Benz Clase S 400 BlueHYBRID y el Lexus LS 600 h. El BMW tiene unas prestaciones mejores (250 km\/h de velocidad m\u00e1xima y 4,9 s en el 0-100 km\/h) y un\u00a0consumo medio homologado m\u00e1s alto (9,4 l\/100 km).<br \/>\n<a href=\"https:\/\/www.km77.com\/00\/bmw\/7\/activehybrid\/2010\/t01.asp\" target=\"_blank\" rel=\"noopener\">M\u00e1s informaci\u00f3n <\/a>sobre este modelo en km77.com.<br \/>\n\u00a0<br \/>\n<strong>Im\u00e1genes:<\/strong><\/p>\n<p style=\"text-align: center;\"><img decoding=\"async\" class=\"alignnone size-medium wp-image-2153\" title=\"BMW ActiveHybrid 7\" src=\"https:\/\/www.km77.com\/fotos\/bbtcontent\/clipping\/KM7KPH20090813_0072\/3.jpg\" alt=\"\" width=\"300\" height=\"200\" \/><img decoding=\"async\" class=\"alignnone size-medium wp-image-2153\" title=\"BMW ActiveHybrid 7\" src=\"https:\/\/www.km77.com\/fotos\/bbtcontent\/clipping\/KM7KPH20090813_0077\/3.jpg\" alt=\"\" width=\"300\" height=\"200\" \/><img decoding=\"async\" class=\"alignnone size-medium wp-image-2153\" title=\"BMW ActiveHybrid 7\" src=\"https:\/\/www.km77.com\/fotos\/bbtcontent\/clipping\/KM7KPH20090813_0118\/3.jpg\" alt=\"\" width=\"300\" height=\"200\" \/><img decoding=\"async\" class=\"alignnone size-medium wp-image-2153\" title=\"BMW ActiveHybrid 7\" src=\"https:\/\/www.km77.com\/fotos\/bbtcontent\/clipping\/KM7KPH20090813_0043\/3.jpg\" alt=\"\" width=\"300\" height=\"200\" \/><\/p>\n<p style=\"text-align: center;\">(clic en las fotos para ampliarlas)<\/p>\n","protected":false},"excerpt":{"rendered":"<p>BMW ha puesto en venta el ActiveHybrid 7, la versi\u00f3n con propulsi\u00f3n h\u00edbrida del Serie 7. Puede comprarse con carrocer\u00eda normal (5,07 m) por 115.000 \u20ac y con carrocer\u00eda larga (5,21 m) por 141.000 \u20ac. Tiene un motor de gasolina con ocho cilindros en \u00abV8\u00bb, que alcanza una potencia m\u00e1xima de 449 CV, y un [&hellip;]<\/p>\n","protected":false},"author":61,"featured_media":0,"comment_status":"open","ping_status":"closed","sticky":false,"template":"","format":"standard","meta":{"_et_pb_use_builder":"","_et_pb_old_content":"","_et_gb_content_width":"","footnotes":""},"categories":[3912],"tags":[4264,4724,5,1468,7811,7798,4042],"class_list":["post-5148","post","type-post","status-publish","format-standard","hentry","category-engendro-mecanico","tag-activehybrid","tag-activehybrid-7","tag-bmw","tag-hibrido","tag-hibridos","tag-novedades","tag-serie-7"],"amp_enabled":true,"_links":{"self":[{"href":"https:\/\/www.km77.com\/revista\/wp-json\/wp\/v2\/posts\/5148","targetHints":{"allow":["GET"]}}],"collection":[{"href":"https:\/\/www.km77.com\/revista\/wp-json\/wp\/v2\/posts"}],"about":[{"href":"https:\/\/www.km77.com\/revista\/wp-json\/wp\/v2\/types\/post"}],"author":[{"embeddable":true,"href":"https:\/\/www.km77.com\/revista\/wp-json\/wp\/v2\/users\/61"}],"replies":[{"embeddable":true,"href":"https:\/\/www.km77.com\/revista\/wp-json\/wp\/v2\/comments?post=5148"}],"version-history":[{"count":1,"href":"https:\/\/www.km77.com\/revista\/wp-json\/wp\/v2\/posts\/5148\/revisions"}],"predecessor-version":[{"id":44850,"href":"https:\/\/www.km77.com\/revista\/wp-json\/wp\/v2\/posts\/5148\/revisions\/44850"}],"wp:attachment":[{"href":"https:\/\/www.km77.com\/revista\/wp-json\/wp\/v2\/media?parent=5148"}],"wp:term":[{"taxonomy":"category","embeddable":true,"href":"https:\/\/www.km77.com\/revista\/wp-json\/wp\/v2\/categories?post=5148"},{"taxonomy":"post_tag","embeddable":true,"href":"https:\/\/www.km77.com\/revista\/wp-json\/wp\/v2\/tags?post=5148"}],"curies":[{"name":"wp","href":"https:\/\/api.w.org\/{rel}","templated":true}]}}