{"id":49,"date":"2008-07-01T11:53:57","date_gmt":"2008-07-01T09:53:57","guid":{"rendered":"http:\/\/blogs.km77.com\/teletransporte\/?p=49"},"modified":"2021-03-31T20:16:41","modified_gmt":"2021-03-31T18:16:41","slug":"anfac-las-matriculaciones-de-coches-caen-un-308-en-junio","status":"publish","type":"post","link":"https:\/\/www.km77.com\/revista\/teletransporte\/anfac-las-matriculaciones-de-coches-caen-un-308-en-junio\/","title":{"rendered":"Anfac: Las matriculaciones de coches caen un 30,8% en junio"},"content":{"rendered":"<p>Las ventas de turismos y todoterrenos han ca\u00eddo un 30,5% durante el mes de junio, en relaci\u00f3n con el mismo mes del a\u00f1o anterior. Pr\u00e1cticamente uno de cada tres coches vendidos durante el a\u00f1o pasado ha dejado de venderse este a\u00f1o. La ca\u00edda acumulada en los seis primeros meses es del 17,6%<\/p>\n<p>Mayo, junio y julio son durante todos los a\u00f1os los mejores meses de ventas de coches, ya que en Espa\u00f1a las compras se centran en los meses previos a las vacaciones de verano. La posibilidad de ir de vacaciones con coche nuevo influye mucho en la decisi\u00f3n de compra.<\/p>\n<p>Por este motivo, las fuertes ca\u00eddas de mayo y junio afectan m\u00e1s a la media anual que si las ca\u00eddas se producen en meses de pocas ventas, como agosto. Con este \u00faltimo dato, las previsiones anuales deber\u00e1n revisarse a la baja. Posiblemente sea m\u00e1s realista hablar de una ca\u00edda anual en torno al 15% que de las moderadas ca\u00eddas que se manejaban hasta la fecha. <\/p>\n<p>Por marcas, Ford se mantiene en primera posici\u00f3n del mercado.<\/p>\n<p>Datos del mes de junio<\/p>\n<p>1\u00ba \tFord \t             11.809<br \/>\n2\u00ba \tRenault \t    10.882<br \/>\n3\u00ba \tSeat \t             10.529<br \/>\n4\u00ba \tPeugeot \t   10.365<br \/>\n5\u00ba \tCitro\u00ebn \t      9.365<br \/>\n6\u00ba \tVolkswagen \t   8.625<br \/>\n7\u00ba \tOpel \t               7.512<br \/>\n8\u00ba \tBMW \t             5.265<br \/>\n9\u00ba \tToyota \t             4.840<br \/>\n10\u00ba \tAudi \t              4.524<\/p>\n<p>Cifras del primer semestre.<\/p>\n<p>1\u00ba \tFord \t             70.012<br \/>\n2\u00ba \tPeugeot \t   65.767<br \/>\n3\u00ba \tRenault \t    63.003<br \/>\n4\u00ba \tCitro\u00ebn \t     62.790<br \/>\n5\u00ba \tSeat \t             62.781<br \/>\n6\u00ba \tVolkswagen \t  54.424<br \/>\n7\u00ba \tOpel \t              45.054<br \/>\n8\u00ba \tToyota \t            32.704<br \/>\n9\u00ba \tBMW \t            27.926<br \/>\n10\u00ba \tAudi \t             27.141<\/p>\n<p>Comentario de ANFAC relacionado con las cifras de ventas que se han precisado hace unos minutos:<\/p>\n<p>\u00abEl mercado de autom\u00f3viles de turismo ha vuelto a registrar un fuerte retroceso en el<br \/>\nmes de junio. Las 114.958 unidades matriculadas en ese mes han disminuido un 30,8%<br \/>\ncon respecto al mismo mes del pasado a\u00f1o, acumulando ya una ca\u00edda del 17,6% para el<br \/>\nprimer semestre y un total de 702.365 unidades matriculadas.<br \/>\nLa desaceleraci\u00f3n y deterioro de la situaci\u00f3n econ\u00f3mica actual se plasma en una fuerte<br \/>\ndisminuci\u00f3n del consumo privado, un incremento notable de la inflaci\u00f3n y aumento del<br \/>\ndesempleo unido al endurecimiento de las condiciones crediticias. Si a estas<br \/>\ncircunstancias le a\u00f1adimos el malestar creado por la huelga de transportes entre los<br \/>\nconsumidores, el mercado de autom\u00f3viles de turismo se ha resentido de manera<br \/>\nacusada.<\/p>\n<p>Este fuerte descenso del consumo privado, se plasma en la ca\u00edda de las compras del<br \/>\nmercado particular y empresas no alquiladoras, principal elemento del mercado, que<br \/>\nmuestra retrocesos del 33,7% en Junio y del 20,8% en lo que llevamos de a\u00f1o. La<br \/>\ndemanda correspondiente al mercado alquilador, m\u00e1s afectado por la incidencia de la<br \/>\nhuelga de transportes, disminuye igualmente en el mes un 20% y ya muestra tasas<br \/>\nnegativas en el primer semestre, con un descenso del 2,6% respecto a las mismas<br \/>\nfechas de 2007.\u00bb<\/p>\n<p>En <a href=\"https:\/\/www.km77.com\/\">km77.com<\/a> publicamos todas las <a href=\"https:\/\/www.km77.com\/mercado\/portada\/pmercado.asp\">cifras mensuales del mercado de veh\u00edculos en Espa\u00f1a<\/a>, detalladas por marcas y modelos, desde el a\u00f1o 2000. en las pr\u00f3ximas horas publicaremos el detalle de las ventas de junio.<\/p>\n","protected":false},"excerpt":{"rendered":"<p>Las ventas de turismos y todoterrenos han ca\u00eddo un 30,5% durante el mes de junio, en relaci\u00f3n con el mismo mes del a\u00f1o anterior. Pr\u00e1cticamente uno de cada tres coches vendidos durante el a\u00f1o pasado ha dejado de venderse este a\u00f1o. La ca\u00edda acumulada en los seis primeros meses es del 17,6% Mayo, junio y [&hellip;]<\/p>\n","protected":false},"author":72,"featured_media":0,"comment_status":"open","ping_status":"closed","sticky":false,"template":"","format":"standard","meta":{"_et_pb_use_builder":"","_et_pb_old_content":"","_et_gb_content_width":"","footnotes":""},"categories":[3915],"tags":[340,343,7993,3055],"class_list":["post-49","post","type-post","status-publish","format-standard","hentry","category-teletransporte","tag-anfac","tag-anicam","tag-economia","tag-ventas-de-coches"],"yoast_head":"<!-- This site is optimized with the Yoast SEO plugin v27.5 - https:\/\/yoast.com\/product\/yoast-seo-wordpress\/ -->\n<title>Anfac: Las matriculaciones de coches caen un 30,8% en junio - Revista km77<\/title>\n<meta name=\"robots\" content=\"index, follow, max-snippet:-1, max-image-preview:large, max-video-preview:-1\" \/>\n<link rel=\"canonical\" href=\"https:\/\/www.km77.com\/revista\/teletransporte\/anfac-las-matriculaciones-de-coches-caen-un-308-en-junio\/\" \/>\n<meta property=\"og:locale\" content=\"es_ES\" \/>\n<meta property=\"og:type\" content=\"article\" \/>\n<meta property=\"og:title\" content=\"Anfac: Las matriculaciones de coches caen un 30,8% en junio - Revista km77\" \/>\n<meta property=\"og:description\" content=\"Las ventas de turismos y todoterrenos han ca\u00eddo un 30,5% durante el mes de junio, en relaci\u00f3n con el mismo mes del a\u00f1o anterior. Pr\u00e1cticamente uno de cada tres coches vendidos durante el a\u00f1o pasado ha dejado de venderse este a\u00f1o. La ca\u00edda acumulada en los seis primeros meses es del 17,6% Mayo, junio y [&hellip;]\" \/>\n<meta property=\"og:url\" content=\"https:\/\/www.km77.com\/revista\/teletransporte\/anfac-las-matriculaciones-de-coches-caen-un-308-en-junio\/\" \/>\n<meta property=\"og:site_name\" content=\"Revista km77\" \/>\n<meta property=\"article:published_time\" content=\"2008-07-01T09:53:57+00:00\" \/>\n<meta property=\"article:modified_time\" content=\"2021-03-31T18:16:41+00:00\" \/>\n<meta name=\"author\" content=\"Javier Molt\u00f3\" \/>\n<meta name=\"twitter:card\" content=\"summary_large_image\" \/>\n<meta name=\"twitter:creator\" content=\"@Deportes1\" \/>\n<meta name=\"twitter:label1\" content=\"Escrito por\" \/>\n\t<meta name=\"twitter:data1\" content=\"Javier Molt\u00f3\" \/>\n\t<meta name=\"twitter:label2\" content=\"Tiempo de lectura\" \/>\n\t<meta name=\"twitter:data2\" content=\"2 minutos\" \/>\n<script type=\"application\/ld+json\" class=\"yoast-schema-graph\">{\"@context\":\"https:\\\/\\\/schema.org\",\"@graph\":[{\"@type\":\"Article\",\"@id\":\"https:\\\/\\\/www.km77.com\\\/revista\\\/teletransporte\\\/anfac-las-matriculaciones-de-coches-caen-un-308-en-junio\\\/#article\",\"isPartOf\":{\"@id\":\"https:\\\/\\\/www.km77.com\\\/revista\\\/teletransporte\\\/anfac-las-matriculaciones-de-coches-caen-un-308-en-junio\\\/\"},\"author\":{\"name\":\"Javier Molt\u00f3\",\"@id\":\"https:\\\/\\\/www.km77.com\\\/revista\\\/#\\\/schema\\\/person\\\/2f0611a1b3c7d2a2c81a9428505a25db\"},\"headline\":\"Anfac: Las matriculaciones de coches caen un 30,8% en junio\",\"datePublished\":\"2008-07-01T09:53:57+00:00\",\"dateModified\":\"2021-03-31T18:16:41+00:00\",\"mainEntityOfPage\":{\"@id\":\"https:\\\/\\\/www.km77.com\\\/revista\\\/teletransporte\\\/anfac-las-matriculaciones-de-coches-caen-un-308-en-junio\\\/\"},\"wordCount\":492,\"commentCount\":3,\"publisher\":{\"@id\":\"https:\\\/\\\/www.km77.com\\\/revista\\\/#organization\"},\"keywords\":[\"Anfac\",\"anicam\",\"econom\u00eda\",\"ventas de coches\"],\"articleSection\":[\"Teletransporte\"],\"inLanguage\":\"es\",\"potentialAction\":[{\"@type\":\"CommentAction\",\"name\":\"Comment\",\"target\":[\"https:\\\/\\\/www.km77.com\\\/revista\\\/teletransporte\\\/anfac-las-matriculaciones-de-coches-caen-un-308-en-junio\\\/#respond\"]}]},{\"@type\":\"WebPage\",\"@id\":\"https:\\\/\\\/www.km77.com\\\/revista\\\/teletransporte\\\/anfac-las-matriculaciones-de-coches-caen-un-308-en-junio\\\/\",\"url\":\"https:\\\/\\\/www.km77.com\\\/revista\\\/teletransporte\\\/anfac-las-matriculaciones-de-coches-caen-un-308-en-junio\\\/\",\"name\":\"Anfac: Las matriculaciones de coches caen un 30,8% en junio - Revista km77\",\"isPartOf\":{\"@id\":\"https:\\\/\\\/www.km77.com\\\/revista\\\/#website\"},\"datePublished\":\"2008-07-01T09:53:57+00:00\",\"dateModified\":\"2021-03-31T18:16:41+00:00\",\"breadcrumb\":{\"@id\":\"https:\\\/\\\/www.km77.com\\\/revista\\\/teletransporte\\\/anfac-las-matriculaciones-de-coches-caen-un-308-en-junio\\\/#breadcrumb\"},\"inLanguage\":\"es\",\"potentialAction\":[{\"@type\":\"ReadAction\",\"target\":[\"https:\\\/\\\/www.km77.com\\\/revista\\\/teletransporte\\\/anfac-las-matriculaciones-de-coches-caen-un-308-en-junio\\\/\"]}]},{\"@type\":\"BreadcrumbList\",\"@id\":\"https:\\\/\\\/www.km77.com\\\/revista\\\/teletransporte\\\/anfac-las-matriculaciones-de-coches-caen-un-308-en-junio\\\/#breadcrumb\",\"itemListElement\":[{\"@type\":\"ListItem\",\"position\":1,\"name\":\"Revista km77\",\"item\":\"https:\\\/\\\/www.km77.com\\\/revista\\\/\"},{\"@type\":\"ListItem\",\"position\":2,\"name\":\"Teletransporte\",\"item\":\"https:\\\/\\\/www.km77.com\\\/revista\\\/teletransporte\\\/\"},{\"@type\":\"ListItem\",\"position\":3,\"name\":\"Anfac: Las matriculaciones de coches caen un 30,8% en junio\"}]},{\"@type\":\"WebSite\",\"@id\":\"https:\\\/\\\/www.km77.com\\\/revista\\\/#website\",\"url\":\"https:\\\/\\\/www.km77.com\\\/revista\\\/\",\"name\":\"Revista km77\",\"description\":\"Revista de km77\",\"publisher\":{\"@id\":\"https:\\\/\\\/www.km77.com\\\/revista\\\/#organization\"},\"potentialAction\":[{\"@type\":\"SearchAction\",\"target\":{\"@type\":\"EntryPoint\",\"urlTemplate\":\"https:\\\/\\\/www.km77.com\\\/revista\\\/?s={search_term_string}\"},\"query-input\":{\"@type\":\"PropertyValueSpecification\",\"valueRequired\":true,\"valueName\":\"search_term_string\"}}],\"inLanguage\":\"es\"},{\"@type\":\"Organization\",\"@id\":\"https:\\\/\\\/www.km77.com\\\/revista\\\/#organization\",\"name\":\"KM77\",\"url\":\"https:\\\/\\\/www.km77.com\\\/revista\\\/\",\"logo\":{\"@type\":\"ImageObject\",\"inLanguage\":\"es\",\"@id\":\"https:\\\/\\\/www.km77.com\\\/revista\\\/#\\\/schema\\\/logo\\\/image\\\/\",\"url\":\"https:\\\/\\\/www.km77.com\\\/revista\\\/wp-content\\\/uploads\\\/2021\\\/02\\\/logo-km77.png\",\"contentUrl\":\"https:\\\/\\\/www.km77.com\\\/revista\\\/wp-content\\\/uploads\\\/2021\\\/02\\\/logo-km77.png\",\"width\":100,\"height\":34,\"caption\":\"KM77\"},\"image\":{\"@id\":\"https:\\\/\\\/www.km77.com\\\/revista\\\/#\\\/schema\\\/logo\\\/image\\\/\"}},{\"@type\":\"Person\",\"@id\":\"https:\\\/\\\/www.km77.com\\\/revista\\\/#\\\/schema\\\/person\\\/2f0611a1b3c7d2a2c81a9428505a25db\",\"name\":\"Javier Molt\u00f3\",\"image\":{\"@type\":\"ImageObject\",\"inLanguage\":\"es\",\"@id\":\"https:\\\/\\\/secure.gravatar.com\\\/avatar\\\/1c930880a58b8b56f4abb8c2797bdb266488614621319ddd0ab4ee365b10a72c?s=96&d=mm&r=g\",\"url\":\"https:\\\/\\\/secure.gravatar.com\\\/avatar\\\/1c930880a58b8b56f4abb8c2797bdb266488614621319ddd0ab4ee365b10a72c?s=96&d=mm&r=g\",\"contentUrl\":\"https:\\\/\\\/secure.gravatar.com\\\/avatar\\\/1c930880a58b8b56f4abb8c2797bdb266488614621319ddd0ab4ee365b10a72c?s=96&d=mm&r=g\",\"caption\":\"Javier Molt\u00f3\"},\"description\":\"Empec\u00e9 a trabajar como periodista probador de coches en 1985, en la revista AutoHebdo. Despu\u00e9s trabaj\u00e9 en Coche Actual y Motor16. Desde 1994 a 1999 inform\u00e9 de asuntos econ\u00f3micos tanto en Madrid como en Londres, donde trabaj\u00e9 en Bloomberg. En 1999 fund\u00e9 km77.com, empresa con la que sigo empe\u00f1ado en el objetivo de dar la mejor informaci\u00f3n de coches de la que somos capaces.\",\"sameAs\":[\"https:\\\/\\\/x.com\\\/Deportes1\"],\"url\":\"https:\\\/\\\/www.km77.com\\\/revista\\\/author\\\/teletransporte\\\/\"}]}<\/script>\n<!-- \/ Yoast SEO plugin. -->","yoast_head_json":{"title":"Anfac: Las matriculaciones de coches caen un 30,8% en junio - Revista km77","robots":{"index":"index","follow":"follow","max-snippet":"max-snippet:-1","max-image-preview":"max-image-preview:large","max-video-preview":"max-video-preview:-1"},"canonical":"https:\/\/www.km77.com\/revista\/teletransporte\/anfac-las-matriculaciones-de-coches-caen-un-308-en-junio\/","og_locale":"es_ES","og_type":"article","og_title":"Anfac: Las matriculaciones de coches caen un 30,8% en junio - Revista km77","og_description":"Las ventas de turismos y todoterrenos han ca\u00eddo un 30,5% durante el mes de junio, en relaci\u00f3n con el mismo mes del a\u00f1o anterior. Pr\u00e1cticamente uno de cada tres coches vendidos durante el a\u00f1o pasado ha dejado de venderse este a\u00f1o. La ca\u00edda acumulada en los seis primeros meses es del 17,6% Mayo, junio y [&hellip;]","og_url":"https:\/\/www.km77.com\/revista\/teletransporte\/anfac-las-matriculaciones-de-coches-caen-un-308-en-junio\/","og_site_name":"Revista km77","article_published_time":"2008-07-01T09:53:57+00:00","article_modified_time":"2021-03-31T18:16:41+00:00","author":"Javier Molt\u00f3","twitter_card":"summary_large_image","twitter_creator":"@Deportes1","twitter_misc":{"Escrito por":"Javier Molt\u00f3","Tiempo de lectura":"2 minutos"},"schema":{"@context":"https:\/\/schema.org","@graph":[{"@type":"Article","@id":"https:\/\/www.km77.com\/revista\/teletransporte\/anfac-las-matriculaciones-de-coches-caen-un-308-en-junio\/#article","isPartOf":{"@id":"https:\/\/www.km77.com\/revista\/teletransporte\/anfac-las-matriculaciones-de-coches-caen-un-308-en-junio\/"},"author":{"name":"Javier Molt\u00f3","@id":"https:\/\/www.km77.com\/revista\/#\/schema\/person\/2f0611a1b3c7d2a2c81a9428505a25db"},"headline":"Anfac: Las matriculaciones de coches caen un 30,8% en junio","datePublished":"2008-07-01T09:53:57+00:00","dateModified":"2021-03-31T18:16:41+00:00","mainEntityOfPage":{"@id":"https:\/\/www.km77.com\/revista\/teletransporte\/anfac-las-matriculaciones-de-coches-caen-un-308-en-junio\/"},"wordCount":492,"commentCount":3,"publisher":{"@id":"https:\/\/www.km77.com\/revista\/#organization"},"keywords":["Anfac","anicam","econom\u00eda","ventas de coches"],"articleSection":["Teletransporte"],"inLanguage":"es","potentialAction":[{"@type":"CommentAction","name":"Comment","target":["https:\/\/www.km77.com\/revista\/teletransporte\/anfac-las-matriculaciones-de-coches-caen-un-308-en-junio\/#respond"]}]},{"@type":"WebPage","@id":"https:\/\/www.km77.com\/revista\/teletransporte\/anfac-las-matriculaciones-de-coches-caen-un-308-en-junio\/","url":"https:\/\/www.km77.com\/revista\/teletransporte\/anfac-las-matriculaciones-de-coches-caen-un-308-en-junio\/","name":"Anfac: Las matriculaciones de coches caen un 30,8% en junio - Revista km77","isPartOf":{"@id":"https:\/\/www.km77.com\/revista\/#website"},"datePublished":"2008-07-01T09:53:57+00:00","dateModified":"2021-03-31T18:16:41+00:00","breadcrumb":{"@id":"https:\/\/www.km77.com\/revista\/teletransporte\/anfac-las-matriculaciones-de-coches-caen-un-308-en-junio\/#breadcrumb"},"inLanguage":"es","potentialAction":[{"@type":"ReadAction","target":["https:\/\/www.km77.com\/revista\/teletransporte\/anfac-las-matriculaciones-de-coches-caen-un-308-en-junio\/"]}]},{"@type":"BreadcrumbList","@id":"https:\/\/www.km77.com\/revista\/teletransporte\/anfac-las-matriculaciones-de-coches-caen-un-308-en-junio\/#breadcrumb","itemListElement":[{"@type":"ListItem","position":1,"name":"Revista km77","item":"https:\/\/www.km77.com\/revista\/"},{"@type":"ListItem","position":2,"name":"Teletransporte","item":"https:\/\/www.km77.com\/revista\/teletransporte\/"},{"@type":"ListItem","position":3,"name":"Anfac: Las matriculaciones de coches caen un 30,8% en junio"}]},{"@type":"WebSite","@id":"https:\/\/www.km77.com\/revista\/#website","url":"https:\/\/www.km77.com\/revista\/","name":"Revista km77","description":"Revista de km77","publisher":{"@id":"https:\/\/www.km77.com\/revista\/#organization"},"potentialAction":[{"@type":"SearchAction","target":{"@type":"EntryPoint","urlTemplate":"https:\/\/www.km77.com\/revista\/?s={search_term_string}"},"query-input":{"@type":"PropertyValueSpecification","valueRequired":true,"valueName":"search_term_string"}}],"inLanguage":"es"},{"@type":"Organization","@id":"https:\/\/www.km77.com\/revista\/#organization","name":"KM77","url":"https:\/\/www.km77.com\/revista\/","logo":{"@type":"ImageObject","inLanguage":"es","@id":"https:\/\/www.km77.com\/revista\/#\/schema\/logo\/image\/","url":"https:\/\/www.km77.com\/revista\/wp-content\/uploads\/2021\/02\/logo-km77.png","contentUrl":"https:\/\/www.km77.com\/revista\/wp-content\/uploads\/2021\/02\/logo-km77.png","width":100,"height":34,"caption":"KM77"},"image":{"@id":"https:\/\/www.km77.com\/revista\/#\/schema\/logo\/image\/"}},{"@type":"Person","@id":"https:\/\/www.km77.com\/revista\/#\/schema\/person\/2f0611a1b3c7d2a2c81a9428505a25db","name":"Javier Molt\u00f3","image":{"@type":"ImageObject","inLanguage":"es","@id":"https:\/\/secure.gravatar.com\/avatar\/1c930880a58b8b56f4abb8c2797bdb266488614621319ddd0ab4ee365b10a72c?s=96&d=mm&r=g","url":"https:\/\/secure.gravatar.com\/avatar\/1c930880a58b8b56f4abb8c2797bdb266488614621319ddd0ab4ee365b10a72c?s=96&d=mm&r=g","contentUrl":"https:\/\/secure.gravatar.com\/avatar\/1c930880a58b8b56f4abb8c2797bdb266488614621319ddd0ab4ee365b10a72c?s=96&d=mm&r=g","caption":"Javier Molt\u00f3"},"description":"Empec\u00e9 a trabajar como periodista probador de coches en 1985, en la revista AutoHebdo. Despu\u00e9s trabaj\u00e9 en Coche Actual y Motor16. Desde 1994 a 1999 inform\u00e9 de asuntos econ\u00f3micos tanto en Madrid como en Londres, donde trabaj\u00e9 en Bloomberg. En 1999 fund\u00e9 km77.com, empresa con la que sigo empe\u00f1ado en el objetivo de dar la mejor informaci\u00f3n de coches de la que somos capaces.","sameAs":["https:\/\/x.com\/Deportes1"],"url":"https:\/\/www.km77.com\/revista\/author\/teletransporte\/"}]}},"amp_enabled":true,"_links":{"self":[{"href":"https:\/\/www.km77.com\/revista\/wp-json\/wp\/v2\/posts\/49","targetHints":{"allow":["GET"]}}],"collection":[{"href":"https:\/\/www.km77.com\/revista\/wp-json\/wp\/v2\/posts"}],"about":[{"href":"https:\/\/www.km77.com\/revista\/wp-json\/wp\/v2\/types\/post"}],"author":[{"embeddable":true,"href":"https:\/\/www.km77.com\/revista\/wp-json\/wp\/v2\/users\/72"}],"replies":[{"embeddable":true,"href":"https:\/\/www.km77.com\/revista\/wp-json\/wp\/v2\/comments?post=49"}],"version-history":[{"count":1,"href":"https:\/\/www.km77.com\/revista\/wp-json\/wp\/v2\/posts\/49\/revisions"}],"predecessor-version":[{"id":45777,"href":"https:\/\/www.km77.com\/revista\/wp-json\/wp\/v2\/posts\/49\/revisions\/45777"}],"wp:attachment":[{"href":"https:\/\/www.km77.com\/revista\/wp-json\/wp\/v2\/media?parent=49"}],"wp:term":[{"taxonomy":"category","embeddable":true,"href":"https:\/\/www.km77.com\/revista\/wp-json\/wp\/v2\/categories?post=49"},{"taxonomy":"post_tag","embeddable":true,"href":"https:\/\/www.km77.com\/revista\/wp-json\/wp\/v2\/tags?post=49"}],"curies":[{"name":"wp","href":"https:\/\/api.w.org\/{rel}","templated":true}]}}