{"id":45961,"date":"2021-04-28T14:37:07","date_gmt":"2021-04-28T12:37:07","guid":{"rendered":"https:\/\/www.km77.com\/revista\/?p=45961"},"modified":"2023-06-04T23:16:11","modified_gmt":"2023-06-04T21:16:11","slug":"granada-gante-caballo-carlosv","status":"publish","type":"post","link":"https:\/\/www.km77.com\/revista\/teletransporte\/granada-gante-caballo-carlosv\/","title":{"rendered":"El transporte. La intrahistoria de la historia."},"content":{"rendered":"\n<p><mark style=\"background-color:rgba(0, 0, 0, 0)\" class=\"has-inline-color has-black-color\">Escribe <strong>Manuel Fern\u00e1ndez \u00c1lvarez en su libro Carlos V. El C\u00e9sar y el hombre<\/strong>: \u00abEn 1498, un a\u00f1o despu\u00e9s de la muerte de su hermano Juan, fallec\u00eda Isabel en Portugal, a causa de un mal parto. Es cierto que hab\u00eda dejado <strong>un hijo, <a href=\"https:\/\/es.wikipedia.org\/wiki\/Miguel_de_la_Paz\">de nombre Miguel<\/a>, a quien las Cortes sucesivas de Portugal, Castilla y Arag\u00f3n fueron jurando su heredero<\/strong>, como para asegurar que con \u00e9l se iba a cerrar aquella <strong>unidad pol\u00edtica de la pen\u00ednsula ib\u00e9rica, tan deseada por los Reyes Cat\u00f3licos<\/strong>.\u00bb<br><br>\u00abNo ser\u00eda as\u00ed. (&#8230;) , <strong>el pr\u00edncipe Miguel no se lograr\u00eda, falleciendo el 20 de julio de 1500 en Granada<\/strong>, donde hab\u00edan acudido los Reyes para apagar los \u00faltimos rescoldos de la peligrosa hoguera encendida por los insumisos granadinos musulmanes.\u00bb<br><br>Curiosamente, esa noticia era esperada por el Archiduque, por <strong>Felipe el Hermoso<\/strong>. Tambi\u00e9n era deseada, porque le <strong>abr\u00eda las puertas a la sucesi\u00f3n del trono de espa\u00f1a, tan anhelado por \u00e9l<\/strong>. De forma que para saberlo al instante, ten\u00eda ordenado a <strong>su hombre de confianza en la Corte hispana, Juan V\u00e9lez de Guevara<\/strong> que, en cuanto se produjese aquella muerte, como si ya estuviera prevista y no hiciese falta m\u00e1s que tener un poco de paciencia, se lo hiciese saber, mandando un correo urgente a espaldas de los Reyes Cat\u00f3licos. En este hecho, que nos plantea tantas dudas, el texto del cronista \u2014que lo era <strong>Lorenzo de Padilla<\/strong>\u2014 es de un realismo poco menos que estremecedor:<\/mark><\/p>\n\n\n\n<p class=\"has-text-align-right\"><em><span style=\"color:#596c7e\" class=\"has-inline-color\">Estando (Felipe el Hermoso) en esta villa (Gante), por el mes de Agosto, le lleg\u00f3 correo en once d\u00edas de Granada, despachado por Juan V\u00e9lez de Guevara, trinchante de la Archiduquesa, haci\u00e9ndole saber la muerte del Pr\u00edncipe don Miguel, que era la sucesi\u00f3n del Reino&#8230;<\/span><\/em><\/p>\n\n\n\n<p><mark style=\"background-color:rgba(0, 0, 0, 0)\" class=\"has-inline-color has-black-color\"><strong>\u00a1En once d\u00edas llev\u00f3 aquella noticia el correo, desde Granada hasta Gante!<\/strong> \u2014prosigue Manuel Fern\u00e1ndez \u00c1lvarez\u2014 Cerca de 2.000 kil\u00f3metros, o si se quiere mejor, en t\u00e9rminos de la \u00e9poca, de 333 leguas, a trav\u00e9s de monta\u00f1as fragosas, franqueando anchos r\u00edos, recorriendo las ardientes mesetas castellanas, antes de penetrar por la extensa llanura francesa, <strong>para al fin cruzar la frontera de Flandes y alcanzar la corte del Archiduque en su villa de Gante<\/strong>. Realizar tal recorrido en once jornadas supon\u00eda hacerlo a una media en torno a los 180 kil\u00f3metros diarios, velocidad mucho m\u00e1s alta que la conseguida normalmente por el correo del Rey, que se cifraba en los 135 kil\u00f3metros (al d\u00eda). Por lo tanto hay que pensar en una exageraci\u00f3n del cronista. Pero esto ya nos quiere decir algo. Nos da a entender con cu\u00e1nta impaciencia esperaba Felipe el Hermoso aquella nueva, por \u00e9l tan deseada.<\/mark>\u00ab<br><br>(Hasta aqu\u00ed el texto firmado por Manuel Fern\u00e1ndez \u00c1lvarez)<\/p>\n\n\n\n<h2 class=\"wp-block-heading\">El calor aprieta y los d\u00edas son largos<\/h2>\n\n\n\n<p>Muri\u00f3 el pr\u00edncipe Miguel de la Paz el 20 de julio. Imagino que el correo saldr\u00eda como pronto sobre el 22 de julio porque habr\u00eda que preparar el viaje. Desconozco, y como me gustar\u00eda saberlo pido aqu\u00ed ayuda a historiadores y estudiosos, si en estos casos se confiaba el correo a un solo jinete.  \u00bfPod\u00edan los jinetes de aquella \u00e9poca soportar palizas diarias de hasta doce horas durante once d\u00edas seguidos? Entiendo que una carta de tanta importancia s\u00f3lo pod\u00eda confiarse a mensajeros de confianza. \u00bfViajaban solos o con escolta? Si viajaban varios, ten\u00edan que ir todos juntos, porque no hab\u00eda forma m\u00e1s r\u00e1pida para desplazarse, con carta o sin ella.<br><br>Leo en la web \u00abCosas de caballos\u00bb (desaparecida) que las postas estaban situadas cada 15 o 20 kil\u00f3metros, y que en 1505  Felipe el Hermoso concedi\u00f3 a Francisco de Tassis el arrendamiento del servicio de correo en Espa\u00f1a y en todo el territorio de la casa de Austria. Seg\u00fan este art\u00edculo \u00ab<em>Con un solo caballo y un solo jinete se pod\u00edan recorrer al d\u00eda unos 50 o 60 Km, mientras que con las postas \u2014a 20 Km de distancia unas de otras\u2014 podr\u00edan hacerse de 15 a 20 Km a la hora cambiando de montura, con lo que en ocho o diez horas se pod\u00eda llegar a 150 o 200 Km diarios que, como t\u00e9rmino medio, corresponde a las velocidades exigidas en el arrendamiento.<\/em>\u00bb  <br><br>\u00bfA qu\u00e9 distancia estar\u00edan las postas en 1500 en Espa\u00f1a y en Francia? Espa\u00f1a ser\u00eda m\u00e1s f\u00e1cil de controlar, pero \u00bfen Francia? Adem\u00e1s, t\u00e9ngase en cuenta que era un mensaje enviado a espaldas de los Reyes Cat\u00f3licos, por lo que no podr\u00eda tener los privilegios del Correo Real. \u00bfO s\u00ed?<\/p>\n\n\n\n<h2 class=\"wp-block-heading\">2033 kil\u00f3metros de Granada a Gante<\/h2>\n\n\n\n<p>Entiendo tambi\u00e9n que el correo enlazaba diferentes casas de postas que de ninguna manera pod\u00edan estar avisadas de que iba a llegar el correo (no s\u00e9 con cu\u00e1ntos caballos estar\u00edan preparadas) y que el emisario iba a necesitar relevo inmediato para llevar su misiva hasta Flandes. Estoy seguro de que las casas de postas estaban preparadas continuamente con varios caballos y que esa ruta estar\u00eda frecuentada normalmente por correo en ambos sentidos. Pero, \u00bfexistir\u00eda la posibilidad de incrementar la velocidad media en un recorrido tan largo ante urgencias extremas? \u00bfDe qu\u00e9 manera?<\/p>\n\n\n\n<figure class=\"wp-block-image aligncenter size-large\"><img decoding=\"async\" width=\"1024\" height=\"683\" src=\"https:\/\/www.km77.com\/revista\/wp-content\/uploads\/2021\/04\/granada-gante-1024x683.jpg\" alt=\"A la muerte de Miguel de la Paz en julio de 1500, un correo previsto por Felipe el Hermoso llev\u00f3 la noticia de Granada hasta Gante.\" class=\"wp-image-45964\" srcset=\"https:\/\/www.km77.com\/revista\/wp-content\/uploads\/2021\/04\/granada-gante-1024x683.jpg 1024w, https:\/\/www.km77.com\/revista\/wp-content\/uploads\/2021\/04\/granada-gante-980x653.jpg 980w, https:\/\/www.km77.com\/revista\/wp-content\/uploads\/2021\/04\/granada-gante-480x320.jpg 480w\" sizes=\"(min-width: 0px) and (max-width: 480px) 480px, (min-width: 481px) and (max-width: 980px) 980px, (min-width: 981px) 1024px, 100vw\" \/><figcaption class=\"wp-element-caption\">Seg\u00fan google Maps, la distancia que separa Granada de Gante, en bicicleta, son 2033 kil\u00f3metros. Entiendo que en el a\u00f1o 1500 no era posible realizar un recorrido tan recto, ni siquiera a caballo, por la ausencia de puentes sobre los r\u00edos, por peque\u00f1os que fueran, principalmente.<\/figcaption><\/figure>\n\n\n\n<p>Supongo que el correo entre Granada y Flandes estar\u00eda m\u00e1s o menos trillado ya que en Flandes resid\u00eda Juana, la hija de los Reyes Cat\u00f3licos, y muchos de sus nietos y presumo que entre padres e hijos habr\u00eda una correspondencia frecuente. Pero es una suposici\u00f3n. A finales de julio y principios de agosto los d\u00edas todav\u00eda son largos y que los correos podr\u00edan aprovechar m\u00e1s horas de luz. Pero tambi\u00e9n el calor har\u00eda mella en jinetes y caballos.<br><br>Dice <a href=\"https:\/\/goo.gl\/maps\/y5WaR2uaP42t7qDC8\">Google maps<\/a> que la distancia entre Granada y Gante son 2033 kil\u00f3metros (en bicicleta), pero en aquella \u00e9poca supongo que ser\u00edan m\u00e1s, porque habr\u00eda menos puentes y caminos y por tanto, incluso a caballo, los rodeos ser\u00edan frecuentes. Adem\u00e1s, en aquella \u00e9poca no exist\u00edan los desmontes actuales, por lo que cada ruta obligaba a realizar m\u00e1s kil\u00f3metros. \u00bfQu\u00e9 r\u00edos tendr\u00edan que cruzar, tanto en Espa\u00f1a como en Francia y por qu\u00e9 puentes? \u00bfHabr\u00eda en aquella \u00e9poca una ruta precursora del actual despe\u00f1aperros? \u00bfEra segura? \u00bfNecesitaban protecci\u00f3n?  <br><br>\u00bfExiste alguna posibilidad de conocer estas intrahistorias de la historia? \u00bfAlg\u00fan estudioso entre ustedes me puede ayudar? Querr\u00eda conocer todos los detalles de este viaje.  Desconozco absolutamente si existe la posibilidad de encontrar documentaci\u00f3n sobre este episodio de nuestra historia. Muchas gracias.<br><\/p>\n","protected":false},"excerpt":{"rendered":"<p>A la muerte de Miguel de la Paz en julio de 1500, un correo previsto por Felipe el Hermoso llev\u00f3 la noticia de Granada hasta Gante, a m\u00e1s de 2000 kil\u00f3metros en 11 d\u00edas. <\/p>\n","protected":false},"author":72,"featured_media":45971,"comment_status":"open","ping_status":"closed","sticky":false,"template":"","format":"standard","meta":{"_et_pb_use_builder":"off","_et_pb_old_content":"","_et_gb_content_width":"","footnotes":""},"categories":[3915],"tags":[665,12890,12891,12893,9485,12889,12892,8928],"class_list":["post-45961","post","type-post","status-publish","format-standard","has-post-thumbnail","hentry","category-teletransporte","tag-carlos-v","tag-el-cesar-y-el-hombre","tag-felipe-el-hermoso","tag-gante","tag-granada","tag-manuel-fernandez-alvarez","tag-miguel-de-la-paz","tag-reyes-catolicos"],"yoast_head":"<!-- This site is optimized with the Yoast SEO plugin v27.4 - https:\/\/yoast.com\/product\/yoast-seo-wordpress\/ -->\n<title>El transporte. La intrahistoria de la historia. - Revista km77<\/title>\n<meta name=\"description\" content=\"Muri\u00f3 el pr\u00edncipe Miguel en 1500 y un correo llev\u00f3 en once d\u00edas la noticia desde Granada hasta Gante para informar a Felipe el Hermoso.\" \/>\n<meta name=\"robots\" content=\"index, follow, max-snippet:-1, max-image-preview:large, max-video-preview:-1\" \/>\n<link rel=\"canonical\" href=\"https:\/\/www.km77.com\/revista\/teletransporte\/granada-gante-caballo-carlosv\/\" \/>\n<meta property=\"og:locale\" content=\"es_ES\" \/>\n<meta property=\"og:type\" content=\"article\" \/>\n<meta property=\"og:title\" content=\"El transporte. La intrahistoria de la historia. - Revista km77\" \/>\n<meta property=\"og:description\" content=\"Muri\u00f3 el pr\u00edncipe Miguel en 1500 y un correo llev\u00f3 en once d\u00edas la noticia desde Granada hasta Gante para informar a Felipe el Hermoso.\" \/>\n<meta property=\"og:url\" content=\"https:\/\/www.km77.com\/revista\/teletransporte\/granada-gante-caballo-carlosv\/\" \/>\n<meta property=\"og:site_name\" content=\"Revista km77\" \/>\n<meta property=\"article:published_time\" content=\"2021-04-28T12:37:07+00:00\" \/>\n<meta property=\"article:modified_time\" content=\"2023-06-04T21:16:11+00:00\" \/>\n<meta property=\"og:image\" content=\"https:\/\/www.km77.com\/revista\/wp-content\/uploads\/2021\/04\/map-5921182.jpg\" \/>\n\t<meta property=\"og:image:width\" content=\"1200\" \/>\n\t<meta property=\"og:image:height\" content=\"901\" \/>\n\t<meta property=\"og:image:type\" content=\"image\/jpeg\" \/>\n<meta name=\"author\" content=\"Javier Molt\u00f3\" \/>\n<meta name=\"twitter:card\" content=\"summary_large_image\" \/>\n<meta name=\"twitter:creator\" content=\"@Deportes1\" \/>\n<meta name=\"twitter:label1\" content=\"Escrito por\" \/>\n\t<meta name=\"twitter:data1\" content=\"Javier Molt\u00f3\" \/>\n\t<meta name=\"twitter:label2\" content=\"Tiempo de lectura\" \/>\n\t<meta name=\"twitter:data2\" content=\"6 minutos\" \/>\n<script type=\"application\/ld+json\" class=\"yoast-schema-graph\">{\"@context\":\"https:\\\/\\\/schema.org\",\"@graph\":[{\"@type\":\"Article\",\"@id\":\"https:\\\/\\\/www.km77.com\\\/revista\\\/teletransporte\\\/granada-gante-caballo-carlosv\\\/#article\",\"isPartOf\":{\"@id\":\"https:\\\/\\\/www.km77.com\\\/revista\\\/teletransporte\\\/granada-gante-caballo-carlosv\\\/\"},\"author\":{\"name\":\"Javier Molt\u00f3\",\"@id\":\"https:\\\/\\\/www.km77.com\\\/revista\\\/#\\\/schema\\\/person\\\/2f0611a1b3c7d2a2c81a9428505a25db\"},\"headline\":\"El transporte. La intrahistoria de la historia.\",\"datePublished\":\"2021-04-28T12:37:07+00:00\",\"dateModified\":\"2023-06-04T21:16:11+00:00\",\"mainEntityOfPage\":{\"@id\":\"https:\\\/\\\/www.km77.com\\\/revista\\\/teletransporte\\\/granada-gante-caballo-carlosv\\\/\"},\"wordCount\":1183,\"commentCount\":12,\"publisher\":{\"@id\":\"https:\\\/\\\/www.km77.com\\\/revista\\\/#organization\"},\"image\":{\"@id\":\"https:\\\/\\\/www.km77.com\\\/revista\\\/teletransporte\\\/granada-gante-caballo-carlosv\\\/#primaryimage\"},\"thumbnailUrl\":\"https:\\\/\\\/www.km77.com\\\/revista\\\/wp-content\\\/uploads\\\/2021\\\/04\\\/map-5921182.jpg\",\"keywords\":[\"Carlos V\",\"El C\u00e9sar y el hombre\",\"Felipe el Hermoso\",\"Gante\",\"Granada\",\"Manuel Fern\u00e1ndez \u00c1lvarez\",\"Miguel de la Paz\",\"Reyes Cat\u00f3licos\"],\"articleSection\":[\"Teletransporte\"],\"inLanguage\":\"es\",\"potentialAction\":[{\"@type\":\"CommentAction\",\"name\":\"Comment\",\"target\":[\"https:\\\/\\\/www.km77.com\\\/revista\\\/teletransporte\\\/granada-gante-caballo-carlosv\\\/#respond\"]}]},{\"@type\":\"WebPage\",\"@id\":\"https:\\\/\\\/www.km77.com\\\/revista\\\/teletransporte\\\/granada-gante-caballo-carlosv\\\/\",\"url\":\"https:\\\/\\\/www.km77.com\\\/revista\\\/teletransporte\\\/granada-gante-caballo-carlosv\\\/\",\"name\":\"El transporte. La intrahistoria de la historia. - Revista km77\",\"isPartOf\":{\"@id\":\"https:\\\/\\\/www.km77.com\\\/revista\\\/#website\"},\"primaryImageOfPage\":{\"@id\":\"https:\\\/\\\/www.km77.com\\\/revista\\\/teletransporte\\\/granada-gante-caballo-carlosv\\\/#primaryimage\"},\"image\":{\"@id\":\"https:\\\/\\\/www.km77.com\\\/revista\\\/teletransporte\\\/granada-gante-caballo-carlosv\\\/#primaryimage\"},\"thumbnailUrl\":\"https:\\\/\\\/www.km77.com\\\/revista\\\/wp-content\\\/uploads\\\/2021\\\/04\\\/map-5921182.jpg\",\"datePublished\":\"2021-04-28T12:37:07+00:00\",\"dateModified\":\"2023-06-04T21:16:11+00:00\",\"description\":\"Muri\u00f3 el pr\u00edncipe Miguel en 1500 y un correo llev\u00f3 en once d\u00edas la noticia desde Granada hasta Gante para informar a Felipe el Hermoso.\",\"breadcrumb\":{\"@id\":\"https:\\\/\\\/www.km77.com\\\/revista\\\/teletransporte\\\/granada-gante-caballo-carlosv\\\/#breadcrumb\"},\"inLanguage\":\"es\",\"potentialAction\":[{\"@type\":\"ReadAction\",\"target\":[\"https:\\\/\\\/www.km77.com\\\/revista\\\/teletransporte\\\/granada-gante-caballo-carlosv\\\/\"]}]},{\"@type\":\"ImageObject\",\"inLanguage\":\"es\",\"@id\":\"https:\\\/\\\/www.km77.com\\\/revista\\\/teletransporte\\\/granada-gante-caballo-carlosv\\\/#primaryimage\",\"url\":\"https:\\\/\\\/www.km77.com\\\/revista\\\/wp-content\\\/uploads\\\/2021\\\/04\\\/map-5921182.jpg\",\"contentUrl\":\"https:\\\/\\\/www.km77.com\\\/revista\\\/wp-content\\\/uploads\\\/2021\\\/04\\\/map-5921182.jpg\",\"width\":1200,\"height\":901},{\"@type\":\"BreadcrumbList\",\"@id\":\"https:\\\/\\\/www.km77.com\\\/revista\\\/teletransporte\\\/granada-gante-caballo-carlosv\\\/#breadcrumb\",\"itemListElement\":[{\"@type\":\"ListItem\",\"position\":1,\"name\":\"Revista km77\",\"item\":\"https:\\\/\\\/www.km77.com\\\/revista\\\/\"},{\"@type\":\"ListItem\",\"position\":2,\"name\":\"Teletransporte\",\"item\":\"https:\\\/\\\/www.km77.com\\\/revista\\\/teletransporte\\\/\"},{\"@type\":\"ListItem\",\"position\":3,\"name\":\"El transporte. La intrahistoria de la historia.\"}]},{\"@type\":\"WebSite\",\"@id\":\"https:\\\/\\\/www.km77.com\\\/revista\\\/#website\",\"url\":\"https:\\\/\\\/www.km77.com\\\/revista\\\/\",\"name\":\"Revista km77\",\"description\":\"Revista de km77\",\"publisher\":{\"@id\":\"https:\\\/\\\/www.km77.com\\\/revista\\\/#organization\"},\"potentialAction\":[{\"@type\":\"SearchAction\",\"target\":{\"@type\":\"EntryPoint\",\"urlTemplate\":\"https:\\\/\\\/www.km77.com\\\/revista\\\/?s={search_term_string}\"},\"query-input\":{\"@type\":\"PropertyValueSpecification\",\"valueRequired\":true,\"valueName\":\"search_term_string\"}}],\"inLanguage\":\"es\"},{\"@type\":\"Organization\",\"@id\":\"https:\\\/\\\/www.km77.com\\\/revista\\\/#organization\",\"name\":\"KM77\",\"url\":\"https:\\\/\\\/www.km77.com\\\/revista\\\/\",\"logo\":{\"@type\":\"ImageObject\",\"inLanguage\":\"es\",\"@id\":\"https:\\\/\\\/www.km77.com\\\/revista\\\/#\\\/schema\\\/logo\\\/image\\\/\",\"url\":\"https:\\\/\\\/www.km77.com\\\/revista\\\/wp-content\\\/uploads\\\/2021\\\/02\\\/logo-km77.png\",\"contentUrl\":\"https:\\\/\\\/www.km77.com\\\/revista\\\/wp-content\\\/uploads\\\/2021\\\/02\\\/logo-km77.png\",\"width\":100,\"height\":34,\"caption\":\"KM77\"},\"image\":{\"@id\":\"https:\\\/\\\/www.km77.com\\\/revista\\\/#\\\/schema\\\/logo\\\/image\\\/\"}},{\"@type\":\"Person\",\"@id\":\"https:\\\/\\\/www.km77.com\\\/revista\\\/#\\\/schema\\\/person\\\/2f0611a1b3c7d2a2c81a9428505a25db\",\"name\":\"Javier Molt\u00f3\",\"image\":{\"@type\":\"ImageObject\",\"inLanguage\":\"es\",\"@id\":\"https:\\\/\\\/secure.gravatar.com\\\/avatar\\\/1c930880a58b8b56f4abb8c2797bdb266488614621319ddd0ab4ee365b10a72c?s=96&d=mm&r=g\",\"url\":\"https:\\\/\\\/secure.gravatar.com\\\/avatar\\\/1c930880a58b8b56f4abb8c2797bdb266488614621319ddd0ab4ee365b10a72c?s=96&d=mm&r=g\",\"contentUrl\":\"https:\\\/\\\/secure.gravatar.com\\\/avatar\\\/1c930880a58b8b56f4abb8c2797bdb266488614621319ddd0ab4ee365b10a72c?s=96&d=mm&r=g\",\"caption\":\"Javier Molt\u00f3\"},\"description\":\"Empec\u00e9 a trabajar como periodista probador de coches en 1985, en la revista AutoHebdo. Despu\u00e9s trabaj\u00e9 en Coche Actual y Motor16. Desde 1994 a 1999 inform\u00e9 de asuntos econ\u00f3micos tanto en Madrid como en Londres, donde trabaj\u00e9 en Bloomberg. En 1999 fund\u00e9 km77.com, empresa con la que sigo empe\u00f1ado en el objetivo de dar la mejor informaci\u00f3n de coches de la que somos capaces.\",\"sameAs\":[\"https:\\\/\\\/x.com\\\/Deportes1\"],\"url\":\"https:\\\/\\\/www.km77.com\\\/revista\\\/author\\\/teletransporte\\\/\"}]}<\/script>\n<!-- \/ Yoast SEO plugin. -->","yoast_head_json":{"title":"El transporte. La intrahistoria de la historia. - Revista km77","description":"Muri\u00f3 el pr\u00edncipe Miguel en 1500 y un correo llev\u00f3 en once d\u00edas la noticia desde Granada hasta Gante para informar a Felipe el Hermoso.","robots":{"index":"index","follow":"follow","max-snippet":"max-snippet:-1","max-image-preview":"max-image-preview:large","max-video-preview":"max-video-preview:-1"},"canonical":"https:\/\/www.km77.com\/revista\/teletransporte\/granada-gante-caballo-carlosv\/","og_locale":"es_ES","og_type":"article","og_title":"El transporte. La intrahistoria de la historia. - Revista km77","og_description":"Muri\u00f3 el pr\u00edncipe Miguel en 1500 y un correo llev\u00f3 en once d\u00edas la noticia desde Granada hasta Gante para informar a Felipe el Hermoso.","og_url":"https:\/\/www.km77.com\/revista\/teletransporte\/granada-gante-caballo-carlosv\/","og_site_name":"Revista km77","article_published_time":"2021-04-28T12:37:07+00:00","article_modified_time":"2023-06-04T21:16:11+00:00","og_image":[{"width":1200,"height":901,"url":"https:\/\/www.km77.com\/revista\/wp-content\/uploads\/2021\/04\/map-5921182.jpg","type":"image\/jpeg"}],"author":"Javier Molt\u00f3","twitter_card":"summary_large_image","twitter_creator":"@Deportes1","twitter_misc":{"Escrito por":"Javier Molt\u00f3","Tiempo de lectura":"6 minutos"},"schema":{"@context":"https:\/\/schema.org","@graph":[{"@type":"Article","@id":"https:\/\/www.km77.com\/revista\/teletransporte\/granada-gante-caballo-carlosv\/#article","isPartOf":{"@id":"https:\/\/www.km77.com\/revista\/teletransporte\/granada-gante-caballo-carlosv\/"},"author":{"name":"Javier Molt\u00f3","@id":"https:\/\/www.km77.com\/revista\/#\/schema\/person\/2f0611a1b3c7d2a2c81a9428505a25db"},"headline":"El transporte. La intrahistoria de la historia.","datePublished":"2021-04-28T12:37:07+00:00","dateModified":"2023-06-04T21:16:11+00:00","mainEntityOfPage":{"@id":"https:\/\/www.km77.com\/revista\/teletransporte\/granada-gante-caballo-carlosv\/"},"wordCount":1183,"commentCount":12,"publisher":{"@id":"https:\/\/www.km77.com\/revista\/#organization"},"image":{"@id":"https:\/\/www.km77.com\/revista\/teletransporte\/granada-gante-caballo-carlosv\/#primaryimage"},"thumbnailUrl":"https:\/\/www.km77.com\/revista\/wp-content\/uploads\/2021\/04\/map-5921182.jpg","keywords":["Carlos V","El C\u00e9sar y el hombre","Felipe el Hermoso","Gante","Granada","Manuel Fern\u00e1ndez \u00c1lvarez","Miguel de la Paz","Reyes Cat\u00f3licos"],"articleSection":["Teletransporte"],"inLanguage":"es","potentialAction":[{"@type":"CommentAction","name":"Comment","target":["https:\/\/www.km77.com\/revista\/teletransporte\/granada-gante-caballo-carlosv\/#respond"]}]},{"@type":"WebPage","@id":"https:\/\/www.km77.com\/revista\/teletransporte\/granada-gante-caballo-carlosv\/","url":"https:\/\/www.km77.com\/revista\/teletransporte\/granada-gante-caballo-carlosv\/","name":"El transporte. La intrahistoria de la historia. - Revista km77","isPartOf":{"@id":"https:\/\/www.km77.com\/revista\/#website"},"primaryImageOfPage":{"@id":"https:\/\/www.km77.com\/revista\/teletransporte\/granada-gante-caballo-carlosv\/#primaryimage"},"image":{"@id":"https:\/\/www.km77.com\/revista\/teletransporte\/granada-gante-caballo-carlosv\/#primaryimage"},"thumbnailUrl":"https:\/\/www.km77.com\/revista\/wp-content\/uploads\/2021\/04\/map-5921182.jpg","datePublished":"2021-04-28T12:37:07+00:00","dateModified":"2023-06-04T21:16:11+00:00","description":"Muri\u00f3 el pr\u00edncipe Miguel en 1500 y un correo llev\u00f3 en once d\u00edas la noticia desde Granada hasta Gante para informar a Felipe el Hermoso.","breadcrumb":{"@id":"https:\/\/www.km77.com\/revista\/teletransporte\/granada-gante-caballo-carlosv\/#breadcrumb"},"inLanguage":"es","potentialAction":[{"@type":"ReadAction","target":["https:\/\/www.km77.com\/revista\/teletransporte\/granada-gante-caballo-carlosv\/"]}]},{"@type":"ImageObject","inLanguage":"es","@id":"https:\/\/www.km77.com\/revista\/teletransporte\/granada-gante-caballo-carlosv\/#primaryimage","url":"https:\/\/www.km77.com\/revista\/wp-content\/uploads\/2021\/04\/map-5921182.jpg","contentUrl":"https:\/\/www.km77.com\/revista\/wp-content\/uploads\/2021\/04\/map-5921182.jpg","width":1200,"height":901},{"@type":"BreadcrumbList","@id":"https:\/\/www.km77.com\/revista\/teletransporte\/granada-gante-caballo-carlosv\/#breadcrumb","itemListElement":[{"@type":"ListItem","position":1,"name":"Revista km77","item":"https:\/\/www.km77.com\/revista\/"},{"@type":"ListItem","position":2,"name":"Teletransporte","item":"https:\/\/www.km77.com\/revista\/teletransporte\/"},{"@type":"ListItem","position":3,"name":"El transporte. La intrahistoria de la historia."}]},{"@type":"WebSite","@id":"https:\/\/www.km77.com\/revista\/#website","url":"https:\/\/www.km77.com\/revista\/","name":"Revista km77","description":"Revista de km77","publisher":{"@id":"https:\/\/www.km77.com\/revista\/#organization"},"potentialAction":[{"@type":"SearchAction","target":{"@type":"EntryPoint","urlTemplate":"https:\/\/www.km77.com\/revista\/?s={search_term_string}"},"query-input":{"@type":"PropertyValueSpecification","valueRequired":true,"valueName":"search_term_string"}}],"inLanguage":"es"},{"@type":"Organization","@id":"https:\/\/www.km77.com\/revista\/#organization","name":"KM77","url":"https:\/\/www.km77.com\/revista\/","logo":{"@type":"ImageObject","inLanguage":"es","@id":"https:\/\/www.km77.com\/revista\/#\/schema\/logo\/image\/","url":"https:\/\/www.km77.com\/revista\/wp-content\/uploads\/2021\/02\/logo-km77.png","contentUrl":"https:\/\/www.km77.com\/revista\/wp-content\/uploads\/2021\/02\/logo-km77.png","width":100,"height":34,"caption":"KM77"},"image":{"@id":"https:\/\/www.km77.com\/revista\/#\/schema\/logo\/image\/"}},{"@type":"Person","@id":"https:\/\/www.km77.com\/revista\/#\/schema\/person\/2f0611a1b3c7d2a2c81a9428505a25db","name":"Javier Molt\u00f3","image":{"@type":"ImageObject","inLanguage":"es","@id":"https:\/\/secure.gravatar.com\/avatar\/1c930880a58b8b56f4abb8c2797bdb266488614621319ddd0ab4ee365b10a72c?s=96&d=mm&r=g","url":"https:\/\/secure.gravatar.com\/avatar\/1c930880a58b8b56f4abb8c2797bdb266488614621319ddd0ab4ee365b10a72c?s=96&d=mm&r=g","contentUrl":"https:\/\/secure.gravatar.com\/avatar\/1c930880a58b8b56f4abb8c2797bdb266488614621319ddd0ab4ee365b10a72c?s=96&d=mm&r=g","caption":"Javier Molt\u00f3"},"description":"Empec\u00e9 a trabajar como periodista probador de coches en 1985, en la revista AutoHebdo. Despu\u00e9s trabaj\u00e9 en Coche Actual y Motor16. Desde 1994 a 1999 inform\u00e9 de asuntos econ\u00f3micos tanto en Madrid como en Londres, donde trabaj\u00e9 en Bloomberg. En 1999 fund\u00e9 km77.com, empresa con la que sigo empe\u00f1ado en el objetivo de dar la mejor informaci\u00f3n de coches de la que somos capaces.","sameAs":["https:\/\/x.com\/Deportes1"],"url":"https:\/\/www.km77.com\/revista\/author\/teletransporte\/"}]}},"amp_enabled":true,"_links":{"self":[{"href":"https:\/\/www.km77.com\/revista\/wp-json\/wp\/v2\/posts\/45961","targetHints":{"allow":["GET"]}}],"collection":[{"href":"https:\/\/www.km77.com\/revista\/wp-json\/wp\/v2\/posts"}],"about":[{"href":"https:\/\/www.km77.com\/revista\/wp-json\/wp\/v2\/types\/post"}],"author":[{"embeddable":true,"href":"https:\/\/www.km77.com\/revista\/wp-json\/wp\/v2\/users\/72"}],"replies":[{"embeddable":true,"href":"https:\/\/www.km77.com\/revista\/wp-json\/wp\/v2\/comments?post=45961"}],"version-history":[{"count":7,"href":"https:\/\/www.km77.com\/revista\/wp-json\/wp\/v2\/posts\/45961\/revisions"}],"predecessor-version":[{"id":54537,"href":"https:\/\/www.km77.com\/revista\/wp-json\/wp\/v2\/posts\/45961\/revisions\/54537"}],"wp:featuredmedia":[{"embeddable":true,"href":"https:\/\/www.km77.com\/revista\/wp-json\/wp\/v2\/media\/45971"}],"wp:attachment":[{"href":"https:\/\/www.km77.com\/revista\/wp-json\/wp\/v2\/media?parent=45961"}],"wp:term":[{"taxonomy":"category","embeddable":true,"href":"https:\/\/www.km77.com\/revista\/wp-json\/wp\/v2\/categories?post=45961"},{"taxonomy":"post_tag","embeddable":true,"href":"https:\/\/www.km77.com\/revista\/wp-json\/wp\/v2\/tags?post=45961"}],"curies":[{"name":"wp","href":"https:\/\/api.w.org\/{rel}","templated":true}]}}