{"id":4073,"date":"2010-07-29T22:56:16","date_gmt":"2010-07-29T20:56:16","guid":{"rendered":"http:\/\/blogs.km77.com\/teletransporte\/?p=4073"},"modified":"2021-03-31T20:12:27","modified_gmt":"2021-03-31T18:12:27","slug":"termostato-no-tiene-quien-le-escriba","status":"publish","type":"post","link":"https:\/\/www.km77.com\/revista\/teletransporte\/termostato-no-tiene-quien-le-escriba\/","title":{"rendered":"El termostato no tiene quien le escriba"},"content":{"rendered":"<p>Mi padre nos dec\u00eda en casa: \u00abNo pod\u00e9is tener fr\u00edo porque el termostato est\u00e1 a 22 grados\u00bb. Hac\u00eda fr\u00edo. Dijera el termostato lo que dijera. Cerca de las ventanas m\u00e1s fr\u00edo que cerca del radiador.<\/p>\n<p>De la misma \u00e9poca, hace casi 40 a\u00f1os, recuerdo que en las revistas de coches se nos ense\u00f1aba a los lectores: \u00abNo permitan que en el taller le quiten el termostato a su coche\u00bb. Eran otras \u00e9pocas. En aquellos tiempos los talleres ten\u00edan la costumbre de quitar el termostato a los coches. Su argumento era aplastante. \u00abEl termostato s\u00f3lo sirve para que los motores funcionen a mayor temperatura. Eso es una barbaridad. Cuanto m\u00e1s fr\u00edos funcionen los motores, m\u00e1s duran. Todo el mundo sabe que el calor hace que las cosas se pudran y que el fr\u00edo hace que se conserven\u00bb. Con semejante argumento, quitaban el termostato. En la primavera siguiente era muy probable que ese motor quemara aceite.<\/p>\n<p><img decoding=\"async\" class=\"alignnone size-full wp-image-4074\" title=\"Bulgaria. Siete grados bajo cero.\" src=\"https:\/\/www.km77.com\/revista\/wp-content\/files\/2010\/07\/bulgaria.JPG\" alt=\"Bulgaria. Siete grados bajo cero.\" width=\"700\" height=\"525\" \/><\/p>\n<p>En Bulgaria, el pasado invierno, en esta carretera, la furgoneta desde la que hice la foto, era incapaz de generar calor para las siete personas que \u00edbamos dentro. Yo, que iba sentado al lado del conductor que agarraba as\u00ed el volante en las carreteras deslizantes y me ten\u00eda en vilo en cada curva,<\/p>\n<p><img decoding=\"async\" class=\"alignnone size-full wp-image-4075\" title=\"Conductor. Furgoneta de alquiler. Bulgaria\" src=\"https:\/\/www.km77.com\/revista\/wp-content\/files\/2010\/07\/conductor-bulgaria.JPG\" alt=\"Conductor. Furgoneta de alquiler. Bulgaria\" width=\"700\" height=\"525\" \/><\/p>\n<p>yo que iba sentado al lado del conductor ve\u00eda que el indicador de la temperatura del agua no sub\u00eda. Estaba seguro de que a aquella furgoneta le hab\u00edan quitado el termostato y que en aquella bajada largu\u00edsima no hab\u00eda forma de que el motor se calentara. Lo malo es que tampoco se calent\u00f3 en el llano y ni siquiera lleg\u00f3 a la temperatura normal de funcionamiento en la subida. Pobre conductor, le quedaba un largo invierno. Y pobre motor, no creo que durara mucho.<\/p>\n<p>Pero esta semana he aprendido que en climas muy fr\u00edos los motores pueden no generar suficiente calor como para caldear el habit\u00e1culo y que puede ser necesario utilizar, adicionalmente, sistemas de calefacci\u00f3n el\u00e9ctricos. No ten\u00eda ni idea de que eso pod\u00eda ocurrir. Yo pensaba que los motores generaban suficiente calor como para calentar el habit\u00e1culo de un turismo en cualquier circunstancia, s\u00f3lo por girar al ralent\u00ed. No es as\u00ed, especialmente en los motores Diesel. Por debajo de 18 grados negativos, los problemas para calentar el habit\u00e1culo pueden ser de mayor importancia que los que se encuentran para refrigerarlo con temperaturas muy c\u00e1lidas. Nunca lo pens\u00e9. El calor es inherente a los motores de combusti\u00f3n interna. Hace muchos a\u00f1os, casi cuarenta, si hac\u00edas caso a las revistas y consegu\u00edas que en tu coche no desapareciera el termostato, siempre hab\u00eda calefacci\u00f3n en el coche al cabo de pocos kil\u00f3metros. Yo, de peque\u00f1o, ni siquiera imaginaba la posibilidad de que pudieran existir coches con aire acondicionado.<\/p>\n<p>Esta semana he aprendido tambi\u00e9n que los termostatos y los term\u00f3metros mienten. Bueno, quiz\u00e1 mejor, que no dicen toda la verdad. Mienten tanto que 22 grados cent\u00edgrados son una cosa en EE.UU. y otra en Europa. Ya tambi\u00e9n, que para calibrar con finura los climatizadores de los coches, la forma en que enfr\u00edan los habit\u00e1culos, no basta con tener term\u00f3metros repartidos por todos los lugares en los que un pasajero puede tener fr\u00edo o calor y medir qu\u00e9 temperatura hay en ese punto. Para calibrar con verdadera precisi\u00f3n el climatizador de un coche, es necesario que un pasajero, que una persona, diga si est\u00e1 c\u00f3modo o no con esa temperatura que se llama de \u00abconfort\u00bb.<\/p>\n<p>Todas estas cosas las aprend\u00ed el lunes pasado durante los ensayos de desarrollo del Ford Focus en el sur de Espa\u00f1a. <a title=\"Enlace a: Ensayos del climatizador.\" href=\"https:\/\/www.km77.com\/00\/ford\/focus\/2011\/climatizador-pruebas.asp\" target=\"_self\" rel=\"noopener\">Aqu\u00ed se puede leer el reportaje que he escrito<\/a> sobre esos ensayos.<\/p>\n","protected":false},"excerpt":{"rendered":"<p>Mi padre nos dec\u00eda en casa: \u00abNo pod\u00e9is tener fr\u00edo porque el termostato est\u00e1 a 22 grados\u00bb. Hac\u00eda fr\u00edo. Dijera el termostato lo que dijera. Cerca de las ventanas m\u00e1s fr\u00edo que cerca del radiador. De la misma \u00e9poca, hace casi 40 a\u00f1os, recuerdo que en las revistas de coches se nos ense\u00f1aba a los [&hellip;]<\/p>\n","protected":false},"author":72,"featured_media":0,"comment_status":"open","ping_status":"closed","sticky":false,"template":"","format":"standard","meta":{"_et_pb_use_builder":"","_et_pb_old_content":"","_et_gb_content_width":"","footnotes":""},"categories":[3915],"tags":[252,596,7975,20,1295,2916],"class_list":["post-4073","post","type-post","status-publish","format-standard","hentry","category-teletransporte","tag-aire-acondicionado","tag-bulgaria","tag-de-todo-un-poco","tag-ford","tag-ford-focus","tag-termostato"],"yoast_head":"<!-- This site is optimized with the Yoast SEO plugin v27.4 - https:\/\/yoast.com\/product\/yoast-seo-wordpress\/ -->\n<title>El termostato no tiene quien le escriba - Revista km77<\/title>\n<meta name=\"robots\" content=\"index, follow, max-snippet:-1, max-image-preview:large, max-video-preview:-1\" \/>\n<link rel=\"canonical\" href=\"https:\/\/www.km77.com\/revista\/teletransporte\/termostato-no-tiene-quien-le-escriba\/\" \/>\n<meta property=\"og:locale\" content=\"es_ES\" \/>\n<meta property=\"og:type\" content=\"article\" \/>\n<meta property=\"og:title\" content=\"El termostato no tiene quien le escriba - Revista km77\" \/>\n<meta property=\"og:description\" content=\"Mi padre nos dec\u00eda en casa: \u00abNo pod\u00e9is tener fr\u00edo porque el termostato est\u00e1 a 22 grados\u00bb. Hac\u00eda fr\u00edo. Dijera el termostato lo que dijera. Cerca de las ventanas m\u00e1s fr\u00edo que cerca del radiador. De la misma \u00e9poca, hace casi 40 a\u00f1os, recuerdo que en las revistas de coches se nos ense\u00f1aba a los [&hellip;]\" \/>\n<meta property=\"og:url\" content=\"https:\/\/www.km77.com\/revista\/teletransporte\/termostato-no-tiene-quien-le-escriba\/\" \/>\n<meta property=\"og:site_name\" content=\"Revista km77\" \/>\n<meta property=\"article:published_time\" content=\"2010-07-29T20:56:16+00:00\" \/>\n<meta property=\"article:modified_time\" content=\"2021-03-31T18:12:27+00:00\" \/>\n<meta property=\"og:image\" content=\"https:\/\/www.km77.com\/revista\/wp-content\/files\/2010\/07\/bulgaria.JPG\" \/>\n<meta name=\"author\" content=\"Javier Molt\u00f3\" \/>\n<meta name=\"twitter:card\" content=\"summary_large_image\" \/>\n<meta name=\"twitter:creator\" content=\"@Deportes1\" \/>\n<meta name=\"twitter:label1\" content=\"Escrito por\" \/>\n\t<meta name=\"twitter:data1\" content=\"Javier Molt\u00f3\" \/>\n\t<meta name=\"twitter:label2\" content=\"Tiempo de lectura\" \/>\n\t<meta name=\"twitter:data2\" content=\"3 minutos\" \/>\n<script type=\"application\/ld+json\" class=\"yoast-schema-graph\">{\"@context\":\"https:\\\/\\\/schema.org\",\"@graph\":[{\"@type\":\"Article\",\"@id\":\"https:\\\/\\\/www.km77.com\\\/revista\\\/teletransporte\\\/termostato-no-tiene-quien-le-escriba\\\/#article\",\"isPartOf\":{\"@id\":\"https:\\\/\\\/www.km77.com\\\/revista\\\/teletransporte\\\/termostato-no-tiene-quien-le-escriba\\\/\"},\"author\":{\"name\":\"Javier Molt\u00f3\",\"@id\":\"https:\\\/\\\/www.km77.com\\\/revista\\\/#\\\/schema\\\/person\\\/2f0611a1b3c7d2a2c81a9428505a25db\"},\"headline\":\"El termostato no tiene quien le escriba\",\"datePublished\":\"2010-07-29T20:56:16+00:00\",\"dateModified\":\"2021-03-31T18:12:27+00:00\",\"mainEntityOfPage\":{\"@id\":\"https:\\\/\\\/www.km77.com\\\/revista\\\/teletransporte\\\/termostato-no-tiene-quien-le-escriba\\\/\"},\"wordCount\":656,\"commentCount\":35,\"publisher\":{\"@id\":\"https:\\\/\\\/www.km77.com\\\/revista\\\/#organization\"},\"image\":{\"@id\":\"https:\\\/\\\/www.km77.com\\\/revista\\\/teletransporte\\\/termostato-no-tiene-quien-le-escriba\\\/#primaryimage\"},\"thumbnailUrl\":\"https:\\\/\\\/www.km77.com\\\/revista\\\/wp-content\\\/files\\\/2010\\\/07\\\/bulgaria.JPG\",\"keywords\":[\"aire acondicionado\",\"Bulgaria\",\"De todo un poco\",\"Ford\",\"Ford Focus\",\"termostato\"],\"articleSection\":[\"Teletransporte\"],\"inLanguage\":\"es\",\"potentialAction\":[{\"@type\":\"CommentAction\",\"name\":\"Comment\",\"target\":[\"https:\\\/\\\/www.km77.com\\\/revista\\\/teletransporte\\\/termostato-no-tiene-quien-le-escriba\\\/#respond\"]}]},{\"@type\":\"WebPage\",\"@id\":\"https:\\\/\\\/www.km77.com\\\/revista\\\/teletransporte\\\/termostato-no-tiene-quien-le-escriba\\\/\",\"url\":\"https:\\\/\\\/www.km77.com\\\/revista\\\/teletransporte\\\/termostato-no-tiene-quien-le-escriba\\\/\",\"name\":\"El termostato no tiene quien le escriba - Revista km77\",\"isPartOf\":{\"@id\":\"https:\\\/\\\/www.km77.com\\\/revista\\\/#website\"},\"primaryImageOfPage\":{\"@id\":\"https:\\\/\\\/www.km77.com\\\/revista\\\/teletransporte\\\/termostato-no-tiene-quien-le-escriba\\\/#primaryimage\"},\"image\":{\"@id\":\"https:\\\/\\\/www.km77.com\\\/revista\\\/teletransporte\\\/termostato-no-tiene-quien-le-escriba\\\/#primaryimage\"},\"thumbnailUrl\":\"https:\\\/\\\/www.km77.com\\\/revista\\\/wp-content\\\/files\\\/2010\\\/07\\\/bulgaria.JPG\",\"datePublished\":\"2010-07-29T20:56:16+00:00\",\"dateModified\":\"2021-03-31T18:12:27+00:00\",\"breadcrumb\":{\"@id\":\"https:\\\/\\\/www.km77.com\\\/revista\\\/teletransporte\\\/termostato-no-tiene-quien-le-escriba\\\/#breadcrumb\"},\"inLanguage\":\"es\",\"potentialAction\":[{\"@type\":\"ReadAction\",\"target\":[\"https:\\\/\\\/www.km77.com\\\/revista\\\/teletransporte\\\/termostato-no-tiene-quien-le-escriba\\\/\"]}]},{\"@type\":\"ImageObject\",\"inLanguage\":\"es\",\"@id\":\"https:\\\/\\\/www.km77.com\\\/revista\\\/teletransporte\\\/termostato-no-tiene-quien-le-escriba\\\/#primaryimage\",\"url\":\"https:\\\/\\\/www.km77.com\\\/revista\\\/wp-content\\\/files\\\/2010\\\/07\\\/bulgaria.JPG\",\"contentUrl\":\"https:\\\/\\\/www.km77.com\\\/revista\\\/wp-content\\\/files\\\/2010\\\/07\\\/bulgaria.JPG\"},{\"@type\":\"BreadcrumbList\",\"@id\":\"https:\\\/\\\/www.km77.com\\\/revista\\\/teletransporte\\\/termostato-no-tiene-quien-le-escriba\\\/#breadcrumb\",\"itemListElement\":[{\"@type\":\"ListItem\",\"position\":1,\"name\":\"Revista km77\",\"item\":\"https:\\\/\\\/www.km77.com\\\/revista\\\/\"},{\"@type\":\"ListItem\",\"position\":2,\"name\":\"Teletransporte\",\"item\":\"https:\\\/\\\/www.km77.com\\\/revista\\\/teletransporte\\\/\"},{\"@type\":\"ListItem\",\"position\":3,\"name\":\"El termostato no tiene quien le escriba\"}]},{\"@type\":\"WebSite\",\"@id\":\"https:\\\/\\\/www.km77.com\\\/revista\\\/#website\",\"url\":\"https:\\\/\\\/www.km77.com\\\/revista\\\/\",\"name\":\"Revista km77\",\"description\":\"Revista de km77\",\"publisher\":{\"@id\":\"https:\\\/\\\/www.km77.com\\\/revista\\\/#organization\"},\"potentialAction\":[{\"@type\":\"SearchAction\",\"target\":{\"@type\":\"EntryPoint\",\"urlTemplate\":\"https:\\\/\\\/www.km77.com\\\/revista\\\/?s={search_term_string}\"},\"query-input\":{\"@type\":\"PropertyValueSpecification\",\"valueRequired\":true,\"valueName\":\"search_term_string\"}}],\"inLanguage\":\"es\"},{\"@type\":\"Organization\",\"@id\":\"https:\\\/\\\/www.km77.com\\\/revista\\\/#organization\",\"name\":\"KM77\",\"url\":\"https:\\\/\\\/www.km77.com\\\/revista\\\/\",\"logo\":{\"@type\":\"ImageObject\",\"inLanguage\":\"es\",\"@id\":\"https:\\\/\\\/www.km77.com\\\/revista\\\/#\\\/schema\\\/logo\\\/image\\\/\",\"url\":\"https:\\\/\\\/www.km77.com\\\/revista\\\/wp-content\\\/uploads\\\/2021\\\/02\\\/logo-km77.png\",\"contentUrl\":\"https:\\\/\\\/www.km77.com\\\/revista\\\/wp-content\\\/uploads\\\/2021\\\/02\\\/logo-km77.png\",\"width\":100,\"height\":34,\"caption\":\"KM77\"},\"image\":{\"@id\":\"https:\\\/\\\/www.km77.com\\\/revista\\\/#\\\/schema\\\/logo\\\/image\\\/\"}},{\"@type\":\"Person\",\"@id\":\"https:\\\/\\\/www.km77.com\\\/revista\\\/#\\\/schema\\\/person\\\/2f0611a1b3c7d2a2c81a9428505a25db\",\"name\":\"Javier Molt\u00f3\",\"image\":{\"@type\":\"ImageObject\",\"inLanguage\":\"es\",\"@id\":\"https:\\\/\\\/secure.gravatar.com\\\/avatar\\\/1c930880a58b8b56f4abb8c2797bdb266488614621319ddd0ab4ee365b10a72c?s=96&d=mm&r=g\",\"url\":\"https:\\\/\\\/secure.gravatar.com\\\/avatar\\\/1c930880a58b8b56f4abb8c2797bdb266488614621319ddd0ab4ee365b10a72c?s=96&d=mm&r=g\",\"contentUrl\":\"https:\\\/\\\/secure.gravatar.com\\\/avatar\\\/1c930880a58b8b56f4abb8c2797bdb266488614621319ddd0ab4ee365b10a72c?s=96&d=mm&r=g\",\"caption\":\"Javier Molt\u00f3\"},\"description\":\"Empec\u00e9 a trabajar como periodista probador de coches en 1985, en la revista AutoHebdo. Despu\u00e9s trabaj\u00e9 en Coche Actual y Motor16. Desde 1994 a 1999 inform\u00e9 de asuntos econ\u00f3micos tanto en Madrid como en Londres, donde trabaj\u00e9 en Bloomberg. En 1999 fund\u00e9 km77.com, empresa con la que sigo empe\u00f1ado en el objetivo de dar la mejor informaci\u00f3n de coches de la que somos capaces.\",\"sameAs\":[\"https:\\\/\\\/x.com\\\/Deportes1\"],\"url\":\"https:\\\/\\\/www.km77.com\\\/revista\\\/author\\\/teletransporte\\\/\"}]}<\/script>\n<!-- \/ Yoast SEO plugin. -->","yoast_head_json":{"title":"El termostato no tiene quien le escriba - Revista km77","robots":{"index":"index","follow":"follow","max-snippet":"max-snippet:-1","max-image-preview":"max-image-preview:large","max-video-preview":"max-video-preview:-1"},"canonical":"https:\/\/www.km77.com\/revista\/teletransporte\/termostato-no-tiene-quien-le-escriba\/","og_locale":"es_ES","og_type":"article","og_title":"El termostato no tiene quien le escriba - Revista km77","og_description":"Mi padre nos dec\u00eda en casa: \u00abNo pod\u00e9is tener fr\u00edo porque el termostato est\u00e1 a 22 grados\u00bb. Hac\u00eda fr\u00edo. Dijera el termostato lo que dijera. Cerca de las ventanas m\u00e1s fr\u00edo que cerca del radiador. De la misma \u00e9poca, hace casi 40 a\u00f1os, recuerdo que en las revistas de coches se nos ense\u00f1aba a los [&hellip;]","og_url":"https:\/\/www.km77.com\/revista\/teletransporte\/termostato-no-tiene-quien-le-escriba\/","og_site_name":"Revista km77","article_published_time":"2010-07-29T20:56:16+00:00","article_modified_time":"2021-03-31T18:12:27+00:00","og_image":[{"url":"https:\/\/www.km77.com\/revista\/wp-content\/files\/2010\/07\/bulgaria.JPG","type":"","width":"","height":""}],"author":"Javier Molt\u00f3","twitter_card":"summary_large_image","twitter_creator":"@Deportes1","twitter_misc":{"Escrito por":"Javier Molt\u00f3","Tiempo de lectura":"3 minutos"},"schema":{"@context":"https:\/\/schema.org","@graph":[{"@type":"Article","@id":"https:\/\/www.km77.com\/revista\/teletransporte\/termostato-no-tiene-quien-le-escriba\/#article","isPartOf":{"@id":"https:\/\/www.km77.com\/revista\/teletransporte\/termostato-no-tiene-quien-le-escriba\/"},"author":{"name":"Javier Molt\u00f3","@id":"https:\/\/www.km77.com\/revista\/#\/schema\/person\/2f0611a1b3c7d2a2c81a9428505a25db"},"headline":"El termostato no tiene quien le escriba","datePublished":"2010-07-29T20:56:16+00:00","dateModified":"2021-03-31T18:12:27+00:00","mainEntityOfPage":{"@id":"https:\/\/www.km77.com\/revista\/teletransporte\/termostato-no-tiene-quien-le-escriba\/"},"wordCount":656,"commentCount":35,"publisher":{"@id":"https:\/\/www.km77.com\/revista\/#organization"},"image":{"@id":"https:\/\/www.km77.com\/revista\/teletransporte\/termostato-no-tiene-quien-le-escriba\/#primaryimage"},"thumbnailUrl":"https:\/\/www.km77.com\/revista\/wp-content\/files\/2010\/07\/bulgaria.JPG","keywords":["aire acondicionado","Bulgaria","De todo un poco","Ford","Ford Focus","termostato"],"articleSection":["Teletransporte"],"inLanguage":"es","potentialAction":[{"@type":"CommentAction","name":"Comment","target":["https:\/\/www.km77.com\/revista\/teletransporte\/termostato-no-tiene-quien-le-escriba\/#respond"]}]},{"@type":"WebPage","@id":"https:\/\/www.km77.com\/revista\/teletransporte\/termostato-no-tiene-quien-le-escriba\/","url":"https:\/\/www.km77.com\/revista\/teletransporte\/termostato-no-tiene-quien-le-escriba\/","name":"El termostato no tiene quien le escriba - Revista km77","isPartOf":{"@id":"https:\/\/www.km77.com\/revista\/#website"},"primaryImageOfPage":{"@id":"https:\/\/www.km77.com\/revista\/teletransporte\/termostato-no-tiene-quien-le-escriba\/#primaryimage"},"image":{"@id":"https:\/\/www.km77.com\/revista\/teletransporte\/termostato-no-tiene-quien-le-escriba\/#primaryimage"},"thumbnailUrl":"https:\/\/www.km77.com\/revista\/wp-content\/files\/2010\/07\/bulgaria.JPG","datePublished":"2010-07-29T20:56:16+00:00","dateModified":"2021-03-31T18:12:27+00:00","breadcrumb":{"@id":"https:\/\/www.km77.com\/revista\/teletransporte\/termostato-no-tiene-quien-le-escriba\/#breadcrumb"},"inLanguage":"es","potentialAction":[{"@type":"ReadAction","target":["https:\/\/www.km77.com\/revista\/teletransporte\/termostato-no-tiene-quien-le-escriba\/"]}]},{"@type":"ImageObject","inLanguage":"es","@id":"https:\/\/www.km77.com\/revista\/teletransporte\/termostato-no-tiene-quien-le-escriba\/#primaryimage","url":"https:\/\/www.km77.com\/revista\/wp-content\/files\/2010\/07\/bulgaria.JPG","contentUrl":"https:\/\/www.km77.com\/revista\/wp-content\/files\/2010\/07\/bulgaria.JPG"},{"@type":"BreadcrumbList","@id":"https:\/\/www.km77.com\/revista\/teletransporte\/termostato-no-tiene-quien-le-escriba\/#breadcrumb","itemListElement":[{"@type":"ListItem","position":1,"name":"Revista km77","item":"https:\/\/www.km77.com\/revista\/"},{"@type":"ListItem","position":2,"name":"Teletransporte","item":"https:\/\/www.km77.com\/revista\/teletransporte\/"},{"@type":"ListItem","position":3,"name":"El termostato no tiene quien le escriba"}]},{"@type":"WebSite","@id":"https:\/\/www.km77.com\/revista\/#website","url":"https:\/\/www.km77.com\/revista\/","name":"Revista km77","description":"Revista de km77","publisher":{"@id":"https:\/\/www.km77.com\/revista\/#organization"},"potentialAction":[{"@type":"SearchAction","target":{"@type":"EntryPoint","urlTemplate":"https:\/\/www.km77.com\/revista\/?s={search_term_string}"},"query-input":{"@type":"PropertyValueSpecification","valueRequired":true,"valueName":"search_term_string"}}],"inLanguage":"es"},{"@type":"Organization","@id":"https:\/\/www.km77.com\/revista\/#organization","name":"KM77","url":"https:\/\/www.km77.com\/revista\/","logo":{"@type":"ImageObject","inLanguage":"es","@id":"https:\/\/www.km77.com\/revista\/#\/schema\/logo\/image\/","url":"https:\/\/www.km77.com\/revista\/wp-content\/uploads\/2021\/02\/logo-km77.png","contentUrl":"https:\/\/www.km77.com\/revista\/wp-content\/uploads\/2021\/02\/logo-km77.png","width":100,"height":34,"caption":"KM77"},"image":{"@id":"https:\/\/www.km77.com\/revista\/#\/schema\/logo\/image\/"}},{"@type":"Person","@id":"https:\/\/www.km77.com\/revista\/#\/schema\/person\/2f0611a1b3c7d2a2c81a9428505a25db","name":"Javier Molt\u00f3","image":{"@type":"ImageObject","inLanguage":"es","@id":"https:\/\/secure.gravatar.com\/avatar\/1c930880a58b8b56f4abb8c2797bdb266488614621319ddd0ab4ee365b10a72c?s=96&d=mm&r=g","url":"https:\/\/secure.gravatar.com\/avatar\/1c930880a58b8b56f4abb8c2797bdb266488614621319ddd0ab4ee365b10a72c?s=96&d=mm&r=g","contentUrl":"https:\/\/secure.gravatar.com\/avatar\/1c930880a58b8b56f4abb8c2797bdb266488614621319ddd0ab4ee365b10a72c?s=96&d=mm&r=g","caption":"Javier Molt\u00f3"},"description":"Empec\u00e9 a trabajar como periodista probador de coches en 1985, en la revista AutoHebdo. Despu\u00e9s trabaj\u00e9 en Coche Actual y Motor16. Desde 1994 a 1999 inform\u00e9 de asuntos econ\u00f3micos tanto en Madrid como en Londres, donde trabaj\u00e9 en Bloomberg. En 1999 fund\u00e9 km77.com, empresa con la que sigo empe\u00f1ado en el objetivo de dar la mejor informaci\u00f3n de coches de la que somos capaces.","sameAs":["https:\/\/x.com\/Deportes1"],"url":"https:\/\/www.km77.com\/revista\/author\/teletransporte\/"}]}},"amp_enabled":true,"_links":{"self":[{"href":"https:\/\/www.km77.com\/revista\/wp-json\/wp\/v2\/posts\/4073","targetHints":{"allow":["GET"]}}],"collection":[{"href":"https:\/\/www.km77.com\/revista\/wp-json\/wp\/v2\/posts"}],"about":[{"href":"https:\/\/www.km77.com\/revista\/wp-json\/wp\/v2\/types\/post"}],"author":[{"embeddable":true,"href":"https:\/\/www.km77.com\/revista\/wp-json\/wp\/v2\/users\/72"}],"replies":[{"embeddable":true,"href":"https:\/\/www.km77.com\/revista\/wp-json\/wp\/v2\/comments?post=4073"}],"version-history":[{"count":1,"href":"https:\/\/www.km77.com\/revista\/wp-json\/wp\/v2\/posts\/4073\/revisions"}],"predecessor-version":[{"id":44692,"href":"https:\/\/www.km77.com\/revista\/wp-json\/wp\/v2\/posts\/4073\/revisions\/44692"}],"wp:attachment":[{"href":"https:\/\/www.km77.com\/revista\/wp-json\/wp\/v2\/media?parent=4073"}],"wp:term":[{"taxonomy":"category","embeddable":true,"href":"https:\/\/www.km77.com\/revista\/wp-json\/wp\/v2\/categories?post=4073"},{"taxonomy":"post_tag","embeddable":true,"href":"https:\/\/www.km77.com\/revista\/wp-json\/wp\/v2\/tags?post=4073"}],"curies":[{"name":"wp","href":"https:\/\/api.w.org\/{rel}","templated":true}]}}