{"id":39227,"date":"2009-06-02T11:44:00","date_gmt":"2009-06-02T09:44:00","guid":{"rendered":"http:\/\/blogs.km77.com\/100000kmengolf\/?p=252"},"modified":"2021-03-31T20:15:05","modified_gmt":"2021-03-31T18:15:05","slug":"ayer-nuestro-volkswagen-golf-fue-un-segundon","status":"publish","type":"post","link":"https:\/\/www.km77.com\/revista\/100000-km-en-golf\/ayer-nuestro-volkswagen-golf-fue-un-segundon\/","title":{"rendered":"Ayer nuestro Volkswagen Golf fue un segund\u00f3n."},"content":{"rendered":"<p>Normalmente en la redacci\u00f3n prestamos mucha atenci\u00f3n al Golf. Comentamos los detalles de su uso, el desgaste de los neum\u00e1ticos, su consumo de combustible, las incidencias o preparamos la informaci\u00f3n que vamos a publicar en las pr\u00f3ximas semanas. Sobre el Golf hablamos m\u00e1s que de casi cualquier otro coche. Ayer no.<\/p>\n<p><img decoding=\"async\" src=\"https:\/\/www.km77.com\/revista\/wp-content\/uploads\/2009\/06\/gtr-golf1.jpg\" alt=\"gtr-golf1\" title=\"gtr-golf1\" width=\"500\" height=\"333\" class=\"aligncenter size-full wp-image-253\" \/><\/p>\n<p>Ayer fui con Pepe y Loren  a fotografiar un Nissan GT-R. Nadie hac\u00eda caso al Golf; s\u00f3lo nos sirvi\u00f3 como herramienta de trabajo, para llevar el tr\u00edpode, las c\u00e1maras, los objetivos, la \u201ccaja de limpieza\u201d (para que los coches salgan bien aseados) y otros utensilios (que no voy a desvelar para no dar pistas de por qu\u00e9 las fotos del GT-R han salido tan bien; pr\u00f3ximamente las publicaremos en km77.com).<\/p>\n<p>Ayer fue un d\u00eda de esos especiales. Todo el d\u00eda por delante y un coche espectacular. He conducido mucho y lo que puedo decir, de momento, es que el GT-R no es s\u00f3lo un coche potente. Hoy en d\u00eda no es raro de encontrar veh\u00edculos de casi 500 CV de potencia, generalmente grandes y pesados, que s\u00f3lo son realmente r\u00e1pidos cuando la carretera es ancha y tiene pocas curvas. El Nissan GT-R tambi\u00e9n es pesado (m\u00e1s de 1.800 kg), pero no lo parece por su agilidad para cambiar de trayectoria a voluntad del conductor en las curvas m\u00e1s retorcidas. Seg\u00fan esoy escribiendo este texto me llama Alfonso Herrero, que est\u00e1 d\u00e1ndose una vuelta con el GT-R, dice: \u201c\u00bfes necesario que haga este ruido de avi\u00f3n [de turbina] cuando aceleras?\u201d<\/p>\n<p>Despu\u00e9s de la sesi\u00f3n de fotos el Golf march\u00f3 para la redacci\u00f3n, donde Javier Molt\u00f3 lo esperaba para emprender un curioso viaje. Ahora mismo ya est\u00e1 en \u00c1frica<\/p>\n<p><strong>Enrique Calle<\/strong><\/p>\n","protected":false},"excerpt":{"rendered":"<p>Normalmente en la redacci\u00f3n prestamos mucha atenci\u00f3n al Golf. Comentamos los detalles de su uso, el desgaste de los neum\u00e1ticos, su consumo de combustible, las incidencias o preparamos la informaci\u00f3n que vamos a publicar en las pr\u00f3ximas semanas. Sobre el Golf hablamos m\u00e1s que de casi cualquier otro coche. Ayer no. Ayer fui con Pepe [&hellip;]<\/p>\n","protected":false},"author":41,"featured_media":0,"comment_status":"open","ping_status":"closed","sticky":false,"template":"","format":"standard","meta":{"_et_pb_use_builder":"","_et_pb_old_content":"","_et_gb_content_width":"","footnotes":""},"categories":[3907],"tags":[22],"class_list":["post-39227","post","type-post","status-publish","format-standard","hentry","category-100000-km-en-golf","tag-general"],"amp_enabled":true,"_links":{"self":[{"href":"https:\/\/www.km77.com\/revista\/wp-json\/wp\/v2\/posts\/39227","targetHints":{"allow":["GET"]}}],"collection":[{"href":"https:\/\/www.km77.com\/revista\/wp-json\/wp\/v2\/posts"}],"about":[{"href":"https:\/\/www.km77.com\/revista\/wp-json\/wp\/v2\/types\/post"}],"author":[{"embeddable":true,"href":"https:\/\/www.km77.com\/revista\/wp-json\/wp\/v2\/users\/41"}],"replies":[{"embeddable":true,"href":"https:\/\/www.km77.com\/revista\/wp-json\/wp\/v2\/comments?post=39227"}],"version-history":[{"count":1,"href":"https:\/\/www.km77.com\/revista\/wp-json\/wp\/v2\/posts\/39227\/revisions"}],"predecessor-version":[{"id":45345,"href":"https:\/\/www.km77.com\/revista\/wp-json\/wp\/v2\/posts\/39227\/revisions\/45345"}],"wp:attachment":[{"href":"https:\/\/www.km77.com\/revista\/wp-json\/wp\/v2\/media?parent=39227"}],"wp:term":[{"taxonomy":"category","embeddable":true,"href":"https:\/\/www.km77.com\/revista\/wp-json\/wp\/v2\/categories?post=39227"},{"taxonomy":"post_tag","embeddable":true,"href":"https:\/\/www.km77.com\/revista\/wp-json\/wp\/v2\/tags?post=39227"}],"curies":[{"name":"wp","href":"https:\/\/api.w.org\/{rel}","templated":true}]}}