{"id":38857,"date":"2011-06-26T19:53:03","date_gmt":"2011-06-26T17:53:03","guid":{"rendered":"http:\/\/blogs.km77.com\/pruebatucoche\/?p=423"},"modified":"2021-03-31T20:10:06","modified_gmt":"2021-03-31T18:10:06","slug":"saab-9000-aero-de-1997","status":"publish","type":"post","link":"https:\/\/www.km77.com\/revista\/prueba-tu-coche\/saab-9000-aero-de-1997\/","title":{"rendered":"Saab 9000 Aero de 1997"},"content":{"rendered":"<p>Bueno, pues voy a intentar que pod\u00e1is haceros una idea acerca de mi coche, un Saab 9000 Aero de 1997, que conduzco desde hace cinco a\u00f1os.<\/p>\n<p><img decoding=\"async\" class=\"aligncenter size-full wp-image-424\" title=\"01\" src=\"\/wp-content\/uploads\/2011\/06\/011.jpg\" alt=\"01\" width=\"500\" height=\"375\" \/><\/p>\n<p>El 9000 era en su momento la berlina grande de la marca sueca, y en su larga carrera comercial entre 1984 y 1998 se fabricaron unas 500.000 unidades. En particular la versi\u00f3n Aero era el tope de gama con un motor de cuatro cilindros turbo, 2.3 litros y 225 caballos. Las diferencias con sus hermanos de gama era el motor, m\u00e1s potente, el nivel de equipamiento con sus asientos deportivos tapizados en cuero, las llantas de aleaci\u00f3n de 16 pulgadas, y paragolpes diferentes.<\/p>\n<p>Cualquiera dir\u00eda que un coche con esta potencia debe tener bastante car\u00e1cter deportivo, pero no es el caso; lo que s\u00ed tiene en cantidades industriales es \u201ccar\u00e1cter\u201d, algo que choca con las afirmaciones de muchos entendidos de que los aut\u00e9nticos Saab murieron por el 900 \u201ccl\u00e1sico\u201d que desapareci\u00f3 en 1993.<\/p>\n<p><img decoding=\"async\" class=\"aligncenter size-full wp-image-425\" title=\"03\" src=\"\/wp-content\/uploads\/2011\/06\/031.jpg\" alt=\"03\" width=\"500\" height=\"375\" \/><\/p>\n<p>Tratar\u00e9 de explicar en qu\u00e9 consiste este car\u00e1cter.<\/p>\n<p>Este 9000 es un coche realmente r\u00e1pido pero su principal virtud es la tranquilidad y relajaci\u00f3n que permite a su volante. Los kil\u00f3metros pasan sin darte cuenta y manteniendo velocidades de crucero muy altas, mientras la paz y el sosiego se respiran en su habit\u00e1culo. En el que por cierto cuatro personas pueden viajar con total comodidad, espacio interior y con generoso equipaje en el maletero.<\/p>\n<p>No intentes exprimirlo en carreteras de monta\u00f1a con curvas cerradas, mejor deja eso para los Cl\u00edo Cup y los Ibiza Cupra. El motor tiene cierto \u201cturbo-lag\u201d y los desarrollos del cambio son largos, as\u00ed que cuesta un poco salir de las curvas lentas; la caja de cambios es suficientemente precisa pero lenta y los recorridos son largos; los frenos solo son meramente adecuados para las velocidades que se pueden alcanzar; la direcci\u00f3n no es muy comunicativa; y la suspensi\u00f3n, sin ser especialmente confortable, permite cierto balanceo de carrocer\u00eda que no transmite demasiada confianza en cuanto se apuran los l\u00edmites, si bien es totalmente predecible y seguro. Es como si el coche te dijera \u201cno lo intentes, chaval, yo no soy de esos\u201d.<\/p>\n<p><img decoding=\"async\" class=\"aligncenter size-full wp-image-428\" title=\"06\" src=\"\/wp-content\/uploads\/2011\/06\/06.jpg\" alt=\"06\" width=\"500\" height=\"375\" \/><\/p>\n<p>Pero en autov\u00edas y carreteras nacionales o auton\u00f3micas con poco tr\u00e1fico y curvas amplias, el 9000 poco a poco revela su aut\u00e9ntico car\u00e1cter. Es entonces cuando el conductor cae en la cuenta de que la ergonom\u00eda y dise\u00f1o del salpicadero, pese a su antig\u00fcedad (1984), son pr\u00e1cticamente perfectos. Que los asientos, dise\u00f1ados por Recaro, son de lo mejor que se ha hecho; que los adelantamientos se hacen en distancias escandalosamente cortas y sin reducir marchas; y que todo ello ayuda a conducir de forma relajada y segura, normalmente llegando al destino m\u00e1s descansado que cuando se inici\u00f3 el viaje. En definitiva, cuando el coche se destapa como un rutero de la mejor cala\u00f1a.<\/p>\n<p><img decoding=\"async\" class=\"aligncenter size-full wp-image-427\" title=\"04\" src=\"\/wp-content\/uploads\/2011\/06\/041.jpg\" alt=\"04\" width=\"500\" height=\"375\" \/><\/p>\n<p>Hay que hacer especial menci\u00f3n acerca de un aspecto. El coraz\u00f3n de un coche es su motor, y en este caso el 2.3 Turbo de Saab mediatiza el coche entero. El rendimiento es espectacular, no solo porque las recuperaciones y la \u201cpatada\u201d sorprenden a cualquiera, sino porque adem\u00e1s el consumo es bastante razonable: es f\u00e1cil viajar por autov\u00eda a 120-130 km\/h con el (magn\u00edfico) climatizador encendido y cuatro personas a bordo y mantenerse en torno a los 8- 8,5 litros\/100 kms, que es m\u00e1s o menos lo que consume una berlina contempor\u00e1nea con motor de 2.0 litros atmosf\u00e9rico y con unas prestaciones muy inferiores. Si nos queremos meter en el delicado mundo de las velocidades \u201cilegales\u201d, digamos que pasar de 110 km\/h a unos 180-190 km\/h es solo cuesti\u00f3n de acelerar un poco y contemplar c\u00f3mo inexorablemente sube la aguja del cuentakil\u00f3metros, con total aplomo y sensaci\u00f3n de control. Ah, y por cierto, este magn\u00edfico cuatro cilindros es fiable: 280.000 kil\u00f3metros en el caso de mi 9000, sin tocar nada, ni siquiera el turbo.<\/p>\n<p><img decoding=\"async\" class=\"aligncenter size-full wp-image-429\" title=\"05\" src=\"\/wp-content\/uploads\/2011\/06\/05.jpg\" alt=\"05\" width=\"500\" height=\"375\" \/><\/p>\n<p>Aunque el chasis evidentemente no admite comparaci\u00f3n con rivales actuales como el Audi A6, BMW Serie 5 o el nuevo Saab 9-5 (este 9000 es un caso claro de coche con \u201cmucho m\u00e1s motor que chasis\u201d), \u00e9stos podr\u00edan aprender un par de cosas acerca de su amplitud interior, visibilidad, comodidad, aprovechamiento del espacio e incluso su fiabilidad. Asimismo llama la atenci\u00f3n c\u00f3mo un coche tan \u201cviejo\u201d lleve un equipamiento con climatizador, doble airbag, asientos el\u00e9ctricos con calefacci\u00f3n, ordenador de a bordo, o radio casete con lector de CDs y amplificador, por ejemplo. Y que adem\u00e1s, a pesar de todos estos a\u00f1os, este equipamiento funcione correctamente.<\/p>\n<p><img decoding=\"async\" class=\"aligncenter size-full wp-image-430\" title=\"02\" src=\"\/wp-content\/uploads\/2011\/06\/021.jpg\" alt=\"02\" width=\"500\" height=\"375\" \/><\/p>\n<p>Tras todos estos kil\u00f3metros, sigue siendo un placer conducir el 9000, y mec\u00e1nicamente el coche se siente casi indestructible. En una \u00e9poca en la que los coches est\u00e1n repletos de electr\u00f3nica de mala calidad, complejidades innecesarias (\u00bflimpiaparabrisas autom\u00e1ticos? Si no eres capaz de darte cuenta de si llueve o no, quiz\u00e1s no deber\u00edas conducir\u2026), ECUs por todas partes y pensados para una tener una \u201cesperanza de vida\u201d de apenas ocho o diez a\u00f1os, es refrescante conducir un viejo cacharro que cuenta con todo lo necesario y nada de lo superfluo. Ojal\u00e1 los actuales Clase E, A6, Serie 5, etc. cumplan la mitad de a\u00f1os de mi 9000 en su misma buena forma.<\/p>\n<p style=\"text-align: right;\"><strong>Rafael<\/strong><\/p>\n","protected":false},"excerpt":{"rendered":"<p>Bueno, pues voy a intentar que pod\u00e1is haceros una idea acerca de mi coche, un Saab 9000 Aero de 1997, que conduzco desde hace cinco a\u00f1os. El 9000 era en su momento la berlina grande de la marca sueca, y en su larga carrera comercial entre 1984 y 1998 se fabricaron unas 500.000 unidades. En [&hellip;]<\/p>\n","protected":false},"author":70,"featured_media":38689,"comment_status":"open","ping_status":"closed","sticky":false,"template":"","format":"standard","meta":{"_et_pb_use_builder":"","_et_pb_old_content":"","_et_gb_content_width":"","footnotes":""},"categories":[3913],"tags":[11602,4429,389,869,1169,11603,1379,22,2665,11599,11604],"class_list":["post-38857","post","type-post","status-publish","format-standard","has-post-thumbnail","hentry","category-prueba-tu-coche","tag-11602","tag-aero","tag-asientos","tag-consumo","tag-equipamiento","tag-fiabilidad","tag-gasolina","tag-general","tag-saab","tag-saab-900","tag-turbo-lag"],"yoast_head":"<!-- This site is optimized with the Yoast SEO plugin v27.5 - https:\/\/yoast.com\/product\/yoast-seo-wordpress\/ -->\n<title>Saab 9000 Aero de 1997 - Revista km77<\/title>\n<meta name=\"robots\" content=\"index, follow, max-snippet:-1, max-image-preview:large, max-video-preview:-1\" \/>\n<link rel=\"canonical\" href=\"https:\/\/www.km77.com\/revista\/prueba-tu-coche\/saab-9000-aero-de-1997\/\" \/>\n<meta property=\"og:locale\" content=\"es_ES\" \/>\n<meta property=\"og:type\" content=\"article\" \/>\n<meta property=\"og:title\" content=\"Saab 9000 Aero de 1997 - Revista km77\" \/>\n<meta property=\"og:description\" content=\"Bueno, pues voy a intentar que pod\u00e1is haceros una idea acerca de mi coche, un Saab 9000 Aero de 1997, que conduzco desde hace cinco a\u00f1os. El 9000 era en su momento la berlina grande de la marca sueca, y en su larga carrera comercial entre 1984 y 1998 se fabricaron unas 500.000 unidades. En [&hellip;]\" \/>\n<meta property=\"og:url\" content=\"https:\/\/www.km77.com\/revista\/prueba-tu-coche\/saab-9000-aero-de-1997\/\" \/>\n<meta property=\"og:site_name\" content=\"Revista km77\" \/>\n<meta property=\"article:published_time\" content=\"2011-06-26T17:53:03+00:00\" \/>\n<meta property=\"article:modified_time\" content=\"2021-03-31T18:10:06+00:00\" \/>\n<meta property=\"og:image\" content=\"https:\/\/www.km77.com\/revista\/wp-content\/uploads\/2011\/06\/011-1.jpg\" \/>\n\t<meta property=\"og:image:width\" content=\"500\" \/>\n\t<meta property=\"og:image:height\" content=\"375\" \/>\n\t<meta property=\"og:image:type\" content=\"image\/jpeg\" \/>\n<meta name=\"author\" content=\"Prueba tu coche\" \/>\n<meta name=\"twitter:card\" content=\"summary_large_image\" \/>\n<meta name=\"twitter:label1\" content=\"Escrito por\" \/>\n\t<meta name=\"twitter:data1\" content=\"Prueba tu coche\" \/>\n\t<meta name=\"twitter:label2\" content=\"Tiempo de lectura\" \/>\n\t<meta name=\"twitter:data2\" content=\"5 minutos\" \/>\n<script type=\"application\/ld+json\" class=\"yoast-schema-graph\">{\"@context\":\"https:\\\/\\\/schema.org\",\"@graph\":[{\"@type\":\"Article\",\"@id\":\"https:\\\/\\\/www.km77.com\\\/revista\\\/prueba-tu-coche\\\/saab-9000-aero-de-1997\\\/#article\",\"isPartOf\":{\"@id\":\"https:\\\/\\\/www.km77.com\\\/revista\\\/prueba-tu-coche\\\/saab-9000-aero-de-1997\\\/\"},\"author\":{\"name\":\"Prueba tu coche\",\"@id\":\"https:\\\/\\\/www.km77.com\\\/revista\\\/#\\\/schema\\\/person\\\/b401763bf30ebddbe150fb3bff4d6b16\"},\"headline\":\"Saab 9000 Aero de 1997\",\"datePublished\":\"2011-06-26T17:53:03+00:00\",\"dateModified\":\"2021-03-31T18:10:06+00:00\",\"mainEntityOfPage\":{\"@id\":\"https:\\\/\\\/www.km77.com\\\/revista\\\/prueba-tu-coche\\\/saab-9000-aero-de-1997\\\/\"},\"wordCount\":907,\"commentCount\":42,\"publisher\":{\"@id\":\"https:\\\/\\\/www.km77.com\\\/revista\\\/#organization\"},\"image\":{\"@id\":\"https:\\\/\\\/www.km77.com\\\/revista\\\/prueba-tu-coche\\\/saab-9000-aero-de-1997\\\/#primaryimage\"},\"thumbnailUrl\":\"https:\\\/\\\/www.km77.com\\\/revista\\\/wp-content\\\/uploads\\\/2011\\\/06\\\/011-1.jpg\",\"keywords\":[\"9000\",\"Aero\",\"asientos\",\"consumo\",\"equipamiento\",\"fiabilidad\",\"gasolina\",\"General\",\"Saab\",\"saab 900\",\"turbo-lag\"],\"articleSection\":[\"Prueba tu Coche\"],\"inLanguage\":\"es\",\"potentialAction\":[{\"@type\":\"CommentAction\",\"name\":\"Comment\",\"target\":[\"https:\\\/\\\/www.km77.com\\\/revista\\\/prueba-tu-coche\\\/saab-9000-aero-de-1997\\\/#respond\"]}]},{\"@type\":\"WebPage\",\"@id\":\"https:\\\/\\\/www.km77.com\\\/revista\\\/prueba-tu-coche\\\/saab-9000-aero-de-1997\\\/\",\"url\":\"https:\\\/\\\/www.km77.com\\\/revista\\\/prueba-tu-coche\\\/saab-9000-aero-de-1997\\\/\",\"name\":\"Saab 9000 Aero de 1997 - Revista km77\",\"isPartOf\":{\"@id\":\"https:\\\/\\\/www.km77.com\\\/revista\\\/#website\"},\"primaryImageOfPage\":{\"@id\":\"https:\\\/\\\/www.km77.com\\\/revista\\\/prueba-tu-coche\\\/saab-9000-aero-de-1997\\\/#primaryimage\"},\"image\":{\"@id\":\"https:\\\/\\\/www.km77.com\\\/revista\\\/prueba-tu-coche\\\/saab-9000-aero-de-1997\\\/#primaryimage\"},\"thumbnailUrl\":\"https:\\\/\\\/www.km77.com\\\/revista\\\/wp-content\\\/uploads\\\/2011\\\/06\\\/011-1.jpg\",\"datePublished\":\"2011-06-26T17:53:03+00:00\",\"dateModified\":\"2021-03-31T18:10:06+00:00\",\"breadcrumb\":{\"@id\":\"https:\\\/\\\/www.km77.com\\\/revista\\\/prueba-tu-coche\\\/saab-9000-aero-de-1997\\\/#breadcrumb\"},\"inLanguage\":\"es\",\"potentialAction\":[{\"@type\":\"ReadAction\",\"target\":[\"https:\\\/\\\/www.km77.com\\\/revista\\\/prueba-tu-coche\\\/saab-9000-aero-de-1997\\\/\"]}]},{\"@type\":\"ImageObject\",\"inLanguage\":\"es\",\"@id\":\"https:\\\/\\\/www.km77.com\\\/revista\\\/prueba-tu-coche\\\/saab-9000-aero-de-1997\\\/#primaryimage\",\"url\":\"https:\\\/\\\/www.km77.com\\\/revista\\\/wp-content\\\/uploads\\\/2011\\\/06\\\/011-1.jpg\",\"contentUrl\":\"https:\\\/\\\/www.km77.com\\\/revista\\\/wp-content\\\/uploads\\\/2011\\\/06\\\/011-1.jpg\",\"width\":500,\"height\":375},{\"@type\":\"BreadcrumbList\",\"@id\":\"https:\\\/\\\/www.km77.com\\\/revista\\\/prueba-tu-coche\\\/saab-9000-aero-de-1997\\\/#breadcrumb\",\"itemListElement\":[{\"@type\":\"ListItem\",\"position\":1,\"name\":\"Revista km77\",\"item\":\"https:\\\/\\\/www.km77.com\\\/revista\\\/\"},{\"@type\":\"ListItem\",\"position\":2,\"name\":\"Prueba tu Coche\",\"item\":\"https:\\\/\\\/www.km77.com\\\/revista\\\/prueba-tu-coche\\\/\"},{\"@type\":\"ListItem\",\"position\":3,\"name\":\"Saab 9000 Aero de 1997\"}]},{\"@type\":\"WebSite\",\"@id\":\"https:\\\/\\\/www.km77.com\\\/revista\\\/#website\",\"url\":\"https:\\\/\\\/www.km77.com\\\/revista\\\/\",\"name\":\"Revista km77\",\"description\":\"Revista de km77\",\"publisher\":{\"@id\":\"https:\\\/\\\/www.km77.com\\\/revista\\\/#organization\"},\"potentialAction\":[{\"@type\":\"SearchAction\",\"target\":{\"@type\":\"EntryPoint\",\"urlTemplate\":\"https:\\\/\\\/www.km77.com\\\/revista\\\/?s={search_term_string}\"},\"query-input\":{\"@type\":\"PropertyValueSpecification\",\"valueRequired\":true,\"valueName\":\"search_term_string\"}}],\"inLanguage\":\"es\"},{\"@type\":\"Organization\",\"@id\":\"https:\\\/\\\/www.km77.com\\\/revista\\\/#organization\",\"name\":\"KM77\",\"url\":\"https:\\\/\\\/www.km77.com\\\/revista\\\/\",\"logo\":{\"@type\":\"ImageObject\",\"inLanguage\":\"es\",\"@id\":\"https:\\\/\\\/www.km77.com\\\/revista\\\/#\\\/schema\\\/logo\\\/image\\\/\",\"url\":\"https:\\\/\\\/www.km77.com\\\/revista\\\/wp-content\\\/uploads\\\/2021\\\/02\\\/logo-km77.png\",\"contentUrl\":\"https:\\\/\\\/www.km77.com\\\/revista\\\/wp-content\\\/uploads\\\/2021\\\/02\\\/logo-km77.png\",\"width\":100,\"height\":34,\"caption\":\"KM77\"},\"image\":{\"@id\":\"https:\\\/\\\/www.km77.com\\\/revista\\\/#\\\/schema\\\/logo\\\/image\\\/\"}},{\"@type\":\"Person\",\"@id\":\"https:\\\/\\\/www.km77.com\\\/revista\\\/#\\\/schema\\\/person\\\/b401763bf30ebddbe150fb3bff4d6b16\",\"name\":\"Prueba tu coche\",\"image\":{\"@type\":\"ImageObject\",\"inLanguage\":\"es\",\"@id\":\"https:\\\/\\\/secure.gravatar.com\\\/avatar\\\/ea5d81aa426212294765add630fed7f98d3db08cb3b10e61c9f3ca0bd5d97bb8?s=96&d=mm&r=g\",\"url\":\"https:\\\/\\\/secure.gravatar.com\\\/avatar\\\/ea5d81aa426212294765add630fed7f98d3db08cb3b10e61c9f3ca0bd5d97bb8?s=96&d=mm&r=g\",\"contentUrl\":\"https:\\\/\\\/secure.gravatar.com\\\/avatar\\\/ea5d81aa426212294765add630fed7f98d3db08cb3b10e61c9f3ca0bd5d97bb8?s=96&d=mm&r=g\",\"caption\":\"Prueba tu coche\"},\"url\":\"https:\\\/\\\/www.km77.com\\\/revista\\\/author\\\/pruebacoche\\\/\"}]}<\/script>\n<!-- \/ Yoast SEO plugin. -->","yoast_head_json":{"title":"Saab 9000 Aero de 1997 - Revista km77","robots":{"index":"index","follow":"follow","max-snippet":"max-snippet:-1","max-image-preview":"max-image-preview:large","max-video-preview":"max-video-preview:-1"},"canonical":"https:\/\/www.km77.com\/revista\/prueba-tu-coche\/saab-9000-aero-de-1997\/","og_locale":"es_ES","og_type":"article","og_title":"Saab 9000 Aero de 1997 - Revista km77","og_description":"Bueno, pues voy a intentar que pod\u00e1is haceros una idea acerca de mi coche, un Saab 9000 Aero de 1997, que conduzco desde hace cinco a\u00f1os. El 9000 era en su momento la berlina grande de la marca sueca, y en su larga carrera comercial entre 1984 y 1998 se fabricaron unas 500.000 unidades. En [&hellip;]","og_url":"https:\/\/www.km77.com\/revista\/prueba-tu-coche\/saab-9000-aero-de-1997\/","og_site_name":"Revista km77","article_published_time":"2011-06-26T17:53:03+00:00","article_modified_time":"2021-03-31T18:10:06+00:00","og_image":[{"width":500,"height":375,"url":"https:\/\/www.km77.com\/revista\/wp-content\/uploads\/2011\/06\/011-1.jpg","type":"image\/jpeg"}],"author":"Prueba tu coche","twitter_card":"summary_large_image","twitter_misc":{"Escrito por":"Prueba tu coche","Tiempo de lectura":"5 minutos"},"schema":{"@context":"https:\/\/schema.org","@graph":[{"@type":"Article","@id":"https:\/\/www.km77.com\/revista\/prueba-tu-coche\/saab-9000-aero-de-1997\/#article","isPartOf":{"@id":"https:\/\/www.km77.com\/revista\/prueba-tu-coche\/saab-9000-aero-de-1997\/"},"author":{"name":"Prueba tu coche","@id":"https:\/\/www.km77.com\/revista\/#\/schema\/person\/b401763bf30ebddbe150fb3bff4d6b16"},"headline":"Saab 9000 Aero de 1997","datePublished":"2011-06-26T17:53:03+00:00","dateModified":"2021-03-31T18:10:06+00:00","mainEntityOfPage":{"@id":"https:\/\/www.km77.com\/revista\/prueba-tu-coche\/saab-9000-aero-de-1997\/"},"wordCount":907,"commentCount":42,"publisher":{"@id":"https:\/\/www.km77.com\/revista\/#organization"},"image":{"@id":"https:\/\/www.km77.com\/revista\/prueba-tu-coche\/saab-9000-aero-de-1997\/#primaryimage"},"thumbnailUrl":"https:\/\/www.km77.com\/revista\/wp-content\/uploads\/2011\/06\/011-1.jpg","keywords":["9000","Aero","asientos","consumo","equipamiento","fiabilidad","gasolina","General","Saab","saab 900","turbo-lag"],"articleSection":["Prueba tu Coche"],"inLanguage":"es","potentialAction":[{"@type":"CommentAction","name":"Comment","target":["https:\/\/www.km77.com\/revista\/prueba-tu-coche\/saab-9000-aero-de-1997\/#respond"]}]},{"@type":"WebPage","@id":"https:\/\/www.km77.com\/revista\/prueba-tu-coche\/saab-9000-aero-de-1997\/","url":"https:\/\/www.km77.com\/revista\/prueba-tu-coche\/saab-9000-aero-de-1997\/","name":"Saab 9000 Aero de 1997 - Revista km77","isPartOf":{"@id":"https:\/\/www.km77.com\/revista\/#website"},"primaryImageOfPage":{"@id":"https:\/\/www.km77.com\/revista\/prueba-tu-coche\/saab-9000-aero-de-1997\/#primaryimage"},"image":{"@id":"https:\/\/www.km77.com\/revista\/prueba-tu-coche\/saab-9000-aero-de-1997\/#primaryimage"},"thumbnailUrl":"https:\/\/www.km77.com\/revista\/wp-content\/uploads\/2011\/06\/011-1.jpg","datePublished":"2011-06-26T17:53:03+00:00","dateModified":"2021-03-31T18:10:06+00:00","breadcrumb":{"@id":"https:\/\/www.km77.com\/revista\/prueba-tu-coche\/saab-9000-aero-de-1997\/#breadcrumb"},"inLanguage":"es","potentialAction":[{"@type":"ReadAction","target":["https:\/\/www.km77.com\/revista\/prueba-tu-coche\/saab-9000-aero-de-1997\/"]}]},{"@type":"ImageObject","inLanguage":"es","@id":"https:\/\/www.km77.com\/revista\/prueba-tu-coche\/saab-9000-aero-de-1997\/#primaryimage","url":"https:\/\/www.km77.com\/revista\/wp-content\/uploads\/2011\/06\/011-1.jpg","contentUrl":"https:\/\/www.km77.com\/revista\/wp-content\/uploads\/2011\/06\/011-1.jpg","width":500,"height":375},{"@type":"BreadcrumbList","@id":"https:\/\/www.km77.com\/revista\/prueba-tu-coche\/saab-9000-aero-de-1997\/#breadcrumb","itemListElement":[{"@type":"ListItem","position":1,"name":"Revista km77","item":"https:\/\/www.km77.com\/revista\/"},{"@type":"ListItem","position":2,"name":"Prueba tu Coche","item":"https:\/\/www.km77.com\/revista\/prueba-tu-coche\/"},{"@type":"ListItem","position":3,"name":"Saab 9000 Aero de 1997"}]},{"@type":"WebSite","@id":"https:\/\/www.km77.com\/revista\/#website","url":"https:\/\/www.km77.com\/revista\/","name":"Revista km77","description":"Revista de km77","publisher":{"@id":"https:\/\/www.km77.com\/revista\/#organization"},"potentialAction":[{"@type":"SearchAction","target":{"@type":"EntryPoint","urlTemplate":"https:\/\/www.km77.com\/revista\/?s={search_term_string}"},"query-input":{"@type":"PropertyValueSpecification","valueRequired":true,"valueName":"search_term_string"}}],"inLanguage":"es"},{"@type":"Organization","@id":"https:\/\/www.km77.com\/revista\/#organization","name":"KM77","url":"https:\/\/www.km77.com\/revista\/","logo":{"@type":"ImageObject","inLanguage":"es","@id":"https:\/\/www.km77.com\/revista\/#\/schema\/logo\/image\/","url":"https:\/\/www.km77.com\/revista\/wp-content\/uploads\/2021\/02\/logo-km77.png","contentUrl":"https:\/\/www.km77.com\/revista\/wp-content\/uploads\/2021\/02\/logo-km77.png","width":100,"height":34,"caption":"KM77"},"image":{"@id":"https:\/\/www.km77.com\/revista\/#\/schema\/logo\/image\/"}},{"@type":"Person","@id":"https:\/\/www.km77.com\/revista\/#\/schema\/person\/b401763bf30ebddbe150fb3bff4d6b16","name":"Prueba tu coche","image":{"@type":"ImageObject","inLanguage":"es","@id":"https:\/\/secure.gravatar.com\/avatar\/ea5d81aa426212294765add630fed7f98d3db08cb3b10e61c9f3ca0bd5d97bb8?s=96&d=mm&r=g","url":"https:\/\/secure.gravatar.com\/avatar\/ea5d81aa426212294765add630fed7f98d3db08cb3b10e61c9f3ca0bd5d97bb8?s=96&d=mm&r=g","contentUrl":"https:\/\/secure.gravatar.com\/avatar\/ea5d81aa426212294765add630fed7f98d3db08cb3b10e61c9f3ca0bd5d97bb8?s=96&d=mm&r=g","caption":"Prueba tu coche"},"url":"https:\/\/www.km77.com\/revista\/author\/pruebacoche\/"}]}},"amp_enabled":true,"_links":{"self":[{"href":"https:\/\/www.km77.com\/revista\/wp-json\/wp\/v2\/posts\/38857","targetHints":{"allow":["GET"]}}],"collection":[{"href":"https:\/\/www.km77.com\/revista\/wp-json\/wp\/v2\/posts"}],"about":[{"href":"https:\/\/www.km77.com\/revista\/wp-json\/wp\/v2\/types\/post"}],"author":[{"embeddable":true,"href":"https:\/\/www.km77.com\/revista\/wp-json\/wp\/v2\/users\/70"}],"replies":[{"embeddable":true,"href":"https:\/\/www.km77.com\/revista\/wp-json\/wp\/v2\/comments?post=38857"}],"version-history":[{"count":1,"href":"https:\/\/www.km77.com\/revista\/wp-json\/wp\/v2\/posts\/38857\/revisions"}],"predecessor-version":[{"id":44128,"href":"https:\/\/www.km77.com\/revista\/wp-json\/wp\/v2\/posts\/38857\/revisions\/44128"}],"wp:featuredmedia":[{"embeddable":true,"href":"https:\/\/www.km77.com\/revista\/wp-json\/wp\/v2\/media\/38689"}],"wp:attachment":[{"href":"https:\/\/www.km77.com\/revista\/wp-json\/wp\/v2\/media?parent=38857"}],"wp:term":[{"taxonomy":"category","embeddable":true,"href":"https:\/\/www.km77.com\/revista\/wp-json\/wp\/v2\/categories?post=38857"},{"taxonomy":"post_tag","embeddable":true,"href":"https:\/\/www.km77.com\/revista\/wp-json\/wp\/v2\/tags?post=38857"}],"curies":[{"name":"wp","href":"https:\/\/api.w.org\/{rel}","templated":true}]}}