{"id":38832,"date":"2009-05-06T15:14:55","date_gmt":"2009-05-06T13:14:55","guid":{"rendered":"http:\/\/blogs.km77.com\/pruebatucoche\/?p=98"},"modified":"2021-03-31T20:15:14","modified_gmt":"2021-03-31T18:15:14","slug":"toyota-celica-20-16v-160-cv","status":"publish","type":"post","link":"https:\/\/www.km77.com\/revista\/prueba-tu-coche\/toyota-celica-20-16v-160-cv\/","title":{"rendered":"Toyota Celica 2.0 16V 160 CV"},"content":{"rendered":"<p>El Toyota Celica de la 5\u00aa generaci\u00f3n (chasis ST 182) que estuvo en producci\u00f3n entre 1990 y 1993. De esta serie hab\u00edan sacado al mercado europeo tres motorizaciones: 1.6, 2.0 y 2.0 turbo y una serie limitada llamada Carlos Sainz en 1992 con el fin de cumplir la reglamentaci\u00f3n de rallyes y fabricaron 5000 unidades con potencia de 208 CV.<\/p>\n<p><img decoding=\"async\" src=\"\/wp-content\/uploads\/2009\/05\/cimg4753.jpg\" alt=\"Toyota Celica 2.0 16V 160 CV\" title=\"Toyota Celica 2.0 16V 160 CV\" width=\"513\" height=\"374\" class=\"aligncenter size-full wp-image-99\" \/><\/p>\n<p>Mi coche fue matriculado en Espa\u00f1a en septiembre de 1992. Tiene frenos de disco a las cuatro ruedas con ABS, aire acondicionado, lava faros, luces antiniebla, tanto traseras como delanteras, asientos tipo baquet, elevalunas el\u00e9ctricos, testigo de puertas y maletero abiertos y direcci\u00f3n asistida.<\/p>\n<p><img decoding=\"async\" src=\"\/wp-content\/uploads\/2009\/05\/cimg4754.jpg\" alt=\"Toyota Celica 2.0 16V 160 CV\" title=\"Toyota Celica 2.0 16V 160 CV\" width=\"494\" height=\"339\" class=\"aligncenter size-full wp-image-100\" \/><\/p>\n<p>El motor de 2 litros, 16 v\u00e1lvulas y doble \u00e1rbol de levas, que entrega 160 CV a las ruedas delanteras, ofrece potencia mas que de sobra para hacer viajes, tanto cargado como no, con unos consumos, que se podr\u00edan considerar altos para un coche de estas caracter\u00edsticas y su peso (1275 kg seg\u00fan documentaci\u00f3n), que rondar\u00edan unos 8 litros yendo a velocidades de 120-140 Km\/h teniendo cuidado con el acelerador. Por ciudad estar\u00eda en torno a 10-11  litros practicando una conducci\u00f3n suave, llegando a consumir 16-18 litros en carreteras de monta\u00f1a, aprovechando toda la potencia.<\/p>\n<p><img decoding=\"async\" src=\"\/wp-content\/uploads\/2009\/05\/cimg7905.jpg\" alt=\"Toyota Celica 2.0 16V 160 CV\" title=\"Toyota Celica 2.0 16V 160 CV\" width=\"461\" height=\"346\" class=\"aligncenter size-full wp-image-102\" \/><\/p>\n<p>El motor no es un prodigio de fuerza por debajo de 4000 vueltas (el empuje m\u00e1ximo -185 Nm- lo da a 4800 rpm), no es torpe bajo este r\u00e9gimen, pero vendr\u00eda muy bien tener mayor par a bajo r\u00e9gimen.<\/p>\n<p>Se echa en falta una palanca de cambios con recorridos m\u00e1s cortos. Por hablar del escalamiento de las marchas, hay un gran salto entre la segunda y la tercera y menor entre 3\u00aa y 4\u00aa. La quinta marcha, a mi modo de ver, es larga lo que puede favorecer a los consumos y ruido del motor, donde a velocidad m\u00e1xima permitida en autov\u00edas gira a unas 3200 revoluciones por minuto, si llegara a la potencia m\u00e1xima en quinta, el coche deber\u00eda ir a unos 250 km\/h. A pesar de ello, es un coche bastante ruidoso, quiz\u00e1 debido a poco aislamiento ac\u00fastico que tiene.<\/p>\n<p><img decoding=\"async\" src=\"\/wp-content\/uploads\/2009\/05\/cimg7916.jpg\" alt=\"Toyota Celica 2.0 16V 160 CV\" title=\"Toyota Celica 2.0 16V 160 CV\" width=\"499\" height=\"375\" class=\"aligncenter size-full wp-image-104\" \/><\/p>\n<p>Sorprende tambi\u00e9n la estabilidad que ofrece el coche en carreteras de cualquier tipo, teniendo en cuenta que no tiene ninguna ayuda de estabilidad electr\u00f3nica, la frenada es buena debido a unos frenos que cumplen bien su funci\u00f3n. La direcci\u00f3n para uso por ciudad es r\u00e1pida con 2.7 de vueltas de volante entre topes.<\/p>\n<p>Al sentarse dentro del coche, se nota que al coche le pasan los a\u00f1os, referido al dise\u00f1o y tacto de los materiales, aunque eso no significa que este mal hecho, ni mucho menos, dando una sensaci\u00f3n de que esta bien hecho. Por tratarse de un cupe la luneta trasera tiene peque\u00f1o \u00e1ngulo de ca\u00edda, limitando la visibilidad hacia atr\u00e1s. <\/p>\n<p>El coche no es recomendable para que la gente vaya sentada detr\u00e1s, debido a que no hay sitio para las piernas y la ca\u00edda del techo es muy grande donde una persona de 1.80 ya puede llegar a tocar el techo, el coche ofrece unos asientos traseros muy c\u00f3modos, sin reposacabezas.<\/p>\n<p><img decoding=\"async\" src=\"\/wp-content\/uploads\/2009\/05\/cimg7924.jpg\" alt=\"Toyota Celica 2.0 16V 160 CV\" title=\"Toyota Celica 2.0 16V 160 CV\" width=\"523\" height=\"392\" class=\"aligncenter size-full wp-image-105\" \/><\/p>\n<p>Delante los asientos son de tipo baquet ofreciendo una sujeci\u00f3n muy buena. Por hablar de habitabilidad delante, el volante es de gran di\u00e1metro y poco grueso, solo pudi\u00e9ndose arreglar en altura, los mandos de climatizaci\u00f3n est\u00e1n algo inc\u00f3modos de accionar, en cuanto al maletero es grande y aprovechable, pero limitado por altura del cristal trasero.<\/p>\n<p>A los que les gusta conducir lo m\u00e1s cerca del suelo o, personas altas como yo, estar\u00e1 satisfecho con el puesto de conducci\u00f3n, que est\u00e1 muy cerca del suelo.<\/p>\n<p>El tacto de la direcci\u00f3n, los frenos, el puesto de conducci\u00f3n, el chasis, la suspensi\u00f3n y los frenos pueden ofrecer una conducci\u00f3n divertida en carretera con curvas, donde el ahorro de combustible no es lo principal y sacrificando la comodidad en un uso diario por la suspensi\u00f3n de serie, que resulta dura, sin llegar a ser seca por pasar en carreteras bacheadas.<\/p>\n<p>Por hablar del mantenimiento, los recambios originales de Toyota son injustificablemente caros.  En dos a\u00f1os que poseo el coche y 25 000 hechos no me ha dado ning\u00fan problema serio, el coche con un mantenimiento adecuado a su tiempo, puede dar muchos km de uso.<\/p>\n","protected":false},"excerpt":{"rendered":"<p>El Toyota Celica de la 5\u00aa generaci\u00f3n (chasis ST 182) que estuvo en producci\u00f3n entre 1990 y 1993. De esta serie hab\u00edan sacado al mercado europeo tres motorizaciones: 1.6, 2.0 y 2.0 turbo y una serie limitada llamada Carlos Sainz en 1992 con el fin de cumplir la reglamentaci\u00f3n de rallyes y fabricaron 5000 unidades [&hellip;]<\/p>\n","protected":false},"author":70,"featured_media":38613,"comment_status":"open","ping_status":"closed","sticky":false,"template":"","format":"standard","meta":{"_et_pb_use_builder":"","_et_pb_old_content":"","_et_gb_content_width":"","footnotes":""},"categories":[3913],"tags":[22],"class_list":["post-38832","post","type-post","status-publish","format-standard","has-post-thumbnail","hentry","category-prueba-tu-coche","tag-general"],"yoast_head":"<!-- This site is optimized with the Yoast SEO plugin v27.4 - https:\/\/yoast.com\/product\/yoast-seo-wordpress\/ -->\n<title>Toyota Celica 2.0 16V 160 CV - Revista km77<\/title>\n<meta name=\"robots\" content=\"index, follow, max-snippet:-1, max-image-preview:large, max-video-preview:-1\" \/>\n<link rel=\"canonical\" href=\"https:\/\/www.km77.com\/revista\/prueba-tu-coche\/toyota-celica-20-16v-160-cv\/\" \/>\n<meta property=\"og:locale\" content=\"es_ES\" \/>\n<meta property=\"og:type\" content=\"article\" \/>\n<meta property=\"og:title\" content=\"Toyota Celica 2.0 16V 160 CV - Revista km77\" \/>\n<meta property=\"og:description\" content=\"El Toyota Celica de la 5\u00aa generaci\u00f3n (chasis ST 182) que estuvo en producci\u00f3n entre 1990 y 1993. De esta serie hab\u00edan sacado al mercado europeo tres motorizaciones: 1.6, 2.0 y 2.0 turbo y una serie limitada llamada Carlos Sainz en 1992 con el fin de cumplir la reglamentaci\u00f3n de rallyes y fabricaron 5000 unidades [&hellip;]\" \/>\n<meta property=\"og:url\" content=\"https:\/\/www.km77.com\/revista\/prueba-tu-coche\/toyota-celica-20-16v-160-cv\/\" \/>\n<meta property=\"og:site_name\" content=\"Revista km77\" \/>\n<meta property=\"article:published_time\" content=\"2009-05-06T13:14:55+00:00\" \/>\n<meta property=\"article:modified_time\" content=\"2021-03-31T18:15:14+00:00\" \/>\n<meta property=\"og:image\" content=\"https:\/\/www.km77.com\/revista\/wp-content\/uploads\/2009\/05\/cimg4753-1.jpg\" \/>\n\t<meta property=\"og:image:width\" content=\"513\" \/>\n\t<meta property=\"og:image:height\" content=\"374\" \/>\n\t<meta property=\"og:image:type\" content=\"image\/jpeg\" \/>\n<meta name=\"author\" content=\"Prueba tu coche\" \/>\n<meta name=\"twitter:card\" content=\"summary_large_image\" \/>\n<meta name=\"twitter:label1\" content=\"Escrito por\" \/>\n\t<meta name=\"twitter:data1\" content=\"Prueba tu coche\" \/>\n\t<meta name=\"twitter:label2\" content=\"Tiempo de lectura\" \/>\n\t<meta name=\"twitter:data2\" content=\"4 minutos\" \/>\n<script type=\"application\/ld+json\" class=\"yoast-schema-graph\">{\"@context\":\"https:\\\/\\\/schema.org\",\"@graph\":[{\"@type\":\"Article\",\"@id\":\"https:\\\/\\\/www.km77.com\\\/revista\\\/prueba-tu-coche\\\/toyota-celica-20-16v-160-cv\\\/#article\",\"isPartOf\":{\"@id\":\"https:\\\/\\\/www.km77.com\\\/revista\\\/prueba-tu-coche\\\/toyota-celica-20-16v-160-cv\\\/\"},\"author\":{\"name\":\"Prueba tu coche\",\"@id\":\"https:\\\/\\\/www.km77.com\\\/revista\\\/#\\\/schema\\\/person\\\/b401763bf30ebddbe150fb3bff4d6b16\"},\"headline\":\"Toyota Celica 2.0 16V 160 CV\",\"datePublished\":\"2009-05-06T13:14:55+00:00\",\"dateModified\":\"2021-03-31T18:15:14+00:00\",\"mainEntityOfPage\":{\"@id\":\"https:\\\/\\\/www.km77.com\\\/revista\\\/prueba-tu-coche\\\/toyota-celica-20-16v-160-cv\\\/\"},\"wordCount\":730,\"commentCount\":29,\"publisher\":{\"@id\":\"https:\\\/\\\/www.km77.com\\\/revista\\\/#organization\"},\"image\":{\"@id\":\"https:\\\/\\\/www.km77.com\\\/revista\\\/prueba-tu-coche\\\/toyota-celica-20-16v-160-cv\\\/#primaryimage\"},\"thumbnailUrl\":\"https:\\\/\\\/www.km77.com\\\/revista\\\/wp-content\\\/uploads\\\/2009\\\/05\\\/cimg4753-1.jpg\",\"keywords\":[\"General\"],\"articleSection\":[\"Prueba tu Coche\"],\"inLanguage\":\"es\",\"potentialAction\":[{\"@type\":\"CommentAction\",\"name\":\"Comment\",\"target\":[\"https:\\\/\\\/www.km77.com\\\/revista\\\/prueba-tu-coche\\\/toyota-celica-20-16v-160-cv\\\/#respond\"]}]},{\"@type\":\"WebPage\",\"@id\":\"https:\\\/\\\/www.km77.com\\\/revista\\\/prueba-tu-coche\\\/toyota-celica-20-16v-160-cv\\\/\",\"url\":\"https:\\\/\\\/www.km77.com\\\/revista\\\/prueba-tu-coche\\\/toyota-celica-20-16v-160-cv\\\/\",\"name\":\"Toyota Celica 2.0 16V 160 CV - Revista km77\",\"isPartOf\":{\"@id\":\"https:\\\/\\\/www.km77.com\\\/revista\\\/#website\"},\"primaryImageOfPage\":{\"@id\":\"https:\\\/\\\/www.km77.com\\\/revista\\\/prueba-tu-coche\\\/toyota-celica-20-16v-160-cv\\\/#primaryimage\"},\"image\":{\"@id\":\"https:\\\/\\\/www.km77.com\\\/revista\\\/prueba-tu-coche\\\/toyota-celica-20-16v-160-cv\\\/#primaryimage\"},\"thumbnailUrl\":\"https:\\\/\\\/www.km77.com\\\/revista\\\/wp-content\\\/uploads\\\/2009\\\/05\\\/cimg4753-1.jpg\",\"datePublished\":\"2009-05-06T13:14:55+00:00\",\"dateModified\":\"2021-03-31T18:15:14+00:00\",\"breadcrumb\":{\"@id\":\"https:\\\/\\\/www.km77.com\\\/revista\\\/prueba-tu-coche\\\/toyota-celica-20-16v-160-cv\\\/#breadcrumb\"},\"inLanguage\":\"es\",\"potentialAction\":[{\"@type\":\"ReadAction\",\"target\":[\"https:\\\/\\\/www.km77.com\\\/revista\\\/prueba-tu-coche\\\/toyota-celica-20-16v-160-cv\\\/\"]}]},{\"@type\":\"ImageObject\",\"inLanguage\":\"es\",\"@id\":\"https:\\\/\\\/www.km77.com\\\/revista\\\/prueba-tu-coche\\\/toyota-celica-20-16v-160-cv\\\/#primaryimage\",\"url\":\"https:\\\/\\\/www.km77.com\\\/revista\\\/wp-content\\\/uploads\\\/2009\\\/05\\\/cimg4753-1.jpg\",\"contentUrl\":\"https:\\\/\\\/www.km77.com\\\/revista\\\/wp-content\\\/uploads\\\/2009\\\/05\\\/cimg4753-1.jpg\",\"width\":513,\"height\":374},{\"@type\":\"BreadcrumbList\",\"@id\":\"https:\\\/\\\/www.km77.com\\\/revista\\\/prueba-tu-coche\\\/toyota-celica-20-16v-160-cv\\\/#breadcrumb\",\"itemListElement\":[{\"@type\":\"ListItem\",\"position\":1,\"name\":\"Revista km77\",\"item\":\"https:\\\/\\\/www.km77.com\\\/revista\\\/\"},{\"@type\":\"ListItem\",\"position\":2,\"name\":\"Prueba tu Coche\",\"item\":\"https:\\\/\\\/www.km77.com\\\/revista\\\/prueba-tu-coche\\\/\"},{\"@type\":\"ListItem\",\"position\":3,\"name\":\"Toyota Celica 2.0 16V 160 CV\"}]},{\"@type\":\"WebSite\",\"@id\":\"https:\\\/\\\/www.km77.com\\\/revista\\\/#website\",\"url\":\"https:\\\/\\\/www.km77.com\\\/revista\\\/\",\"name\":\"Revista km77\",\"description\":\"Revista de km77\",\"publisher\":{\"@id\":\"https:\\\/\\\/www.km77.com\\\/revista\\\/#organization\"},\"potentialAction\":[{\"@type\":\"SearchAction\",\"target\":{\"@type\":\"EntryPoint\",\"urlTemplate\":\"https:\\\/\\\/www.km77.com\\\/revista\\\/?s={search_term_string}\"},\"query-input\":{\"@type\":\"PropertyValueSpecification\",\"valueRequired\":true,\"valueName\":\"search_term_string\"}}],\"inLanguage\":\"es\"},{\"@type\":\"Organization\",\"@id\":\"https:\\\/\\\/www.km77.com\\\/revista\\\/#organization\",\"name\":\"KM77\",\"url\":\"https:\\\/\\\/www.km77.com\\\/revista\\\/\",\"logo\":{\"@type\":\"ImageObject\",\"inLanguage\":\"es\",\"@id\":\"https:\\\/\\\/www.km77.com\\\/revista\\\/#\\\/schema\\\/logo\\\/image\\\/\",\"url\":\"https:\\\/\\\/www.km77.com\\\/revista\\\/wp-content\\\/uploads\\\/2021\\\/02\\\/logo-km77.png\",\"contentUrl\":\"https:\\\/\\\/www.km77.com\\\/revista\\\/wp-content\\\/uploads\\\/2021\\\/02\\\/logo-km77.png\",\"width\":100,\"height\":34,\"caption\":\"KM77\"},\"image\":{\"@id\":\"https:\\\/\\\/www.km77.com\\\/revista\\\/#\\\/schema\\\/logo\\\/image\\\/\"}},{\"@type\":\"Person\",\"@id\":\"https:\\\/\\\/www.km77.com\\\/revista\\\/#\\\/schema\\\/person\\\/b401763bf30ebddbe150fb3bff4d6b16\",\"name\":\"Prueba tu coche\",\"image\":{\"@type\":\"ImageObject\",\"inLanguage\":\"es\",\"@id\":\"https:\\\/\\\/secure.gravatar.com\\\/avatar\\\/ea5d81aa426212294765add630fed7f98d3db08cb3b10e61c9f3ca0bd5d97bb8?s=96&d=mm&r=g\",\"url\":\"https:\\\/\\\/secure.gravatar.com\\\/avatar\\\/ea5d81aa426212294765add630fed7f98d3db08cb3b10e61c9f3ca0bd5d97bb8?s=96&d=mm&r=g\",\"contentUrl\":\"https:\\\/\\\/secure.gravatar.com\\\/avatar\\\/ea5d81aa426212294765add630fed7f98d3db08cb3b10e61c9f3ca0bd5d97bb8?s=96&d=mm&r=g\",\"caption\":\"Prueba tu coche\"},\"url\":\"https:\\\/\\\/www.km77.com\\\/revista\\\/author\\\/pruebacoche\\\/\"}]}<\/script>\n<!-- \/ Yoast SEO plugin. -->","yoast_head_json":{"title":"Toyota Celica 2.0 16V 160 CV - Revista km77","robots":{"index":"index","follow":"follow","max-snippet":"max-snippet:-1","max-image-preview":"max-image-preview:large","max-video-preview":"max-video-preview:-1"},"canonical":"https:\/\/www.km77.com\/revista\/prueba-tu-coche\/toyota-celica-20-16v-160-cv\/","og_locale":"es_ES","og_type":"article","og_title":"Toyota Celica 2.0 16V 160 CV - Revista km77","og_description":"El Toyota Celica de la 5\u00aa generaci\u00f3n (chasis ST 182) que estuvo en producci\u00f3n entre 1990 y 1993. De esta serie hab\u00edan sacado al mercado europeo tres motorizaciones: 1.6, 2.0 y 2.0 turbo y una serie limitada llamada Carlos Sainz en 1992 con el fin de cumplir la reglamentaci\u00f3n de rallyes y fabricaron 5000 unidades [&hellip;]","og_url":"https:\/\/www.km77.com\/revista\/prueba-tu-coche\/toyota-celica-20-16v-160-cv\/","og_site_name":"Revista km77","article_published_time":"2009-05-06T13:14:55+00:00","article_modified_time":"2021-03-31T18:15:14+00:00","og_image":[{"width":513,"height":374,"url":"https:\/\/www.km77.com\/revista\/wp-content\/uploads\/2009\/05\/cimg4753-1.jpg","type":"image\/jpeg"}],"author":"Prueba tu coche","twitter_card":"summary_large_image","twitter_misc":{"Escrito por":"Prueba tu coche","Tiempo de lectura":"4 minutos"},"schema":{"@context":"https:\/\/schema.org","@graph":[{"@type":"Article","@id":"https:\/\/www.km77.com\/revista\/prueba-tu-coche\/toyota-celica-20-16v-160-cv\/#article","isPartOf":{"@id":"https:\/\/www.km77.com\/revista\/prueba-tu-coche\/toyota-celica-20-16v-160-cv\/"},"author":{"name":"Prueba tu coche","@id":"https:\/\/www.km77.com\/revista\/#\/schema\/person\/b401763bf30ebddbe150fb3bff4d6b16"},"headline":"Toyota Celica 2.0 16V 160 CV","datePublished":"2009-05-06T13:14:55+00:00","dateModified":"2021-03-31T18:15:14+00:00","mainEntityOfPage":{"@id":"https:\/\/www.km77.com\/revista\/prueba-tu-coche\/toyota-celica-20-16v-160-cv\/"},"wordCount":730,"commentCount":29,"publisher":{"@id":"https:\/\/www.km77.com\/revista\/#organization"},"image":{"@id":"https:\/\/www.km77.com\/revista\/prueba-tu-coche\/toyota-celica-20-16v-160-cv\/#primaryimage"},"thumbnailUrl":"https:\/\/www.km77.com\/revista\/wp-content\/uploads\/2009\/05\/cimg4753-1.jpg","keywords":["General"],"articleSection":["Prueba tu Coche"],"inLanguage":"es","potentialAction":[{"@type":"CommentAction","name":"Comment","target":["https:\/\/www.km77.com\/revista\/prueba-tu-coche\/toyota-celica-20-16v-160-cv\/#respond"]}]},{"@type":"WebPage","@id":"https:\/\/www.km77.com\/revista\/prueba-tu-coche\/toyota-celica-20-16v-160-cv\/","url":"https:\/\/www.km77.com\/revista\/prueba-tu-coche\/toyota-celica-20-16v-160-cv\/","name":"Toyota Celica 2.0 16V 160 CV - Revista km77","isPartOf":{"@id":"https:\/\/www.km77.com\/revista\/#website"},"primaryImageOfPage":{"@id":"https:\/\/www.km77.com\/revista\/prueba-tu-coche\/toyota-celica-20-16v-160-cv\/#primaryimage"},"image":{"@id":"https:\/\/www.km77.com\/revista\/prueba-tu-coche\/toyota-celica-20-16v-160-cv\/#primaryimage"},"thumbnailUrl":"https:\/\/www.km77.com\/revista\/wp-content\/uploads\/2009\/05\/cimg4753-1.jpg","datePublished":"2009-05-06T13:14:55+00:00","dateModified":"2021-03-31T18:15:14+00:00","breadcrumb":{"@id":"https:\/\/www.km77.com\/revista\/prueba-tu-coche\/toyota-celica-20-16v-160-cv\/#breadcrumb"},"inLanguage":"es","potentialAction":[{"@type":"ReadAction","target":["https:\/\/www.km77.com\/revista\/prueba-tu-coche\/toyota-celica-20-16v-160-cv\/"]}]},{"@type":"ImageObject","inLanguage":"es","@id":"https:\/\/www.km77.com\/revista\/prueba-tu-coche\/toyota-celica-20-16v-160-cv\/#primaryimage","url":"https:\/\/www.km77.com\/revista\/wp-content\/uploads\/2009\/05\/cimg4753-1.jpg","contentUrl":"https:\/\/www.km77.com\/revista\/wp-content\/uploads\/2009\/05\/cimg4753-1.jpg","width":513,"height":374},{"@type":"BreadcrumbList","@id":"https:\/\/www.km77.com\/revista\/prueba-tu-coche\/toyota-celica-20-16v-160-cv\/#breadcrumb","itemListElement":[{"@type":"ListItem","position":1,"name":"Revista km77","item":"https:\/\/www.km77.com\/revista\/"},{"@type":"ListItem","position":2,"name":"Prueba tu Coche","item":"https:\/\/www.km77.com\/revista\/prueba-tu-coche\/"},{"@type":"ListItem","position":3,"name":"Toyota Celica 2.0 16V 160 CV"}]},{"@type":"WebSite","@id":"https:\/\/www.km77.com\/revista\/#website","url":"https:\/\/www.km77.com\/revista\/","name":"Revista km77","description":"Revista de km77","publisher":{"@id":"https:\/\/www.km77.com\/revista\/#organization"},"potentialAction":[{"@type":"SearchAction","target":{"@type":"EntryPoint","urlTemplate":"https:\/\/www.km77.com\/revista\/?s={search_term_string}"},"query-input":{"@type":"PropertyValueSpecification","valueRequired":true,"valueName":"search_term_string"}}],"inLanguage":"es"},{"@type":"Organization","@id":"https:\/\/www.km77.com\/revista\/#organization","name":"KM77","url":"https:\/\/www.km77.com\/revista\/","logo":{"@type":"ImageObject","inLanguage":"es","@id":"https:\/\/www.km77.com\/revista\/#\/schema\/logo\/image\/","url":"https:\/\/www.km77.com\/revista\/wp-content\/uploads\/2021\/02\/logo-km77.png","contentUrl":"https:\/\/www.km77.com\/revista\/wp-content\/uploads\/2021\/02\/logo-km77.png","width":100,"height":34,"caption":"KM77"},"image":{"@id":"https:\/\/www.km77.com\/revista\/#\/schema\/logo\/image\/"}},{"@type":"Person","@id":"https:\/\/www.km77.com\/revista\/#\/schema\/person\/b401763bf30ebddbe150fb3bff4d6b16","name":"Prueba tu coche","image":{"@type":"ImageObject","inLanguage":"es","@id":"https:\/\/secure.gravatar.com\/avatar\/ea5d81aa426212294765add630fed7f98d3db08cb3b10e61c9f3ca0bd5d97bb8?s=96&d=mm&r=g","url":"https:\/\/secure.gravatar.com\/avatar\/ea5d81aa426212294765add630fed7f98d3db08cb3b10e61c9f3ca0bd5d97bb8?s=96&d=mm&r=g","contentUrl":"https:\/\/secure.gravatar.com\/avatar\/ea5d81aa426212294765add630fed7f98d3db08cb3b10e61c9f3ca0bd5d97bb8?s=96&d=mm&r=g","caption":"Prueba tu coche"},"url":"https:\/\/www.km77.com\/revista\/author\/pruebacoche\/"}]}},"amp_enabled":true,"_links":{"self":[{"href":"https:\/\/www.km77.com\/revista\/wp-json\/wp\/v2\/posts\/38832","targetHints":{"allow":["GET"]}}],"collection":[{"href":"https:\/\/www.km77.com\/revista\/wp-json\/wp\/v2\/posts"}],"about":[{"href":"https:\/\/www.km77.com\/revista\/wp-json\/wp\/v2\/types\/post"}],"author":[{"embeddable":true,"href":"https:\/\/www.km77.com\/revista\/wp-json\/wp\/v2\/users\/70"}],"replies":[{"embeddable":true,"href":"https:\/\/www.km77.com\/revista\/wp-json\/wp\/v2\/comments?post=38832"}],"version-history":[{"count":1,"href":"https:\/\/www.km77.com\/revista\/wp-json\/wp\/v2\/posts\/38832\/revisions"}],"predecessor-version":[{"id":45394,"href":"https:\/\/www.km77.com\/revista\/wp-json\/wp\/v2\/posts\/38832\/revisions\/45394"}],"wp:featuredmedia":[{"embeddable":true,"href":"https:\/\/www.km77.com\/revista\/wp-json\/wp\/v2\/media\/38613"}],"wp:attachment":[{"href":"https:\/\/www.km77.com\/revista\/wp-json\/wp\/v2\/media?parent=38832"}],"wp:term":[{"taxonomy":"category","embeddable":true,"href":"https:\/\/www.km77.com\/revista\/wp-json\/wp\/v2\/categories?post=38832"},{"taxonomy":"post_tag","embeddable":true,"href":"https:\/\/www.km77.com\/revista\/wp-json\/wp\/v2\/tags?post=38832"}],"curies":[{"name":"wp","href":"https:\/\/api.w.org\/{rel}","templated":true}]}}