{"id":34438,"date":"2011-10-05T11:53:13","date_gmt":"2011-10-05T09:53:13","guid":{"rendered":"http:\/\/blogs.km77.com\/teletransporte\/?p=6976"},"modified":"2021-03-31T20:09:09","modified_gmt":"2021-03-31T18:09:09","slug":"los-buenos-y-los-malos","status":"publish","type":"post","link":"https:\/\/www.km77.com\/revista\/teletransporte\/los-buenos-y-los-malos\/","title":{"rendered":"Los buenos y los malos"},"content":{"rendered":"<p>Digo\u00a0<a title=\"Izquierdas y derehas\" href=\"https:\/\/www.km77.com\/revista\/teletransporte\/6970\/izquierdas-derechas-austeridad-gasto\/\" target=\"_self\" rel=\"noopener\">en un texto que escrib\u00ed ayer<\/a>:<\/p>\n<p>\u00abPongamos que lo que distingue a las personas de izquierdas sea ayudar con m\u00e1s ah\u00ednco a los que menos tienen. Supongamos que los de derechas son menos solidarios y les importa una hortaliza los que menos tienen.\u201d<\/p>\n<p>Y escribe Ferrer:<\/p>\n<p>\u00abEs decir, los de izquierdas son unos tipos maj\u00edsimos y los de derechas unos cabrones?\u00bb<\/p>\n<p>Mi respuesta a ese interrogante de Ferrer la escribo a continuaci\u00f3n.<\/p>\n<p>\u00bfBuenos o malos seg\u00fan qu\u00e9? \u00bfQu\u00e9 precepto clasifica a unos como buenos por preocuparse por los d\u00e9biles y a otros como malos por no preocuparse? \u00bfQu\u00e9 juez dice que somos buenos o malos por defender unas ideas u otras? \u00bfPor qu\u00e9 principio es mejor la persona que defiende a los pobres que a los ricos?<\/p>\n<p>Mi ideolog\u00eda se sustenta en que a una sociedad le conviene defender a los m\u00e1s necesitados porque cuanto mejor vivan ellos, mejor vivir\u00e1 el resto. Esta ideolog\u00eda no se basa en una cuesti\u00f3n de buenos y malos, sino en puro ego\u00edsmo. Yo vivir\u00e9 mejor y quienes me rodean vivir\u00e1n mejor si nadie pasa hambre a nuestro alrededor, si todos tienen cubiertas sus necesidades b\u00e1sicas, si quien vive en mi ciudad y en mi pa\u00eds es razonablemente feliz.<\/p>\n<p>Me parece necesario que despojemos las ideolog\u00edas de adjetivos morales inventados. No hay leyes ancestrales que digan qu\u00e9 es lo bueno y lo malo, ni justicia universal, ni justicia social universal, aparte de la que concretemos en leyes acordadas por todos.<\/p>\n<p>Es igual de leg\u00edtimo y v\u00e1lido defender una menor protecci\u00f3n a los pobres porque ese dinero destinado a personas que no producen es un despilfarro para la sociedad, que no repercute en el bienestar general de quienes m\u00e1s se esfuerzan. Tambi\u00e9n es leg\u00edtimo defender que no podemos malcriar a los pobres, que se convenzan de que la caridad es voluntaria y de que nadie est\u00e1 obligado a ayudarles. Buscar herramientas para que adquieran la certeza de que tienen que espabilarse si quieren comer y no pasar fr\u00edo es tan defendible como la ideolog\u00eda de quien apoya que se les mime y cuide por encima de todo.<\/p>\n<p>No hay ni buenos ni malos universales, menos por pensar de una u otra forma. Especialmente porque no hay nadie que pueda emitir ese juicio. No hay un juzgador superior que diga lo que es bueno o malo, m\u00e1s all\u00e1 de la voluntad de la sociedad.<\/p>\n<p>Es posible tener una ideolog\u00eda u otra por ego\u00edsmo, como es mi caso, o para que te quieran m\u00e1s las personas que te rodean, o por fe en una ley natural, por ganarse el cielo o porque te quiera la persona a la que adoras. La sociedad ideal que uno pretende, la que conforma lo que denominamos ideolog\u00eda, se puede dibujar de muchas maneras diferentes. Todas igual de leg\u00edtimas.<\/p>\n<p>Por ese motivo es dif\u00edcil de entender que las personas se enfaden con quienes tienen ideolog\u00edas diferentes. \u00bfQui\u00e9n tiene una ideolog\u00eda diferente, el otro o yo?<\/p>\n<p>La diversidad de ideolog\u00edas es enriquecedora y nadie es mejor ni peor que otro por tener una ideolog\u00eda u otra. Por ese motivo, no entiendo que las personas tengamos reparos en decir lo que pensamos por si molesta a los dem\u00e1s.<\/p>\n","protected":false},"excerpt":{"rendered":"<p>Digo\u00a0en un texto que escrib\u00ed ayer: \u00abPongamos que lo que distingue a las personas de izquierdas sea ayudar con m\u00e1s ah\u00ednco a los que menos tienen. Supongamos que los de derechas son menos solidarios y les importa una hortaliza los que menos tienen.\u201d Y escribe Ferrer: \u00abEs decir, los de izquierdas son unos tipos maj\u00edsimos [&hellip;]<\/p>\n","protected":false},"author":72,"featured_media":0,"comment_status":"open","ping_status":"closed","sticky":false,"template":"","format":"standard","meta":{"_et_pb_use_builder":"","_et_pb_old_content":"","_et_gb_content_width":"","footnotes":""},"categories":[3915],"tags":[7975,970,1535,1610],"class_list":["post-34438","post","type-post","status-publish","format-standard","hentry","category-teletransporte","tag-de-todo-un-poco","tag-derechas","tag-ideologia","tag-izquierdas"],"yoast_head":"<!-- This site is optimized with the Yoast SEO plugin v27.5 - https:\/\/yoast.com\/product\/yoast-seo-wordpress\/ -->\n<title>Los buenos y los malos - Revista km77<\/title>\n<meta name=\"robots\" content=\"index, follow, max-snippet:-1, max-image-preview:large, max-video-preview:-1\" \/>\n<link rel=\"canonical\" href=\"https:\/\/www.km77.com\/revista\/teletransporte\/los-buenos-y-los-malos\/\" \/>\n<meta property=\"og:locale\" content=\"es_ES\" \/>\n<meta property=\"og:type\" content=\"article\" \/>\n<meta property=\"og:title\" content=\"Los buenos y los malos - Revista km77\" \/>\n<meta property=\"og:description\" content=\"Digo\u00a0en un texto que escrib\u00ed ayer: \u00abPongamos que lo que distingue a las personas de izquierdas sea ayudar con m\u00e1s ah\u00ednco a los que menos tienen. Supongamos que los de derechas son menos solidarios y les importa una hortaliza los que menos tienen.\u201d Y escribe Ferrer: \u00abEs decir, los de izquierdas son unos tipos maj\u00edsimos [&hellip;]\" \/>\n<meta property=\"og:url\" content=\"https:\/\/www.km77.com\/revista\/teletransporte\/los-buenos-y-los-malos\/\" \/>\n<meta property=\"og:site_name\" content=\"Revista km77\" \/>\n<meta property=\"article:published_time\" content=\"2011-10-05T09:53:13+00:00\" \/>\n<meta property=\"article:modified_time\" content=\"2021-03-31T18:09:09+00:00\" \/>\n<meta name=\"author\" content=\"Javier Molt\u00f3\" \/>\n<meta name=\"twitter:card\" content=\"summary_large_image\" \/>\n<meta name=\"twitter:creator\" content=\"@Deportes1\" \/>\n<meta name=\"twitter:label1\" content=\"Escrito por\" \/>\n\t<meta name=\"twitter:data1\" content=\"Javier Molt\u00f3\" \/>\n\t<meta name=\"twitter:label2\" content=\"Tiempo de lectura\" \/>\n\t<meta name=\"twitter:data2\" content=\"3 minutos\" \/>\n<script type=\"application\/ld+json\" class=\"yoast-schema-graph\">{\"@context\":\"https:\\\/\\\/schema.org\",\"@graph\":[{\"@type\":\"Article\",\"@id\":\"https:\\\/\\\/www.km77.com\\\/revista\\\/teletransporte\\\/los-buenos-y-los-malos\\\/#article\",\"isPartOf\":{\"@id\":\"https:\\\/\\\/www.km77.com\\\/revista\\\/teletransporte\\\/los-buenos-y-los-malos\\\/\"},\"author\":{\"name\":\"Javier Molt\u00f3\",\"@id\":\"https:\\\/\\\/www.km77.com\\\/revista\\\/#\\\/schema\\\/person\\\/2f0611a1b3c7d2a2c81a9428505a25db\"},\"headline\":\"Los buenos y los malos\",\"datePublished\":\"2011-10-05T09:53:13+00:00\",\"dateModified\":\"2021-03-31T18:09:09+00:00\",\"mainEntityOfPage\":{\"@id\":\"https:\\\/\\\/www.km77.com\\\/revista\\\/teletransporte\\\/los-buenos-y-los-malos\\\/\"},\"wordCount\":575,\"commentCount\":59,\"publisher\":{\"@id\":\"https:\\\/\\\/www.km77.com\\\/revista\\\/#organization\"},\"keywords\":[\"De todo un poco\",\"derechas\",\"ideologia\",\"izquierdas\"],\"articleSection\":[\"Teletransporte\"],\"inLanguage\":\"es\",\"potentialAction\":[{\"@type\":\"CommentAction\",\"name\":\"Comment\",\"target\":[\"https:\\\/\\\/www.km77.com\\\/revista\\\/teletransporte\\\/los-buenos-y-los-malos\\\/#respond\"]}]},{\"@type\":\"WebPage\",\"@id\":\"https:\\\/\\\/www.km77.com\\\/revista\\\/teletransporte\\\/los-buenos-y-los-malos\\\/\",\"url\":\"https:\\\/\\\/www.km77.com\\\/revista\\\/teletransporte\\\/los-buenos-y-los-malos\\\/\",\"name\":\"Los buenos y los malos - Revista km77\",\"isPartOf\":{\"@id\":\"https:\\\/\\\/www.km77.com\\\/revista\\\/#website\"},\"datePublished\":\"2011-10-05T09:53:13+00:00\",\"dateModified\":\"2021-03-31T18:09:09+00:00\",\"breadcrumb\":{\"@id\":\"https:\\\/\\\/www.km77.com\\\/revista\\\/teletransporte\\\/los-buenos-y-los-malos\\\/#breadcrumb\"},\"inLanguage\":\"es\",\"potentialAction\":[{\"@type\":\"ReadAction\",\"target\":[\"https:\\\/\\\/www.km77.com\\\/revista\\\/teletransporte\\\/los-buenos-y-los-malos\\\/\"]}]},{\"@type\":\"BreadcrumbList\",\"@id\":\"https:\\\/\\\/www.km77.com\\\/revista\\\/teletransporte\\\/los-buenos-y-los-malos\\\/#breadcrumb\",\"itemListElement\":[{\"@type\":\"ListItem\",\"position\":1,\"name\":\"Revista km77\",\"item\":\"https:\\\/\\\/www.km77.com\\\/revista\\\/\"},{\"@type\":\"ListItem\",\"position\":2,\"name\":\"Teletransporte\",\"item\":\"https:\\\/\\\/www.km77.com\\\/revista\\\/teletransporte\\\/\"},{\"@type\":\"ListItem\",\"position\":3,\"name\":\"Los buenos y los malos\"}]},{\"@type\":\"WebSite\",\"@id\":\"https:\\\/\\\/www.km77.com\\\/revista\\\/#website\",\"url\":\"https:\\\/\\\/www.km77.com\\\/revista\\\/\",\"name\":\"Revista km77\",\"description\":\"Revista de km77\",\"publisher\":{\"@id\":\"https:\\\/\\\/www.km77.com\\\/revista\\\/#organization\"},\"potentialAction\":[{\"@type\":\"SearchAction\",\"target\":{\"@type\":\"EntryPoint\",\"urlTemplate\":\"https:\\\/\\\/www.km77.com\\\/revista\\\/?s={search_term_string}\"},\"query-input\":{\"@type\":\"PropertyValueSpecification\",\"valueRequired\":true,\"valueName\":\"search_term_string\"}}],\"inLanguage\":\"es\"},{\"@type\":\"Organization\",\"@id\":\"https:\\\/\\\/www.km77.com\\\/revista\\\/#organization\",\"name\":\"KM77\",\"url\":\"https:\\\/\\\/www.km77.com\\\/revista\\\/\",\"logo\":{\"@type\":\"ImageObject\",\"inLanguage\":\"es\",\"@id\":\"https:\\\/\\\/www.km77.com\\\/revista\\\/#\\\/schema\\\/logo\\\/image\\\/\",\"url\":\"https:\\\/\\\/www.km77.com\\\/revista\\\/wp-content\\\/uploads\\\/2021\\\/02\\\/logo-km77.png\",\"contentUrl\":\"https:\\\/\\\/www.km77.com\\\/revista\\\/wp-content\\\/uploads\\\/2021\\\/02\\\/logo-km77.png\",\"width\":100,\"height\":34,\"caption\":\"KM77\"},\"image\":{\"@id\":\"https:\\\/\\\/www.km77.com\\\/revista\\\/#\\\/schema\\\/logo\\\/image\\\/\"}},{\"@type\":\"Person\",\"@id\":\"https:\\\/\\\/www.km77.com\\\/revista\\\/#\\\/schema\\\/person\\\/2f0611a1b3c7d2a2c81a9428505a25db\",\"name\":\"Javier Molt\u00f3\",\"image\":{\"@type\":\"ImageObject\",\"inLanguage\":\"es\",\"@id\":\"https:\\\/\\\/secure.gravatar.com\\\/avatar\\\/1c930880a58b8b56f4abb8c2797bdb266488614621319ddd0ab4ee365b10a72c?s=96&d=mm&r=g\",\"url\":\"https:\\\/\\\/secure.gravatar.com\\\/avatar\\\/1c930880a58b8b56f4abb8c2797bdb266488614621319ddd0ab4ee365b10a72c?s=96&d=mm&r=g\",\"contentUrl\":\"https:\\\/\\\/secure.gravatar.com\\\/avatar\\\/1c930880a58b8b56f4abb8c2797bdb266488614621319ddd0ab4ee365b10a72c?s=96&d=mm&r=g\",\"caption\":\"Javier Molt\u00f3\"},\"description\":\"Empec\u00e9 a trabajar como periodista probador de coches en 1985, en la revista AutoHebdo. Despu\u00e9s trabaj\u00e9 en Coche Actual y Motor16. Desde 1994 a 1999 inform\u00e9 de asuntos econ\u00f3micos tanto en Madrid como en Londres, donde trabaj\u00e9 en Bloomberg. En 1999 fund\u00e9 km77.com, empresa con la que sigo empe\u00f1ado en el objetivo de dar la mejor informaci\u00f3n de coches de la que somos capaces.\",\"sameAs\":[\"https:\\\/\\\/x.com\\\/Deportes1\"],\"url\":\"https:\\\/\\\/www.km77.com\\\/revista\\\/author\\\/teletransporte\\\/\"}]}<\/script>\n<!-- \/ Yoast SEO plugin. -->","yoast_head_json":{"title":"Los buenos y los malos - Revista km77","robots":{"index":"index","follow":"follow","max-snippet":"max-snippet:-1","max-image-preview":"max-image-preview:large","max-video-preview":"max-video-preview:-1"},"canonical":"https:\/\/www.km77.com\/revista\/teletransporte\/los-buenos-y-los-malos\/","og_locale":"es_ES","og_type":"article","og_title":"Los buenos y los malos - Revista km77","og_description":"Digo\u00a0en un texto que escrib\u00ed ayer: \u00abPongamos que lo que distingue a las personas de izquierdas sea ayudar con m\u00e1s ah\u00ednco a los que menos tienen. Supongamos que los de derechas son menos solidarios y les importa una hortaliza los que menos tienen.\u201d Y escribe Ferrer: \u00abEs decir, los de izquierdas son unos tipos maj\u00edsimos [&hellip;]","og_url":"https:\/\/www.km77.com\/revista\/teletransporte\/los-buenos-y-los-malos\/","og_site_name":"Revista km77","article_published_time":"2011-10-05T09:53:13+00:00","article_modified_time":"2021-03-31T18:09:09+00:00","author":"Javier Molt\u00f3","twitter_card":"summary_large_image","twitter_creator":"@Deportes1","twitter_misc":{"Escrito por":"Javier Molt\u00f3","Tiempo de lectura":"3 minutos"},"schema":{"@context":"https:\/\/schema.org","@graph":[{"@type":"Article","@id":"https:\/\/www.km77.com\/revista\/teletransporte\/los-buenos-y-los-malos\/#article","isPartOf":{"@id":"https:\/\/www.km77.com\/revista\/teletransporte\/los-buenos-y-los-malos\/"},"author":{"name":"Javier Molt\u00f3","@id":"https:\/\/www.km77.com\/revista\/#\/schema\/person\/2f0611a1b3c7d2a2c81a9428505a25db"},"headline":"Los buenos y los malos","datePublished":"2011-10-05T09:53:13+00:00","dateModified":"2021-03-31T18:09:09+00:00","mainEntityOfPage":{"@id":"https:\/\/www.km77.com\/revista\/teletransporte\/los-buenos-y-los-malos\/"},"wordCount":575,"commentCount":59,"publisher":{"@id":"https:\/\/www.km77.com\/revista\/#organization"},"keywords":["De todo un poco","derechas","ideologia","izquierdas"],"articleSection":["Teletransporte"],"inLanguage":"es","potentialAction":[{"@type":"CommentAction","name":"Comment","target":["https:\/\/www.km77.com\/revista\/teletransporte\/los-buenos-y-los-malos\/#respond"]}]},{"@type":"WebPage","@id":"https:\/\/www.km77.com\/revista\/teletransporte\/los-buenos-y-los-malos\/","url":"https:\/\/www.km77.com\/revista\/teletransporte\/los-buenos-y-los-malos\/","name":"Los buenos y los malos - Revista km77","isPartOf":{"@id":"https:\/\/www.km77.com\/revista\/#website"},"datePublished":"2011-10-05T09:53:13+00:00","dateModified":"2021-03-31T18:09:09+00:00","breadcrumb":{"@id":"https:\/\/www.km77.com\/revista\/teletransporte\/los-buenos-y-los-malos\/#breadcrumb"},"inLanguage":"es","potentialAction":[{"@type":"ReadAction","target":["https:\/\/www.km77.com\/revista\/teletransporte\/los-buenos-y-los-malos\/"]}]},{"@type":"BreadcrumbList","@id":"https:\/\/www.km77.com\/revista\/teletransporte\/los-buenos-y-los-malos\/#breadcrumb","itemListElement":[{"@type":"ListItem","position":1,"name":"Revista km77","item":"https:\/\/www.km77.com\/revista\/"},{"@type":"ListItem","position":2,"name":"Teletransporte","item":"https:\/\/www.km77.com\/revista\/teletransporte\/"},{"@type":"ListItem","position":3,"name":"Los buenos y los malos"}]},{"@type":"WebSite","@id":"https:\/\/www.km77.com\/revista\/#website","url":"https:\/\/www.km77.com\/revista\/","name":"Revista km77","description":"Revista de km77","publisher":{"@id":"https:\/\/www.km77.com\/revista\/#organization"},"potentialAction":[{"@type":"SearchAction","target":{"@type":"EntryPoint","urlTemplate":"https:\/\/www.km77.com\/revista\/?s={search_term_string}"},"query-input":{"@type":"PropertyValueSpecification","valueRequired":true,"valueName":"search_term_string"}}],"inLanguage":"es"},{"@type":"Organization","@id":"https:\/\/www.km77.com\/revista\/#organization","name":"KM77","url":"https:\/\/www.km77.com\/revista\/","logo":{"@type":"ImageObject","inLanguage":"es","@id":"https:\/\/www.km77.com\/revista\/#\/schema\/logo\/image\/","url":"https:\/\/www.km77.com\/revista\/wp-content\/uploads\/2021\/02\/logo-km77.png","contentUrl":"https:\/\/www.km77.com\/revista\/wp-content\/uploads\/2021\/02\/logo-km77.png","width":100,"height":34,"caption":"KM77"},"image":{"@id":"https:\/\/www.km77.com\/revista\/#\/schema\/logo\/image\/"}},{"@type":"Person","@id":"https:\/\/www.km77.com\/revista\/#\/schema\/person\/2f0611a1b3c7d2a2c81a9428505a25db","name":"Javier Molt\u00f3","image":{"@type":"ImageObject","inLanguage":"es","@id":"https:\/\/secure.gravatar.com\/avatar\/1c930880a58b8b56f4abb8c2797bdb266488614621319ddd0ab4ee365b10a72c?s=96&d=mm&r=g","url":"https:\/\/secure.gravatar.com\/avatar\/1c930880a58b8b56f4abb8c2797bdb266488614621319ddd0ab4ee365b10a72c?s=96&d=mm&r=g","contentUrl":"https:\/\/secure.gravatar.com\/avatar\/1c930880a58b8b56f4abb8c2797bdb266488614621319ddd0ab4ee365b10a72c?s=96&d=mm&r=g","caption":"Javier Molt\u00f3"},"description":"Empec\u00e9 a trabajar como periodista probador de coches en 1985, en la revista AutoHebdo. Despu\u00e9s trabaj\u00e9 en Coche Actual y Motor16. Desde 1994 a 1999 inform\u00e9 de asuntos econ\u00f3micos tanto en Madrid como en Londres, donde trabaj\u00e9 en Bloomberg. En 1999 fund\u00e9 km77.com, empresa con la que sigo empe\u00f1ado en el objetivo de dar la mejor informaci\u00f3n de coches de la que somos capaces.","sameAs":["https:\/\/x.com\/Deportes1"],"url":"https:\/\/www.km77.com\/revista\/author\/teletransporte\/"}]}},"amp_enabled":true,"_links":{"self":[{"href":"https:\/\/www.km77.com\/revista\/wp-json\/wp\/v2\/posts\/34438","targetHints":{"allow":["GET"]}}],"collection":[{"href":"https:\/\/www.km77.com\/revista\/wp-json\/wp\/v2\/posts"}],"about":[{"href":"https:\/\/www.km77.com\/revista\/wp-json\/wp\/v2\/types\/post"}],"author":[{"embeddable":true,"href":"https:\/\/www.km77.com\/revista\/wp-json\/wp\/v2\/users\/72"}],"replies":[{"embeddable":true,"href":"https:\/\/www.km77.com\/revista\/wp-json\/wp\/v2\/comments?post=34438"}],"version-history":[{"count":1,"href":"https:\/\/www.km77.com\/revista\/wp-json\/wp\/v2\/posts\/34438\/revisions"}],"predecessor-version":[{"id":43988,"href":"https:\/\/www.km77.com\/revista\/wp-json\/wp\/v2\/posts\/34438\/revisions\/43988"}],"wp:attachment":[{"href":"https:\/\/www.km77.com\/revista\/wp-json\/wp\/v2\/media?parent=34438"}],"wp:term":[{"taxonomy":"category","embeddable":true,"href":"https:\/\/www.km77.com\/revista\/wp-json\/wp\/v2\/categories?post=34438"},{"taxonomy":"post_tag","embeddable":true,"href":"https:\/\/www.km77.com\/revista\/wp-json\/wp\/v2\/tags?post=34438"}],"curies":[{"name":"wp","href":"https:\/\/api.w.org\/{rel}","templated":true}]}}