{"id":3404,"date":"2012-12-27T17:11:38","date_gmt":"2012-12-27T16:11:38","guid":{"rendered":"http:\/\/blogs.km77.com\/engendromecanico\/?p=3404"},"modified":"2021-03-31T20:05:45","modified_gmt":"2021-03-31T18:05:45","slug":"futbol-y-coches-mal-aparcados","status":"publish","type":"post","link":"https:\/\/www.km77.com\/revista\/engendro-mecanico\/futbol-y-coches-mal-aparcados\/","title":{"rendered":"F\u00fatbol y coches mal aparcados"},"content":{"rendered":"<p>Cuando hay partido, las cercan\u00edas del estadio Vicente Calder\u00f3n quedan dif\u00edcilmente transitables, inundadas de coches. Calculo que ocurrir\u00e1 unas 20 veces al a\u00f1o.<br \/>\nDurante unas cuatro horas se puede aparcar casi de cualquier manera. Encima de aceras, de carriles bici, sobre pasos de cebra, obstaculizando el acceso a los bordillos rebajados para minusv\u00e1lidos, impidiendo la salida de coches bien aparcados.<br \/>\nPero solo se puede aparcar as\u00ed de mal \u00abcerca\u00bb del estadio. Una regla no escrita determina d\u00f3nde se pueden dejar coches en triple fila y d\u00f3nde no. Parece un secreto bien guardado por los aficionados al f\u00fatbol que acuden a ese estadio.<br \/>\nSeg\u00fan mis observaciones, las zonas m\u00e1s afectadas corresponden al Paseo del Quince de Mayo, Paseo de la Ermita del Santo y a sus calles aleda\u00f1as. Curiosamente, el estacionamiento parece m\u00e1s controlado en la misma orilla del rio Manzanares donde est\u00e1 el recinto, como la calle de San Isidro o el Paseo de Pontones.<br \/>\nNo es una situaci\u00f3n nueva, ni mucho menos. Adem\u00e1s, no es exclusiva del Vicente Calder\u00f3n; tengo entendido que ocurre algo parecido en los alrededores del estadio Santiago Bernab\u00e9u. A lo mejor me animo a hacer fotos en otra tarde aburrida de domingo.<br \/>\n&nbsp;<br \/>\n<div id=\"attachment_3405\" style=\"width: 710px\" class=\"wp-caption aligncenter\"><img decoding=\"async\" aria-describedby=\"caption-attachment-3405\" class=\"size-full wp-image-3405\" alt=\"seo Ermita del Santo (Madrid)\" src=\"https:\/\/www.km77.com\/revista\/wp-content\/uploads\/2012\/12\/0012.jpg\" width=\"700\" height=\"427\" srcset=\"https:\/\/www.km77.com\/revista\/wp-content\/uploads\/2012\/12\/0012.jpg 700w, https:\/\/www.km77.com\/revista\/wp-content\/uploads\/2012\/12\/0012-480x293.jpg 480w\" sizes=\"(min-width: 0px) and (max-width: 480px) 480px, (min-width: 481px) 700px, 100vw\" \/><p id=\"caption-attachment-3405\" class=\"wp-caption-text\">Dos filas de coche sobre la l\u00ednea central divisoria de cada sentido . Paseo Ermita del Santo (Madrid)<\/p><\/div><br \/>\n<img decoding=\"async\" class=\"size-full wp-image-3406 aligncenter\" alt=\"Paseo Ermita del Santo (Madrid)\" src=\"https:\/\/www.km77.com\/revista\/wp-content\/uploads\/2012\/12\/0022.jpg\" width=\"700\" height=\"439\" srcset=\"https:\/\/www.km77.com\/revista\/wp-content\/uploads\/2012\/12\/0022.jpg 700w, https:\/\/www.km77.com\/revista\/wp-content\/uploads\/2012\/12\/0022-480x301.jpg 480w\" sizes=\"(min-width: 0px) and (max-width: 480px) 480px, (min-width: 481px) 700px, 100vw\" \/><br \/>\n<div id=\"attachment_3407\" style=\"width: 710px\" class=\"wp-caption aligncenter\"><img decoding=\"async\" aria-describedby=\"caption-attachment-3407\" class=\"size-full wp-image-3407\" alt=\"Paseo Ermita del Santo (Madrid)\" src=\"https:\/\/www.km77.com\/revista\/wp-content\/uploads\/2012\/12\/0032.jpg\" width=\"700\" height=\"416\" srcset=\"https:\/\/www.km77.com\/revista\/wp-content\/uploads\/2012\/12\/0032.jpg 700w, https:\/\/www.km77.com\/revista\/wp-content\/uploads\/2012\/12\/0032-480x285.jpg 480w\" sizes=\"(min-width: 0px) and (max-width: 480px) 480px, (min-width: 481px) 700px, 100vw\" \/><p id=\"caption-attachment-3407\" class=\"wp-caption-text\">Tres filas de coches sobre la las marcas centrales divisorias de cada sentido (Paseo Ermita del Santo)<\/p><\/div><br \/>\n<div id=\"attachment_3408\" style=\"width: 710px\" class=\"wp-caption aligncenter\"><img decoding=\"async\" aria-describedby=\"caption-attachment-3408\" class=\"size-full wp-image-3408\" alt=\"Paseo Ermita del Santo (Madrid)\" src=\"https:\/\/www.km77.com\/revista\/wp-content\/uploads\/2012\/12\/0043.jpg\" width=\"700\" height=\"426\" srcset=\"https:\/\/www.km77.com\/revista\/wp-content\/uploads\/2012\/12\/0043.jpg 700w, https:\/\/www.km77.com\/revista\/wp-content\/uploads\/2012\/12\/0043-480x292.jpg 480w\" sizes=\"(min-width: 0px) and (max-width: 480px) 480px, (min-width: 481px) 700px, 100vw\" \/><p id=\"caption-attachment-3408\" class=\"wp-caption-text\">Coches sobre las aceras (Paseo Ermita del Santo)<\/p><\/div><br \/>\n<div id=\"attachment_3409\" style=\"width: 710px\" class=\"wp-caption aligncenter\"><img decoding=\"async\" aria-describedby=\"caption-attachment-3409\" class=\"size-full wp-image-3409\" alt=\"Paseo Ermita del Santo (Madrid)\" src=\"https:\/\/www.km77.com\/revista\/wp-content\/uploads\/2012\/12\/0052.jpg\" width=\"700\" height=\"382\" srcset=\"https:\/\/www.km77.com\/revista\/wp-content\/uploads\/2012\/12\/0052.jpg 700w, https:\/\/www.km77.com\/revista\/wp-content\/uploads\/2012\/12\/0052-480x262.jpg 480w\" sizes=\"(min-width: 0px) and (max-width: 480px) 480px, (min-width: 481px) 700px, 100vw\" \/><p id=\"caption-attachment-3409\" class=\"wp-caption-text\">Lo mismo que la anterior<\/p><\/div><br \/>\n<div id=\"attachment_3410\" style=\"width: 710px\" class=\"wp-caption aligncenter\"><img decoding=\"async\" aria-describedby=\"caption-attachment-3410\" class=\"size-full wp-image-3410\" alt=\"Paseo Ermita del Santo (Madrid)\" src=\"https:\/\/www.km77.com\/revista\/wp-content\/uploads\/2012\/12\/0062.jpg\" width=\"700\" height=\"451\" srcset=\"https:\/\/www.km77.com\/revista\/wp-content\/uploads\/2012\/12\/0062.jpg 700w, https:\/\/www.km77.com\/revista\/wp-content\/uploads\/2012\/12\/0062-480x309.jpg 480w\" sizes=\"(min-width: 0px) and (max-width: 480px) 480px, (min-width: 481px) 700px, 100vw\" \/><p id=\"caption-attachment-3410\" class=\"wp-caption-text\">Tetris de coches (Paseo Ermita del Santo)<\/p><\/div><br \/>\n<div id=\"attachment_3411\" style=\"width: 710px\" class=\"wp-caption aligncenter\"><img decoding=\"async\" aria-describedby=\"caption-attachment-3411\" class=\"size-full wp-image-3411\" alt=\"seo Quince de mayo (Madrid)\" src=\"https:\/\/www.km77.com\/revista\/wp-content\/uploads\/2012\/12\/0071.jpg\" width=\"700\" height=\"328\" srcset=\"https:\/\/www.km77.com\/revista\/wp-content\/uploads\/2012\/12\/0071.jpg 700w, https:\/\/www.km77.com\/revista\/wp-content\/uploads\/2012\/12\/0071-480x225.jpg 480w\" sizes=\"(min-width: 0px) and (max-width: 480px) 480px, (min-width: 481px) 700px, 100vw\" \/><p id=\"caption-attachment-3411\" class=\"wp-caption-text\">Carril bici inutilizado (Paso del Quince de Mayo)<\/p><\/div><br \/>\n<div id=\"attachment_3412\" style=\"width: 710px\" class=\"wp-caption aligncenter\"><img decoding=\"async\" aria-describedby=\"caption-attachment-3412\" class=\"size-full wp-image-3412\" alt=\"seo Quince de mayo (Madrid)\" src=\"https:\/\/www.km77.com\/revista\/wp-content\/uploads\/2012\/12\/0081.jpg\" width=\"700\" height=\"309\" srcset=\"https:\/\/www.km77.com\/revista\/wp-content\/uploads\/2012\/12\/0081.jpg 700w, https:\/\/www.km77.com\/revista\/wp-content\/uploads\/2012\/12\/0081-480x212.jpg 480w\" sizes=\"(min-width: 0px) and (max-width: 480px) 480px, (min-width: 481px) 700px, 100vw\" \/><p id=\"caption-attachment-3412\" class=\"wp-caption-text\">Coches sobre las aceras (Paseo del Quince de Mayo)<\/p><\/div><br \/>\n<div id=\"attachment_3413\" style=\"width: 710px\" class=\"wp-caption aligncenter\"><img decoding=\"async\" aria-describedby=\"caption-attachment-3413\" class=\"size-full wp-image-3413\" alt=\"seo Quince de mayo (Madrid)\" src=\"https:\/\/www.km77.com\/revista\/wp-content\/uploads\/2012\/12\/009.jpg\" width=\"700\" height=\"314\" srcset=\"https:\/\/www.km77.com\/revista\/wp-content\/uploads\/2012\/12\/009.jpg 700w, https:\/\/www.km77.com\/revista\/wp-content\/uploads\/2012\/12\/009-480x215.jpg 480w\" sizes=\"(min-width: 0px) and (max-width: 480px) 480px, (min-width: 481px) 700px, 100vw\" \/><p id=\"caption-attachment-3413\" class=\"wp-caption-text\">Coches sobre carril bici y sobre paso de cebra (Paseo del Quince de Mayo)<\/p><\/div><br \/>\n<div id=\"attachment_3415\" style=\"width: 710px\" class=\"wp-caption aligncenter\"><img decoding=\"async\" aria-describedby=\"caption-attachment-3415\" class=\"size-full wp-image-3415\" alt=\"seo Quince de mayo (Madrid)\" src=\"https:\/\/www.km77.com\/revista\/wp-content\/uploads\/2012\/12\/011.jpg\" width=\"700\" height=\"363\" srcset=\"https:\/\/www.km77.com\/revista\/wp-content\/uploads\/2012\/12\/011.jpg 700w, https:\/\/www.km77.com\/revista\/wp-content\/uploads\/2012\/12\/011-480x249.jpg 480w\" sizes=\"(min-width: 0px) and (max-width: 480px) 480px, (min-width: 481px) 700px, 100vw\" \/><p id=\"caption-attachment-3415\" class=\"wp-caption-text\">Bordillos rebajados inutilizados<\/p><\/div><br \/>\n<div id=\"attachment_3416\" style=\"width: 710px\" class=\"wp-caption aligncenter\"><img decoding=\"async\" aria-describedby=\"caption-attachment-3416\" class=\"size-full wp-image-3416\" alt=\"seo Quince de mayo (Madrid)\" src=\"https:\/\/www.km77.com\/revista\/wp-content\/uploads\/2012\/12\/012.jpg\" width=\"700\" height=\"432\" srcset=\"https:\/\/www.km77.com\/revista\/wp-content\/uploads\/2012\/12\/012.jpg 700w, https:\/\/www.km77.com\/revista\/wp-content\/uploads\/2012\/12\/012-480x296.jpg 480w\" sizes=\"(min-width: 0px) and (max-width: 480px) 480px, (min-width: 481px) 700px, 100vw\" \/><p id=\"caption-attachment-3416\" class=\"wp-caption-text\">Calle de San Pompeyo<\/p><\/div><br \/>\n&nbsp;<\/p>\n<p style=\"text-align: right\"><strong>\u00a0Cogolludo<\/strong><\/p>\n<p>&nbsp;<br \/>\n&nbsp;<br \/>\n&nbsp;<\/p>\n","protected":false},"excerpt":{"rendered":"<p>Cuando hay partido, las cercan\u00edas del estadio Vicente Calder\u00f3n quedan dif\u00edcilmente transitables, inundadas de coches. Calculo que ocurrir\u00e1 unas 20 veces al a\u00f1o. Durante unas cuatro horas se puede aparcar casi de cualquier manera. Encima de aceras, de carriles bici, sobre pasos de cebra, obstaculizando el acceso a los bordillos rebajados para minusv\u00e1lidos, impidiendo la [&hellip;]<\/p>\n","protected":false},"author":48,"featured_media":3405,"comment_status":"open","ping_status":"closed","sticky":false,"template":"","format":"standard","meta":{"_et_pb_use_builder":"","_et_pb_old_content":"","_et_gb_content_width":"","footnotes":""},"categories":[3912],"tags":[3661,5781,5782,5783,7856,5784,22,5785,5786,5787],"class_list":["post-3404","post","type-post","status-publish","format-standard","has-post-thumbnail","hentry","category-engendro-mecanico","tag-aparcamiento","tag-aparcamiento-ilegal","tag-aparcamiento-irrregular","tag-coches-mal-aparcados","tag-conduccion","tag-estadio","tag-general","tag-paseo-de-la-ermita-del-santo","tag-paseo-del-quince-de-mayo","tag-vicente-calderon"],"yoast_head":"<!-- This site is optimized with the Yoast SEO plugin v27.4 - https:\/\/yoast.com\/product\/yoast-seo-wordpress\/ -->\n<title>F\u00fatbol y coches mal aparcados - Revista km77<\/title>\n<meta name=\"robots\" content=\"index, follow, max-snippet:-1, max-image-preview:large, max-video-preview:-1\" \/>\n<link rel=\"canonical\" href=\"https:\/\/www.km77.com\/revista\/engendro-mecanico\/futbol-y-coches-mal-aparcados\/\" \/>\n<meta property=\"og:locale\" content=\"es_ES\" \/>\n<meta property=\"og:type\" content=\"article\" \/>\n<meta property=\"og:title\" content=\"F\u00fatbol y coches mal aparcados - Revista km77\" \/>\n<meta property=\"og:description\" content=\"Cuando hay partido, las cercan\u00edas del estadio Vicente Calder\u00f3n quedan dif\u00edcilmente transitables, inundadas de coches. Calculo que ocurrir\u00e1 unas 20 veces al a\u00f1o. Durante unas cuatro horas se puede aparcar casi de cualquier manera. Encima de aceras, de carriles bici, sobre pasos de cebra, obstaculizando el acceso a los bordillos rebajados para minusv\u00e1lidos, impidiendo la [&hellip;]\" \/>\n<meta property=\"og:url\" content=\"https:\/\/www.km77.com\/revista\/engendro-mecanico\/futbol-y-coches-mal-aparcados\/\" \/>\n<meta property=\"og:site_name\" content=\"Revista km77\" \/>\n<meta property=\"article:published_time\" content=\"2012-12-27T16:11:38+00:00\" \/>\n<meta property=\"article:modified_time\" content=\"2021-03-31T18:05:45+00:00\" \/>\n<meta property=\"og:image\" content=\"https:\/\/www.km77.com\/revista\/wp-content\/uploads\/2012\/12\/0012.jpg\" \/>\n\t<meta property=\"og:image:width\" content=\"700\" \/>\n\t<meta property=\"og:image:height\" content=\"427\" \/>\n\t<meta property=\"og:image:type\" content=\"image\/jpeg\" \/>\n<meta name=\"author\" content=\"Celedonio y Cogolludo\" \/>\n<meta name=\"twitter:card\" content=\"summary_large_image\" \/>\n<meta name=\"twitter:label1\" content=\"Escrito por\" \/>\n\t<meta name=\"twitter:data1\" content=\"Celedonio y Cogolludo\" \/>\n\t<meta name=\"twitter:label2\" content=\"Tiempo de lectura\" \/>\n\t<meta name=\"twitter:data2\" content=\"2 minutos\" \/>\n<script type=\"application\/ld+json\" class=\"yoast-schema-graph\">{\"@context\":\"https:\\\/\\\/schema.org\",\"@graph\":[{\"@type\":\"Article\",\"@id\":\"https:\\\/\\\/www.km77.com\\\/revista\\\/engendro-mecanico\\\/futbol-y-coches-mal-aparcados\\\/#article\",\"isPartOf\":{\"@id\":\"https:\\\/\\\/www.km77.com\\\/revista\\\/engendro-mecanico\\\/futbol-y-coches-mal-aparcados\\\/\"},\"author\":{\"name\":\"Celedonio y Cogolludo\",\"@id\":\"https:\\\/\\\/www.km77.com\\\/revista\\\/#\\\/schema\\\/person\\\/a7115fd8d0381d5ef55688376f7fbfe2\"},\"headline\":\"F\u00fatbol y coches mal aparcados\",\"datePublished\":\"2012-12-27T16:11:38+00:00\",\"dateModified\":\"2021-03-31T18:05:45+00:00\",\"mainEntityOfPage\":{\"@id\":\"https:\\\/\\\/www.km77.com\\\/revista\\\/engendro-mecanico\\\/futbol-y-coches-mal-aparcados\\\/\"},\"wordCount\":387,\"commentCount\":29,\"publisher\":{\"@id\":\"https:\\\/\\\/www.km77.com\\\/revista\\\/#organization\"},\"image\":{\"@id\":\"https:\\\/\\\/www.km77.com\\\/revista\\\/engendro-mecanico\\\/futbol-y-coches-mal-aparcados\\\/#primaryimage\"},\"thumbnailUrl\":\"https:\\\/\\\/www.km77.com\\\/revista\\\/wp-content\\\/uploads\\\/2012\\\/12\\\/0012.jpg\",\"keywords\":[\"aparcamiento\",\"aparcamiento ilegal\",\"aparcamiento irrregular\",\"coches mal aparcados\",\"Conducci\u00f3n\",\"estadio\",\"General\",\"paseo de la ermita del santo\",\"paseo del quince de mayo\",\"vicente calderon\"],\"articleSection\":[\"Engendro Mec\u00e1nico\"],\"inLanguage\":\"es\",\"potentialAction\":[{\"@type\":\"CommentAction\",\"name\":\"Comment\",\"target\":[\"https:\\\/\\\/www.km77.com\\\/revista\\\/engendro-mecanico\\\/futbol-y-coches-mal-aparcados\\\/#respond\"]}]},{\"@type\":\"WebPage\",\"@id\":\"https:\\\/\\\/www.km77.com\\\/revista\\\/engendro-mecanico\\\/futbol-y-coches-mal-aparcados\\\/\",\"url\":\"https:\\\/\\\/www.km77.com\\\/revista\\\/engendro-mecanico\\\/futbol-y-coches-mal-aparcados\\\/\",\"name\":\"F\u00fatbol y coches mal aparcados - Revista km77\",\"isPartOf\":{\"@id\":\"https:\\\/\\\/www.km77.com\\\/revista\\\/#website\"},\"primaryImageOfPage\":{\"@id\":\"https:\\\/\\\/www.km77.com\\\/revista\\\/engendro-mecanico\\\/futbol-y-coches-mal-aparcados\\\/#primaryimage\"},\"image\":{\"@id\":\"https:\\\/\\\/www.km77.com\\\/revista\\\/engendro-mecanico\\\/futbol-y-coches-mal-aparcados\\\/#primaryimage\"},\"thumbnailUrl\":\"https:\\\/\\\/www.km77.com\\\/revista\\\/wp-content\\\/uploads\\\/2012\\\/12\\\/0012.jpg\",\"datePublished\":\"2012-12-27T16:11:38+00:00\",\"dateModified\":\"2021-03-31T18:05:45+00:00\",\"breadcrumb\":{\"@id\":\"https:\\\/\\\/www.km77.com\\\/revista\\\/engendro-mecanico\\\/futbol-y-coches-mal-aparcados\\\/#breadcrumb\"},\"inLanguage\":\"es\",\"potentialAction\":[{\"@type\":\"ReadAction\",\"target\":[\"https:\\\/\\\/www.km77.com\\\/revista\\\/engendro-mecanico\\\/futbol-y-coches-mal-aparcados\\\/\"]}]},{\"@type\":\"ImageObject\",\"inLanguage\":\"es\",\"@id\":\"https:\\\/\\\/www.km77.com\\\/revista\\\/engendro-mecanico\\\/futbol-y-coches-mal-aparcados\\\/#primaryimage\",\"url\":\"https:\\\/\\\/www.km77.com\\\/revista\\\/wp-content\\\/uploads\\\/2012\\\/12\\\/0012.jpg\",\"contentUrl\":\"https:\\\/\\\/www.km77.com\\\/revista\\\/wp-content\\\/uploads\\\/2012\\\/12\\\/0012.jpg\",\"width\":700,\"height\":427,\"caption\":\"seo Ermita del Santo (Madrid)\"},{\"@type\":\"BreadcrumbList\",\"@id\":\"https:\\\/\\\/www.km77.com\\\/revista\\\/engendro-mecanico\\\/futbol-y-coches-mal-aparcados\\\/#breadcrumb\",\"itemListElement\":[{\"@type\":\"ListItem\",\"position\":1,\"name\":\"Revista km77\",\"item\":\"https:\\\/\\\/www.km77.com\\\/revista\\\/\"},{\"@type\":\"ListItem\",\"position\":2,\"name\":\"Engendro Mec\u00e1nico\",\"item\":\"https:\\\/\\\/www.km77.com\\\/revista\\\/engendro-mecanico\\\/\"},{\"@type\":\"ListItem\",\"position\":3,\"name\":\"F\u00fatbol y coches mal aparcados\"}]},{\"@type\":\"WebSite\",\"@id\":\"https:\\\/\\\/www.km77.com\\\/revista\\\/#website\",\"url\":\"https:\\\/\\\/www.km77.com\\\/revista\\\/\",\"name\":\"Revista km77\",\"description\":\"Revista de km77\",\"publisher\":{\"@id\":\"https:\\\/\\\/www.km77.com\\\/revista\\\/#organization\"},\"potentialAction\":[{\"@type\":\"SearchAction\",\"target\":{\"@type\":\"EntryPoint\",\"urlTemplate\":\"https:\\\/\\\/www.km77.com\\\/revista\\\/?s={search_term_string}\"},\"query-input\":{\"@type\":\"PropertyValueSpecification\",\"valueRequired\":true,\"valueName\":\"search_term_string\"}}],\"inLanguage\":\"es\"},{\"@type\":\"Organization\",\"@id\":\"https:\\\/\\\/www.km77.com\\\/revista\\\/#organization\",\"name\":\"KM77\",\"url\":\"https:\\\/\\\/www.km77.com\\\/revista\\\/\",\"logo\":{\"@type\":\"ImageObject\",\"inLanguage\":\"es\",\"@id\":\"https:\\\/\\\/www.km77.com\\\/revista\\\/#\\\/schema\\\/logo\\\/image\\\/\",\"url\":\"https:\\\/\\\/www.km77.com\\\/revista\\\/wp-content\\\/uploads\\\/2021\\\/02\\\/logo-km77.png\",\"contentUrl\":\"https:\\\/\\\/www.km77.com\\\/revista\\\/wp-content\\\/uploads\\\/2021\\\/02\\\/logo-km77.png\",\"width\":100,\"height\":34,\"caption\":\"KM77\"},\"image\":{\"@id\":\"https:\\\/\\\/www.km77.com\\\/revista\\\/#\\\/schema\\\/logo\\\/image\\\/\"}},{\"@type\":\"Person\",\"@id\":\"https:\\\/\\\/www.km77.com\\\/revista\\\/#\\\/schema\\\/person\\\/a7115fd8d0381d5ef55688376f7fbfe2\",\"name\":\"Celedonio y Cogolludo\",\"image\":{\"@type\":\"ImageObject\",\"inLanguage\":\"es\",\"@id\":\"https:\\\/\\\/secure.gravatar.com\\\/avatar\\\/22289de263ee01b669543fa145009f723be21768109356ab573a3d80b0368f6c?s=96&d=mm&r=g\",\"url\":\"https:\\\/\\\/secure.gravatar.com\\\/avatar\\\/22289de263ee01b669543fa145009f723be21768109356ab573a3d80b0368f6c?s=96&d=mm&r=g\",\"contentUrl\":\"https:\\\/\\\/secure.gravatar.com\\\/avatar\\\/22289de263ee01b669543fa145009f723be21768109356ab573a3d80b0368f6c?s=96&d=mm&r=g\",\"caption\":\"Celedonio y Cogolludo\"},\"url\":\"https:\\\/\\\/www.km77.com\\\/revista\\\/author\\\/celedoniycogolludo\\\/\"}]}<\/script>\n<!-- \/ Yoast SEO plugin. -->","yoast_head_json":{"title":"F\u00fatbol y coches mal aparcados - Revista km77","robots":{"index":"index","follow":"follow","max-snippet":"max-snippet:-1","max-image-preview":"max-image-preview:large","max-video-preview":"max-video-preview:-1"},"canonical":"https:\/\/www.km77.com\/revista\/engendro-mecanico\/futbol-y-coches-mal-aparcados\/","og_locale":"es_ES","og_type":"article","og_title":"F\u00fatbol y coches mal aparcados - Revista km77","og_description":"Cuando hay partido, las cercan\u00edas del estadio Vicente Calder\u00f3n quedan dif\u00edcilmente transitables, inundadas de coches. Calculo que ocurrir\u00e1 unas 20 veces al a\u00f1o. Durante unas cuatro horas se puede aparcar casi de cualquier manera. Encima de aceras, de carriles bici, sobre pasos de cebra, obstaculizando el acceso a los bordillos rebajados para minusv\u00e1lidos, impidiendo la [&hellip;]","og_url":"https:\/\/www.km77.com\/revista\/engendro-mecanico\/futbol-y-coches-mal-aparcados\/","og_site_name":"Revista km77","article_published_time":"2012-12-27T16:11:38+00:00","article_modified_time":"2021-03-31T18:05:45+00:00","og_image":[{"width":700,"height":427,"url":"https:\/\/www.km77.com\/revista\/wp-content\/uploads\/2012\/12\/0012.jpg","type":"image\/jpeg"}],"author":"Celedonio y Cogolludo","twitter_card":"summary_large_image","twitter_misc":{"Escrito por":"Celedonio y Cogolludo","Tiempo de lectura":"2 minutos"},"schema":{"@context":"https:\/\/schema.org","@graph":[{"@type":"Article","@id":"https:\/\/www.km77.com\/revista\/engendro-mecanico\/futbol-y-coches-mal-aparcados\/#article","isPartOf":{"@id":"https:\/\/www.km77.com\/revista\/engendro-mecanico\/futbol-y-coches-mal-aparcados\/"},"author":{"name":"Celedonio y Cogolludo","@id":"https:\/\/www.km77.com\/revista\/#\/schema\/person\/a7115fd8d0381d5ef55688376f7fbfe2"},"headline":"F\u00fatbol y coches mal aparcados","datePublished":"2012-12-27T16:11:38+00:00","dateModified":"2021-03-31T18:05:45+00:00","mainEntityOfPage":{"@id":"https:\/\/www.km77.com\/revista\/engendro-mecanico\/futbol-y-coches-mal-aparcados\/"},"wordCount":387,"commentCount":29,"publisher":{"@id":"https:\/\/www.km77.com\/revista\/#organization"},"image":{"@id":"https:\/\/www.km77.com\/revista\/engendro-mecanico\/futbol-y-coches-mal-aparcados\/#primaryimage"},"thumbnailUrl":"https:\/\/www.km77.com\/revista\/wp-content\/uploads\/2012\/12\/0012.jpg","keywords":["aparcamiento","aparcamiento ilegal","aparcamiento irrregular","coches mal aparcados","Conducci\u00f3n","estadio","General","paseo de la ermita del santo","paseo del quince de mayo","vicente calderon"],"articleSection":["Engendro Mec\u00e1nico"],"inLanguage":"es","potentialAction":[{"@type":"CommentAction","name":"Comment","target":["https:\/\/www.km77.com\/revista\/engendro-mecanico\/futbol-y-coches-mal-aparcados\/#respond"]}]},{"@type":"WebPage","@id":"https:\/\/www.km77.com\/revista\/engendro-mecanico\/futbol-y-coches-mal-aparcados\/","url":"https:\/\/www.km77.com\/revista\/engendro-mecanico\/futbol-y-coches-mal-aparcados\/","name":"F\u00fatbol y coches mal aparcados - Revista km77","isPartOf":{"@id":"https:\/\/www.km77.com\/revista\/#website"},"primaryImageOfPage":{"@id":"https:\/\/www.km77.com\/revista\/engendro-mecanico\/futbol-y-coches-mal-aparcados\/#primaryimage"},"image":{"@id":"https:\/\/www.km77.com\/revista\/engendro-mecanico\/futbol-y-coches-mal-aparcados\/#primaryimage"},"thumbnailUrl":"https:\/\/www.km77.com\/revista\/wp-content\/uploads\/2012\/12\/0012.jpg","datePublished":"2012-12-27T16:11:38+00:00","dateModified":"2021-03-31T18:05:45+00:00","breadcrumb":{"@id":"https:\/\/www.km77.com\/revista\/engendro-mecanico\/futbol-y-coches-mal-aparcados\/#breadcrumb"},"inLanguage":"es","potentialAction":[{"@type":"ReadAction","target":["https:\/\/www.km77.com\/revista\/engendro-mecanico\/futbol-y-coches-mal-aparcados\/"]}]},{"@type":"ImageObject","inLanguage":"es","@id":"https:\/\/www.km77.com\/revista\/engendro-mecanico\/futbol-y-coches-mal-aparcados\/#primaryimage","url":"https:\/\/www.km77.com\/revista\/wp-content\/uploads\/2012\/12\/0012.jpg","contentUrl":"https:\/\/www.km77.com\/revista\/wp-content\/uploads\/2012\/12\/0012.jpg","width":700,"height":427,"caption":"seo Ermita del Santo (Madrid)"},{"@type":"BreadcrumbList","@id":"https:\/\/www.km77.com\/revista\/engendro-mecanico\/futbol-y-coches-mal-aparcados\/#breadcrumb","itemListElement":[{"@type":"ListItem","position":1,"name":"Revista km77","item":"https:\/\/www.km77.com\/revista\/"},{"@type":"ListItem","position":2,"name":"Engendro Mec\u00e1nico","item":"https:\/\/www.km77.com\/revista\/engendro-mecanico\/"},{"@type":"ListItem","position":3,"name":"F\u00fatbol y coches mal aparcados"}]},{"@type":"WebSite","@id":"https:\/\/www.km77.com\/revista\/#website","url":"https:\/\/www.km77.com\/revista\/","name":"Revista km77","description":"Revista de km77","publisher":{"@id":"https:\/\/www.km77.com\/revista\/#organization"},"potentialAction":[{"@type":"SearchAction","target":{"@type":"EntryPoint","urlTemplate":"https:\/\/www.km77.com\/revista\/?s={search_term_string}"},"query-input":{"@type":"PropertyValueSpecification","valueRequired":true,"valueName":"search_term_string"}}],"inLanguage":"es"},{"@type":"Organization","@id":"https:\/\/www.km77.com\/revista\/#organization","name":"KM77","url":"https:\/\/www.km77.com\/revista\/","logo":{"@type":"ImageObject","inLanguage":"es","@id":"https:\/\/www.km77.com\/revista\/#\/schema\/logo\/image\/","url":"https:\/\/www.km77.com\/revista\/wp-content\/uploads\/2021\/02\/logo-km77.png","contentUrl":"https:\/\/www.km77.com\/revista\/wp-content\/uploads\/2021\/02\/logo-km77.png","width":100,"height":34,"caption":"KM77"},"image":{"@id":"https:\/\/www.km77.com\/revista\/#\/schema\/logo\/image\/"}},{"@type":"Person","@id":"https:\/\/www.km77.com\/revista\/#\/schema\/person\/a7115fd8d0381d5ef55688376f7fbfe2","name":"Celedonio y Cogolludo","image":{"@type":"ImageObject","inLanguage":"es","@id":"https:\/\/secure.gravatar.com\/avatar\/22289de263ee01b669543fa145009f723be21768109356ab573a3d80b0368f6c?s=96&d=mm&r=g","url":"https:\/\/secure.gravatar.com\/avatar\/22289de263ee01b669543fa145009f723be21768109356ab573a3d80b0368f6c?s=96&d=mm&r=g","contentUrl":"https:\/\/secure.gravatar.com\/avatar\/22289de263ee01b669543fa145009f723be21768109356ab573a3d80b0368f6c?s=96&d=mm&r=g","caption":"Celedonio y Cogolludo"},"url":"https:\/\/www.km77.com\/revista\/author\/celedoniycogolludo\/"}]}},"amp_enabled":true,"_links":{"self":[{"href":"https:\/\/www.km77.com\/revista\/wp-json\/wp\/v2\/posts\/3404","targetHints":{"allow":["GET"]}}],"collection":[{"href":"https:\/\/www.km77.com\/revista\/wp-json\/wp\/v2\/posts"}],"about":[{"href":"https:\/\/www.km77.com\/revista\/wp-json\/wp\/v2\/types\/post"}],"author":[{"embeddable":true,"href":"https:\/\/www.km77.com\/revista\/wp-json\/wp\/v2\/users\/48"}],"replies":[{"embeddable":true,"href":"https:\/\/www.km77.com\/revista\/wp-json\/wp\/v2\/comments?post=3404"}],"version-history":[{"count":1,"href":"https:\/\/www.km77.com\/revista\/wp-json\/wp\/v2\/posts\/3404\/revisions"}],"predecessor-version":[{"id":43329,"href":"https:\/\/www.km77.com\/revista\/wp-json\/wp\/v2\/posts\/3404\/revisions\/43329"}],"wp:featuredmedia":[{"embeddable":true,"href":"https:\/\/www.km77.com\/revista\/wp-json\/wp\/v2\/media\/3405"}],"wp:attachment":[{"href":"https:\/\/www.km77.com\/revista\/wp-json\/wp\/v2\/media?parent=3404"}],"wp:term":[{"taxonomy":"category","embeddable":true,"href":"https:\/\/www.km77.com\/revista\/wp-json\/wp\/v2\/categories?post=3404"},{"taxonomy":"post_tag","embeddable":true,"href":"https:\/\/www.km77.com\/revista\/wp-json\/wp\/v2\/tags?post=3404"}],"curies":[{"name":"wp","href":"https:\/\/api.w.org\/{rel}","templated":true}]}}