{"id":3325,"date":"2010-02-19T21:40:45","date_gmt":"2010-02-19T20:40:45","guid":{"rendered":"http:\/\/blogs.km77.com\/teletransporte\/?p=3325"},"modified":"2021-03-31T20:13:27","modified_gmt":"2021-03-31T18:13:27","slug":"james-muir-presidente-de-seat-aspiramos-a-liderar-el-mercado-espanol-con-un-15","status":"publish","type":"post","link":"https:\/\/www.km77.com\/revista\/teletransporte\/james-muir-presidente-de-seat-aspiramos-a-liderar-el-mercado-espanol-con-un-15\/","title":{"rendered":"James Muir, Presidente de Seat: \u00abAspiramos a liderar el mercado espa\u00f1ol con un 15%\u00bb"},"content":{"rendered":"<p>James Muir, presidente del Comit\u00e9 ejecutivo de Seat, ha realizado hoy una rueda de prensa. A km77.com no nos han permitido acudir al encuentro restringido (cuando no nos permiten acudir a un acto informativo siempre pienso que los lectores de km77.com no deben ser importantes para quien nos impide informar y me sorprende). Como el nuevo presidente de Seat ha hecho algunas declaraciones sorprendentes desde que fue nombrado, pens\u00e9 que las declaraciones de hoy podr\u00edan resultar interesantes para ustedes. Esta ma\u00f1ana le he pedido a un periodista amigo si me pod\u00eda hacer la cr\u00f3nica del encuentro. Me f\u00edo de \u00e9l tanto como de m\u00ed mismo.<\/p>\n<p>****************<\/p>\n<p>Brit\u00e1nico, con dominio de cuatro lenguas (el espa\u00f1ol ser\u00e1  la quinta si sigue progresando a este ritmo) y fama de hombre resolutivo de problemas, James Muir acept\u00f3 hace seis meses la responsabilidad ejecutiva de Seat sin ataduras de camarilla, ya que procede de fuera del grupo VW \u2013de Ford y Mazda- y tiene las manos libres. Las primeras impresiones que dio, criticando a los anteriores directivos por su falta de decisi\u00f3n, iniciativa y autonom\u00eda, eran las de un elefante en cacharrer\u00eda.<\/p>\n<p>Tambi\u00e9n se deduc\u00eda de sus palabras que el proyecto de ampliar netamente el n\u00famero de modelos de Seat y llegar a una producci\u00f3n de 800.000 coches\/a\u00f1o est\u00e1 ya olvidado. Acaba de ofrecer su primera conferencia de prensa en Madrid, y sus objetivos se centran en definir m\u00e1s precisamente la imagen y personalidad de la marca y buscarle un buen encaje dentro del grupo VW y suficiente notoriedad y aceptaci\u00f3n en el mercado europeo, m\u00e1s concretamente en los cuatro grandes pa\u00edses. En el nuestro, que es el quinto mercado europeo occidental en volumen, se trata de poner m\u00e1s de relieve la \u2018espa\u00f1olidad\u2019 de la marca; Seat es el segundo mayor inversor en investigaci\u00f3n y desarrollo en nuestro pa\u00eds, emplea directamente a 13.500 trabajadores e indirectamente a 50.000. Y tambi\u00e9n tratar\u00e1 de alcanzar el liderazgo nacional en ventas, con un 15% de penetraci\u00f3n. <\/p>\n<p>Muir afirma que la marca y su presidente se enfrentan a una ocasi\u00f3n \u00fanica de creaci\u00f3n\/redefinici\u00f3n en el panorama del autom\u00f3vil, siempre con el respaldo tecnol\u00f3gico y de recursos que supone pertenecer al grupo VW. Posicionar bien la marca es la clave para poder hacer un desarrollo de productos coherente, y bien adaptado a la demanda real.<\/p>\n<p>Centrarse en Espa\u00f1a\/Europa y con unas ventas anuales de medio mill\u00f3n de unidades no es cobard\u00eda, sino claridad de objetivos, que en plena crisis actual est\u00e1n bien lejos de alcanzarse. Dado el \u00e9xito del Ibiza, que supone actualmente el 56% de las ventas y est\u00e1 a punto de completar su oferta de carrocer\u00edas con el familiar ST, la nueva orientaci\u00f3n \u2013especialmente en lo que se refiere a liderar en Espa\u00f1a- pasa por mejorar dr\u00e1sticamente su presencia y resultados en el segmento C (Leon). Como el pr\u00f3ximo plan  de cinco a\u00f1os de Seat est\u00e1 pendiente de aprobaci\u00f3n en Alemania, l\u00f3gicamente no hay precisiones en cuanto a futuro producto, pero Muir admite que le gustaba mucho el Toledo tres vol\u00famenes  de 1998, que compart\u00eda todo menos su zaga con el primer Leon. Se deduce sin gran posibilidad de error, por tanto, que una versi\u00f3n sed\u00e1n del sucesor del Leon est\u00e1 en camino, y posiblemente otras variantes. Un nuevo modelo por debajo del Ibiza tambi\u00e9n es seguro, a falta de confirmaci\u00f3n oficial. Y el nuevo Alhambra, producido en colaboraci\u00f3n con VW, s\u00ed que es un producto \u2018confeso\u2019 para 2010. En cuanto a innovaciones de propulsi\u00f3n, los h\u00edbridos Twin Drive  que deben aparecer este a\u00f1o como prototipos, no se descarta que pasen a la fase de producci\u00f3n; y en el Sal\u00f3n de Ginebra habr\u00e1 un concept Seat peque\u00f1o puramente el\u00e9ctrico de cuatro plazas.<\/p>\n<p>Otras ideas-fuerza del presidente de Seat:<\/p>\n<p>&#8211;         Seat es una empresa sin connotaciones hist\u00f3ricas negativas, lo que permite m\u00e1s f\u00e1cilmente un re-enfoque de car\u00e1cter.<\/p>\n<p>&#8211;         Los rasgos distintivos de la marca, dentro del grupo, ser\u00e1n: joven (asequible y ecol\u00f3gica), orientada al dise\u00f1o y con car\u00e1cter deportivo.<\/p>\n<p>&#8211;         Ecomotive ser\u00e1 un atributo Seat m\u00e1s difundido, con m\u00e1s variantes, no una simple versi\u00f3n en cada l\u00ednea de modelo.<\/p>\n<p>&#8211;         Es imprescindible construir el conocimiento y percepci\u00f3n de Seat en Europa y refinarlo en Espa\u00f1a, donde es m\u00e1s una instituci\u00f3n que una marca.<\/p>\n<p>&#8211;         Hay que crear una conexi\u00f3n emocional entre la marca y los estados de \u00e1nimo positivos como los que se dan en las manifestaciones deportivas y musicales.<\/p>\n<p>&#8211;         Por tanto, la implicaci\u00f3n en competici\u00f3n dar\u00e1 paso al patrocinio, con presencia en el deporte (f\u00fatbol) y m\u00fasica pop (especialmente con Shakira)<\/p>\n","protected":false},"excerpt":{"rendered":"<p>James Muir, presidente del Comit\u00e9 ejecutivo de Seat, ha realizado hoy una rueda de prensa. A km77.com no nos han permitido acudir al encuentro restringido (cuando no nos permiten acudir a un acto informativo siempre pienso que los lectores de km77.com no deben ser importantes para quien nos impide informar y me sorprende). Como el [&hellip;]<\/p>\n","protected":false},"author":72,"featured_media":0,"comment_status":"open","ping_status":"closed","sticky":false,"template":"","format":"standard","meta":{"_et_pb_use_builder":"","_et_pb_old_content":"","_et_gb_content_width":"","footnotes":""},"categories":[3915],"tags":[7993],"class_list":["post-3325","post","type-post","status-publish","format-standard","hentry","category-teletransporte","tag-economia"],"yoast_head":"<!-- This site is optimized with the Yoast SEO plugin v27.4 - https:\/\/yoast.com\/product\/yoast-seo-wordpress\/ -->\n<title>James Muir, Presidente de Seat: &quot;Aspiramos a liderar el mercado espa\u00f1ol con un 15%&quot; - Revista km77<\/title>\n<meta name=\"robots\" content=\"index, follow, max-snippet:-1, max-image-preview:large, max-video-preview:-1\" \/>\n<link rel=\"canonical\" href=\"https:\/\/www.km77.com\/revista\/teletransporte\/james-muir-presidente-de-seat-aspiramos-a-liderar-el-mercado-espanol-con-un-15\/\" \/>\n<meta property=\"og:locale\" content=\"es_ES\" \/>\n<meta property=\"og:type\" content=\"article\" \/>\n<meta property=\"og:title\" content=\"James Muir, Presidente de Seat: &quot;Aspiramos a liderar el mercado espa\u00f1ol con un 15%&quot; - Revista km77\" \/>\n<meta property=\"og:description\" content=\"James Muir, presidente del Comit\u00e9 ejecutivo de Seat, ha realizado hoy una rueda de prensa. A km77.com no nos han permitido acudir al encuentro restringido (cuando no nos permiten acudir a un acto informativo siempre pienso que los lectores de km77.com no deben ser importantes para quien nos impide informar y me sorprende). Como el [&hellip;]\" \/>\n<meta property=\"og:url\" content=\"https:\/\/www.km77.com\/revista\/teletransporte\/james-muir-presidente-de-seat-aspiramos-a-liderar-el-mercado-espanol-con-un-15\/\" \/>\n<meta property=\"og:site_name\" content=\"Revista km77\" \/>\n<meta property=\"article:published_time\" content=\"2010-02-19T20:40:45+00:00\" \/>\n<meta property=\"article:modified_time\" content=\"2021-03-31T18:13:27+00:00\" \/>\n<meta name=\"author\" content=\"Javier Molt\u00f3\" \/>\n<meta name=\"twitter:card\" content=\"summary_large_image\" \/>\n<meta name=\"twitter:creator\" content=\"@Deportes1\" \/>\n<meta name=\"twitter:label1\" content=\"Escrito por\" \/>\n\t<meta name=\"twitter:data1\" content=\"Javier Molt\u00f3\" \/>\n\t<meta name=\"twitter:label2\" content=\"Tiempo de lectura\" \/>\n\t<meta name=\"twitter:data2\" content=\"4 minutos\" \/>\n<script type=\"application\/ld+json\" class=\"yoast-schema-graph\">{\"@context\":\"https:\\\/\\\/schema.org\",\"@graph\":[{\"@type\":\"Article\",\"@id\":\"https:\\\/\\\/www.km77.com\\\/revista\\\/teletransporte\\\/james-muir-presidente-de-seat-aspiramos-a-liderar-el-mercado-espanol-con-un-15\\\/#article\",\"isPartOf\":{\"@id\":\"https:\\\/\\\/www.km77.com\\\/revista\\\/teletransporte\\\/james-muir-presidente-de-seat-aspiramos-a-liderar-el-mercado-espanol-con-un-15\\\/\"},\"author\":{\"name\":\"Javier Molt\u00f3\",\"@id\":\"https:\\\/\\\/www.km77.com\\\/revista\\\/#\\\/schema\\\/person\\\/2f0611a1b3c7d2a2c81a9428505a25db\"},\"headline\":\"James Muir, Presidente de Seat: \u00abAspiramos a liderar el mercado espa\u00f1ol con un 15%\u00bb\",\"datePublished\":\"2010-02-19T20:40:45+00:00\",\"dateModified\":\"2021-03-31T18:13:27+00:00\",\"mainEntityOfPage\":{\"@id\":\"https:\\\/\\\/www.km77.com\\\/revista\\\/teletransporte\\\/james-muir-presidente-de-seat-aspiramos-a-liderar-el-mercado-espanol-con-un-15\\\/\"},\"wordCount\":842,\"commentCount\":20,\"publisher\":{\"@id\":\"https:\\\/\\\/www.km77.com\\\/revista\\\/#organization\"},\"keywords\":[\"econom\u00eda\"],\"articleSection\":[\"Teletransporte\"],\"inLanguage\":\"es\",\"potentialAction\":[{\"@type\":\"CommentAction\",\"name\":\"Comment\",\"target\":[\"https:\\\/\\\/www.km77.com\\\/revista\\\/teletransporte\\\/james-muir-presidente-de-seat-aspiramos-a-liderar-el-mercado-espanol-con-un-15\\\/#respond\"]}]},{\"@type\":\"WebPage\",\"@id\":\"https:\\\/\\\/www.km77.com\\\/revista\\\/teletransporte\\\/james-muir-presidente-de-seat-aspiramos-a-liderar-el-mercado-espanol-con-un-15\\\/\",\"url\":\"https:\\\/\\\/www.km77.com\\\/revista\\\/teletransporte\\\/james-muir-presidente-de-seat-aspiramos-a-liderar-el-mercado-espanol-con-un-15\\\/\",\"name\":\"James Muir, Presidente de Seat: \\\"Aspiramos a liderar el mercado espa\u00f1ol con un 15%\\\" - Revista km77\",\"isPartOf\":{\"@id\":\"https:\\\/\\\/www.km77.com\\\/revista\\\/#website\"},\"datePublished\":\"2010-02-19T20:40:45+00:00\",\"dateModified\":\"2021-03-31T18:13:27+00:00\",\"breadcrumb\":{\"@id\":\"https:\\\/\\\/www.km77.com\\\/revista\\\/teletransporte\\\/james-muir-presidente-de-seat-aspiramos-a-liderar-el-mercado-espanol-con-un-15\\\/#breadcrumb\"},\"inLanguage\":\"es\",\"potentialAction\":[{\"@type\":\"ReadAction\",\"target\":[\"https:\\\/\\\/www.km77.com\\\/revista\\\/teletransporte\\\/james-muir-presidente-de-seat-aspiramos-a-liderar-el-mercado-espanol-con-un-15\\\/\"]}]},{\"@type\":\"BreadcrumbList\",\"@id\":\"https:\\\/\\\/www.km77.com\\\/revista\\\/teletransporte\\\/james-muir-presidente-de-seat-aspiramos-a-liderar-el-mercado-espanol-con-un-15\\\/#breadcrumb\",\"itemListElement\":[{\"@type\":\"ListItem\",\"position\":1,\"name\":\"Revista km77\",\"item\":\"https:\\\/\\\/www.km77.com\\\/revista\\\/\"},{\"@type\":\"ListItem\",\"position\":2,\"name\":\"Teletransporte\",\"item\":\"https:\\\/\\\/www.km77.com\\\/revista\\\/teletransporte\\\/\"},{\"@type\":\"ListItem\",\"position\":3,\"name\":\"James Muir, Presidente de Seat: \u00abAspiramos a liderar el mercado espa\u00f1ol con un 15%\u00bb\"}]},{\"@type\":\"WebSite\",\"@id\":\"https:\\\/\\\/www.km77.com\\\/revista\\\/#website\",\"url\":\"https:\\\/\\\/www.km77.com\\\/revista\\\/\",\"name\":\"Revista km77\",\"description\":\"Revista de km77\",\"publisher\":{\"@id\":\"https:\\\/\\\/www.km77.com\\\/revista\\\/#organization\"},\"potentialAction\":[{\"@type\":\"SearchAction\",\"target\":{\"@type\":\"EntryPoint\",\"urlTemplate\":\"https:\\\/\\\/www.km77.com\\\/revista\\\/?s={search_term_string}\"},\"query-input\":{\"@type\":\"PropertyValueSpecification\",\"valueRequired\":true,\"valueName\":\"search_term_string\"}}],\"inLanguage\":\"es\"},{\"@type\":\"Organization\",\"@id\":\"https:\\\/\\\/www.km77.com\\\/revista\\\/#organization\",\"name\":\"KM77\",\"url\":\"https:\\\/\\\/www.km77.com\\\/revista\\\/\",\"logo\":{\"@type\":\"ImageObject\",\"inLanguage\":\"es\",\"@id\":\"https:\\\/\\\/www.km77.com\\\/revista\\\/#\\\/schema\\\/logo\\\/image\\\/\",\"url\":\"https:\\\/\\\/www.km77.com\\\/revista\\\/wp-content\\\/uploads\\\/2021\\\/02\\\/logo-km77.png\",\"contentUrl\":\"https:\\\/\\\/www.km77.com\\\/revista\\\/wp-content\\\/uploads\\\/2021\\\/02\\\/logo-km77.png\",\"width\":100,\"height\":34,\"caption\":\"KM77\"},\"image\":{\"@id\":\"https:\\\/\\\/www.km77.com\\\/revista\\\/#\\\/schema\\\/logo\\\/image\\\/\"}},{\"@type\":\"Person\",\"@id\":\"https:\\\/\\\/www.km77.com\\\/revista\\\/#\\\/schema\\\/person\\\/2f0611a1b3c7d2a2c81a9428505a25db\",\"name\":\"Javier Molt\u00f3\",\"image\":{\"@type\":\"ImageObject\",\"inLanguage\":\"es\",\"@id\":\"https:\\\/\\\/secure.gravatar.com\\\/avatar\\\/1c930880a58b8b56f4abb8c2797bdb266488614621319ddd0ab4ee365b10a72c?s=96&d=mm&r=g\",\"url\":\"https:\\\/\\\/secure.gravatar.com\\\/avatar\\\/1c930880a58b8b56f4abb8c2797bdb266488614621319ddd0ab4ee365b10a72c?s=96&d=mm&r=g\",\"contentUrl\":\"https:\\\/\\\/secure.gravatar.com\\\/avatar\\\/1c930880a58b8b56f4abb8c2797bdb266488614621319ddd0ab4ee365b10a72c?s=96&d=mm&r=g\",\"caption\":\"Javier Molt\u00f3\"},\"description\":\"Empec\u00e9 a trabajar como periodista probador de coches en 1985, en la revista AutoHebdo. Despu\u00e9s trabaj\u00e9 en Coche Actual y Motor16. Desde 1994 a 1999 inform\u00e9 de asuntos econ\u00f3micos tanto en Madrid como en Londres, donde trabaj\u00e9 en Bloomberg. En 1999 fund\u00e9 km77.com, empresa con la que sigo empe\u00f1ado en el objetivo de dar la mejor informaci\u00f3n de coches de la que somos capaces.\",\"sameAs\":[\"https:\\\/\\\/x.com\\\/Deportes1\"],\"url\":\"https:\\\/\\\/www.km77.com\\\/revista\\\/author\\\/teletransporte\\\/\"}]}<\/script>\n<!-- \/ Yoast SEO plugin. -->","yoast_head_json":{"title":"James Muir, Presidente de Seat: \"Aspiramos a liderar el mercado espa\u00f1ol con un 15%\" - Revista km77","robots":{"index":"index","follow":"follow","max-snippet":"max-snippet:-1","max-image-preview":"max-image-preview:large","max-video-preview":"max-video-preview:-1"},"canonical":"https:\/\/www.km77.com\/revista\/teletransporte\/james-muir-presidente-de-seat-aspiramos-a-liderar-el-mercado-espanol-con-un-15\/","og_locale":"es_ES","og_type":"article","og_title":"James Muir, Presidente de Seat: \"Aspiramos a liderar el mercado espa\u00f1ol con un 15%\" - Revista km77","og_description":"James Muir, presidente del Comit\u00e9 ejecutivo de Seat, ha realizado hoy una rueda de prensa. A km77.com no nos han permitido acudir al encuentro restringido (cuando no nos permiten acudir a un acto informativo siempre pienso que los lectores de km77.com no deben ser importantes para quien nos impide informar y me sorprende). Como el [&hellip;]","og_url":"https:\/\/www.km77.com\/revista\/teletransporte\/james-muir-presidente-de-seat-aspiramos-a-liderar-el-mercado-espanol-con-un-15\/","og_site_name":"Revista km77","article_published_time":"2010-02-19T20:40:45+00:00","article_modified_time":"2021-03-31T18:13:27+00:00","author":"Javier Molt\u00f3","twitter_card":"summary_large_image","twitter_creator":"@Deportes1","twitter_misc":{"Escrito por":"Javier Molt\u00f3","Tiempo de lectura":"4 minutos"},"schema":{"@context":"https:\/\/schema.org","@graph":[{"@type":"Article","@id":"https:\/\/www.km77.com\/revista\/teletransporte\/james-muir-presidente-de-seat-aspiramos-a-liderar-el-mercado-espanol-con-un-15\/#article","isPartOf":{"@id":"https:\/\/www.km77.com\/revista\/teletransporte\/james-muir-presidente-de-seat-aspiramos-a-liderar-el-mercado-espanol-con-un-15\/"},"author":{"name":"Javier Molt\u00f3","@id":"https:\/\/www.km77.com\/revista\/#\/schema\/person\/2f0611a1b3c7d2a2c81a9428505a25db"},"headline":"James Muir, Presidente de Seat: \u00abAspiramos a liderar el mercado espa\u00f1ol con un 15%\u00bb","datePublished":"2010-02-19T20:40:45+00:00","dateModified":"2021-03-31T18:13:27+00:00","mainEntityOfPage":{"@id":"https:\/\/www.km77.com\/revista\/teletransporte\/james-muir-presidente-de-seat-aspiramos-a-liderar-el-mercado-espanol-con-un-15\/"},"wordCount":842,"commentCount":20,"publisher":{"@id":"https:\/\/www.km77.com\/revista\/#organization"},"keywords":["econom\u00eda"],"articleSection":["Teletransporte"],"inLanguage":"es","potentialAction":[{"@type":"CommentAction","name":"Comment","target":["https:\/\/www.km77.com\/revista\/teletransporte\/james-muir-presidente-de-seat-aspiramos-a-liderar-el-mercado-espanol-con-un-15\/#respond"]}]},{"@type":"WebPage","@id":"https:\/\/www.km77.com\/revista\/teletransporte\/james-muir-presidente-de-seat-aspiramos-a-liderar-el-mercado-espanol-con-un-15\/","url":"https:\/\/www.km77.com\/revista\/teletransporte\/james-muir-presidente-de-seat-aspiramos-a-liderar-el-mercado-espanol-con-un-15\/","name":"James Muir, Presidente de Seat: \"Aspiramos a liderar el mercado espa\u00f1ol con un 15%\" - Revista km77","isPartOf":{"@id":"https:\/\/www.km77.com\/revista\/#website"},"datePublished":"2010-02-19T20:40:45+00:00","dateModified":"2021-03-31T18:13:27+00:00","breadcrumb":{"@id":"https:\/\/www.km77.com\/revista\/teletransporte\/james-muir-presidente-de-seat-aspiramos-a-liderar-el-mercado-espanol-con-un-15\/#breadcrumb"},"inLanguage":"es","potentialAction":[{"@type":"ReadAction","target":["https:\/\/www.km77.com\/revista\/teletransporte\/james-muir-presidente-de-seat-aspiramos-a-liderar-el-mercado-espanol-con-un-15\/"]}]},{"@type":"BreadcrumbList","@id":"https:\/\/www.km77.com\/revista\/teletransporte\/james-muir-presidente-de-seat-aspiramos-a-liderar-el-mercado-espanol-con-un-15\/#breadcrumb","itemListElement":[{"@type":"ListItem","position":1,"name":"Revista km77","item":"https:\/\/www.km77.com\/revista\/"},{"@type":"ListItem","position":2,"name":"Teletransporte","item":"https:\/\/www.km77.com\/revista\/teletransporte\/"},{"@type":"ListItem","position":3,"name":"James Muir, Presidente de Seat: \u00abAspiramos a liderar el mercado espa\u00f1ol con un 15%\u00bb"}]},{"@type":"WebSite","@id":"https:\/\/www.km77.com\/revista\/#website","url":"https:\/\/www.km77.com\/revista\/","name":"Revista km77","description":"Revista de km77","publisher":{"@id":"https:\/\/www.km77.com\/revista\/#organization"},"potentialAction":[{"@type":"SearchAction","target":{"@type":"EntryPoint","urlTemplate":"https:\/\/www.km77.com\/revista\/?s={search_term_string}"},"query-input":{"@type":"PropertyValueSpecification","valueRequired":true,"valueName":"search_term_string"}}],"inLanguage":"es"},{"@type":"Organization","@id":"https:\/\/www.km77.com\/revista\/#organization","name":"KM77","url":"https:\/\/www.km77.com\/revista\/","logo":{"@type":"ImageObject","inLanguage":"es","@id":"https:\/\/www.km77.com\/revista\/#\/schema\/logo\/image\/","url":"https:\/\/www.km77.com\/revista\/wp-content\/uploads\/2021\/02\/logo-km77.png","contentUrl":"https:\/\/www.km77.com\/revista\/wp-content\/uploads\/2021\/02\/logo-km77.png","width":100,"height":34,"caption":"KM77"},"image":{"@id":"https:\/\/www.km77.com\/revista\/#\/schema\/logo\/image\/"}},{"@type":"Person","@id":"https:\/\/www.km77.com\/revista\/#\/schema\/person\/2f0611a1b3c7d2a2c81a9428505a25db","name":"Javier Molt\u00f3","image":{"@type":"ImageObject","inLanguage":"es","@id":"https:\/\/secure.gravatar.com\/avatar\/1c930880a58b8b56f4abb8c2797bdb266488614621319ddd0ab4ee365b10a72c?s=96&d=mm&r=g","url":"https:\/\/secure.gravatar.com\/avatar\/1c930880a58b8b56f4abb8c2797bdb266488614621319ddd0ab4ee365b10a72c?s=96&d=mm&r=g","contentUrl":"https:\/\/secure.gravatar.com\/avatar\/1c930880a58b8b56f4abb8c2797bdb266488614621319ddd0ab4ee365b10a72c?s=96&d=mm&r=g","caption":"Javier Molt\u00f3"},"description":"Empec\u00e9 a trabajar como periodista probador de coches en 1985, en la revista AutoHebdo. Despu\u00e9s trabaj\u00e9 en Coche Actual y Motor16. Desde 1994 a 1999 inform\u00e9 de asuntos econ\u00f3micos tanto en Madrid como en Londres, donde trabaj\u00e9 en Bloomberg. En 1999 fund\u00e9 km77.com, empresa con la que sigo empe\u00f1ado en el objetivo de dar la mejor informaci\u00f3n de coches de la que somos capaces.","sameAs":["https:\/\/x.com\/Deportes1"],"url":"https:\/\/www.km77.com\/revista\/author\/teletransporte\/"}]}},"amp_enabled":true,"_links":{"self":[{"href":"https:\/\/www.km77.com\/revista\/wp-json\/wp\/v2\/posts\/3325","targetHints":{"allow":["GET"]}}],"collection":[{"href":"https:\/\/www.km77.com\/revista\/wp-json\/wp\/v2\/posts"}],"about":[{"href":"https:\/\/www.km77.com\/revista\/wp-json\/wp\/v2\/types\/post"}],"author":[{"embeddable":true,"href":"https:\/\/www.km77.com\/revista\/wp-json\/wp\/v2\/users\/72"}],"replies":[{"embeddable":true,"href":"https:\/\/www.km77.com\/revista\/wp-json\/wp\/v2\/comments?post=3325"}],"version-history":[{"count":1,"href":"https:\/\/www.km77.com\/revista\/wp-json\/wp\/v2\/posts\/3325\/revisions"}],"predecessor-version":[{"id":44939,"href":"https:\/\/www.km77.com\/revista\/wp-json\/wp\/v2\/posts\/3325\/revisions\/44939"}],"wp:attachment":[{"href":"https:\/\/www.km77.com\/revista\/wp-json\/wp\/v2\/media?parent=3325"}],"wp:term":[{"taxonomy":"category","embeddable":true,"href":"https:\/\/www.km77.com\/revista\/wp-json\/wp\/v2\/categories?post=3325"},{"taxonomy":"post_tag","embeddable":true,"href":"https:\/\/www.km77.com\/revista\/wp-json\/wp\/v2\/tags?post=3325"}],"curies":[{"name":"wp","href":"https:\/\/api.w.org\/{rel}","templated":true}]}}