{"id":3181,"date":"2010-01-25T23:40:30","date_gmt":"2010-01-25T22:40:30","guid":{"rendered":"http:\/\/blogs.km77.com\/teletransporte\/?p=3181"},"modified":"2021-03-31T20:13:36","modified_gmt":"2021-03-31T18:13:36","slug":"los-residuos-nucleares","status":"publish","type":"post","link":"https:\/\/www.km77.com\/revista\/teletransporte\/los-residuos-nucleares\/","title":{"rendered":"Nuclear s\u00ed, gracias. (En la sede del otro partido)"},"content":{"rendered":"<p>En el <a title=\"Enlace a foros de km77.com\" href=\"https:\/\/www.km77.com\/foro\/Conversacion.asp?idtopic=346755&amp;idforo=0\" target=\"_self\" rel=\"noopener\">foro de km77.com<\/a> Korreka\u00a0 ha abierto un debate sobre los cementerios de residuos nucleares. Se lo agradezco porque un debate pausado sobre este asunto parece pertinente.<\/p>\n<p>Lo de menos es el rid\u00edculo que hacen quienes defienden la energ\u00eda nuclear lejos de sus votos. Pero no s\u00f3lo ellos. Tambi\u00e9n hace el rid\u00edculo quien se niega a afrontar un problema. Las centrales nucleares existen y sus residuos tambi\u00e9n. Es un hecho incontrovertible.<\/p>\n<p>Tendremos que buscar una soluci\u00f3n para esos residuos.<\/p>\n<p>\u00bfQu\u00e9 soluci\u00f3n es la mejor? No tengo ni idea. (No soy yo quien debe informar sobre eso). Pero quiero escuchar debates t\u00e9cnicos sobre estos asuntos, no debates pol\u00edticos. Emborronan el debate con sus ni\u00f1er\u00edas y no dejan que se produzca un debate serio. Por favor, ap\u00e1rtense de en medio, d\u00e9jennos debatir y pensar en profundidad.<\/p>\n<p>Con los residuos nucleares me pasa lo mismo que con el Plan Hidrol\u00f3gico. \u00bfQu\u00e9 soluci\u00f3n es mejor, trasvases o plantas desalinizadoras? No lo s\u00e9, pero seguro que puedo aprender si no me molestan con sus estupideces partidarias.<\/p>\n<p>No s\u00e9 por qu\u00e9 extra\u00f1o sortilegio los partidos convierten un debate t\u00e9cnico, ni de izquierda, ni de derechas, ni blanco ni azul, en una pretendida guerra de ideolog\u00edas, en un ataque sin sentido de unos contra otros.<\/p>\n<p>Tenemos centrales nucleares, tenemos residuos, tenemos sequ\u00eda, tenemos embalses, r\u00edos y mar. Pidamos informes, hag\u00e1moslos p\u00fablicos debatamos como adultos e intentemos acercarnos al conocimiento, por favor.<\/p>\n<p>Korreka recomienda un libro en el foro, \u00abpublicado por un reconocido f\u00edsico nuclear \u2014asegura\u2014 , catedr\u00e1tico de la Universidad de Sevilla\u00bb: *Nucleares, \u00bfpor qu\u00e9 no?*, Manuel Lozano Leyva, Editorial Debate. (Lo comprar\u00e9 y lo leer\u00e9. Gracias)<\/p>\n<p>Seguro que hay libros que se llamen *Nucleares, \u00bfpor qu\u00e9 s\u00ed?* e informes a favor y en contra de las centrales y con alternativas al almacenamiento de residuos.<\/p>\n<p>Necesitamos que el gobierno haga p\u00fablicos (d\u00e9 publicidad a) los informes que maneja (pagados con dinero de todos), que tengamos m\u00e1s libros a disposici\u00f3n, sobre los residuos y sobre el plan hidrol\u00f3gico.<\/p>\n<p>Queremos saber. Queremos saber de verdad. No queremos ri\u00f1as de patio de colegio. El debate infantil, rid\u00edculo, obsceno entre los pol\u00edticos partidistas nos sobra. La radioactividad no es una cuesti\u00f3n ideol\u00f3gica. Es una realidad. Dejen de ech\u00e1rnosla a la cara, por favor.<\/p>\n","protected":false},"excerpt":{"rendered":"<p>En el foro de km77.com Korreka\u00a0 ha abierto un debate sobre los cementerios de residuos nucleares. Se lo agradezco porque un debate pausado sobre este asunto parece pertinente. Lo de menos es el rid\u00edculo que hacen quienes defienden la energ\u00eda nuclear lejos de sus votos. Pero no s\u00f3lo ellos. Tambi\u00e9n hace el rid\u00edculo quien se [&hellip;]<\/p>\n","protected":false},"author":72,"featured_media":0,"comment_status":"open","ping_status":"closed","sticky":false,"template":"","format":"standard","meta":{"_et_pb_use_builder":"","_et_pb_old_content":"","_et_gb_content_width":"","footnotes":""},"categories":[3915],"tags":[7975,2285,2363,2590],"class_list":["post-3181","post","type-post","status-publish","format-standard","hentry","category-teletransporte","tag-de-todo-un-poco","tag-partidos-politicos","tag-plan-hidrologico","tag-residuos-nucleares"],"yoast_head":"<!-- This site is optimized with the Yoast SEO plugin v27.5 - https:\/\/yoast.com\/product\/yoast-seo-wordpress\/ -->\n<title>Nuclear s\u00ed, gracias. (En la sede del otro partido) - Revista km77<\/title>\n<meta name=\"robots\" content=\"index, follow, max-snippet:-1, max-image-preview:large, max-video-preview:-1\" \/>\n<link rel=\"canonical\" href=\"https:\/\/www.km77.com\/revista\/teletransporte\/los-residuos-nucleares\/\" \/>\n<meta property=\"og:locale\" content=\"es_ES\" \/>\n<meta property=\"og:type\" content=\"article\" \/>\n<meta property=\"og:title\" content=\"Nuclear s\u00ed, gracias. (En la sede del otro partido) - Revista km77\" \/>\n<meta property=\"og:description\" content=\"En el foro de km77.com Korreka\u00a0 ha abierto un debate sobre los cementerios de residuos nucleares. Se lo agradezco porque un debate pausado sobre este asunto parece pertinente. Lo de menos es el rid\u00edculo que hacen quienes defienden la energ\u00eda nuclear lejos de sus votos. Pero no s\u00f3lo ellos. Tambi\u00e9n hace el rid\u00edculo quien se [&hellip;]\" \/>\n<meta property=\"og:url\" content=\"https:\/\/www.km77.com\/revista\/teletransporte\/los-residuos-nucleares\/\" \/>\n<meta property=\"og:site_name\" content=\"Revista km77\" \/>\n<meta property=\"article:published_time\" content=\"2010-01-25T22:40:30+00:00\" \/>\n<meta property=\"article:modified_time\" content=\"2021-03-31T18:13:36+00:00\" \/>\n<meta name=\"author\" content=\"Javier Molt\u00f3\" \/>\n<meta name=\"twitter:card\" content=\"summary_large_image\" \/>\n<meta name=\"twitter:creator\" content=\"@Deportes1\" \/>\n<meta name=\"twitter:label1\" content=\"Escrito por\" \/>\n\t<meta name=\"twitter:data1\" content=\"Javier Molt\u00f3\" \/>\n\t<meta name=\"twitter:label2\" content=\"Tiempo de lectura\" \/>\n\t<meta name=\"twitter:data2\" content=\"2 minutos\" \/>\n<script type=\"application\/ld+json\" class=\"yoast-schema-graph\">{\"@context\":\"https:\\\/\\\/schema.org\",\"@graph\":[{\"@type\":\"Article\",\"@id\":\"https:\\\/\\\/www.km77.com\\\/revista\\\/teletransporte\\\/los-residuos-nucleares\\\/#article\",\"isPartOf\":{\"@id\":\"https:\\\/\\\/www.km77.com\\\/revista\\\/teletransporte\\\/los-residuos-nucleares\\\/\"},\"author\":{\"name\":\"Javier Molt\u00f3\",\"@id\":\"https:\\\/\\\/www.km77.com\\\/revista\\\/#\\\/schema\\\/person\\\/2f0611a1b3c7d2a2c81a9428505a25db\"},\"headline\":\"Nuclear s\u00ed, gracias. (En la sede del otro partido)\",\"datePublished\":\"2010-01-25T22:40:30+00:00\",\"dateModified\":\"2021-03-31T18:13:36+00:00\",\"mainEntityOfPage\":{\"@id\":\"https:\\\/\\\/www.km77.com\\\/revista\\\/teletransporte\\\/los-residuos-nucleares\\\/\"},\"wordCount\":417,\"commentCount\":46,\"publisher\":{\"@id\":\"https:\\\/\\\/www.km77.com\\\/revista\\\/#organization\"},\"keywords\":[\"De todo un poco\",\"partidos pol\u00edticos\",\"plan hidrol\u00f3gico\",\"residuos nucleares\"],\"articleSection\":[\"Teletransporte\"],\"inLanguage\":\"es\",\"potentialAction\":[{\"@type\":\"CommentAction\",\"name\":\"Comment\",\"target\":[\"https:\\\/\\\/www.km77.com\\\/revista\\\/teletransporte\\\/los-residuos-nucleares\\\/#respond\"]}]},{\"@type\":\"WebPage\",\"@id\":\"https:\\\/\\\/www.km77.com\\\/revista\\\/teletransporte\\\/los-residuos-nucleares\\\/\",\"url\":\"https:\\\/\\\/www.km77.com\\\/revista\\\/teletransporte\\\/los-residuos-nucleares\\\/\",\"name\":\"Nuclear s\u00ed, gracias. (En la sede del otro partido) - Revista km77\",\"isPartOf\":{\"@id\":\"https:\\\/\\\/www.km77.com\\\/revista\\\/#website\"},\"datePublished\":\"2010-01-25T22:40:30+00:00\",\"dateModified\":\"2021-03-31T18:13:36+00:00\",\"breadcrumb\":{\"@id\":\"https:\\\/\\\/www.km77.com\\\/revista\\\/teletransporte\\\/los-residuos-nucleares\\\/#breadcrumb\"},\"inLanguage\":\"es\",\"potentialAction\":[{\"@type\":\"ReadAction\",\"target\":[\"https:\\\/\\\/www.km77.com\\\/revista\\\/teletransporte\\\/los-residuos-nucleares\\\/\"]}]},{\"@type\":\"BreadcrumbList\",\"@id\":\"https:\\\/\\\/www.km77.com\\\/revista\\\/teletransporte\\\/los-residuos-nucleares\\\/#breadcrumb\",\"itemListElement\":[{\"@type\":\"ListItem\",\"position\":1,\"name\":\"Revista km77\",\"item\":\"https:\\\/\\\/www.km77.com\\\/revista\\\/\"},{\"@type\":\"ListItem\",\"position\":2,\"name\":\"Teletransporte\",\"item\":\"https:\\\/\\\/www.km77.com\\\/revista\\\/teletransporte\\\/\"},{\"@type\":\"ListItem\",\"position\":3,\"name\":\"Nuclear s\u00ed, gracias. (En la sede del otro partido)\"}]},{\"@type\":\"WebSite\",\"@id\":\"https:\\\/\\\/www.km77.com\\\/revista\\\/#website\",\"url\":\"https:\\\/\\\/www.km77.com\\\/revista\\\/\",\"name\":\"Revista km77\",\"description\":\"Revista de km77\",\"publisher\":{\"@id\":\"https:\\\/\\\/www.km77.com\\\/revista\\\/#organization\"},\"potentialAction\":[{\"@type\":\"SearchAction\",\"target\":{\"@type\":\"EntryPoint\",\"urlTemplate\":\"https:\\\/\\\/www.km77.com\\\/revista\\\/?s={search_term_string}\"},\"query-input\":{\"@type\":\"PropertyValueSpecification\",\"valueRequired\":true,\"valueName\":\"search_term_string\"}}],\"inLanguage\":\"es\"},{\"@type\":\"Organization\",\"@id\":\"https:\\\/\\\/www.km77.com\\\/revista\\\/#organization\",\"name\":\"KM77\",\"url\":\"https:\\\/\\\/www.km77.com\\\/revista\\\/\",\"logo\":{\"@type\":\"ImageObject\",\"inLanguage\":\"es\",\"@id\":\"https:\\\/\\\/www.km77.com\\\/revista\\\/#\\\/schema\\\/logo\\\/image\\\/\",\"url\":\"https:\\\/\\\/www.km77.com\\\/revista\\\/wp-content\\\/uploads\\\/2021\\\/02\\\/logo-km77.png\",\"contentUrl\":\"https:\\\/\\\/www.km77.com\\\/revista\\\/wp-content\\\/uploads\\\/2021\\\/02\\\/logo-km77.png\",\"width\":100,\"height\":34,\"caption\":\"KM77\"},\"image\":{\"@id\":\"https:\\\/\\\/www.km77.com\\\/revista\\\/#\\\/schema\\\/logo\\\/image\\\/\"}},{\"@type\":\"Person\",\"@id\":\"https:\\\/\\\/www.km77.com\\\/revista\\\/#\\\/schema\\\/person\\\/2f0611a1b3c7d2a2c81a9428505a25db\",\"name\":\"Javier Molt\u00f3\",\"image\":{\"@type\":\"ImageObject\",\"inLanguage\":\"es\",\"@id\":\"https:\\\/\\\/secure.gravatar.com\\\/avatar\\\/1c930880a58b8b56f4abb8c2797bdb266488614621319ddd0ab4ee365b10a72c?s=96&d=mm&r=g\",\"url\":\"https:\\\/\\\/secure.gravatar.com\\\/avatar\\\/1c930880a58b8b56f4abb8c2797bdb266488614621319ddd0ab4ee365b10a72c?s=96&d=mm&r=g\",\"contentUrl\":\"https:\\\/\\\/secure.gravatar.com\\\/avatar\\\/1c930880a58b8b56f4abb8c2797bdb266488614621319ddd0ab4ee365b10a72c?s=96&d=mm&r=g\",\"caption\":\"Javier Molt\u00f3\"},\"description\":\"Empec\u00e9 a trabajar como periodista probador de coches en 1985, en la revista AutoHebdo. Despu\u00e9s trabaj\u00e9 en Coche Actual y Motor16. Desde 1994 a 1999 inform\u00e9 de asuntos econ\u00f3micos tanto en Madrid como en Londres, donde trabaj\u00e9 en Bloomberg. En 1999 fund\u00e9 km77.com, empresa con la que sigo empe\u00f1ado en el objetivo de dar la mejor informaci\u00f3n de coches de la que somos capaces.\",\"sameAs\":[\"https:\\\/\\\/x.com\\\/Deportes1\"],\"url\":\"https:\\\/\\\/www.km77.com\\\/revista\\\/author\\\/teletransporte\\\/\"}]}<\/script>\n<!-- \/ Yoast SEO plugin. -->","yoast_head_json":{"title":"Nuclear s\u00ed, gracias. (En la sede del otro partido) - Revista km77","robots":{"index":"index","follow":"follow","max-snippet":"max-snippet:-1","max-image-preview":"max-image-preview:large","max-video-preview":"max-video-preview:-1"},"canonical":"https:\/\/www.km77.com\/revista\/teletransporte\/los-residuos-nucleares\/","og_locale":"es_ES","og_type":"article","og_title":"Nuclear s\u00ed, gracias. (En la sede del otro partido) - Revista km77","og_description":"En el foro de km77.com Korreka\u00a0 ha abierto un debate sobre los cementerios de residuos nucleares. Se lo agradezco porque un debate pausado sobre este asunto parece pertinente. Lo de menos es el rid\u00edculo que hacen quienes defienden la energ\u00eda nuclear lejos de sus votos. Pero no s\u00f3lo ellos. Tambi\u00e9n hace el rid\u00edculo quien se [&hellip;]","og_url":"https:\/\/www.km77.com\/revista\/teletransporte\/los-residuos-nucleares\/","og_site_name":"Revista km77","article_published_time":"2010-01-25T22:40:30+00:00","article_modified_time":"2021-03-31T18:13:36+00:00","author":"Javier Molt\u00f3","twitter_card":"summary_large_image","twitter_creator":"@Deportes1","twitter_misc":{"Escrito por":"Javier Molt\u00f3","Tiempo de lectura":"2 minutos"},"schema":{"@context":"https:\/\/schema.org","@graph":[{"@type":"Article","@id":"https:\/\/www.km77.com\/revista\/teletransporte\/los-residuos-nucleares\/#article","isPartOf":{"@id":"https:\/\/www.km77.com\/revista\/teletransporte\/los-residuos-nucleares\/"},"author":{"name":"Javier Molt\u00f3","@id":"https:\/\/www.km77.com\/revista\/#\/schema\/person\/2f0611a1b3c7d2a2c81a9428505a25db"},"headline":"Nuclear s\u00ed, gracias. (En la sede del otro partido)","datePublished":"2010-01-25T22:40:30+00:00","dateModified":"2021-03-31T18:13:36+00:00","mainEntityOfPage":{"@id":"https:\/\/www.km77.com\/revista\/teletransporte\/los-residuos-nucleares\/"},"wordCount":417,"commentCount":46,"publisher":{"@id":"https:\/\/www.km77.com\/revista\/#organization"},"keywords":["De todo un poco","partidos pol\u00edticos","plan hidrol\u00f3gico","residuos nucleares"],"articleSection":["Teletransporte"],"inLanguage":"es","potentialAction":[{"@type":"CommentAction","name":"Comment","target":["https:\/\/www.km77.com\/revista\/teletransporte\/los-residuos-nucleares\/#respond"]}]},{"@type":"WebPage","@id":"https:\/\/www.km77.com\/revista\/teletransporte\/los-residuos-nucleares\/","url":"https:\/\/www.km77.com\/revista\/teletransporte\/los-residuos-nucleares\/","name":"Nuclear s\u00ed, gracias. (En la sede del otro partido) - Revista km77","isPartOf":{"@id":"https:\/\/www.km77.com\/revista\/#website"},"datePublished":"2010-01-25T22:40:30+00:00","dateModified":"2021-03-31T18:13:36+00:00","breadcrumb":{"@id":"https:\/\/www.km77.com\/revista\/teletransporte\/los-residuos-nucleares\/#breadcrumb"},"inLanguage":"es","potentialAction":[{"@type":"ReadAction","target":["https:\/\/www.km77.com\/revista\/teletransporte\/los-residuos-nucleares\/"]}]},{"@type":"BreadcrumbList","@id":"https:\/\/www.km77.com\/revista\/teletransporte\/los-residuos-nucleares\/#breadcrumb","itemListElement":[{"@type":"ListItem","position":1,"name":"Revista km77","item":"https:\/\/www.km77.com\/revista\/"},{"@type":"ListItem","position":2,"name":"Teletransporte","item":"https:\/\/www.km77.com\/revista\/teletransporte\/"},{"@type":"ListItem","position":3,"name":"Nuclear s\u00ed, gracias. (En la sede del otro partido)"}]},{"@type":"WebSite","@id":"https:\/\/www.km77.com\/revista\/#website","url":"https:\/\/www.km77.com\/revista\/","name":"Revista km77","description":"Revista de km77","publisher":{"@id":"https:\/\/www.km77.com\/revista\/#organization"},"potentialAction":[{"@type":"SearchAction","target":{"@type":"EntryPoint","urlTemplate":"https:\/\/www.km77.com\/revista\/?s={search_term_string}"},"query-input":{"@type":"PropertyValueSpecification","valueRequired":true,"valueName":"search_term_string"}}],"inLanguage":"es"},{"@type":"Organization","@id":"https:\/\/www.km77.com\/revista\/#organization","name":"KM77","url":"https:\/\/www.km77.com\/revista\/","logo":{"@type":"ImageObject","inLanguage":"es","@id":"https:\/\/www.km77.com\/revista\/#\/schema\/logo\/image\/","url":"https:\/\/www.km77.com\/revista\/wp-content\/uploads\/2021\/02\/logo-km77.png","contentUrl":"https:\/\/www.km77.com\/revista\/wp-content\/uploads\/2021\/02\/logo-km77.png","width":100,"height":34,"caption":"KM77"},"image":{"@id":"https:\/\/www.km77.com\/revista\/#\/schema\/logo\/image\/"}},{"@type":"Person","@id":"https:\/\/www.km77.com\/revista\/#\/schema\/person\/2f0611a1b3c7d2a2c81a9428505a25db","name":"Javier Molt\u00f3","image":{"@type":"ImageObject","inLanguage":"es","@id":"https:\/\/secure.gravatar.com\/avatar\/1c930880a58b8b56f4abb8c2797bdb266488614621319ddd0ab4ee365b10a72c?s=96&d=mm&r=g","url":"https:\/\/secure.gravatar.com\/avatar\/1c930880a58b8b56f4abb8c2797bdb266488614621319ddd0ab4ee365b10a72c?s=96&d=mm&r=g","contentUrl":"https:\/\/secure.gravatar.com\/avatar\/1c930880a58b8b56f4abb8c2797bdb266488614621319ddd0ab4ee365b10a72c?s=96&d=mm&r=g","caption":"Javier Molt\u00f3"},"description":"Empec\u00e9 a trabajar como periodista probador de coches en 1985, en la revista AutoHebdo. Despu\u00e9s trabaj\u00e9 en Coche Actual y Motor16. Desde 1994 a 1999 inform\u00e9 de asuntos econ\u00f3micos tanto en Madrid como en Londres, donde trabaj\u00e9 en Bloomberg. En 1999 fund\u00e9 km77.com, empresa con la que sigo empe\u00f1ado en el objetivo de dar la mejor informaci\u00f3n de coches de la que somos capaces.","sameAs":["https:\/\/x.com\/Deportes1"],"url":"https:\/\/www.km77.com\/revista\/author\/teletransporte\/"}]}},"amp_enabled":true,"_links":{"self":[{"href":"https:\/\/www.km77.com\/revista\/wp-json\/wp\/v2\/posts\/3181","targetHints":{"allow":["GET"]}}],"collection":[{"href":"https:\/\/www.km77.com\/revista\/wp-json\/wp\/v2\/posts"}],"about":[{"href":"https:\/\/www.km77.com\/revista\/wp-json\/wp\/v2\/types\/post"}],"author":[{"embeddable":true,"href":"https:\/\/www.km77.com\/revista\/wp-json\/wp\/v2\/users\/72"}],"replies":[{"embeddable":true,"href":"https:\/\/www.km77.com\/revista\/wp-json\/wp\/v2\/comments?post=3181"}],"version-history":[{"count":1,"href":"https:\/\/www.km77.com\/revista\/wp-json\/wp\/v2\/posts\/3181\/revisions"}],"predecessor-version":[{"id":44982,"href":"https:\/\/www.km77.com\/revista\/wp-json\/wp\/v2\/posts\/3181\/revisions\/44982"}],"wp:attachment":[{"href":"https:\/\/www.km77.com\/revista\/wp-json\/wp\/v2\/media?parent=3181"}],"wp:term":[{"taxonomy":"category","embeddable":true,"href":"https:\/\/www.km77.com\/revista\/wp-json\/wp\/v2\/categories?post=3181"},{"taxonomy":"post_tag","embeddable":true,"href":"https:\/\/www.km77.com\/revista\/wp-json\/wp\/v2\/tags?post=3181"}],"curies":[{"name":"wp","href":"https:\/\/api.w.org\/{rel}","templated":true}]}}