{"id":27533,"date":"2016-07-04T20:25:16","date_gmt":"2016-07-04T18:25:16","guid":{"rendered":"http:\/\/blogs.km77.com\/engendromecanico\/?p=266"},"modified":"2021-03-31T19:52:35","modified_gmt":"2021-03-31T17:52:35","slug":"cuales-son-los-coches-mas-baratos-del-mercado-aqui-esta-la-respuesta","status":"publish","type":"post","link":"https:\/\/www.km77.com\/revista\/engendro-mecanico\/cuales-son-los-coches-mas-baratos-del-mercado-aqui-esta-la-respuesta\/","title":{"rendered":"\u00bfCu\u00e1les son los coches m\u00e1s baratos del mercado? Aqu\u00ed est\u00e1 la respuesta."},"content":{"rendered":"<p><em>(Actualizaci\u00f3n de la lista: julio 2016)<\/em><br \/>\nUna vez m\u00e1s, actualizamos el listado con los veh\u00edculos que tienen un menor precio de venta al p\u00fablico. Durante los pr\u00f3ximos d\u00edas tambi\u00e9n realizaremos la actualizaci\u00f3n de los listados con los modelos Diesel (<a href=\"https:\/\/www.km77.com\/revista\/engendro-mecanico\/\/top-10-de-los-coches-mas-ecologicos-del-mercado-los-que-menos-consumen-y-menos-co2-emiten\/\" target=\"_blank\" rel=\"noopener\">ver listado actualizado<\/a>), con los de gasolina <a href=\"https:\/\/www.km77.com\/revista\/engendro-mecanico\/\/top-10-de-los-coches-mas-ecologicos-del-mercado-los-que-menos-consumen-y-menos-co2-emiten-2%c2%aa-parte\/\" target=\"_blank\" rel=\"noopener\">(ver listado actualizado) <\/a>e h\u00edbridos que menos consumen.<br \/>\nA continuaci\u00f3n, os mostramos una tabla con <strong>los coches m\u00e1s baratos del mercado espa\u00f1ol<\/strong>, con detalles de la potencia, el consumo y el impuesto de matriculaci\u00f3n. Para realizar esta tabla hemos utilizado el <a href=\"https:\/\/www.km77.com\/precios\/buscar\" target=\"_blank\" rel=\"noopener\">buscador de precios de km77<\/a> y, como en anteriores ocasiones, hemos puesto un l\u00edmite de 10 000 \u20ac para realizar este listado.<br \/>\n<img decoding=\"async\" class=\"aligncenter wp-image-29482\" src=\"https:\/\/www.km77.com\/revista\/wp-content\/uploads\/2016\/02\/turismos-km77com-2.jpg\" alt=\"turismos-km77com-2\" width=\"700\" height=\"467\" \/><br \/>\nEn el listado anterior, de febrero de 2016, el modelo m\u00e1s econ\u00f3mico fue el <a href=\"https:\/\/www.km77.com\/00\/tata\/vista\/2012\/tata-vista-precio.asp\" target=\"_blank\" rel=\"noopener\">TATA Vista<\/a> con motor de gasolina y 75 CV de potencia, pero TATA a principios de a\u00f1o dej\u00f3 de comercializar modelos en nuestro mercado, por lo que desaparece del listado. Tambi\u00e9n lo hace el KIA Picanto (2011), la <a href=\"https:\/\/www.km77.com\/01\/kia\/picanto\/2015\/informacion-y-precios-317229-p.html\" target=\"_blank\" rel=\"noopener\">actual generaci\u00f3n (2015)<\/a> est\u00e1 a la venta desde 10 073 \u20ac por lo que queda fuera de los m\u00e1rgenes de b\u00fasqueda. Ocurre algo similar con el Mitsubishi Space Star 2013 que estaba incluido en la lista y que ahora, con la nueva generaci\u00f3n sale de ella, cuesta 11 400 \u20ac \u2014en km77.com lo hemos probado recientemente, estas son nuestras impresiones\u2014. Y tambi\u00e9n con el<a href=\"https:\/\/www.km77.com\/01\/peugeot\/208\/2015\/informacion-y-precios-317619-p.html\" target=\"_blank\" rel=\"noopener\"> Peugeot 208<\/a> que tras la ligera actualizaci\u00f3n est\u00e1 a la venta desde 10 346 \u20ac.<br \/>\nEl relevo, como veh\u00edculo menos costoso en el mercado espa\u00f1ol, lo toma el <a href=\"https:\/\/www.km77.com\/00\/ford\/ka\/t01.asp\" target=\"_blank\" rel=\"noopener\">Ford Ka<\/a> un turismo que habitualmente estaba siempre entre los tres m\u00e1s baratos del mercado y que pr\u00f3ximamente ser\u00e1 sustituido. Precisamente el <a href=\"https:\/\/www.km77.com\/01\/ford\/ka-\/2016\/informacion-fotos-325935-p.html\" target=\"_blank\" rel=\"noopener\">Ka+<\/a> es la \u00fanica novedad en la lista, cuesta 9900 \u20ac. Todas las versiones tienen motor de gasolina.<\/p>\n<table border=\"0\" width=\"590\">\n<tbody>\n<tr>\n<td style=\"text-align: left;\" width=\"140\"><em><strong>MODELO<\/strong><\/em><\/td>\n<td style=\"text-align: left;\" width=\"90\"><em><strong>ACABADO<\/strong><\/em><\/td>\n<td style=\"text-align: left;\" width=\"90\"><em><strong>MOTOR<\/strong><\/em><\/td>\n<td style=\"text-align: left;\" width=\"105\"><em><strong>CONSUMO<\/strong><\/em><\/td>\n<td style=\"text-align: left;\" width=\"80\"><em><strong>IMP.MAT<\/strong><\/em><\/td>\n<td style=\"text-align: left;\" width=\"85\"><em><strong>PRECIO<\/strong><\/em><\/td>\n<\/tr>\n<tr>\n<td style=\"text-align: left;\"><a href=\"https:\/\/www.km77.com\/precios\/ford\/ka\/2009\/ka-trend-120-duratec3\" target=\"_blank\" rel=\"noopener\">Ford Ka<\/a><\/td>\n<td>Trend+<\/td>\n<td>1.20 69 CV<\/td>\n<td>4,9 l\/100 km<\/td>\n<td>0,00 %<\/td>\n<td>7890 \u20ac<\/td>\n<\/tr>\n<tr>\n<td style=\"text-align: left;\"><a href=\"https:\/\/www.km77.com\/precios\/suzuki\/celerio\/2015\/celerio-10-gl\" target=\"_blank\" rel=\"noopener\">Suzuki Celerio<\/a><\/td>\n<td>GA<\/td>\n<td>1.0 68 CV<\/td>\n<td>4,3 l\/100 km<\/td>\n<td>0,00 %<\/td>\n<td>8390 \u20ac<\/td>\n<\/tr>\n<tr>\n<td style=\"text-align: left;\"><a href=\"https:\/\/www.km77.com\/precios\/dacia\/sandero\/2013\/sandero-base-12-75-cv\" target=\"_blank\" rel=\"noopener\">Dacia Sandero<\/a><\/td>\n<td>Base<\/td>\n<td>1.2 75 CV<\/td>\n<td>5,8 l\/100 km<\/td>\n<td>4,75 %<\/td>\n<td>8430 \u20ac<\/td>\n<\/tr>\n<tr>\n<td style=\"text-align: left;\"><a href=\"https:\/\/www.km77.com\/precios\/fiat\/panda\/2012\/panda-pop-12-69-cv2\" target=\"_blank\" rel=\"noopener\">Fiat Panda<\/a><\/td>\n<td>Pop<\/td>\n<td>1.2 69 CV<\/td>\n<td>5,2 l\/100 km<\/td>\n<td>4,75 %<\/td>\n<td>9050 \u20ac<\/td>\n<\/tr>\n<tr>\n<td style=\"text-align: left;\"><a href=\"https:\/\/www.km77.com\/precios\/dacia\/logan\/2013\/logan-ambiance-12-75-cv\" target=\"_blank\" rel=\"noopener\">Dacia Logan<\/a><\/td>\n<td>Ambiance<\/td>\n<td>1.2 75 CV<\/td>\n<td>5,8 l\/100 km<\/td>\n<td>4,75 %<\/td>\n<td>9180 \u20ac<\/td>\n<\/tr>\n<tr>\n<td style=\"text-align: left;\"><a href=\"https:\/\/www.km77.com\/precios\/suzuki\/celerio\/2015\/celerio-10-gl\" target=\"_blank\" rel=\"noopener\">Suzuki Celerio<\/a><\/td>\n<td>GL<\/td>\n<td>1.0 68 CV<\/td>\n<td>4,3 l\/100 km<\/td>\n<td>0,00 %<\/td>\n<td>9190 \u20ac<\/td>\n<\/tr>\n<tr>\n<td style=\"text-align: left;\"><a href=\"https:\/\/www.km77.com\/precios\/dacia\/sandero\/2013\/sandero-ambiance-12-75-cv\" target=\"_blank\" rel=\"noopener\">Dacia Sandero<\/a><\/td>\n<td>Ambiance<\/td>\n<td>1.2 75 CV<\/td>\n<td>5,8 l\/100 km<\/td>\n<td>4,75 %<\/td>\n<td>9230 \u20ac<\/td>\n<\/tr>\n<tr>\n<td style=\"text-align: left;\"><a href=\"https:\/\/www.km77.com\/precios\/ford\/ka\/2009\/ka-titanium-120-duratec4\" target=\"_blank\" rel=\"noopener\">Ford KA<\/a><\/td>\n<td>Titanium+<\/td>\n<td>1.20 69 CV<\/td>\n<td>4,9 l\/100 km<\/td>\n<td>0,00 %<\/td>\n<td>9390 \u20ac<\/td>\n<\/tr>\n<tr>\n<td style=\"text-align: left;\"><a href=\"https:\/\/www.km77.com\/precios\/opel\/karl\/2015\/karl-2016\" target=\"_blank\" rel=\"noopener\">Opel KARL<\/a><\/td>\n<td>Selective<\/td>\n<td>1.0 75 CV<\/td>\n<td>4,5 l\/100 km<\/td>\n<td>0,00 %<\/td>\n<td>9637 \u20ac<\/td>\n<\/tr>\n<tr>\n<td style=\"text-align: left;\"><a href=\"https:\/\/www.km77.com\/precios\/dacia\/sandero\/2013\/sandero-sl-eficacia-12-75-cv\" target=\"_blank\" rel=\"noopener\">Dacia Sandero<\/a><\/td>\n<td>Eficacia<\/td>\n<td>1.2 75 CV<\/td>\n<td>5,8 l\/100 km<\/td>\n<td>4,75 %<\/td>\n<td>9680 \u20ac<\/td>\n<\/tr>\n<tr>\n<td style=\"text-align: left;\"><a href=\"https:\/\/www.km77.com\/precios\/kia\/rio\/2015\/rio-2015-3p\" target=\"_blank\" rel=\"noopener\">KIA Rio 3p<\/a><\/td>\n<td>Basic<\/td>\n<td>1.2 84 CV<\/td>\n<td>5,0 l\/100 km<\/td>\n<td>0,00 %<\/td>\n<td>9782 \u20ac<\/td>\n<\/tr>\n<tr>\n<td style=\"text-align: left;\"><a href=\"https:\/\/www.km77.com\/precios\/dacia\/sandero\/2013\/sandero-laureate-12-75-cv\" target=\"_blank\" rel=\"noopener\">Dacia Sandero<\/a><\/td>\n<td>Laureate<\/td>\n<td>1.2 75 CV<\/td>\n<td>5,8 l\/100 km<\/td>\n<td>4,75 %<\/td>\n<td>9830 \u20ac<\/td>\n<\/tr>\n<tr>\n<td style=\"text-align: left;\"><a href=\"https:\/\/www.km77.com\/precios\/ford\/ka2\/2016\/ka-12-ti-vct-70-cv\" target=\"_blank\" rel=\"noopener\">Ford KA+<\/a><\/td>\n<td>Essential<\/td>\n<td>1.19 70 CV<\/td>\n<td>5,0 l\/100 km<\/td>\n<td>0,00 %<\/td>\n<td>9900 \u20ac<\/td>\n<\/tr>\n<tr>\n<td style=\"text-align: left;\"><a href=\"https:\/\/www.km77.com\/precios\/dacia\/dokker\/2013\/dokker-base-16-100\" target=\"_blank\" rel=\"noopener\">Dacia Dokker<\/a><\/td>\n<td>Laureate<\/td>\n<td>1.6 100 CV<\/td>\n<td>6,2 l\/100 km<\/td>\n<td>4,75 %<\/td>\n<td>9902 \u20ac<\/td>\n<\/tr>\n<tr>\n<td style=\"text-align: left;\"><a href=\"https:\/\/www.km77.com\/precios\/seat\/mii\/2012\/mii-3p-10-60-cv-reference\" target=\"_blank\" rel=\"noopener\">SEAT Mii 3p<\/a><\/td>\n<td>Reference<\/td>\n<td>1.0 60 CV<\/td>\n<td>4,5 l\/100 km<\/td>\n<td>0,00 %<\/td>\n<td>9940 \u20ac<\/td>\n<\/tr>\n<tr>\n<td style=\"text-align: left;\"><a href=\"https:\/\/www.km77.com\/precios\/hyundai\/i10\/2014\/i10-10-mpi-66-cv-bluedrive-eco-klass\" target=\"_blank\" rel=\"noopener\">Hyundai i10<\/a><\/td>\n<td>Klass<\/td>\n<td>1.0 66 CV<\/td>\n<td>4,3 l\/100 km<\/td>\n<td>0,00 %<\/td>\n<td>9947 \u20ac<\/td>\n<\/tr>\n<\/tbody>\n<\/table>\n<p>En el precio que mostramos est\u00e1n incluidos los descuentos oficiales. Algunos de los modelos de esta tabla pueden acogerse al Plan PIVE8 si cumplen los requisitos necesarios (<a href=\"https:\/\/www.km77.com\/revista\/engendro-mecanico\/\/en-marcha-el-plan-pive-8\/\" target=\"_blank\" rel=\"noopener\">m\u00e1s informaci\u00f3n<\/a>).<br \/>\n<img decoding=\"async\" class=\"wp-image-29483 aligncenter\" src=\"https:\/\/www.km77.com\/revista\/wp-content\/uploads\/2016\/02\/turismos-km77com-4.jpg\" alt=\"turismos-km77com-4\" width=\"700\" height=\"467\" \/><br \/>\n<strong>Precio del seguro:<\/strong><br \/>\nAdem\u00e1s de ser unos coches asequibles, <strong>asegurarlos tambi\u00e9n cuesta poco dinero<\/strong>. Por ejemplo, hemos calculado cu\u00e1nto cuesta asegurar <strong>a todo riesgo sin franquicia<\/strong> un Celerio con el nivel de equipamiento m\u00e1s alto (GLX).\u00a0En este ejemplo, el tomador es una mujer de 27 a\u00f1os, residente en Alicante, que recorre unos 15 000 km al a\u00f1o y aparca en la calle. Seg\u00fan nuestro\u00a0 <a href=\"http:\/\/comparativa-seguros.km77.com\/\" target=\"_blank\" rel=\"nofollow noopener\">comparador de seguros de km77.com<\/a> el coste m\u00ednimo es de 440 euros. Es una p\u00f3liza de la compa\u00f1\u00eda <a href=\"https:\/\/www.km77.com\/seguros-coche\/balumba-seguros.html\" target=\"_blank\" rel=\"noopener\">Balumba<\/a> con una calidad normal (5,8 puntos) y una relaci\u00f3n entre calidad y precio buena (7,55 puntos).<br \/>\n<span class=\"gllr_code\">\u00a0<\/span><\/p>\n","protected":false},"excerpt":{"rendered":"<p>(Actualizaci\u00f3n de la lista: julio 2016) Una vez m\u00e1s, actualizamos el listado con los veh\u00edculos que tienen un menor precio de venta al p\u00fablico. Durante los pr\u00f3ximos d\u00edas tambi\u00e9n realizaremos la actualizaci\u00f3n de los listados con los modelos Diesel (ver listado actualizado), con los de gasolina (ver listado actualizado) e h\u00edbridos que menos consumen. A [&hellip;]<\/p>\n","protected":false},"author":62,"featured_media":29481,"comment_status":"open","ping_status":"closed","sticky":false,"template":"","format":"standard","meta":{"_et_pb_use_builder":"","_et_pb_old_content":"","_et_gb_content_width":"","footnotes":""},"categories":[3912],"tags":[88,479,7410,101,5456,7411,3853,22,7412,1748,4850,4729,5459,7801,3854,2731,5587,2967,4141],"class_list":["post-27533","post","type-post","status-publish","format-standard","has-post-thumbnail","hentry","category-engendro-mecanico","tag-aygo","tag-bajo-consumo","tag-celerio","tag-chevrolet","tag-citigo","tag-coches-baratos","tag-dacia","tag-general","tag-indica","tag-km77","tag-logan","tag-matiz","tag-mii","tag-noticias","tag-sandero","tag-seat","tag-tata","tag-toyota","tag-ventas-coches-nuevos"],"yoast_head":"<!-- This site is optimized with the Yoast SEO plugin v27.5 - https:\/\/yoast.com\/product\/yoast-seo-wordpress\/ -->\n<title>\u00bfCu\u00e1les son los coches m\u00e1s baratos del mercado? Aqu\u00ed est\u00e1 la respuesta. - Revista km77<\/title>\n<meta name=\"robots\" content=\"index, follow, max-snippet:-1, max-image-preview:large, max-video-preview:-1\" \/>\n<link rel=\"canonical\" href=\"https:\/\/www.km77.com\/revista\/engendro-mecanico\/cuales-son-los-coches-mas-baratos-del-mercado-aqui-esta-la-respuesta\/\" \/>\n<meta property=\"og:locale\" content=\"es_ES\" \/>\n<meta property=\"og:type\" content=\"article\" \/>\n<meta property=\"og:title\" content=\"\u00bfCu\u00e1les son los coches m\u00e1s baratos del mercado? Aqu\u00ed est\u00e1 la respuesta. - Revista km77\" \/>\n<meta property=\"og:description\" content=\"(Actualizaci\u00f3n de la lista: julio 2016) Una vez m\u00e1s, actualizamos el listado con los veh\u00edculos que tienen un menor precio de venta al p\u00fablico. Durante los pr\u00f3ximos d\u00edas tambi\u00e9n realizaremos la actualizaci\u00f3n de los listados con los modelos Diesel (ver listado actualizado), con los de gasolina (ver listado actualizado) e h\u00edbridos que menos consumen. A [&hellip;]\" \/>\n<meta property=\"og:url\" content=\"https:\/\/www.km77.com\/revista\/engendro-mecanico\/cuales-son-los-coches-mas-baratos-del-mercado-aqui-esta-la-respuesta\/\" \/>\n<meta property=\"og:site_name\" content=\"Revista km77\" \/>\n<meta property=\"article:published_time\" content=\"2016-07-04T18:25:16+00:00\" \/>\n<meta property=\"article:modified_time\" content=\"2021-03-31T17:52:35+00:00\" \/>\n<meta property=\"og:image\" content=\"https:\/\/www.km77.com\/revista\/wp-content\/uploads\/2016\/07\/turismos-km77com-1.jpg\" \/>\n\t<meta property=\"og:image:width\" content=\"1200\" \/>\n\t<meta property=\"og:image:height\" content=\"800\" \/>\n\t<meta property=\"og:image:type\" content=\"image\/jpeg\" \/>\n<meta name=\"author\" content=\"Loren Serrano (@EnzoNurburg)\" \/>\n<meta name=\"twitter:card\" content=\"summary_large_image\" \/>\n<meta name=\"twitter:label1\" content=\"Escrito por\" \/>\n\t<meta name=\"twitter:data1\" content=\"Loren Serrano (@EnzoNurburg)\" \/>\n\t<meta name=\"twitter:label2\" content=\"Tiempo de lectura\" \/>\n\t<meta name=\"twitter:data2\" content=\"3 minutos\" \/>\n<script type=\"application\/ld+json\" class=\"yoast-schema-graph\">{\"@context\":\"https:\\\/\\\/schema.org\",\"@graph\":[{\"@type\":\"Article\",\"@id\":\"https:\\\/\\\/www.km77.com\\\/revista\\\/engendro-mecanico\\\/cuales-son-los-coches-mas-baratos-del-mercado-aqui-esta-la-respuesta\\\/#article\",\"isPartOf\":{\"@id\":\"https:\\\/\\\/www.km77.com\\\/revista\\\/engendro-mecanico\\\/cuales-son-los-coches-mas-baratos-del-mercado-aqui-esta-la-respuesta\\\/\"},\"author\":{\"name\":\"Loren Serrano (@EnzoNurburg)\",\"@id\":\"https:\\\/\\\/www.km77.com\\\/revista\\\/#\\\/schema\\\/person\\\/d3c1bc483e384e2b2360fa1851eefbc5\"},\"headline\":\"\u00bfCu\u00e1les son los coches m\u00e1s baratos del mercado? Aqu\u00ed est\u00e1 la respuesta.\",\"datePublished\":\"2016-07-04T18:25:16+00:00\",\"dateModified\":\"2021-03-31T17:52:35+00:00\",\"mainEntityOfPage\":{\"@id\":\"https:\\\/\\\/www.km77.com\\\/revista\\\/engendro-mecanico\\\/cuales-son-los-coches-mas-baratos-del-mercado-aqui-esta-la-respuesta\\\/\"},\"wordCount\":558,\"commentCount\":47,\"publisher\":{\"@id\":\"https:\\\/\\\/www.km77.com\\\/revista\\\/#organization\"},\"image\":{\"@id\":\"https:\\\/\\\/www.km77.com\\\/revista\\\/engendro-mecanico\\\/cuales-son-los-coches-mas-baratos-del-mercado-aqui-esta-la-respuesta\\\/#primaryimage\"},\"thumbnailUrl\":\"https:\\\/\\\/www.km77.com\\\/revista\\\/wp-content\\\/uploads\\\/2016\\\/07\\\/turismos-km77com-1.jpg\",\"keywords\":[\"Aygo\",\"bajo consumo\",\"Celerio\",\"Chevrolet\",\"Citigo\",\"coches baratos\",\"Dacia\",\"General\",\"Indica\",\"KM77\",\"Logan\",\"Matiz\",\"Mii\",\"Noticias\",\"Sandero\",\"Seat\",\"TATA\",\"Toyota\",\"Ventas coches nuevos\"],\"articleSection\":[\"Engendro Mec\u00e1nico\"],\"inLanguage\":\"es\",\"potentialAction\":[{\"@type\":\"CommentAction\",\"name\":\"Comment\",\"target\":[\"https:\\\/\\\/www.km77.com\\\/revista\\\/engendro-mecanico\\\/cuales-son-los-coches-mas-baratos-del-mercado-aqui-esta-la-respuesta\\\/#respond\"]}]},{\"@type\":\"WebPage\",\"@id\":\"https:\\\/\\\/www.km77.com\\\/revista\\\/engendro-mecanico\\\/cuales-son-los-coches-mas-baratos-del-mercado-aqui-esta-la-respuesta\\\/\",\"url\":\"https:\\\/\\\/www.km77.com\\\/revista\\\/engendro-mecanico\\\/cuales-son-los-coches-mas-baratos-del-mercado-aqui-esta-la-respuesta\\\/\",\"name\":\"\u00bfCu\u00e1les son los coches m\u00e1s baratos del mercado? Aqu\u00ed est\u00e1 la respuesta. - Revista km77\",\"isPartOf\":{\"@id\":\"https:\\\/\\\/www.km77.com\\\/revista\\\/#website\"},\"primaryImageOfPage\":{\"@id\":\"https:\\\/\\\/www.km77.com\\\/revista\\\/engendro-mecanico\\\/cuales-son-los-coches-mas-baratos-del-mercado-aqui-esta-la-respuesta\\\/#primaryimage\"},\"image\":{\"@id\":\"https:\\\/\\\/www.km77.com\\\/revista\\\/engendro-mecanico\\\/cuales-son-los-coches-mas-baratos-del-mercado-aqui-esta-la-respuesta\\\/#primaryimage\"},\"thumbnailUrl\":\"https:\\\/\\\/www.km77.com\\\/revista\\\/wp-content\\\/uploads\\\/2016\\\/07\\\/turismos-km77com-1.jpg\",\"datePublished\":\"2016-07-04T18:25:16+00:00\",\"dateModified\":\"2021-03-31T17:52:35+00:00\",\"breadcrumb\":{\"@id\":\"https:\\\/\\\/www.km77.com\\\/revista\\\/engendro-mecanico\\\/cuales-son-los-coches-mas-baratos-del-mercado-aqui-esta-la-respuesta\\\/#breadcrumb\"},\"inLanguage\":\"es\",\"potentialAction\":[{\"@type\":\"ReadAction\",\"target\":[\"https:\\\/\\\/www.km77.com\\\/revista\\\/engendro-mecanico\\\/cuales-son-los-coches-mas-baratos-del-mercado-aqui-esta-la-respuesta\\\/\"]}]},{\"@type\":\"ImageObject\",\"inLanguage\":\"es\",\"@id\":\"https:\\\/\\\/www.km77.com\\\/revista\\\/engendro-mecanico\\\/cuales-son-los-coches-mas-baratos-del-mercado-aqui-esta-la-respuesta\\\/#primaryimage\",\"url\":\"https:\\\/\\\/www.km77.com\\\/revista\\\/wp-content\\\/uploads\\\/2016\\\/07\\\/turismos-km77com-1.jpg\",\"contentUrl\":\"https:\\\/\\\/www.km77.com\\\/revista\\\/wp-content\\\/uploads\\\/2016\\\/07\\\/turismos-km77com-1.jpg\",\"width\":1200,\"height\":800},{\"@type\":\"BreadcrumbList\",\"@id\":\"https:\\\/\\\/www.km77.com\\\/revista\\\/engendro-mecanico\\\/cuales-son-los-coches-mas-baratos-del-mercado-aqui-esta-la-respuesta\\\/#breadcrumb\",\"itemListElement\":[{\"@type\":\"ListItem\",\"position\":1,\"name\":\"Revista km77\",\"item\":\"https:\\\/\\\/www.km77.com\\\/revista\\\/\"},{\"@type\":\"ListItem\",\"position\":2,\"name\":\"Engendro Mec\u00e1nico\",\"item\":\"https:\\\/\\\/www.km77.com\\\/revista\\\/engendro-mecanico\\\/\"},{\"@type\":\"ListItem\",\"position\":3,\"name\":\"\u00bfCu\u00e1les son los coches m\u00e1s baratos del mercado? Aqu\u00ed est\u00e1 la respuesta.\"}]},{\"@type\":\"WebSite\",\"@id\":\"https:\\\/\\\/www.km77.com\\\/revista\\\/#website\",\"url\":\"https:\\\/\\\/www.km77.com\\\/revista\\\/\",\"name\":\"Revista km77\",\"description\":\"Revista de km77\",\"publisher\":{\"@id\":\"https:\\\/\\\/www.km77.com\\\/revista\\\/#organization\"},\"potentialAction\":[{\"@type\":\"SearchAction\",\"target\":{\"@type\":\"EntryPoint\",\"urlTemplate\":\"https:\\\/\\\/www.km77.com\\\/revista\\\/?s={search_term_string}\"},\"query-input\":{\"@type\":\"PropertyValueSpecification\",\"valueRequired\":true,\"valueName\":\"search_term_string\"}}],\"inLanguage\":\"es\"},{\"@type\":\"Organization\",\"@id\":\"https:\\\/\\\/www.km77.com\\\/revista\\\/#organization\",\"name\":\"KM77\",\"url\":\"https:\\\/\\\/www.km77.com\\\/revista\\\/\",\"logo\":{\"@type\":\"ImageObject\",\"inLanguage\":\"es\",\"@id\":\"https:\\\/\\\/www.km77.com\\\/revista\\\/#\\\/schema\\\/logo\\\/image\\\/\",\"url\":\"https:\\\/\\\/www.km77.com\\\/revista\\\/wp-content\\\/uploads\\\/2021\\\/02\\\/logo-km77.png\",\"contentUrl\":\"https:\\\/\\\/www.km77.com\\\/revista\\\/wp-content\\\/uploads\\\/2021\\\/02\\\/logo-km77.png\",\"width\":100,\"height\":34,\"caption\":\"KM77\"},\"image\":{\"@id\":\"https:\\\/\\\/www.km77.com\\\/revista\\\/#\\\/schema\\\/logo\\\/image\\\/\"}},{\"@type\":\"Person\",\"@id\":\"https:\\\/\\\/www.km77.com\\\/revista\\\/#\\\/schema\\\/person\\\/d3c1bc483e384e2b2360fa1851eefbc5\",\"name\":\"Loren Serrano (@EnzoNurburg)\",\"image\":{\"@type\":\"ImageObject\",\"inLanguage\":\"es\",\"@id\":\"https:\\\/\\\/secure.gravatar.com\\\/avatar\\\/97a404168206b85c6f86ca89682724291cda73b780eb640de54a3d93f76ec500?s=96&d=mm&r=g\",\"url\":\"https:\\\/\\\/secure.gravatar.com\\\/avatar\\\/97a404168206b85c6f86ca89682724291cda73b780eb640de54a3d93f76ec500?s=96&d=mm&r=g\",\"contentUrl\":\"https:\\\/\\\/secure.gravatar.com\\\/avatar\\\/97a404168206b85c6f86ca89682724291cda73b780eb640de54a3d93f76ec500?s=96&d=mm&r=g\",\"caption\":\"Loren Serrano (@EnzoNurburg)\"},\"url\":\"https:\\\/\\\/www.km77.com\\\/revista\\\/author\\\/lorenzoserrano\\\/\"}]}<\/script>\n<!-- \/ Yoast SEO plugin. -->","yoast_head_json":{"title":"\u00bfCu\u00e1les son los coches m\u00e1s baratos del mercado? Aqu\u00ed est\u00e1 la respuesta. - Revista km77","robots":{"index":"index","follow":"follow","max-snippet":"max-snippet:-1","max-image-preview":"max-image-preview:large","max-video-preview":"max-video-preview:-1"},"canonical":"https:\/\/www.km77.com\/revista\/engendro-mecanico\/cuales-son-los-coches-mas-baratos-del-mercado-aqui-esta-la-respuesta\/","og_locale":"es_ES","og_type":"article","og_title":"\u00bfCu\u00e1les son los coches m\u00e1s baratos del mercado? Aqu\u00ed est\u00e1 la respuesta. - Revista km77","og_description":"(Actualizaci\u00f3n de la lista: julio 2016) Una vez m\u00e1s, actualizamos el listado con los veh\u00edculos que tienen un menor precio de venta al p\u00fablico. Durante los pr\u00f3ximos d\u00edas tambi\u00e9n realizaremos la actualizaci\u00f3n de los listados con los modelos Diesel (ver listado actualizado), con los de gasolina (ver listado actualizado) e h\u00edbridos que menos consumen. A [&hellip;]","og_url":"https:\/\/www.km77.com\/revista\/engendro-mecanico\/cuales-son-los-coches-mas-baratos-del-mercado-aqui-esta-la-respuesta\/","og_site_name":"Revista km77","article_published_time":"2016-07-04T18:25:16+00:00","article_modified_time":"2021-03-31T17:52:35+00:00","og_image":[{"width":1200,"height":800,"url":"https:\/\/www.km77.com\/revista\/wp-content\/uploads\/2016\/07\/turismos-km77com-1.jpg","type":"image\/jpeg"}],"author":"Loren Serrano (@EnzoNurburg)","twitter_card":"summary_large_image","twitter_misc":{"Escrito por":"Loren Serrano (@EnzoNurburg)","Tiempo de lectura":"3 minutos"},"schema":{"@context":"https:\/\/schema.org","@graph":[{"@type":"Article","@id":"https:\/\/www.km77.com\/revista\/engendro-mecanico\/cuales-son-los-coches-mas-baratos-del-mercado-aqui-esta-la-respuesta\/#article","isPartOf":{"@id":"https:\/\/www.km77.com\/revista\/engendro-mecanico\/cuales-son-los-coches-mas-baratos-del-mercado-aqui-esta-la-respuesta\/"},"author":{"name":"Loren Serrano (@EnzoNurburg)","@id":"https:\/\/www.km77.com\/revista\/#\/schema\/person\/d3c1bc483e384e2b2360fa1851eefbc5"},"headline":"\u00bfCu\u00e1les son los coches m\u00e1s baratos del mercado? Aqu\u00ed est\u00e1 la respuesta.","datePublished":"2016-07-04T18:25:16+00:00","dateModified":"2021-03-31T17:52:35+00:00","mainEntityOfPage":{"@id":"https:\/\/www.km77.com\/revista\/engendro-mecanico\/cuales-son-los-coches-mas-baratos-del-mercado-aqui-esta-la-respuesta\/"},"wordCount":558,"commentCount":47,"publisher":{"@id":"https:\/\/www.km77.com\/revista\/#organization"},"image":{"@id":"https:\/\/www.km77.com\/revista\/engendro-mecanico\/cuales-son-los-coches-mas-baratos-del-mercado-aqui-esta-la-respuesta\/#primaryimage"},"thumbnailUrl":"https:\/\/www.km77.com\/revista\/wp-content\/uploads\/2016\/07\/turismos-km77com-1.jpg","keywords":["Aygo","bajo consumo","Celerio","Chevrolet","Citigo","coches baratos","Dacia","General","Indica","KM77","Logan","Matiz","Mii","Noticias","Sandero","Seat","TATA","Toyota","Ventas coches nuevos"],"articleSection":["Engendro Mec\u00e1nico"],"inLanguage":"es","potentialAction":[{"@type":"CommentAction","name":"Comment","target":["https:\/\/www.km77.com\/revista\/engendro-mecanico\/cuales-son-los-coches-mas-baratos-del-mercado-aqui-esta-la-respuesta\/#respond"]}]},{"@type":"WebPage","@id":"https:\/\/www.km77.com\/revista\/engendro-mecanico\/cuales-son-los-coches-mas-baratos-del-mercado-aqui-esta-la-respuesta\/","url":"https:\/\/www.km77.com\/revista\/engendro-mecanico\/cuales-son-los-coches-mas-baratos-del-mercado-aqui-esta-la-respuesta\/","name":"\u00bfCu\u00e1les son los coches m\u00e1s baratos del mercado? Aqu\u00ed est\u00e1 la respuesta. - Revista km77","isPartOf":{"@id":"https:\/\/www.km77.com\/revista\/#website"},"primaryImageOfPage":{"@id":"https:\/\/www.km77.com\/revista\/engendro-mecanico\/cuales-son-los-coches-mas-baratos-del-mercado-aqui-esta-la-respuesta\/#primaryimage"},"image":{"@id":"https:\/\/www.km77.com\/revista\/engendro-mecanico\/cuales-son-los-coches-mas-baratos-del-mercado-aqui-esta-la-respuesta\/#primaryimage"},"thumbnailUrl":"https:\/\/www.km77.com\/revista\/wp-content\/uploads\/2016\/07\/turismos-km77com-1.jpg","datePublished":"2016-07-04T18:25:16+00:00","dateModified":"2021-03-31T17:52:35+00:00","breadcrumb":{"@id":"https:\/\/www.km77.com\/revista\/engendro-mecanico\/cuales-son-los-coches-mas-baratos-del-mercado-aqui-esta-la-respuesta\/#breadcrumb"},"inLanguage":"es","potentialAction":[{"@type":"ReadAction","target":["https:\/\/www.km77.com\/revista\/engendro-mecanico\/cuales-son-los-coches-mas-baratos-del-mercado-aqui-esta-la-respuesta\/"]}]},{"@type":"ImageObject","inLanguage":"es","@id":"https:\/\/www.km77.com\/revista\/engendro-mecanico\/cuales-son-los-coches-mas-baratos-del-mercado-aqui-esta-la-respuesta\/#primaryimage","url":"https:\/\/www.km77.com\/revista\/wp-content\/uploads\/2016\/07\/turismos-km77com-1.jpg","contentUrl":"https:\/\/www.km77.com\/revista\/wp-content\/uploads\/2016\/07\/turismos-km77com-1.jpg","width":1200,"height":800},{"@type":"BreadcrumbList","@id":"https:\/\/www.km77.com\/revista\/engendro-mecanico\/cuales-son-los-coches-mas-baratos-del-mercado-aqui-esta-la-respuesta\/#breadcrumb","itemListElement":[{"@type":"ListItem","position":1,"name":"Revista km77","item":"https:\/\/www.km77.com\/revista\/"},{"@type":"ListItem","position":2,"name":"Engendro Mec\u00e1nico","item":"https:\/\/www.km77.com\/revista\/engendro-mecanico\/"},{"@type":"ListItem","position":3,"name":"\u00bfCu\u00e1les son los coches m\u00e1s baratos del mercado? Aqu\u00ed est\u00e1 la respuesta."}]},{"@type":"WebSite","@id":"https:\/\/www.km77.com\/revista\/#website","url":"https:\/\/www.km77.com\/revista\/","name":"Revista km77","description":"Revista de km77","publisher":{"@id":"https:\/\/www.km77.com\/revista\/#organization"},"potentialAction":[{"@type":"SearchAction","target":{"@type":"EntryPoint","urlTemplate":"https:\/\/www.km77.com\/revista\/?s={search_term_string}"},"query-input":{"@type":"PropertyValueSpecification","valueRequired":true,"valueName":"search_term_string"}}],"inLanguage":"es"},{"@type":"Organization","@id":"https:\/\/www.km77.com\/revista\/#organization","name":"KM77","url":"https:\/\/www.km77.com\/revista\/","logo":{"@type":"ImageObject","inLanguage":"es","@id":"https:\/\/www.km77.com\/revista\/#\/schema\/logo\/image\/","url":"https:\/\/www.km77.com\/revista\/wp-content\/uploads\/2021\/02\/logo-km77.png","contentUrl":"https:\/\/www.km77.com\/revista\/wp-content\/uploads\/2021\/02\/logo-km77.png","width":100,"height":34,"caption":"KM77"},"image":{"@id":"https:\/\/www.km77.com\/revista\/#\/schema\/logo\/image\/"}},{"@type":"Person","@id":"https:\/\/www.km77.com\/revista\/#\/schema\/person\/d3c1bc483e384e2b2360fa1851eefbc5","name":"Loren Serrano (@EnzoNurburg)","image":{"@type":"ImageObject","inLanguage":"es","@id":"https:\/\/secure.gravatar.com\/avatar\/97a404168206b85c6f86ca89682724291cda73b780eb640de54a3d93f76ec500?s=96&d=mm&r=g","url":"https:\/\/secure.gravatar.com\/avatar\/97a404168206b85c6f86ca89682724291cda73b780eb640de54a3d93f76ec500?s=96&d=mm&r=g","contentUrl":"https:\/\/secure.gravatar.com\/avatar\/97a404168206b85c6f86ca89682724291cda73b780eb640de54a3d93f76ec500?s=96&d=mm&r=g","caption":"Loren Serrano (@EnzoNurburg)"},"url":"https:\/\/www.km77.com\/revista\/author\/lorenzoserrano\/"}]}},"amp_enabled":true,"_links":{"self":[{"href":"https:\/\/www.km77.com\/revista\/wp-json\/wp\/v2\/posts\/27533","targetHints":{"allow":["GET"]}}],"collection":[{"href":"https:\/\/www.km77.com\/revista\/wp-json\/wp\/v2\/posts"}],"about":[{"href":"https:\/\/www.km77.com\/revista\/wp-json\/wp\/v2\/types\/post"}],"author":[{"embeddable":true,"href":"https:\/\/www.km77.com\/revista\/wp-json\/wp\/v2\/users\/62"}],"replies":[{"embeddable":true,"href":"https:\/\/www.km77.com\/revista\/wp-json\/wp\/v2\/comments?post=27533"}],"version-history":[{"count":1,"href":"https:\/\/www.km77.com\/revista\/wp-json\/wp\/v2\/posts\/27533\/revisions"}],"predecessor-version":[{"id":41471,"href":"https:\/\/www.km77.com\/revista\/wp-json\/wp\/v2\/posts\/27533\/revisions\/41471"}],"wp:featuredmedia":[{"embeddable":true,"href":"https:\/\/www.km77.com\/revista\/wp-json\/wp\/v2\/media\/29481"}],"wp:attachment":[{"href":"https:\/\/www.km77.com\/revista\/wp-json\/wp\/v2\/media?parent=27533"}],"wp:term":[{"taxonomy":"category","embeddable":true,"href":"https:\/\/www.km77.com\/revista\/wp-json\/wp\/v2\/categories?post=27533"},{"taxonomy":"post_tag","embeddable":true,"href":"https:\/\/www.km77.com\/revista\/wp-json\/wp\/v2\/tags?post=27533"}],"curies":[{"name":"wp","href":"https:\/\/api.w.org\/{rel}","templated":true}]}}