{"id":27403,"date":"2010-04-05T18:00:28","date_gmt":"2010-04-05T16:00:28","guid":{"rendered":"http:\/\/blogs.km77.com\/engendromecanico\/?p=4818"},"modified":"2021-03-31T20:13:12","modified_gmt":"2021-03-31T18:13:12","slug":"asi-es-el-nuevo-kia-magentis","status":"publish","type":"post","link":"https:\/\/www.km77.com\/revista\/engendro-mecanico\/asi-es-el-nuevo-kia-magentis\/","title":{"rendered":"As\u00ed es el nuevo KIA Optima! En venta en 2011."},"content":{"rendered":"<p>KIA ha presentado el <strong>nuevo KIA Optima<\/strong> en el Sal\u00f3n del Autom\u00f3vil de Nueva York. Es un coche completamente nuevo con el que KIA <strong>reemplazar\u00e1 al Magentis<\/strong>. Estar\u00e1 en venta en Europa en <strong>primavera de 2011<\/strong>.<br \/>\nEn Espa\u00f1a, KIA dej\u00f3 de comercializar el Magentis a comienzos de 2009. En otros pa\u00edses europeos se sigue vendiendo con normalidad (<a href=\"https:\/\/www.km77.com\/00\/kia\/magentis\/2009\/t01.asp\" target=\"_blank\" rel=\"noopener\">informaci\u00f3n del actual Magentis<\/a>). Por el momento, KIA no ha confirmado si vender\u00e1 este nuevo modelo en Espa\u00f1a.<br \/>\nTiene un dise\u00f1o que recuerda al de otros modelos recientes de KIA, como el Sportage. El Optima compartir\u00e1 desarrollo con la futura nueva berlina de Hyundai, el i40.<br \/>\nMide 4,85 cm, es decir, es 5 cm m\u00e1s largo que el actual Magentis (4,80 m). La distancia entre ejes (2,79 m) tambi\u00e9n es 7 cm mayor.<br \/>\nEn Europa, podr\u00e1 elegirse con <strong>dos motores de gasolina (2.0 y 2.4) y uno Diesel (1.7 CRDi)<\/strong>, cuya potencia no ha sido comunicada.<br \/>\nEn otros mercados, habr\u00e1 un <strong>2.0 Turbo de 278 CV<\/strong> y una <strong>versi\u00f3n h\u00edbrida<\/strong> cuyo lanzamiento en Europa no est\u00e1 confirmado.<br \/>\nEntre los elementos de equipamiento que tendr\u00e1 se encuentran faros de xen\u00f3n, asientos delanteros y traseros ventilados y calefactados, acceso y arranque sin llave, recomendaci\u00f3n de cambio de marcha, techo panor\u00e1mico, navegador o llantas de aleaci\u00f3n de hasta 18\u201d.<br \/>\n\u00a0<br \/>\n<strong>Im\u00e1genes:<\/strong><\/p>\n<p style=\"text-align: center;\"><img decoding=\"async\" class=\"alignnone size-medium wp-image-5001\" title=\"KIA Optima\" src=\"https:\/\/www.km77.com\/revista\/wp-content\/files\/2010\/04\/engendro150310_kiamagentis3-300x200.jpg\" alt=\"KIA Optima\" width=\"300\" height=\"200\" \/><img decoding=\"async\" class=\"alignnone size-medium wp-image-5002\" title=\"KIA Optima\" src=\"https:\/\/www.km77.com\/revista\/wp-content\/files\/2010\/04\/engendro150310_kiamagentis4-300x200.jpg\" alt=\"KIA Optima\" width=\"300\" height=\"200\" \/><img decoding=\"async\" class=\"alignnone size-medium wp-image-4819\" title=\"KIA Optima\" src=\"https:\/\/www.km77.com\/revista\/wp-content\/files\/2010\/03\/engendro150310_kiamagentis1-300x200.jpg\" alt=\"KIA Magentis\" width=\"300\" height=\"200\" \/><img decoding=\"async\" class=\"alignnone size-medium wp-image-4820\" title=\"KIA Optima\" src=\"https:\/\/www.km77.com\/revista\/wp-content\/files\/2010\/03\/engendro150310_kiamagentis2-300x200.jpg\" alt=\"KIA Magentis\" width=\"300\" height=\"200\" \/><br \/>\n(clic en las fotos para ampliarlas)<\/p>\n","protected":false},"excerpt":{"rendered":"<p>KIA ha presentado el nuevo KIA Optima en el Sal\u00f3n del Autom\u00f3vil de Nueva York. Es un coche completamente nuevo con el que KIA reemplazar\u00e1 al Magentis. Estar\u00e1 en venta en Europa en primavera de 2011. En Espa\u00f1a, KIA dej\u00f3 de comercializar el Magentis a comienzos de 2009. En otros pa\u00edses europeos se sigue vendiendo [&hellip;]<\/p>\n","protected":false},"author":61,"featured_media":0,"comment_status":"open","ping_status":"closed","sticky":false,"template":"","format":"standard","meta":{"_et_pb_use_builder":"","_et_pb_old_content":"","_et_gb_content_width":"","footnotes":""},"categories":[3912],"tags":[1737,7864,4707,7798,41,4708],"class_list":["post-27403","post","type-post","status-publish","format-standard","hentry","category-engendro-mecanico","tag-kia","tag-kia-marcas","tag-magentis","tag-novedades","tag-optima","tag-salon-de-nueva-york"],"yoast_head":"<!-- This site is optimized with the Yoast SEO plugin v27.5 - https:\/\/yoast.com\/product\/yoast-seo-wordpress\/ -->\n<title>As\u00ed es el nuevo KIA Optima! En venta en 2011. - Revista km77<\/title>\n<meta name=\"robots\" content=\"index, follow, max-snippet:-1, max-image-preview:large, max-video-preview:-1\" \/>\n<link rel=\"canonical\" href=\"https:\/\/www.km77.com\/revista\/engendro-mecanico\/asi-es-el-nuevo-kia-magentis\/\" \/>\n<meta property=\"og:locale\" content=\"es_ES\" \/>\n<meta property=\"og:type\" content=\"article\" \/>\n<meta property=\"og:title\" content=\"As\u00ed es el nuevo KIA Optima! En venta en 2011. - Revista km77\" \/>\n<meta property=\"og:description\" content=\"KIA ha presentado el nuevo KIA Optima en el Sal\u00f3n del Autom\u00f3vil de Nueva York. Es un coche completamente nuevo con el que KIA reemplazar\u00e1 al Magentis. Estar\u00e1 en venta en Europa en primavera de 2011. En Espa\u00f1a, KIA dej\u00f3 de comercializar el Magentis a comienzos de 2009. En otros pa\u00edses europeos se sigue vendiendo [&hellip;]\" \/>\n<meta property=\"og:url\" content=\"https:\/\/www.km77.com\/revista\/engendro-mecanico\/asi-es-el-nuevo-kia-magentis\/\" \/>\n<meta property=\"og:site_name\" content=\"Revista km77\" \/>\n<meta property=\"article:published_time\" content=\"2010-04-05T16:00:28+00:00\" \/>\n<meta property=\"article:modified_time\" content=\"2021-03-31T18:13:12+00:00\" \/>\n<meta property=\"og:image\" content=\"https:\/\/www.km77.com\/revista\/wp-content\/files\/2010\/04\/engendro150310_kiamagentis3-300x200.jpg\" \/>\n<meta name=\"author\" content=\"Jose B.\" \/>\n<meta name=\"twitter:card\" content=\"summary_large_image\" \/>\n<meta name=\"twitter:label1\" content=\"Escrito por\" \/>\n\t<meta name=\"twitter:data1\" content=\"Jose B.\" \/>\n\t<meta name=\"twitter:label2\" content=\"Tiempo de lectura\" \/>\n\t<meta name=\"twitter:data2\" content=\"1 minuto\" \/>\n<script type=\"application\/ld+json\" class=\"yoast-schema-graph\">{\"@context\":\"https:\\\/\\\/schema.org\",\"@graph\":[{\"@type\":\"Article\",\"@id\":\"https:\\\/\\\/www.km77.com\\\/revista\\\/engendro-mecanico\\\/asi-es-el-nuevo-kia-magentis\\\/#article\",\"isPartOf\":{\"@id\":\"https:\\\/\\\/www.km77.com\\\/revista\\\/engendro-mecanico\\\/asi-es-el-nuevo-kia-magentis\\\/\"},\"author\":{\"name\":\"Jose B.\",\"@id\":\"https:\\\/\\\/www.km77.com\\\/revista\\\/#\\\/schema\\\/person\\\/12053b16b430aa76be628b78b0db40f1\"},\"headline\":\"As\u00ed es el nuevo KIA Optima! En venta en 2011.\",\"datePublished\":\"2010-04-05T16:00:28+00:00\",\"dateModified\":\"2021-03-31T18:13:12+00:00\",\"mainEntityOfPage\":{\"@id\":\"https:\\\/\\\/www.km77.com\\\/revista\\\/engendro-mecanico\\\/asi-es-el-nuevo-kia-magentis\\\/\"},\"wordCount\":232,\"commentCount\":11,\"publisher\":{\"@id\":\"https:\\\/\\\/www.km77.com\\\/revista\\\/#organization\"},\"image\":{\"@id\":\"https:\\\/\\\/www.km77.com\\\/revista\\\/engendro-mecanico\\\/asi-es-el-nuevo-kia-magentis\\\/#primaryimage\"},\"thumbnailUrl\":\"https:\\\/\\\/www.km77.com\\\/revista\\\/wp-content\\\/files\\\/2010\\\/04\\\/engendro150310_kiamagentis3-300x200.jpg\",\"keywords\":[\"Kia\",\"KIA\",\"Magentis\",\"Novedades\",\"Optima\",\"Sal\u00f3n de Nueva York\"],\"articleSection\":[\"Engendro Mec\u00e1nico\"],\"inLanguage\":\"es\",\"potentialAction\":[{\"@type\":\"CommentAction\",\"name\":\"Comment\",\"target\":[\"https:\\\/\\\/www.km77.com\\\/revista\\\/engendro-mecanico\\\/asi-es-el-nuevo-kia-magentis\\\/#respond\"]}]},{\"@type\":\"WebPage\",\"@id\":\"https:\\\/\\\/www.km77.com\\\/revista\\\/engendro-mecanico\\\/asi-es-el-nuevo-kia-magentis\\\/\",\"url\":\"https:\\\/\\\/www.km77.com\\\/revista\\\/engendro-mecanico\\\/asi-es-el-nuevo-kia-magentis\\\/\",\"name\":\"As\u00ed es el nuevo KIA Optima! En venta en 2011. - Revista km77\",\"isPartOf\":{\"@id\":\"https:\\\/\\\/www.km77.com\\\/revista\\\/#website\"},\"primaryImageOfPage\":{\"@id\":\"https:\\\/\\\/www.km77.com\\\/revista\\\/engendro-mecanico\\\/asi-es-el-nuevo-kia-magentis\\\/#primaryimage\"},\"image\":{\"@id\":\"https:\\\/\\\/www.km77.com\\\/revista\\\/engendro-mecanico\\\/asi-es-el-nuevo-kia-magentis\\\/#primaryimage\"},\"thumbnailUrl\":\"https:\\\/\\\/www.km77.com\\\/revista\\\/wp-content\\\/files\\\/2010\\\/04\\\/engendro150310_kiamagentis3-300x200.jpg\",\"datePublished\":\"2010-04-05T16:00:28+00:00\",\"dateModified\":\"2021-03-31T18:13:12+00:00\",\"breadcrumb\":{\"@id\":\"https:\\\/\\\/www.km77.com\\\/revista\\\/engendro-mecanico\\\/asi-es-el-nuevo-kia-magentis\\\/#breadcrumb\"},\"inLanguage\":\"es\",\"potentialAction\":[{\"@type\":\"ReadAction\",\"target\":[\"https:\\\/\\\/www.km77.com\\\/revista\\\/engendro-mecanico\\\/asi-es-el-nuevo-kia-magentis\\\/\"]}]},{\"@type\":\"ImageObject\",\"inLanguage\":\"es\",\"@id\":\"https:\\\/\\\/www.km77.com\\\/revista\\\/engendro-mecanico\\\/asi-es-el-nuevo-kia-magentis\\\/#primaryimage\",\"url\":\"https:\\\/\\\/www.km77.com\\\/revista\\\/wp-content\\\/files\\\/2010\\\/04\\\/engendro150310_kiamagentis3-300x200.jpg\",\"contentUrl\":\"https:\\\/\\\/www.km77.com\\\/revista\\\/wp-content\\\/files\\\/2010\\\/04\\\/engendro150310_kiamagentis3-300x200.jpg\"},{\"@type\":\"BreadcrumbList\",\"@id\":\"https:\\\/\\\/www.km77.com\\\/revista\\\/engendro-mecanico\\\/asi-es-el-nuevo-kia-magentis\\\/#breadcrumb\",\"itemListElement\":[{\"@type\":\"ListItem\",\"position\":1,\"name\":\"Revista km77\",\"item\":\"https:\\\/\\\/www.km77.com\\\/revista\\\/\"},{\"@type\":\"ListItem\",\"position\":2,\"name\":\"Engendro Mec\u00e1nico\",\"item\":\"https:\\\/\\\/www.km77.com\\\/revista\\\/engendro-mecanico\\\/\"},{\"@type\":\"ListItem\",\"position\":3,\"name\":\"As\u00ed es el nuevo KIA Optima! En venta en 2011.\"}]},{\"@type\":\"WebSite\",\"@id\":\"https:\\\/\\\/www.km77.com\\\/revista\\\/#website\",\"url\":\"https:\\\/\\\/www.km77.com\\\/revista\\\/\",\"name\":\"Revista km77\",\"description\":\"Revista de km77\",\"publisher\":{\"@id\":\"https:\\\/\\\/www.km77.com\\\/revista\\\/#organization\"},\"potentialAction\":[{\"@type\":\"SearchAction\",\"target\":{\"@type\":\"EntryPoint\",\"urlTemplate\":\"https:\\\/\\\/www.km77.com\\\/revista\\\/?s={search_term_string}\"},\"query-input\":{\"@type\":\"PropertyValueSpecification\",\"valueRequired\":true,\"valueName\":\"search_term_string\"}}],\"inLanguage\":\"es\"},{\"@type\":\"Organization\",\"@id\":\"https:\\\/\\\/www.km77.com\\\/revista\\\/#organization\",\"name\":\"KM77\",\"url\":\"https:\\\/\\\/www.km77.com\\\/revista\\\/\",\"logo\":{\"@type\":\"ImageObject\",\"inLanguage\":\"es\",\"@id\":\"https:\\\/\\\/www.km77.com\\\/revista\\\/#\\\/schema\\\/logo\\\/image\\\/\",\"url\":\"https:\\\/\\\/www.km77.com\\\/revista\\\/wp-content\\\/uploads\\\/2021\\\/02\\\/logo-km77.png\",\"contentUrl\":\"https:\\\/\\\/www.km77.com\\\/revista\\\/wp-content\\\/uploads\\\/2021\\\/02\\\/logo-km77.png\",\"width\":100,\"height\":34,\"caption\":\"KM77\"},\"image\":{\"@id\":\"https:\\\/\\\/www.km77.com\\\/revista\\\/#\\\/schema\\\/logo\\\/image\\\/\"}},{\"@type\":\"Person\",\"@id\":\"https:\\\/\\\/www.km77.com\\\/revista\\\/#\\\/schema\\\/person\\\/12053b16b430aa76be628b78b0db40f1\",\"name\":\"Jose B.\",\"image\":{\"@type\":\"ImageObject\",\"inLanguage\":\"es\",\"@id\":\"https:\\\/\\\/secure.gravatar.com\\\/avatar\\\/3cde1528de7c06feb63aa2ab147d6e1b077afba542246bdaf5d855893aa72732?s=96&d=mm&r=g\",\"url\":\"https:\\\/\\\/secure.gravatar.com\\\/avatar\\\/3cde1528de7c06feb63aa2ab147d6e1b077afba542246bdaf5d855893aa72732?s=96&d=mm&r=g\",\"contentUrl\":\"https:\\\/\\\/secure.gravatar.com\\\/avatar\\\/3cde1528de7c06feb63aa2ab147d6e1b077afba542246bdaf5d855893aa72732?s=96&d=mm&r=g\",\"caption\":\"Jose B.\"},\"url\":\"https:\\\/\\\/www.km77.com\\\/revista\\\/author\\\/joseb\\\/\"}]}<\/script>\n<!-- \/ Yoast SEO plugin. -->","yoast_head_json":{"title":"As\u00ed es el nuevo KIA Optima! En venta en 2011. - Revista km77","robots":{"index":"index","follow":"follow","max-snippet":"max-snippet:-1","max-image-preview":"max-image-preview:large","max-video-preview":"max-video-preview:-1"},"canonical":"https:\/\/www.km77.com\/revista\/engendro-mecanico\/asi-es-el-nuevo-kia-magentis\/","og_locale":"es_ES","og_type":"article","og_title":"As\u00ed es el nuevo KIA Optima! En venta en 2011. - Revista km77","og_description":"KIA ha presentado el nuevo KIA Optima en el Sal\u00f3n del Autom\u00f3vil de Nueva York. Es un coche completamente nuevo con el que KIA reemplazar\u00e1 al Magentis. Estar\u00e1 en venta en Europa en primavera de 2011. En Espa\u00f1a, KIA dej\u00f3 de comercializar el Magentis a comienzos de 2009. En otros pa\u00edses europeos se sigue vendiendo [&hellip;]","og_url":"https:\/\/www.km77.com\/revista\/engendro-mecanico\/asi-es-el-nuevo-kia-magentis\/","og_site_name":"Revista km77","article_published_time":"2010-04-05T16:00:28+00:00","article_modified_time":"2021-03-31T18:13:12+00:00","og_image":[{"url":"https:\/\/www.km77.com\/revista\/wp-content\/files\/2010\/04\/engendro150310_kiamagentis3-300x200.jpg","type":"","width":"","height":""}],"author":"Jose B.","twitter_card":"summary_large_image","twitter_misc":{"Escrito por":"Jose B.","Tiempo de lectura":"1 minuto"},"schema":{"@context":"https:\/\/schema.org","@graph":[{"@type":"Article","@id":"https:\/\/www.km77.com\/revista\/engendro-mecanico\/asi-es-el-nuevo-kia-magentis\/#article","isPartOf":{"@id":"https:\/\/www.km77.com\/revista\/engendro-mecanico\/asi-es-el-nuevo-kia-magentis\/"},"author":{"name":"Jose B.","@id":"https:\/\/www.km77.com\/revista\/#\/schema\/person\/12053b16b430aa76be628b78b0db40f1"},"headline":"As\u00ed es el nuevo KIA Optima! En venta en 2011.","datePublished":"2010-04-05T16:00:28+00:00","dateModified":"2021-03-31T18:13:12+00:00","mainEntityOfPage":{"@id":"https:\/\/www.km77.com\/revista\/engendro-mecanico\/asi-es-el-nuevo-kia-magentis\/"},"wordCount":232,"commentCount":11,"publisher":{"@id":"https:\/\/www.km77.com\/revista\/#organization"},"image":{"@id":"https:\/\/www.km77.com\/revista\/engendro-mecanico\/asi-es-el-nuevo-kia-magentis\/#primaryimage"},"thumbnailUrl":"https:\/\/www.km77.com\/revista\/wp-content\/files\/2010\/04\/engendro150310_kiamagentis3-300x200.jpg","keywords":["Kia","KIA","Magentis","Novedades","Optima","Sal\u00f3n de Nueva York"],"articleSection":["Engendro Mec\u00e1nico"],"inLanguage":"es","potentialAction":[{"@type":"CommentAction","name":"Comment","target":["https:\/\/www.km77.com\/revista\/engendro-mecanico\/asi-es-el-nuevo-kia-magentis\/#respond"]}]},{"@type":"WebPage","@id":"https:\/\/www.km77.com\/revista\/engendro-mecanico\/asi-es-el-nuevo-kia-magentis\/","url":"https:\/\/www.km77.com\/revista\/engendro-mecanico\/asi-es-el-nuevo-kia-magentis\/","name":"As\u00ed es el nuevo KIA Optima! En venta en 2011. - Revista km77","isPartOf":{"@id":"https:\/\/www.km77.com\/revista\/#website"},"primaryImageOfPage":{"@id":"https:\/\/www.km77.com\/revista\/engendro-mecanico\/asi-es-el-nuevo-kia-magentis\/#primaryimage"},"image":{"@id":"https:\/\/www.km77.com\/revista\/engendro-mecanico\/asi-es-el-nuevo-kia-magentis\/#primaryimage"},"thumbnailUrl":"https:\/\/www.km77.com\/revista\/wp-content\/files\/2010\/04\/engendro150310_kiamagentis3-300x200.jpg","datePublished":"2010-04-05T16:00:28+00:00","dateModified":"2021-03-31T18:13:12+00:00","breadcrumb":{"@id":"https:\/\/www.km77.com\/revista\/engendro-mecanico\/asi-es-el-nuevo-kia-magentis\/#breadcrumb"},"inLanguage":"es","potentialAction":[{"@type":"ReadAction","target":["https:\/\/www.km77.com\/revista\/engendro-mecanico\/asi-es-el-nuevo-kia-magentis\/"]}]},{"@type":"ImageObject","inLanguage":"es","@id":"https:\/\/www.km77.com\/revista\/engendro-mecanico\/asi-es-el-nuevo-kia-magentis\/#primaryimage","url":"https:\/\/www.km77.com\/revista\/wp-content\/files\/2010\/04\/engendro150310_kiamagentis3-300x200.jpg","contentUrl":"https:\/\/www.km77.com\/revista\/wp-content\/files\/2010\/04\/engendro150310_kiamagentis3-300x200.jpg"},{"@type":"BreadcrumbList","@id":"https:\/\/www.km77.com\/revista\/engendro-mecanico\/asi-es-el-nuevo-kia-magentis\/#breadcrumb","itemListElement":[{"@type":"ListItem","position":1,"name":"Revista km77","item":"https:\/\/www.km77.com\/revista\/"},{"@type":"ListItem","position":2,"name":"Engendro Mec\u00e1nico","item":"https:\/\/www.km77.com\/revista\/engendro-mecanico\/"},{"@type":"ListItem","position":3,"name":"As\u00ed es el nuevo KIA Optima! En venta en 2011."}]},{"@type":"WebSite","@id":"https:\/\/www.km77.com\/revista\/#website","url":"https:\/\/www.km77.com\/revista\/","name":"Revista km77","description":"Revista de km77","publisher":{"@id":"https:\/\/www.km77.com\/revista\/#organization"},"potentialAction":[{"@type":"SearchAction","target":{"@type":"EntryPoint","urlTemplate":"https:\/\/www.km77.com\/revista\/?s={search_term_string}"},"query-input":{"@type":"PropertyValueSpecification","valueRequired":true,"valueName":"search_term_string"}}],"inLanguage":"es"},{"@type":"Organization","@id":"https:\/\/www.km77.com\/revista\/#organization","name":"KM77","url":"https:\/\/www.km77.com\/revista\/","logo":{"@type":"ImageObject","inLanguage":"es","@id":"https:\/\/www.km77.com\/revista\/#\/schema\/logo\/image\/","url":"https:\/\/www.km77.com\/revista\/wp-content\/uploads\/2021\/02\/logo-km77.png","contentUrl":"https:\/\/www.km77.com\/revista\/wp-content\/uploads\/2021\/02\/logo-km77.png","width":100,"height":34,"caption":"KM77"},"image":{"@id":"https:\/\/www.km77.com\/revista\/#\/schema\/logo\/image\/"}},{"@type":"Person","@id":"https:\/\/www.km77.com\/revista\/#\/schema\/person\/12053b16b430aa76be628b78b0db40f1","name":"Jose B.","image":{"@type":"ImageObject","inLanguage":"es","@id":"https:\/\/secure.gravatar.com\/avatar\/3cde1528de7c06feb63aa2ab147d6e1b077afba542246bdaf5d855893aa72732?s=96&d=mm&r=g","url":"https:\/\/secure.gravatar.com\/avatar\/3cde1528de7c06feb63aa2ab147d6e1b077afba542246bdaf5d855893aa72732?s=96&d=mm&r=g","contentUrl":"https:\/\/secure.gravatar.com\/avatar\/3cde1528de7c06feb63aa2ab147d6e1b077afba542246bdaf5d855893aa72732?s=96&d=mm&r=g","caption":"Jose B."},"url":"https:\/\/www.km77.com\/revista\/author\/joseb\/"}]}},"amp_enabled":true,"_links":{"self":[{"href":"https:\/\/www.km77.com\/revista\/wp-json\/wp\/v2\/posts\/27403","targetHints":{"allow":["GET"]}}],"collection":[{"href":"https:\/\/www.km77.com\/revista\/wp-json\/wp\/v2\/posts"}],"about":[{"href":"https:\/\/www.km77.com\/revista\/wp-json\/wp\/v2\/types\/post"}],"author":[{"embeddable":true,"href":"https:\/\/www.km77.com\/revista\/wp-json\/wp\/v2\/users\/61"}],"replies":[{"embeddable":true,"href":"https:\/\/www.km77.com\/revista\/wp-json\/wp\/v2\/comments?post=27403"}],"version-history":[{"count":1,"href":"https:\/\/www.km77.com\/revista\/wp-json\/wp\/v2\/posts\/27403\/revisions"}],"predecessor-version":[{"id":44874,"href":"https:\/\/www.km77.com\/revista\/wp-json\/wp\/v2\/posts\/27403\/revisions\/44874"}],"wp:attachment":[{"href":"https:\/\/www.km77.com\/revista\/wp-json\/wp\/v2\/media?parent=27403"}],"wp:term":[{"taxonomy":"category","embeddable":true,"href":"https:\/\/www.km77.com\/revista\/wp-json\/wp\/v2\/categories?post=27403"},{"taxonomy":"post_tag","embeddable":true,"href":"https:\/\/www.km77.com\/revista\/wp-json\/wp\/v2\/tags?post=27403"}],"curies":[{"name":"wp","href":"https:\/\/api.w.org\/{rel}","templated":true}]}}