{"id":27295,"date":"2008-07-31T09:09:47","date_gmt":"2008-07-31T07:09:47","guid":{"rendered":"http:\/\/blogs.km77.com\/engendromecanico\/?p=191"},"modified":"2021-03-31T20:16:34","modified_gmt":"2021-03-31T18:16:34","slug":"nuevohonda-nsx","status":"publish","type":"post","link":"https:\/\/www.km77.com\/revista\/engendro-mecanico\/nuevohonda-nsx\/","title":{"rendered":"Nuevo Honda NSX, m\u00e1s de 600 CV y tracci\u00f3n total."},"content":{"rendered":"<p><a href=\"http:\/\/www.autointernationaal.nl\/artikel.php?id=7654&amp;n=3\" target=\"_blank\" rel=\"noopener\">AutoInternational<\/a> ha publicado las primeras fotos (que parecen reales y no una simulaci\u00f3n por ordenador) y alguna informaci\u00f3n del nuevo Honda NSX. Cuando est\u00e9 a la venta el pr\u00f3ximo a\u00f1o, ocupar\u00e1 el hueco que dej\u00f3 el anterior NSX (que no se vende desde hace dos a\u00f1os y medio).<br \/>\nEste superdeportivo llevar\u00e1 un motor V10 con 5,5 l de cilindrada y m\u00e1s de 600 CV de potencia m\u00e1xima. El anterior NSX ten\u00eda un motor V6 y tracci\u00f3n posterior; posiblemente, el nuevo NSX tenga tracci\u00f3n total\u00a0y cambio autom\u00e1tico de doble embrague de seis velocidades.<br \/>\nTendr\u00e1 un dispositivo que permitir\u00e1 desconectar la mitad de los cilindros, dejando el NSX con cinco cilindros activos; as\u00ed se consigue una reducci\u00f3n del consumo y de las emisiones de CO2 (l\u00f3gicamente la potencia tambi\u00e9n disminuye).<br \/>\nGaler\u00eda de im\u00e1genes:<br \/>\n<img decoding=\"async\" class=\"alignnone size-full wp-image-192\" title=\"Honda NSX\" src=\"https:\/\/www.km77.com\/revista\/wp-content\/files\/2008\/07\/eng310708_nsx1.jpg\" alt=\"\" width=\"372\" height=\"225\" \/><img decoding=\"async\" class=\"alignnone size-full wp-image-193\" title=\"Honda NSX\" src=\"https:\/\/www.km77.com\/revista\/wp-content\/files\/2008\/07\/eng310708_nsx2.jpg\" alt=\"\" width=\"372\" height=\"225\" \/><br \/>\nM\u00e1s adelante ampliaremos la informaci\u00f3n y la galer\u00eda de im\u00e1genes de este modelo.<\/p>\n","protected":false},"excerpt":{"rendered":"<p>AutoInternational ha publicado las primeras fotos (que parecen reales y no una simulaci\u00f3n por ordenador) y alguna informaci\u00f3n del nuevo Honda NSX. Cuando est\u00e9 a la venta el pr\u00f3ximo a\u00f1o, ocupar\u00e1 el hueco que dej\u00f3 el anterior NSX (que no se vende desde hace dos a\u00f1os y medio). Este superdeportivo llevar\u00e1 un motor V10 con [&hellip;]<\/p>\n","protected":false},"author":61,"featured_media":0,"comment_status":"open","ping_status":"closed","sticky":false,"template":"","format":"standard","meta":{"_et_pb_use_builder":"","_et_pb_old_content":"","_et_gb_content_width":"","footnotes":""},"categories":[3912],"tags":[4191,3964,23,7847,7798,4193],"class_list":["post-27295","post","type-post","status-publish","format-standard","hentry","category-engendro-mecanico","tag-autointernational","tag-deportivo","tag-honda","tag-honda-marcas","tag-novedades","tag-nsx"],"amp_enabled":true,"_links":{"self":[{"href":"https:\/\/www.km77.com\/revista\/wp-json\/wp\/v2\/posts\/27295","targetHints":{"allow":["GET"]}}],"collection":[{"href":"https:\/\/www.km77.com\/revista\/wp-json\/wp\/v2\/posts"}],"about":[{"href":"https:\/\/www.km77.com\/revista\/wp-json\/wp\/v2\/types\/post"}],"author":[{"embeddable":true,"href":"https:\/\/www.km77.com\/revista\/wp-json\/wp\/v2\/users\/61"}],"replies":[{"embeddable":true,"href":"https:\/\/www.km77.com\/revista\/wp-json\/wp\/v2\/comments?post=27295"}],"version-history":[{"count":1,"href":"https:\/\/www.km77.com\/revista\/wp-json\/wp\/v2\/posts\/27295\/revisions"}],"predecessor-version":[{"id":45739,"href":"https:\/\/www.km77.com\/revista\/wp-json\/wp\/v2\/posts\/27295\/revisions\/45739"}],"wp:attachment":[{"href":"https:\/\/www.km77.com\/revista\/wp-json\/wp\/v2\/media?parent=27295"}],"wp:term":[{"taxonomy":"category","embeddable":true,"href":"https:\/\/www.km77.com\/revista\/wp-json\/wp\/v2\/categories?post=27295"},{"taxonomy":"post_tag","embeddable":true,"href":"https:\/\/www.km77.com\/revista\/wp-json\/wp\/v2\/tags?post=27295"}],"curies":[{"name":"wp","href":"https:\/\/api.w.org\/{rel}","templated":true}]}}