{"id":23168,"date":"2014-06-01T18:53:22","date_gmt":"2014-06-01T16:53:22","guid":{"rendered":"http:\/\/blogs.km77.com\/engendromecanico\/?p=23168"},"modified":"2021-03-31T19:58:28","modified_gmt":"2021-03-31T17:58:28","slug":"golf-gti-wolfsburg-edition-otro-de-los-modelos-del-festival-de-worthersee","status":"publish","type":"post","link":"https:\/\/www.km77.com\/revista\/engendro-mecanico\/golf-gti-wolfsburg-edition-otro-de-los-modelos-del-festival-de-worthersee\/","title":{"rendered":"Golf GTI Wolfsburg Edition. Otro de los modelos del Festival de W\u00f6rthersee"},"content":{"rendered":"<p>El Golf GTI Wolfsburg Edition es el resultado de nueve meses de trabajo de doce j\u00f3venes \u2014con edades comprendidas entre los 18 y los 23 a\u00f1os\u2014 aprendices de la planta de Wolfsburg, Alemania. Este modelo es un homenaje a los 40 a\u00f1os de historia de uno de los modelos m\u00e1s populares de Volkswagen, el Golf.<br \/>\n<img decoding=\"async\" class=\"aligncenter wp-image-23171\" src=\"https:\/\/www.km77.com\/revista\/wp-content\/uploads\/2014\/06\/GTI_Wolfsburg_Worthersee_1-1024x683.jpg\" alt=\"GTI_Wolfsburg_Worthersee_1\" width=\"614\" height=\"409\" \/><br \/>\n<!--more--><br \/>\nNo hay que olvidar, que el Festival de W\u00f6rthersee es una reuni\u00f3n de amantes de los Golf GTI y de las modificaciones. Por ello, este grupo formado por cuatro mujeres y ocho hombres han transformado un Golf GTI de producci\u00f3n en un modelo \u00fanico.<br \/>\nLa base de este proyecto es un Golf GTI con el paquete \u00abPerformance\u00bb (<a href=\"https:\/\/www.km77.com\/00\/volkswagen\/golf\/gti\/2013\/vw-golf-gti-gtd-precio.asp\" target=\"_blank\" rel=\"noopener\">m\u00e1s informaci\u00f3n<\/a>). Es decir, tiene un motor de gasolina de inyecci\u00f3n directa, cuatro cilindros, 2,0 litros de cilindrada y una potencia que pasa de los 230 a los 380 CV. Este modelo tiene\u00a0 un sistema de admisi\u00f3n de carbono <span id=\"result_box\"> y un sistema de escape de acero inoxidable soldado a mano con control de v\u00e1lvula de vac\u00edo que permite al conductor regular el volumen del sonido del motor. Adem\u00e1s cuenta con una suspensi\u00f3n deportiva, un sistema de frenos mejorado y unas llantas de aleaci\u00f3n de la marca OZ pintadas en negro.<\/span><br \/>\n<img decoding=\"async\" class=\"aligncenter wp-image-23172\" src=\"https:\/\/www.km77.com\/revista\/wp-content\/uploads\/2014\/06\/GTI_Wolfsburg_Worthersee_2-1024x683.jpg\" alt=\"GTI_Wolfsburg_Worthersee_2\" width=\"614\" height=\"409\" \/><br \/>\nEst\u00e9ticamente se reconoce r\u00e1pidamente a esta versi\u00f3n por el color rojo brillante de la carrocer\u00eda en combinaci\u00f3n con las tres franjas de color negro perlado que recorren el cap\u00f3 delantero, el techo y el port\u00f3n del maletero. Seg\u00fan informa Volkswagen, el modelo ha sido pintado completamente a mano (incluidas las tres l\u00edneas centrales).<br \/>\n[nggallery id=869]<br \/>\nOtros detalles que diferencian a este modelo de un Golf GTI de producci\u00f3n es el a\u00f1adido inferior del paragolpes delantero \u2014pintado en negro perla\u2014, el aler\u00f3n posterior y el difusor trasero. Tanto en el exterior (en los laterales del veh\u00edculo) como en el interior (en los paneles de cuero de las puertas) hay un dise\u00f1o que muestra la silueta de los principales edificios de la ciudad de Wolfsburg, como el planetario o el estadio Volkswagen Arena. En la parte central de las llantas de aleaci\u00f3n se puede visualizar el escudo de Wolfsburg.<br \/>\nEn el habit\u00e1culo destacamos los dos asientos Recaro tipo baquet, tapizados en cuero negro (la parte central) y tela tart\u00e1n a cuadros (en los laterales), sin duda un gui\u00f1o a la historia del Golf GTI. El volante con la parte inferior achatada cambia el escudo de Volkswagen por el de Wolfsburg y tiene inserciones en color rojo.<br \/>\n<img decoding=\"async\" class=\"aligncenter wp-image-23173\" src=\"https:\/\/www.km77.com\/revista\/wp-content\/uploads\/2014\/06\/GTI_Wolfsburg_Worthersee_7-1024x683.jpg\" alt=\"GTI_Wolfsburg_Worthersee_7\" width=\"614\" height=\"409\" \/><br \/>\nLa consola central ha sido redise\u00f1ada, mantiene el color negro brillo pero tiene diversos elementos pintados en color rojo. En el lugar en el que habitualmente se encuentran las salidas de ventilaci\u00f3n, hay tres relojes que indican la presi\u00f3n del turbo, la temperatura del aceite del motor y un cron\u00f3metro. Detr\u00e1s de la palanca de cambios, el usuario puede conectar un tel\u00e9fono iPhone.<br \/>\nPara terminar la preparaci\u00f3n, los j\u00f3venes aprendices han dotado al GTI Wolfsburg Edition con un completo equipo de sonido formado por once altavoces, un amplificador con iluminaci\u00f3n LED y dos grandes altavoces de graves. La potencia total del conjunto es de 2170 W. Adem\u00e1s, hay una televisi\u00f3n LED de 24 pulgadas y una consola Play Station.<br \/>\n<img decoding=\"async\" class=\"aligncenter wp-image-23174\" src=\"https:\/\/www.km77.com\/revista\/wp-content\/uploads\/2014\/06\/GTI_Wolfsburg_Worthersee_8-1024x683.jpg\" alt=\"GTI_Wolfsburg_Worthersee_8\" width=\"614\" height=\"409\" \/><\/p>\n","protected":false},"excerpt":{"rendered":"<p>El Golf GTI Wolfsburg Edition es el resultado de nueve meses de trabajo de doce j\u00f3venes \u2014con edades comprendidas entre los 18 y los 23 a\u00f1os\u2014 aprendices de la planta de Wolfsburg, Alemania. Este modelo es un homenaje a los 40 a\u00f1os de historia de uno de los modelos m\u00e1s populares de Volkswagen, el Golf.<\/p>\n","protected":false},"author":62,"featured_media":23171,"comment_status":"open","ping_status":"closed","sticky":false,"template":"","format":"standard","meta":{"_et_pb_use_builder":"","_et_pb_old_content":"","_et_gb_content_width":"","footnotes":""},"categories":[3912],"tags":[22,1413,6208,6815,7801,7798,3102,6807,7945],"class_list":["post-23168","post","type-post","status-publish","format-standard","has-post-thumbnail","hentry","category-engendro-mecanico","tag-general","tag-golf-gti","tag-golf-gti-performance","tag-golf-gti-wolfsburg-edition","tag-noticias","tag-novedades","tag-volkswagen","tag-worthersee","tag-salon-worthersee-2014"],"yoast_head":"<!-- This site is optimized with the Yoast SEO plugin v27.5 - https:\/\/yoast.com\/product\/yoast-seo-wordpress\/ -->\n<title>Golf GTI Wolfsburg Edition. Otro de los modelos del Festival de W\u00f6rthersee - Revista km77<\/title>\n<meta name=\"robots\" content=\"index, follow, max-snippet:-1, max-image-preview:large, max-video-preview:-1\" \/>\n<link rel=\"canonical\" href=\"https:\/\/www.km77.com\/revista\/engendro-mecanico\/golf-gti-wolfsburg-edition-otro-de-los-modelos-del-festival-de-worthersee\/\" \/>\n<meta property=\"og:locale\" content=\"es_ES\" \/>\n<meta property=\"og:type\" content=\"article\" \/>\n<meta property=\"og:title\" content=\"Golf GTI Wolfsburg Edition. Otro de los modelos del Festival de W\u00f6rthersee - Revista km77\" \/>\n<meta property=\"og:description\" content=\"El Golf GTI Wolfsburg Edition es el resultado de nueve meses de trabajo de doce j\u00f3venes \u2014con edades comprendidas entre los 18 y los 23 a\u00f1os\u2014 aprendices de la planta de Wolfsburg, Alemania. Este modelo es un homenaje a los 40 a\u00f1os de historia de uno de los modelos m\u00e1s populares de Volkswagen, el Golf.\" \/>\n<meta property=\"og:url\" content=\"https:\/\/www.km77.com\/revista\/engendro-mecanico\/golf-gti-wolfsburg-edition-otro-de-los-modelos-del-festival-de-worthersee\/\" \/>\n<meta property=\"og:site_name\" content=\"Revista km77\" \/>\n<meta property=\"article:published_time\" content=\"2014-06-01T16:53:22+00:00\" \/>\n<meta property=\"article:modified_time\" content=\"2021-03-31T17:58:28+00:00\" \/>\n<meta property=\"og:image\" content=\"https:\/\/www.km77.com\/revista\/wp-content\/uploads\/2014\/06\/GTI_Wolfsburg_Worthersee_1.jpg\" \/>\n\t<meta property=\"og:image:width\" content=\"1600\" \/>\n\t<meta property=\"og:image:height\" content=\"1067\" \/>\n\t<meta property=\"og:image:type\" content=\"image\/jpeg\" \/>\n<meta name=\"author\" content=\"Loren Serrano (@EnzoNurburg)\" \/>\n<meta name=\"twitter:card\" content=\"summary_large_image\" \/>\n<meta name=\"twitter:label1\" content=\"Escrito por\" \/>\n\t<meta name=\"twitter:data1\" content=\"Loren Serrano (@EnzoNurburg)\" \/>\n\t<meta name=\"twitter:label2\" content=\"Tiempo de lectura\" \/>\n\t<meta name=\"twitter:data2\" content=\"3 minutos\" \/>\n<script type=\"application\/ld+json\" class=\"yoast-schema-graph\">{\"@context\":\"https:\\\/\\\/schema.org\",\"@graph\":[{\"@type\":\"Article\",\"@id\":\"https:\\\/\\\/www.km77.com\\\/revista\\\/engendro-mecanico\\\/golf-gti-wolfsburg-edition-otro-de-los-modelos-del-festival-de-worthersee\\\/#article\",\"isPartOf\":{\"@id\":\"https:\\\/\\\/www.km77.com\\\/revista\\\/engendro-mecanico\\\/golf-gti-wolfsburg-edition-otro-de-los-modelos-del-festival-de-worthersee\\\/\"},\"author\":{\"name\":\"Loren Serrano (@EnzoNurburg)\",\"@id\":\"https:\\\/\\\/www.km77.com\\\/revista\\\/#\\\/schema\\\/person\\\/d3c1bc483e384e2b2360fa1851eefbc5\"},\"headline\":\"Golf GTI Wolfsburg Edition. Otro de los modelos del Festival de W\u00f6rthersee\",\"datePublished\":\"2014-06-01T16:53:22+00:00\",\"dateModified\":\"2021-03-31T17:58:28+00:00\",\"mainEntityOfPage\":{\"@id\":\"https:\\\/\\\/www.km77.com\\\/revista\\\/engendro-mecanico\\\/golf-gti-wolfsburg-edition-otro-de-los-modelos-del-festival-de-worthersee\\\/\"},\"wordCount\":574,\"commentCount\":0,\"publisher\":{\"@id\":\"https:\\\/\\\/www.km77.com\\\/revista\\\/#organization\"},\"image\":{\"@id\":\"https:\\\/\\\/www.km77.com\\\/revista\\\/engendro-mecanico\\\/golf-gti-wolfsburg-edition-otro-de-los-modelos-del-festival-de-worthersee\\\/#primaryimage\"},\"thumbnailUrl\":\"https:\\\/\\\/www.km77.com\\\/revista\\\/wp-content\\\/uploads\\\/2014\\\/06\\\/GTI_Wolfsburg_Worthersee_1.jpg\",\"keywords\":[\"General\",\"Golf GTI\",\"Golf GTI Performance\",\"Golf GTI Wolfsburg Edition\",\"Noticias\",\"Novedades\",\"Volkswagen\",\"W\u00f6rthersee\",\"W\u00f6rthersee 2014\"],\"articleSection\":[\"Engendro Mec\u00e1nico\"],\"inLanguage\":\"es\",\"potentialAction\":[{\"@type\":\"CommentAction\",\"name\":\"Comment\",\"target\":[\"https:\\\/\\\/www.km77.com\\\/revista\\\/engendro-mecanico\\\/golf-gti-wolfsburg-edition-otro-de-los-modelos-del-festival-de-worthersee\\\/#respond\"]}]},{\"@type\":\"WebPage\",\"@id\":\"https:\\\/\\\/www.km77.com\\\/revista\\\/engendro-mecanico\\\/golf-gti-wolfsburg-edition-otro-de-los-modelos-del-festival-de-worthersee\\\/\",\"url\":\"https:\\\/\\\/www.km77.com\\\/revista\\\/engendro-mecanico\\\/golf-gti-wolfsburg-edition-otro-de-los-modelos-del-festival-de-worthersee\\\/\",\"name\":\"Golf GTI Wolfsburg Edition. Otro de los modelos del Festival de W\u00f6rthersee - Revista km77\",\"isPartOf\":{\"@id\":\"https:\\\/\\\/www.km77.com\\\/revista\\\/#website\"},\"primaryImageOfPage\":{\"@id\":\"https:\\\/\\\/www.km77.com\\\/revista\\\/engendro-mecanico\\\/golf-gti-wolfsburg-edition-otro-de-los-modelos-del-festival-de-worthersee\\\/#primaryimage\"},\"image\":{\"@id\":\"https:\\\/\\\/www.km77.com\\\/revista\\\/engendro-mecanico\\\/golf-gti-wolfsburg-edition-otro-de-los-modelos-del-festival-de-worthersee\\\/#primaryimage\"},\"thumbnailUrl\":\"https:\\\/\\\/www.km77.com\\\/revista\\\/wp-content\\\/uploads\\\/2014\\\/06\\\/GTI_Wolfsburg_Worthersee_1.jpg\",\"datePublished\":\"2014-06-01T16:53:22+00:00\",\"dateModified\":\"2021-03-31T17:58:28+00:00\",\"breadcrumb\":{\"@id\":\"https:\\\/\\\/www.km77.com\\\/revista\\\/engendro-mecanico\\\/golf-gti-wolfsburg-edition-otro-de-los-modelos-del-festival-de-worthersee\\\/#breadcrumb\"},\"inLanguage\":\"es\",\"potentialAction\":[{\"@type\":\"ReadAction\",\"target\":[\"https:\\\/\\\/www.km77.com\\\/revista\\\/engendro-mecanico\\\/golf-gti-wolfsburg-edition-otro-de-los-modelos-del-festival-de-worthersee\\\/\"]}]},{\"@type\":\"ImageObject\",\"inLanguage\":\"es\",\"@id\":\"https:\\\/\\\/www.km77.com\\\/revista\\\/engendro-mecanico\\\/golf-gti-wolfsburg-edition-otro-de-los-modelos-del-festival-de-worthersee\\\/#primaryimage\",\"url\":\"https:\\\/\\\/www.km77.com\\\/revista\\\/wp-content\\\/uploads\\\/2014\\\/06\\\/GTI_Wolfsburg_Worthersee_1.jpg\",\"contentUrl\":\"https:\\\/\\\/www.km77.com\\\/revista\\\/wp-content\\\/uploads\\\/2014\\\/06\\\/GTI_Wolfsburg_Worthersee_1.jpg\",\"width\":1600,\"height\":1067},{\"@type\":\"BreadcrumbList\",\"@id\":\"https:\\\/\\\/www.km77.com\\\/revista\\\/engendro-mecanico\\\/golf-gti-wolfsburg-edition-otro-de-los-modelos-del-festival-de-worthersee\\\/#breadcrumb\",\"itemListElement\":[{\"@type\":\"ListItem\",\"position\":1,\"name\":\"Revista km77\",\"item\":\"https:\\\/\\\/www.km77.com\\\/revista\\\/\"},{\"@type\":\"ListItem\",\"position\":2,\"name\":\"Engendro Mec\u00e1nico\",\"item\":\"https:\\\/\\\/www.km77.com\\\/revista\\\/engendro-mecanico\\\/\"},{\"@type\":\"ListItem\",\"position\":3,\"name\":\"Golf GTI Wolfsburg Edition. Otro de los modelos del Festival de W\u00f6rthersee\"}]},{\"@type\":\"WebSite\",\"@id\":\"https:\\\/\\\/www.km77.com\\\/revista\\\/#website\",\"url\":\"https:\\\/\\\/www.km77.com\\\/revista\\\/\",\"name\":\"Revista km77\",\"description\":\"Revista de km77\",\"publisher\":{\"@id\":\"https:\\\/\\\/www.km77.com\\\/revista\\\/#organization\"},\"potentialAction\":[{\"@type\":\"SearchAction\",\"target\":{\"@type\":\"EntryPoint\",\"urlTemplate\":\"https:\\\/\\\/www.km77.com\\\/revista\\\/?s={search_term_string}\"},\"query-input\":{\"@type\":\"PropertyValueSpecification\",\"valueRequired\":true,\"valueName\":\"search_term_string\"}}],\"inLanguage\":\"es\"},{\"@type\":\"Organization\",\"@id\":\"https:\\\/\\\/www.km77.com\\\/revista\\\/#organization\",\"name\":\"KM77\",\"url\":\"https:\\\/\\\/www.km77.com\\\/revista\\\/\",\"logo\":{\"@type\":\"ImageObject\",\"inLanguage\":\"es\",\"@id\":\"https:\\\/\\\/www.km77.com\\\/revista\\\/#\\\/schema\\\/logo\\\/image\\\/\",\"url\":\"https:\\\/\\\/www.km77.com\\\/revista\\\/wp-content\\\/uploads\\\/2021\\\/02\\\/logo-km77.png\",\"contentUrl\":\"https:\\\/\\\/www.km77.com\\\/revista\\\/wp-content\\\/uploads\\\/2021\\\/02\\\/logo-km77.png\",\"width\":100,\"height\":34,\"caption\":\"KM77\"},\"image\":{\"@id\":\"https:\\\/\\\/www.km77.com\\\/revista\\\/#\\\/schema\\\/logo\\\/image\\\/\"}},{\"@type\":\"Person\",\"@id\":\"https:\\\/\\\/www.km77.com\\\/revista\\\/#\\\/schema\\\/person\\\/d3c1bc483e384e2b2360fa1851eefbc5\",\"name\":\"Loren Serrano (@EnzoNurburg)\",\"image\":{\"@type\":\"ImageObject\",\"inLanguage\":\"es\",\"@id\":\"https:\\\/\\\/secure.gravatar.com\\\/avatar\\\/97a404168206b85c6f86ca89682724291cda73b780eb640de54a3d93f76ec500?s=96&d=mm&r=g\",\"url\":\"https:\\\/\\\/secure.gravatar.com\\\/avatar\\\/97a404168206b85c6f86ca89682724291cda73b780eb640de54a3d93f76ec500?s=96&d=mm&r=g\",\"contentUrl\":\"https:\\\/\\\/secure.gravatar.com\\\/avatar\\\/97a404168206b85c6f86ca89682724291cda73b780eb640de54a3d93f76ec500?s=96&d=mm&r=g\",\"caption\":\"Loren Serrano (@EnzoNurburg)\"},\"url\":\"https:\\\/\\\/www.km77.com\\\/revista\\\/author\\\/lorenzoserrano\\\/\"}]}<\/script>\n<!-- \/ Yoast SEO plugin. -->","yoast_head_json":{"title":"Golf GTI Wolfsburg Edition. Otro de los modelos del Festival de W\u00f6rthersee - Revista km77","robots":{"index":"index","follow":"follow","max-snippet":"max-snippet:-1","max-image-preview":"max-image-preview:large","max-video-preview":"max-video-preview:-1"},"canonical":"https:\/\/www.km77.com\/revista\/engendro-mecanico\/golf-gti-wolfsburg-edition-otro-de-los-modelos-del-festival-de-worthersee\/","og_locale":"es_ES","og_type":"article","og_title":"Golf GTI Wolfsburg Edition. Otro de los modelos del Festival de W\u00f6rthersee - Revista km77","og_description":"El Golf GTI Wolfsburg Edition es el resultado de nueve meses de trabajo de doce j\u00f3venes \u2014con edades comprendidas entre los 18 y los 23 a\u00f1os\u2014 aprendices de la planta de Wolfsburg, Alemania. Este modelo es un homenaje a los 40 a\u00f1os de historia de uno de los modelos m\u00e1s populares de Volkswagen, el Golf.","og_url":"https:\/\/www.km77.com\/revista\/engendro-mecanico\/golf-gti-wolfsburg-edition-otro-de-los-modelos-del-festival-de-worthersee\/","og_site_name":"Revista km77","article_published_time":"2014-06-01T16:53:22+00:00","article_modified_time":"2021-03-31T17:58:28+00:00","og_image":[{"width":1600,"height":1067,"url":"https:\/\/www.km77.com\/revista\/wp-content\/uploads\/2014\/06\/GTI_Wolfsburg_Worthersee_1.jpg","type":"image\/jpeg"}],"author":"Loren Serrano (@EnzoNurburg)","twitter_card":"summary_large_image","twitter_misc":{"Escrito por":"Loren Serrano (@EnzoNurburg)","Tiempo de lectura":"3 minutos"},"schema":{"@context":"https:\/\/schema.org","@graph":[{"@type":"Article","@id":"https:\/\/www.km77.com\/revista\/engendro-mecanico\/golf-gti-wolfsburg-edition-otro-de-los-modelos-del-festival-de-worthersee\/#article","isPartOf":{"@id":"https:\/\/www.km77.com\/revista\/engendro-mecanico\/golf-gti-wolfsburg-edition-otro-de-los-modelos-del-festival-de-worthersee\/"},"author":{"name":"Loren Serrano (@EnzoNurburg)","@id":"https:\/\/www.km77.com\/revista\/#\/schema\/person\/d3c1bc483e384e2b2360fa1851eefbc5"},"headline":"Golf GTI Wolfsburg Edition. Otro de los modelos del Festival de W\u00f6rthersee","datePublished":"2014-06-01T16:53:22+00:00","dateModified":"2021-03-31T17:58:28+00:00","mainEntityOfPage":{"@id":"https:\/\/www.km77.com\/revista\/engendro-mecanico\/golf-gti-wolfsburg-edition-otro-de-los-modelos-del-festival-de-worthersee\/"},"wordCount":574,"commentCount":0,"publisher":{"@id":"https:\/\/www.km77.com\/revista\/#organization"},"image":{"@id":"https:\/\/www.km77.com\/revista\/engendro-mecanico\/golf-gti-wolfsburg-edition-otro-de-los-modelos-del-festival-de-worthersee\/#primaryimage"},"thumbnailUrl":"https:\/\/www.km77.com\/revista\/wp-content\/uploads\/2014\/06\/GTI_Wolfsburg_Worthersee_1.jpg","keywords":["General","Golf GTI","Golf GTI Performance","Golf GTI Wolfsburg Edition","Noticias","Novedades","Volkswagen","W\u00f6rthersee","W\u00f6rthersee 2014"],"articleSection":["Engendro Mec\u00e1nico"],"inLanguage":"es","potentialAction":[{"@type":"CommentAction","name":"Comment","target":["https:\/\/www.km77.com\/revista\/engendro-mecanico\/golf-gti-wolfsburg-edition-otro-de-los-modelos-del-festival-de-worthersee\/#respond"]}]},{"@type":"WebPage","@id":"https:\/\/www.km77.com\/revista\/engendro-mecanico\/golf-gti-wolfsburg-edition-otro-de-los-modelos-del-festival-de-worthersee\/","url":"https:\/\/www.km77.com\/revista\/engendro-mecanico\/golf-gti-wolfsburg-edition-otro-de-los-modelos-del-festival-de-worthersee\/","name":"Golf GTI Wolfsburg Edition. Otro de los modelos del Festival de W\u00f6rthersee - Revista km77","isPartOf":{"@id":"https:\/\/www.km77.com\/revista\/#website"},"primaryImageOfPage":{"@id":"https:\/\/www.km77.com\/revista\/engendro-mecanico\/golf-gti-wolfsburg-edition-otro-de-los-modelos-del-festival-de-worthersee\/#primaryimage"},"image":{"@id":"https:\/\/www.km77.com\/revista\/engendro-mecanico\/golf-gti-wolfsburg-edition-otro-de-los-modelos-del-festival-de-worthersee\/#primaryimage"},"thumbnailUrl":"https:\/\/www.km77.com\/revista\/wp-content\/uploads\/2014\/06\/GTI_Wolfsburg_Worthersee_1.jpg","datePublished":"2014-06-01T16:53:22+00:00","dateModified":"2021-03-31T17:58:28+00:00","breadcrumb":{"@id":"https:\/\/www.km77.com\/revista\/engendro-mecanico\/golf-gti-wolfsburg-edition-otro-de-los-modelos-del-festival-de-worthersee\/#breadcrumb"},"inLanguage":"es","potentialAction":[{"@type":"ReadAction","target":["https:\/\/www.km77.com\/revista\/engendro-mecanico\/golf-gti-wolfsburg-edition-otro-de-los-modelos-del-festival-de-worthersee\/"]}]},{"@type":"ImageObject","inLanguage":"es","@id":"https:\/\/www.km77.com\/revista\/engendro-mecanico\/golf-gti-wolfsburg-edition-otro-de-los-modelos-del-festival-de-worthersee\/#primaryimage","url":"https:\/\/www.km77.com\/revista\/wp-content\/uploads\/2014\/06\/GTI_Wolfsburg_Worthersee_1.jpg","contentUrl":"https:\/\/www.km77.com\/revista\/wp-content\/uploads\/2014\/06\/GTI_Wolfsburg_Worthersee_1.jpg","width":1600,"height":1067},{"@type":"BreadcrumbList","@id":"https:\/\/www.km77.com\/revista\/engendro-mecanico\/golf-gti-wolfsburg-edition-otro-de-los-modelos-del-festival-de-worthersee\/#breadcrumb","itemListElement":[{"@type":"ListItem","position":1,"name":"Revista km77","item":"https:\/\/www.km77.com\/revista\/"},{"@type":"ListItem","position":2,"name":"Engendro Mec\u00e1nico","item":"https:\/\/www.km77.com\/revista\/engendro-mecanico\/"},{"@type":"ListItem","position":3,"name":"Golf GTI Wolfsburg Edition. Otro de los modelos del Festival de W\u00f6rthersee"}]},{"@type":"WebSite","@id":"https:\/\/www.km77.com\/revista\/#website","url":"https:\/\/www.km77.com\/revista\/","name":"Revista km77","description":"Revista de km77","publisher":{"@id":"https:\/\/www.km77.com\/revista\/#organization"},"potentialAction":[{"@type":"SearchAction","target":{"@type":"EntryPoint","urlTemplate":"https:\/\/www.km77.com\/revista\/?s={search_term_string}"},"query-input":{"@type":"PropertyValueSpecification","valueRequired":true,"valueName":"search_term_string"}}],"inLanguage":"es"},{"@type":"Organization","@id":"https:\/\/www.km77.com\/revista\/#organization","name":"KM77","url":"https:\/\/www.km77.com\/revista\/","logo":{"@type":"ImageObject","inLanguage":"es","@id":"https:\/\/www.km77.com\/revista\/#\/schema\/logo\/image\/","url":"https:\/\/www.km77.com\/revista\/wp-content\/uploads\/2021\/02\/logo-km77.png","contentUrl":"https:\/\/www.km77.com\/revista\/wp-content\/uploads\/2021\/02\/logo-km77.png","width":100,"height":34,"caption":"KM77"},"image":{"@id":"https:\/\/www.km77.com\/revista\/#\/schema\/logo\/image\/"}},{"@type":"Person","@id":"https:\/\/www.km77.com\/revista\/#\/schema\/person\/d3c1bc483e384e2b2360fa1851eefbc5","name":"Loren Serrano (@EnzoNurburg)","image":{"@type":"ImageObject","inLanguage":"es","@id":"https:\/\/secure.gravatar.com\/avatar\/97a404168206b85c6f86ca89682724291cda73b780eb640de54a3d93f76ec500?s=96&d=mm&r=g","url":"https:\/\/secure.gravatar.com\/avatar\/97a404168206b85c6f86ca89682724291cda73b780eb640de54a3d93f76ec500?s=96&d=mm&r=g","contentUrl":"https:\/\/secure.gravatar.com\/avatar\/97a404168206b85c6f86ca89682724291cda73b780eb640de54a3d93f76ec500?s=96&d=mm&r=g","caption":"Loren Serrano (@EnzoNurburg)"},"url":"https:\/\/www.km77.com\/revista\/author\/lorenzoserrano\/"}]}},"amp_enabled":true,"_links":{"self":[{"href":"https:\/\/www.km77.com\/revista\/wp-json\/wp\/v2\/posts\/23168","targetHints":{"allow":["GET"]}}],"collection":[{"href":"https:\/\/www.km77.com\/revista\/wp-json\/wp\/v2\/posts"}],"about":[{"href":"https:\/\/www.km77.com\/revista\/wp-json\/wp\/v2\/types\/post"}],"author":[{"embeddable":true,"href":"https:\/\/www.km77.com\/revista\/wp-json\/wp\/v2\/users\/62"}],"replies":[{"embeddable":true,"href":"https:\/\/www.km77.com\/revista\/wp-json\/wp\/v2\/comments?post=23168"}],"version-history":[{"count":1,"href":"https:\/\/www.km77.com\/revista\/wp-json\/wp\/v2\/posts\/23168\/revisions"}],"predecessor-version":[{"id":42281,"href":"https:\/\/www.km77.com\/revista\/wp-json\/wp\/v2\/posts\/23168\/revisions\/42281"}],"wp:featuredmedia":[{"embeddable":true,"href":"https:\/\/www.km77.com\/revista\/wp-json\/wp\/v2\/media\/23171"}],"wp:attachment":[{"href":"https:\/\/www.km77.com\/revista\/wp-json\/wp\/v2\/media?parent=23168"}],"wp:term":[{"taxonomy":"category","embeddable":true,"href":"https:\/\/www.km77.com\/revista\/wp-json\/wp\/v2\/categories?post=23168"},{"taxonomy":"post_tag","embeddable":true,"href":"https:\/\/www.km77.com\/revista\/wp-json\/wp\/v2\/tags?post=23168"}],"curies":[{"name":"wp","href":"https:\/\/api.w.org\/{rel}","templated":true}]}}