{"id":19928,"date":"2013-10-21T19:38:01","date_gmt":"2013-10-21T17:38:01","guid":{"rendered":"http:\/\/blogs.km77.com\/engendromecanico\/?p=19928"},"modified":"2021-03-31T20:01:29","modified_gmt":"2021-03-31T18:01:29","slug":"asi-es-el-interior-del-nuevo-mercedes-benz-clase-c","status":"publish","type":"post","link":"https:\/\/www.km77.com\/revista\/engendro-mecanico\/asi-es-el-interior-del-nuevo-mercedes-benz-clase-c\/","title":{"rendered":"As\u00ed es el interior del nuevo Mercedes-Benz Clase C"},"content":{"rendered":"<p>Todav\u00eda quedan unos meses hasta que Mercedes-Benz muestre el dise\u00f1o definitivo del nuevo Clase C \u2014en el pr\u00f3ximo sal\u00f3n de Detroit que abrir\u00e1 sus puertas en enero de 2014\u2014. Para que esta espera no sea tan larga, Mercedes-Benz ha publicado un v\u00eddeo en el que muestra algunos detalles tanto del interior como del exterior del nuevo Clase C \u2014esta estrategia de marketing tambi\u00e9n la pudimos contemplar con el Clase S\u2014.<br \/>\n<img decoding=\"async\" class=\"aligncenter  wp-image-19932\" alt=\"101\" src=\"https:\/\/www.km77.com\/revista\/wp-content\/uploads\/2013\/10\/1017-1024x683.jpg\" width=\"614\" height=\"409\" \/><br \/>\nAdem\u00e1s del v\u00eddeo oficial, hoy la Web <a href=\"http:\/\/www.autoweek.nl\/nieuws\/25256\/nog-dashboard-mercedes-c-klasse\" target=\"_blank\" rel=\"noopener\">Autoweek <\/a>ha publicado una serie de im\u00e1genes de buena calidad que permiten ver perfectamente el interior del nuevo Clase C.<br \/>\n<!--more--> Un interior en el que podemos observar rasgos vistos anteriormente en otros modelos de la marca, como en el Clase S \u2014limpieza de l\u00edneas o la ausencia de botones (del audio y tel\u00e9fono) en la parte central del salpicadero\u2014 y en el Clase A \u2014triple salida de ventilaci\u00f3n con forma circular y una pantalla central que no est\u00e1 integrada completamente en la consola\u2014.<br \/>\n[nggallery id=660]<br \/>\nDestaca el mando que hay entre los asientos que permite manejar el sistema de audio e informaci\u00f3n \u00abCOMAND Online\u00bb. No hay informaci\u00f3n oficial pero parece que tiene una superficie t\u00e1ctil similar a la que emplea Audi en el \u00abMMI Plus\u00bb o BMW en el sistema \u00abProfessional\u00bb.<\/p>\n<p style=\"text-align: left\">El v\u00eddeo que te mostramos a continuaci\u00f3n era la \u00fanica muestra que Mercedes-Benz quer\u00eda ense\u00f1ar a los medios. En \u00e9l, podemos apreciar adem\u00e1s de los rasgos del interior, las l\u00edneas laterales de la carrocer\u00eda. Tambi\u00e9n la parrilla frontal, que parece estar situada en una posici\u00f3n m\u00e1s cercana al suelo que la generaci\u00f3n anterior y un paragolpes delantero con unas entradas de aire de grandes dimensiones.<\/p>\n<p><iframe width=\"1080\" height=\"608\" src=\"https:\/\/www.youtube.com\/embed\/6lwWR3vLq_E?feature=oembed\" frameborder=\"0\" allowfullscreen><\/iframe><\/p>\n","protected":false},"excerpt":{"rendered":"<p>Todav\u00eda quedan unos meses hasta que Mercedes-Benz muestre el dise\u00f1o definitivo del nuevo Clase C \u2014en el pr\u00f3ximo sal\u00f3n de Detroit que abrir\u00e1 sus puertas en enero de 2014\u2014. Para que esta espera no sea tan larga, Mercedes-Benz ha publicado un v\u00eddeo en el que muestra algunos detalles tanto del interior como del exterior del [&hellip;]<\/p>\n","protected":false},"author":62,"featured_media":19932,"comment_status":"open","ping_status":"closed","sticky":false,"template":"","format":"standard","meta":{"_et_pb_use_builder":"","_et_pb_old_content":"","_et_gb_content_width":"","footnotes":""},"categories":[3912],"tags":[3939,4095,4058,4097,7803,22,2023,7801,7798,7799],"class_list":["post-19928","post","type-post","status-publish","format-standard","has-post-thumbnail","hentry","category-engendro-mecanico","tag-clase-c","tag-clase-c-berlina","tag-clase-c-coupe","tag-clase-c-estate","tag-fotos-espia","tag-general","tag-mercedes-benz","tag-noticias","tag-novedades","tag-videos"],"yoast_head":"<!-- This site is optimized with the Yoast SEO plugin v27.4 - https:\/\/yoast.com\/product\/yoast-seo-wordpress\/ -->\n<title>As\u00ed es el interior del nuevo Mercedes-Benz Clase C - Revista km77<\/title>\n<meta name=\"robots\" content=\"index, follow, max-snippet:-1, max-image-preview:large, max-video-preview:-1\" \/>\n<link rel=\"canonical\" href=\"https:\/\/www.km77.com\/revista\/engendro-mecanico\/asi-es-el-interior-del-nuevo-mercedes-benz-clase-c\/\" \/>\n<meta property=\"og:locale\" content=\"es_ES\" \/>\n<meta property=\"og:type\" content=\"article\" \/>\n<meta property=\"og:title\" content=\"As\u00ed es el interior del nuevo Mercedes-Benz Clase C - Revista km77\" \/>\n<meta property=\"og:description\" content=\"Todav\u00eda quedan unos meses hasta que Mercedes-Benz muestre el dise\u00f1o definitivo del nuevo Clase C \u2014en el pr\u00f3ximo sal\u00f3n de Detroit que abrir\u00e1 sus puertas en enero de 2014\u2014. Para que esta espera no sea tan larga, Mercedes-Benz ha publicado un v\u00eddeo en el que muestra algunos detalles tanto del interior como del exterior del [&hellip;]\" \/>\n<meta property=\"og:url\" content=\"https:\/\/www.km77.com\/revista\/engendro-mecanico\/asi-es-el-interior-del-nuevo-mercedes-benz-clase-c\/\" \/>\n<meta property=\"og:site_name\" content=\"Revista km77\" \/>\n<meta property=\"article:published_time\" content=\"2013-10-21T17:38:01+00:00\" \/>\n<meta property=\"article:modified_time\" content=\"2021-03-31T18:01:29+00:00\" \/>\n<meta property=\"og:image\" content=\"https:\/\/www.km77.com\/revista\/wp-content\/uploads\/2013\/10\/1017.jpg\" \/>\n\t<meta property=\"og:image:width\" content=\"1200\" \/>\n\t<meta property=\"og:image:height\" content=\"800\" \/>\n\t<meta property=\"og:image:type\" content=\"image\/jpeg\" \/>\n<meta name=\"author\" content=\"Loren Serrano (@EnzoNurburg)\" \/>\n<meta name=\"twitter:card\" content=\"summary_large_image\" \/>\n<meta name=\"twitter:label1\" content=\"Escrito por\" \/>\n\t<meta name=\"twitter:data1\" content=\"Loren Serrano (@EnzoNurburg)\" \/>\n\t<meta name=\"twitter:label2\" content=\"Tiempo de lectura\" \/>\n\t<meta name=\"twitter:data2\" content=\"2 minutos\" \/>\n<script type=\"application\/ld+json\" class=\"yoast-schema-graph\">{\"@context\":\"https:\\\/\\\/schema.org\",\"@graph\":[{\"@type\":\"Article\",\"@id\":\"https:\\\/\\\/www.km77.com\\\/revista\\\/engendro-mecanico\\\/asi-es-el-interior-del-nuevo-mercedes-benz-clase-c\\\/#article\",\"isPartOf\":{\"@id\":\"https:\\\/\\\/www.km77.com\\\/revista\\\/engendro-mecanico\\\/asi-es-el-interior-del-nuevo-mercedes-benz-clase-c\\\/\"},\"author\":{\"name\":\"Loren Serrano (@EnzoNurburg)\",\"@id\":\"https:\\\/\\\/www.km77.com\\\/revista\\\/#\\\/schema\\\/person\\\/d3c1bc483e384e2b2360fa1851eefbc5\"},\"headline\":\"As\u00ed es el interior del nuevo Mercedes-Benz Clase C\",\"datePublished\":\"2013-10-21T17:38:01+00:00\",\"dateModified\":\"2021-03-31T18:01:29+00:00\",\"mainEntityOfPage\":{\"@id\":\"https:\\\/\\\/www.km77.com\\\/revista\\\/engendro-mecanico\\\/asi-es-el-interior-del-nuevo-mercedes-benz-clase-c\\\/\"},\"wordCount\":313,\"commentCount\":9,\"publisher\":{\"@id\":\"https:\\\/\\\/www.km77.com\\\/revista\\\/#organization\"},\"image\":{\"@id\":\"https:\\\/\\\/www.km77.com\\\/revista\\\/engendro-mecanico\\\/asi-es-el-interior-del-nuevo-mercedes-benz-clase-c\\\/#primaryimage\"},\"thumbnailUrl\":\"https:\\\/\\\/www.km77.com\\\/revista\\\/wp-content\\\/uploads\\\/2013\\\/10\\\/1017.jpg\",\"keywords\":[\"Clase C\",\"Clase C Berlina\",\"Clase C Coup\u00e9\",\"Clase C Estate\",\"Fotos esp\u00eda\",\"General\",\"Mercedes-Benz\",\"Noticias\",\"Novedades\",\"V\u00eddeos\"],\"articleSection\":[\"Engendro Mec\u00e1nico\"],\"inLanguage\":\"es\",\"potentialAction\":[{\"@type\":\"CommentAction\",\"name\":\"Comment\",\"target\":[\"https:\\\/\\\/www.km77.com\\\/revista\\\/engendro-mecanico\\\/asi-es-el-interior-del-nuevo-mercedes-benz-clase-c\\\/#respond\"]}]},{\"@type\":\"WebPage\",\"@id\":\"https:\\\/\\\/www.km77.com\\\/revista\\\/engendro-mecanico\\\/asi-es-el-interior-del-nuevo-mercedes-benz-clase-c\\\/\",\"url\":\"https:\\\/\\\/www.km77.com\\\/revista\\\/engendro-mecanico\\\/asi-es-el-interior-del-nuevo-mercedes-benz-clase-c\\\/\",\"name\":\"As\u00ed es el interior del nuevo Mercedes-Benz Clase C - Revista km77\",\"isPartOf\":{\"@id\":\"https:\\\/\\\/www.km77.com\\\/revista\\\/#website\"},\"primaryImageOfPage\":{\"@id\":\"https:\\\/\\\/www.km77.com\\\/revista\\\/engendro-mecanico\\\/asi-es-el-interior-del-nuevo-mercedes-benz-clase-c\\\/#primaryimage\"},\"image\":{\"@id\":\"https:\\\/\\\/www.km77.com\\\/revista\\\/engendro-mecanico\\\/asi-es-el-interior-del-nuevo-mercedes-benz-clase-c\\\/#primaryimage\"},\"thumbnailUrl\":\"https:\\\/\\\/www.km77.com\\\/revista\\\/wp-content\\\/uploads\\\/2013\\\/10\\\/1017.jpg\",\"datePublished\":\"2013-10-21T17:38:01+00:00\",\"dateModified\":\"2021-03-31T18:01:29+00:00\",\"breadcrumb\":{\"@id\":\"https:\\\/\\\/www.km77.com\\\/revista\\\/engendro-mecanico\\\/asi-es-el-interior-del-nuevo-mercedes-benz-clase-c\\\/#breadcrumb\"},\"inLanguage\":\"es\",\"potentialAction\":[{\"@type\":\"ReadAction\",\"target\":[\"https:\\\/\\\/www.km77.com\\\/revista\\\/engendro-mecanico\\\/asi-es-el-interior-del-nuevo-mercedes-benz-clase-c\\\/\"]}]},{\"@type\":\"ImageObject\",\"inLanguage\":\"es\",\"@id\":\"https:\\\/\\\/www.km77.com\\\/revista\\\/engendro-mecanico\\\/asi-es-el-interior-del-nuevo-mercedes-benz-clase-c\\\/#primaryimage\",\"url\":\"https:\\\/\\\/www.km77.com\\\/revista\\\/wp-content\\\/uploads\\\/2013\\\/10\\\/1017.jpg\",\"contentUrl\":\"https:\\\/\\\/www.km77.com\\\/revista\\\/wp-content\\\/uploads\\\/2013\\\/10\\\/1017.jpg\",\"width\":1200,\"height\":800},{\"@type\":\"BreadcrumbList\",\"@id\":\"https:\\\/\\\/www.km77.com\\\/revista\\\/engendro-mecanico\\\/asi-es-el-interior-del-nuevo-mercedes-benz-clase-c\\\/#breadcrumb\",\"itemListElement\":[{\"@type\":\"ListItem\",\"position\":1,\"name\":\"Revista km77\",\"item\":\"https:\\\/\\\/www.km77.com\\\/revista\\\/\"},{\"@type\":\"ListItem\",\"position\":2,\"name\":\"Engendro Mec\u00e1nico\",\"item\":\"https:\\\/\\\/www.km77.com\\\/revista\\\/engendro-mecanico\\\/\"},{\"@type\":\"ListItem\",\"position\":3,\"name\":\"As\u00ed es el interior del nuevo Mercedes-Benz Clase C\"}]},{\"@type\":\"WebSite\",\"@id\":\"https:\\\/\\\/www.km77.com\\\/revista\\\/#website\",\"url\":\"https:\\\/\\\/www.km77.com\\\/revista\\\/\",\"name\":\"Revista km77\",\"description\":\"Revista de km77\",\"publisher\":{\"@id\":\"https:\\\/\\\/www.km77.com\\\/revista\\\/#organization\"},\"potentialAction\":[{\"@type\":\"SearchAction\",\"target\":{\"@type\":\"EntryPoint\",\"urlTemplate\":\"https:\\\/\\\/www.km77.com\\\/revista\\\/?s={search_term_string}\"},\"query-input\":{\"@type\":\"PropertyValueSpecification\",\"valueRequired\":true,\"valueName\":\"search_term_string\"}}],\"inLanguage\":\"es\"},{\"@type\":\"Organization\",\"@id\":\"https:\\\/\\\/www.km77.com\\\/revista\\\/#organization\",\"name\":\"KM77\",\"url\":\"https:\\\/\\\/www.km77.com\\\/revista\\\/\",\"logo\":{\"@type\":\"ImageObject\",\"inLanguage\":\"es\",\"@id\":\"https:\\\/\\\/www.km77.com\\\/revista\\\/#\\\/schema\\\/logo\\\/image\\\/\",\"url\":\"https:\\\/\\\/www.km77.com\\\/revista\\\/wp-content\\\/uploads\\\/2021\\\/02\\\/logo-km77.png\",\"contentUrl\":\"https:\\\/\\\/www.km77.com\\\/revista\\\/wp-content\\\/uploads\\\/2021\\\/02\\\/logo-km77.png\",\"width\":100,\"height\":34,\"caption\":\"KM77\"},\"image\":{\"@id\":\"https:\\\/\\\/www.km77.com\\\/revista\\\/#\\\/schema\\\/logo\\\/image\\\/\"}},{\"@type\":\"Person\",\"@id\":\"https:\\\/\\\/www.km77.com\\\/revista\\\/#\\\/schema\\\/person\\\/d3c1bc483e384e2b2360fa1851eefbc5\",\"name\":\"Loren Serrano (@EnzoNurburg)\",\"image\":{\"@type\":\"ImageObject\",\"inLanguage\":\"es\",\"@id\":\"https:\\\/\\\/secure.gravatar.com\\\/avatar\\\/97a404168206b85c6f86ca89682724291cda73b780eb640de54a3d93f76ec500?s=96&d=mm&r=g\",\"url\":\"https:\\\/\\\/secure.gravatar.com\\\/avatar\\\/97a404168206b85c6f86ca89682724291cda73b780eb640de54a3d93f76ec500?s=96&d=mm&r=g\",\"contentUrl\":\"https:\\\/\\\/secure.gravatar.com\\\/avatar\\\/97a404168206b85c6f86ca89682724291cda73b780eb640de54a3d93f76ec500?s=96&d=mm&r=g\",\"caption\":\"Loren Serrano (@EnzoNurburg)\"},\"url\":\"https:\\\/\\\/www.km77.com\\\/revista\\\/author\\\/lorenzoserrano\\\/\"}]}<\/script>\n<!-- \/ Yoast SEO plugin. -->","yoast_head_json":{"title":"As\u00ed es el interior del nuevo Mercedes-Benz Clase C - Revista km77","robots":{"index":"index","follow":"follow","max-snippet":"max-snippet:-1","max-image-preview":"max-image-preview:large","max-video-preview":"max-video-preview:-1"},"canonical":"https:\/\/www.km77.com\/revista\/engendro-mecanico\/asi-es-el-interior-del-nuevo-mercedes-benz-clase-c\/","og_locale":"es_ES","og_type":"article","og_title":"As\u00ed es el interior del nuevo Mercedes-Benz Clase C - Revista km77","og_description":"Todav\u00eda quedan unos meses hasta que Mercedes-Benz muestre el dise\u00f1o definitivo del nuevo Clase C \u2014en el pr\u00f3ximo sal\u00f3n de Detroit que abrir\u00e1 sus puertas en enero de 2014\u2014. Para que esta espera no sea tan larga, Mercedes-Benz ha publicado un v\u00eddeo en el que muestra algunos detalles tanto del interior como del exterior del [&hellip;]","og_url":"https:\/\/www.km77.com\/revista\/engendro-mecanico\/asi-es-el-interior-del-nuevo-mercedes-benz-clase-c\/","og_site_name":"Revista km77","article_published_time":"2013-10-21T17:38:01+00:00","article_modified_time":"2021-03-31T18:01:29+00:00","og_image":[{"width":1200,"height":800,"url":"https:\/\/www.km77.com\/revista\/wp-content\/uploads\/2013\/10\/1017.jpg","type":"image\/jpeg"}],"author":"Loren Serrano (@EnzoNurburg)","twitter_card":"summary_large_image","twitter_misc":{"Escrito por":"Loren Serrano (@EnzoNurburg)","Tiempo de lectura":"2 minutos"},"schema":{"@context":"https:\/\/schema.org","@graph":[{"@type":"Article","@id":"https:\/\/www.km77.com\/revista\/engendro-mecanico\/asi-es-el-interior-del-nuevo-mercedes-benz-clase-c\/#article","isPartOf":{"@id":"https:\/\/www.km77.com\/revista\/engendro-mecanico\/asi-es-el-interior-del-nuevo-mercedes-benz-clase-c\/"},"author":{"name":"Loren Serrano (@EnzoNurburg)","@id":"https:\/\/www.km77.com\/revista\/#\/schema\/person\/d3c1bc483e384e2b2360fa1851eefbc5"},"headline":"As\u00ed es el interior del nuevo Mercedes-Benz Clase C","datePublished":"2013-10-21T17:38:01+00:00","dateModified":"2021-03-31T18:01:29+00:00","mainEntityOfPage":{"@id":"https:\/\/www.km77.com\/revista\/engendro-mecanico\/asi-es-el-interior-del-nuevo-mercedes-benz-clase-c\/"},"wordCount":313,"commentCount":9,"publisher":{"@id":"https:\/\/www.km77.com\/revista\/#organization"},"image":{"@id":"https:\/\/www.km77.com\/revista\/engendro-mecanico\/asi-es-el-interior-del-nuevo-mercedes-benz-clase-c\/#primaryimage"},"thumbnailUrl":"https:\/\/www.km77.com\/revista\/wp-content\/uploads\/2013\/10\/1017.jpg","keywords":["Clase C","Clase C Berlina","Clase C Coup\u00e9","Clase C Estate","Fotos esp\u00eda","General","Mercedes-Benz","Noticias","Novedades","V\u00eddeos"],"articleSection":["Engendro Mec\u00e1nico"],"inLanguage":"es","potentialAction":[{"@type":"CommentAction","name":"Comment","target":["https:\/\/www.km77.com\/revista\/engendro-mecanico\/asi-es-el-interior-del-nuevo-mercedes-benz-clase-c\/#respond"]}]},{"@type":"WebPage","@id":"https:\/\/www.km77.com\/revista\/engendro-mecanico\/asi-es-el-interior-del-nuevo-mercedes-benz-clase-c\/","url":"https:\/\/www.km77.com\/revista\/engendro-mecanico\/asi-es-el-interior-del-nuevo-mercedes-benz-clase-c\/","name":"As\u00ed es el interior del nuevo Mercedes-Benz Clase C - Revista km77","isPartOf":{"@id":"https:\/\/www.km77.com\/revista\/#website"},"primaryImageOfPage":{"@id":"https:\/\/www.km77.com\/revista\/engendro-mecanico\/asi-es-el-interior-del-nuevo-mercedes-benz-clase-c\/#primaryimage"},"image":{"@id":"https:\/\/www.km77.com\/revista\/engendro-mecanico\/asi-es-el-interior-del-nuevo-mercedes-benz-clase-c\/#primaryimage"},"thumbnailUrl":"https:\/\/www.km77.com\/revista\/wp-content\/uploads\/2013\/10\/1017.jpg","datePublished":"2013-10-21T17:38:01+00:00","dateModified":"2021-03-31T18:01:29+00:00","breadcrumb":{"@id":"https:\/\/www.km77.com\/revista\/engendro-mecanico\/asi-es-el-interior-del-nuevo-mercedes-benz-clase-c\/#breadcrumb"},"inLanguage":"es","potentialAction":[{"@type":"ReadAction","target":["https:\/\/www.km77.com\/revista\/engendro-mecanico\/asi-es-el-interior-del-nuevo-mercedes-benz-clase-c\/"]}]},{"@type":"ImageObject","inLanguage":"es","@id":"https:\/\/www.km77.com\/revista\/engendro-mecanico\/asi-es-el-interior-del-nuevo-mercedes-benz-clase-c\/#primaryimage","url":"https:\/\/www.km77.com\/revista\/wp-content\/uploads\/2013\/10\/1017.jpg","contentUrl":"https:\/\/www.km77.com\/revista\/wp-content\/uploads\/2013\/10\/1017.jpg","width":1200,"height":800},{"@type":"BreadcrumbList","@id":"https:\/\/www.km77.com\/revista\/engendro-mecanico\/asi-es-el-interior-del-nuevo-mercedes-benz-clase-c\/#breadcrumb","itemListElement":[{"@type":"ListItem","position":1,"name":"Revista km77","item":"https:\/\/www.km77.com\/revista\/"},{"@type":"ListItem","position":2,"name":"Engendro Mec\u00e1nico","item":"https:\/\/www.km77.com\/revista\/engendro-mecanico\/"},{"@type":"ListItem","position":3,"name":"As\u00ed es el interior del nuevo Mercedes-Benz Clase C"}]},{"@type":"WebSite","@id":"https:\/\/www.km77.com\/revista\/#website","url":"https:\/\/www.km77.com\/revista\/","name":"Revista km77","description":"Revista de km77","publisher":{"@id":"https:\/\/www.km77.com\/revista\/#organization"},"potentialAction":[{"@type":"SearchAction","target":{"@type":"EntryPoint","urlTemplate":"https:\/\/www.km77.com\/revista\/?s={search_term_string}"},"query-input":{"@type":"PropertyValueSpecification","valueRequired":true,"valueName":"search_term_string"}}],"inLanguage":"es"},{"@type":"Organization","@id":"https:\/\/www.km77.com\/revista\/#organization","name":"KM77","url":"https:\/\/www.km77.com\/revista\/","logo":{"@type":"ImageObject","inLanguage":"es","@id":"https:\/\/www.km77.com\/revista\/#\/schema\/logo\/image\/","url":"https:\/\/www.km77.com\/revista\/wp-content\/uploads\/2021\/02\/logo-km77.png","contentUrl":"https:\/\/www.km77.com\/revista\/wp-content\/uploads\/2021\/02\/logo-km77.png","width":100,"height":34,"caption":"KM77"},"image":{"@id":"https:\/\/www.km77.com\/revista\/#\/schema\/logo\/image\/"}},{"@type":"Person","@id":"https:\/\/www.km77.com\/revista\/#\/schema\/person\/d3c1bc483e384e2b2360fa1851eefbc5","name":"Loren Serrano (@EnzoNurburg)","image":{"@type":"ImageObject","inLanguage":"es","@id":"https:\/\/secure.gravatar.com\/avatar\/97a404168206b85c6f86ca89682724291cda73b780eb640de54a3d93f76ec500?s=96&d=mm&r=g","url":"https:\/\/secure.gravatar.com\/avatar\/97a404168206b85c6f86ca89682724291cda73b780eb640de54a3d93f76ec500?s=96&d=mm&r=g","contentUrl":"https:\/\/secure.gravatar.com\/avatar\/97a404168206b85c6f86ca89682724291cda73b780eb640de54a3d93f76ec500?s=96&d=mm&r=g","caption":"Loren Serrano (@EnzoNurburg)"},"url":"https:\/\/www.km77.com\/revista\/author\/lorenzoserrano\/"}]}},"amp_enabled":true,"_links":{"self":[{"href":"https:\/\/www.km77.com\/revista\/wp-json\/wp\/v2\/posts\/19928","targetHints":{"allow":["GET"]}}],"collection":[{"href":"https:\/\/www.km77.com\/revista\/wp-json\/wp\/v2\/posts"}],"about":[{"href":"https:\/\/www.km77.com\/revista\/wp-json\/wp\/v2\/types\/post"}],"author":[{"embeddable":true,"href":"https:\/\/www.km77.com\/revista\/wp-json\/wp\/v2\/users\/62"}],"replies":[{"embeddable":true,"href":"https:\/\/www.km77.com\/revista\/wp-json\/wp\/v2\/comments?post=19928"}],"version-history":[{"count":1,"href":"https:\/\/www.km77.com\/revista\/wp-json\/wp\/v2\/posts\/19928\/revisions"}],"predecessor-version":[{"id":42684,"href":"https:\/\/www.km77.com\/revista\/wp-json\/wp\/v2\/posts\/19928\/revisions\/42684"}],"wp:featuredmedia":[{"embeddable":true,"href":"https:\/\/www.km77.com\/revista\/wp-json\/wp\/v2\/media\/19932"}],"wp:attachment":[{"href":"https:\/\/www.km77.com\/revista\/wp-json\/wp\/v2\/media?parent=19928"}],"wp:term":[{"taxonomy":"category","embeddable":true,"href":"https:\/\/www.km77.com\/revista\/wp-json\/wp\/v2\/categories?post=19928"},{"taxonomy":"post_tag","embeddable":true,"href":"https:\/\/www.km77.com\/revista\/wp-json\/wp\/v2\/tags?post=19928"}],"curies":[{"name":"wp","href":"https:\/\/api.w.org\/{rel}","templated":true}]}}