{"id":17917,"date":"2019-07-20T09:10:11","date_gmt":"2019-07-20T07:10:11","guid":{"rendered":"https:\/\/blogs.km77.com\/teletransporte\/?p=17917"},"modified":"2021-03-31T19:47:20","modified_gmt":"2021-03-31T17:47:20","slug":"2-primeros-analisis-de-sangre","status":"publish","type":"post","link":"https:\/\/www.km77.com\/revista\/teletransporte\/2-primeros-analisis-de-sangre\/","title":{"rendered":"2. Primeros an\u00e1lisis de sangre"},"content":{"rendered":"\n<p><strong>Diario espor\u00e1dico de un paciente del Servicio Madrile\u00f1o de Salud. <\/strong><\/p>\n\n\n\n<p>Empiezo a escribir el 20 de julio. 08:00 horas<br><br>(<a href=\"https:\/\/www.km77.com\/revista\/teletransporte\/primera-visita-a-urgencias\/\">V<\/a><u><font color=\"#000117\"><font><a href=\"https:\/\/www.km77.com\/revista\/teletransporte\/primera-visita-a-urgencias\/\">iene de aqu\u00ed<\/a><\/font><\/font><\/u>)<br><br>Despu\u00e9s de admitirme a tr\u00e1mite en mi primera visita a urgencias, un celador me acompa\u00f1a hasta una sala de espera en la que hay varias personas sentadas. No soy capaz de juzgar si son muchas o pocas. No s\u00e9 cu\u00e1ntas de esas personas son enfermos y cu\u00e1ntas familiares que les acompa\u00f1an. <br><br>Despu\u00e9s de la bajada de la fiebre me siento mejor y espero sin excesivo malestar hasta que me llaman.<br><br>\u2014 Hola Javier. \u00bfQu\u00e9 hace un hombre como usted aqu\u00ed a pasar la noche de un viernes?<br><br>\u2014 Pues no lo s\u00e9. Me encantar\u00eda saberlo. Tengo fiebre, dolores en el abdomen y musculares por todo el cuerpo de la fiebre. Empec\u00e9 hace 15 d\u00edas, m\u00e1s o menos, con unas d\u00e9cimas y malestar. Me tomaba un analg\u00e9sico y me desaparec\u00eda la fiebre y el malestar. As\u00ed he estado durante unos 15 d\u00edas. Hasta ayer, que empec\u00e9 a encontrarme peor. Esta noche me ha subido mucho la fiebre y el malestar y he venido <br><br>La doctora, muy joven, me ausculta, me palpa el abdomen  y pide que me hagan unos an\u00e1lisis de sangre. <br><br>En la exploraci\u00f3n no aparece nada anormal. Me pregunta por viajes fuera de Europa (nada), por n\u00e1useas (liger as), por deposiciones (m\u00e1s o menos normales), por relaciones sexuales de riesgo.  Ninguno de estos factores parece que conduzcan hacia alguna l\u00ednea de investigaci\u00f3n clara. <br><br>Tras los an\u00e1lisis, aparecen indicadores de infecci\u00f3n v\u00edrica, me receta analg\u00e9sicos potentes, me deriva a medicina interna, solicita una ecograf\u00eda abdominal y un an\u00e1lisis serol\u00f3gico que debe ayudar a realizar el diagn\u00f3stico. En este an\u00e1lisis aparece un PCR elevada (Se eleva por inflamaci\u00f3n o infecci\u00f3n), linfocitosis (mismos motivos) y una anal\u00edtica del h\u00edgado ligeramente alterada. Necesitamos m\u00e1s pruebas para el diagn\u00f3stico.<br><br>Sin diagn\u00f3stico no hay pron\u00f3stico y sin pron\u00f3stico no hay tranquilidad. Parece una virasis. En el diccionario de la RAE aparece virosis, pero todos los m\u00e9dicos a los que escucho le llaman virasis.<br><br>He llegado sobre las 11:30 de la noche. Son las cuatro de la ma\u00f1ana del s\u00e1bado d\u00eda 6 de julio. Regreso a casa. Vivir sin diagn\u00f3stico cuando el dolor es tan elevado, incrementa el dolor y la ansiedad. <br><br>Por la ma\u00f1ana del s\u00e1bado ya tengo en casa los analg\u00e9sicos. Me han recetado dos diferentes. Los intercalo cada 4 horas en las fases de m\u00e1s fiebre y malestar. Las horas pasan despacio.<br><br>(<a href=\"https:\/\/www.km77.com\/revista\/teletransporte\/3-segunda-visita-a-urgencias\/\">Sigue aqu\u00ed<\/a>)<br><br><\/p>\n","protected":false},"excerpt":{"rendered":"<p>Diario espor\u00e1dico de la experiencia de un paciente en la seguridad social espa\u00f1ola en busca de un diagn\u00f3stico.<\/p>\n","protected":false},"author":72,"featured_media":0,"comment_status":"open","ping_status":"open","sticky":false,"template":"","format":"standard","meta":{"_et_pb_use_builder":"off","_et_pb_old_content":"","_et_gb_content_width":"","footnotes":""},"categories":[3915],"tags":[7975,3729,3726,3563,3728],"class_list":["post-17917","post","type-post","status-publish","format-standard","hentry","category-teletransporte","tag-de-todo-un-poco","tag-enfermedad","tag-hospital-ramon-y-cajal","tag-medicina","tag-ramon-y-cajal"],"yoast_head":"<!-- This site is optimized with the Yoast SEO plugin v27.5 - https:\/\/yoast.com\/product\/yoast-seo-wordpress\/ -->\n<title>2. Primeros an\u00e1lisis de sangre - Revista km77<\/title>\n<meta name=\"robots\" content=\"index, follow, max-snippet:-1, max-image-preview:large, max-video-preview:-1\" \/>\n<link rel=\"canonical\" href=\"https:\/\/www.km77.com\/revista\/teletransporte\/2-primeros-analisis-de-sangre\/\" \/>\n<meta property=\"og:locale\" content=\"es_ES\" \/>\n<meta property=\"og:type\" content=\"article\" \/>\n<meta property=\"og:title\" content=\"2. Primeros an\u00e1lisis de sangre - Revista km77\" \/>\n<meta property=\"og:description\" content=\"Diario espor\u00e1dico de la experiencia de un paciente en la seguridad social espa\u00f1ola en busca de un diagn\u00f3stico.\" \/>\n<meta property=\"og:url\" content=\"https:\/\/www.km77.com\/revista\/teletransporte\/2-primeros-analisis-de-sangre\/\" \/>\n<meta property=\"og:site_name\" content=\"Revista km77\" \/>\n<meta property=\"article:published_time\" content=\"2019-07-20T07:10:11+00:00\" \/>\n<meta property=\"article:modified_time\" content=\"2021-03-31T17:47:20+00:00\" \/>\n<meta name=\"author\" content=\"Javier Molt\u00f3\" \/>\n<meta name=\"twitter:card\" content=\"summary_large_image\" \/>\n<meta name=\"twitter:creator\" content=\"@Deportes1\" \/>\n<meta name=\"twitter:label1\" content=\"Escrito por\" \/>\n\t<meta name=\"twitter:data1\" content=\"Javier Molt\u00f3\" \/>\n\t<meta name=\"twitter:label2\" content=\"Tiempo de lectura\" \/>\n\t<meta name=\"twitter:data2\" content=\"2 minutos\" \/>\n<script type=\"application\/ld+json\" class=\"yoast-schema-graph\">{\"@context\":\"https:\\\/\\\/schema.org\",\"@graph\":[{\"@type\":\"Article\",\"@id\":\"https:\\\/\\\/www.km77.com\\\/revista\\\/teletransporte\\\/2-primeros-analisis-de-sangre\\\/#article\",\"isPartOf\":{\"@id\":\"https:\\\/\\\/www.km77.com\\\/revista\\\/teletransporte\\\/2-primeros-analisis-de-sangre\\\/\"},\"author\":{\"name\":\"Javier Molt\u00f3\",\"@id\":\"https:\\\/\\\/www.km77.com\\\/revista\\\/#\\\/schema\\\/person\\\/2f0611a1b3c7d2a2c81a9428505a25db\"},\"headline\":\"2. Primeros an\u00e1lisis de sangre\",\"datePublished\":\"2019-07-20T07:10:11+00:00\",\"dateModified\":\"2021-03-31T17:47:20+00:00\",\"mainEntityOfPage\":{\"@id\":\"https:\\\/\\\/www.km77.com\\\/revista\\\/teletransporte\\\/2-primeros-analisis-de-sangre\\\/\"},\"wordCount\":459,\"commentCount\":4,\"publisher\":{\"@id\":\"https:\\\/\\\/www.km77.com\\\/revista\\\/#organization\"},\"keywords\":[\"De todo un poco\",\"enfermedad\",\"Hospital Ram\u00f3n y Cajal\",\"medicina\",\"Ram\u00f3n y Cajal\"],\"articleSection\":[\"Teletransporte\"],\"inLanguage\":\"es\",\"potentialAction\":[{\"@type\":\"CommentAction\",\"name\":\"Comment\",\"target\":[\"https:\\\/\\\/www.km77.com\\\/revista\\\/teletransporte\\\/2-primeros-analisis-de-sangre\\\/#respond\"]}]},{\"@type\":\"WebPage\",\"@id\":\"https:\\\/\\\/www.km77.com\\\/revista\\\/teletransporte\\\/2-primeros-analisis-de-sangre\\\/\",\"url\":\"https:\\\/\\\/www.km77.com\\\/revista\\\/teletransporte\\\/2-primeros-analisis-de-sangre\\\/\",\"name\":\"2. Primeros an\u00e1lisis de sangre - Revista km77\",\"isPartOf\":{\"@id\":\"https:\\\/\\\/www.km77.com\\\/revista\\\/#website\"},\"datePublished\":\"2019-07-20T07:10:11+00:00\",\"dateModified\":\"2021-03-31T17:47:20+00:00\",\"breadcrumb\":{\"@id\":\"https:\\\/\\\/www.km77.com\\\/revista\\\/teletransporte\\\/2-primeros-analisis-de-sangre\\\/#breadcrumb\"},\"inLanguage\":\"es\",\"potentialAction\":[{\"@type\":\"ReadAction\",\"target\":[\"https:\\\/\\\/www.km77.com\\\/revista\\\/teletransporte\\\/2-primeros-analisis-de-sangre\\\/\"]}]},{\"@type\":\"BreadcrumbList\",\"@id\":\"https:\\\/\\\/www.km77.com\\\/revista\\\/teletransporte\\\/2-primeros-analisis-de-sangre\\\/#breadcrumb\",\"itemListElement\":[{\"@type\":\"ListItem\",\"position\":1,\"name\":\"Revista km77\",\"item\":\"https:\\\/\\\/www.km77.com\\\/revista\\\/\"},{\"@type\":\"ListItem\",\"position\":2,\"name\":\"Teletransporte\",\"item\":\"https:\\\/\\\/www.km77.com\\\/revista\\\/teletransporte\\\/\"},{\"@type\":\"ListItem\",\"position\":3,\"name\":\"2. Primeros an\u00e1lisis de sangre\"}]},{\"@type\":\"WebSite\",\"@id\":\"https:\\\/\\\/www.km77.com\\\/revista\\\/#website\",\"url\":\"https:\\\/\\\/www.km77.com\\\/revista\\\/\",\"name\":\"Revista km77\",\"description\":\"Revista de km77\",\"publisher\":{\"@id\":\"https:\\\/\\\/www.km77.com\\\/revista\\\/#organization\"},\"potentialAction\":[{\"@type\":\"SearchAction\",\"target\":{\"@type\":\"EntryPoint\",\"urlTemplate\":\"https:\\\/\\\/www.km77.com\\\/revista\\\/?s={search_term_string}\"},\"query-input\":{\"@type\":\"PropertyValueSpecification\",\"valueRequired\":true,\"valueName\":\"search_term_string\"}}],\"inLanguage\":\"es\"},{\"@type\":\"Organization\",\"@id\":\"https:\\\/\\\/www.km77.com\\\/revista\\\/#organization\",\"name\":\"KM77\",\"url\":\"https:\\\/\\\/www.km77.com\\\/revista\\\/\",\"logo\":{\"@type\":\"ImageObject\",\"inLanguage\":\"es\",\"@id\":\"https:\\\/\\\/www.km77.com\\\/revista\\\/#\\\/schema\\\/logo\\\/image\\\/\",\"url\":\"https:\\\/\\\/www.km77.com\\\/revista\\\/wp-content\\\/uploads\\\/2021\\\/02\\\/logo-km77.png\",\"contentUrl\":\"https:\\\/\\\/www.km77.com\\\/revista\\\/wp-content\\\/uploads\\\/2021\\\/02\\\/logo-km77.png\",\"width\":100,\"height\":34,\"caption\":\"KM77\"},\"image\":{\"@id\":\"https:\\\/\\\/www.km77.com\\\/revista\\\/#\\\/schema\\\/logo\\\/image\\\/\"}},{\"@type\":\"Person\",\"@id\":\"https:\\\/\\\/www.km77.com\\\/revista\\\/#\\\/schema\\\/person\\\/2f0611a1b3c7d2a2c81a9428505a25db\",\"name\":\"Javier Molt\u00f3\",\"image\":{\"@type\":\"ImageObject\",\"inLanguage\":\"es\",\"@id\":\"https:\\\/\\\/secure.gravatar.com\\\/avatar\\\/1c930880a58b8b56f4abb8c2797bdb266488614621319ddd0ab4ee365b10a72c?s=96&d=mm&r=g\",\"url\":\"https:\\\/\\\/secure.gravatar.com\\\/avatar\\\/1c930880a58b8b56f4abb8c2797bdb266488614621319ddd0ab4ee365b10a72c?s=96&d=mm&r=g\",\"contentUrl\":\"https:\\\/\\\/secure.gravatar.com\\\/avatar\\\/1c930880a58b8b56f4abb8c2797bdb266488614621319ddd0ab4ee365b10a72c?s=96&d=mm&r=g\",\"caption\":\"Javier Molt\u00f3\"},\"description\":\"Empec\u00e9 a trabajar como periodista probador de coches en 1985, en la revista AutoHebdo. Despu\u00e9s trabaj\u00e9 en Coche Actual y Motor16. Desde 1994 a 1999 inform\u00e9 de asuntos econ\u00f3micos tanto en Madrid como en Londres, donde trabaj\u00e9 en Bloomberg. En 1999 fund\u00e9 km77.com, empresa con la que sigo empe\u00f1ado en el objetivo de dar la mejor informaci\u00f3n de coches de la que somos capaces.\",\"sameAs\":[\"https:\\\/\\\/x.com\\\/Deportes1\"],\"url\":\"https:\\\/\\\/www.km77.com\\\/revista\\\/author\\\/teletransporte\\\/\"}]}<\/script>\n<!-- \/ Yoast SEO plugin. -->","yoast_head_json":{"title":"2. Primeros an\u00e1lisis de sangre - Revista km77","robots":{"index":"index","follow":"follow","max-snippet":"max-snippet:-1","max-image-preview":"max-image-preview:large","max-video-preview":"max-video-preview:-1"},"canonical":"https:\/\/www.km77.com\/revista\/teletransporte\/2-primeros-analisis-de-sangre\/","og_locale":"es_ES","og_type":"article","og_title":"2. Primeros an\u00e1lisis de sangre - Revista km77","og_description":"Diario espor\u00e1dico de la experiencia de un paciente en la seguridad social espa\u00f1ola en busca de un diagn\u00f3stico.","og_url":"https:\/\/www.km77.com\/revista\/teletransporte\/2-primeros-analisis-de-sangre\/","og_site_name":"Revista km77","article_published_time":"2019-07-20T07:10:11+00:00","article_modified_time":"2021-03-31T17:47:20+00:00","author":"Javier Molt\u00f3","twitter_card":"summary_large_image","twitter_creator":"@Deportes1","twitter_misc":{"Escrito por":"Javier Molt\u00f3","Tiempo de lectura":"2 minutos"},"schema":{"@context":"https:\/\/schema.org","@graph":[{"@type":"Article","@id":"https:\/\/www.km77.com\/revista\/teletransporte\/2-primeros-analisis-de-sangre\/#article","isPartOf":{"@id":"https:\/\/www.km77.com\/revista\/teletransporte\/2-primeros-analisis-de-sangre\/"},"author":{"name":"Javier Molt\u00f3","@id":"https:\/\/www.km77.com\/revista\/#\/schema\/person\/2f0611a1b3c7d2a2c81a9428505a25db"},"headline":"2. Primeros an\u00e1lisis de sangre","datePublished":"2019-07-20T07:10:11+00:00","dateModified":"2021-03-31T17:47:20+00:00","mainEntityOfPage":{"@id":"https:\/\/www.km77.com\/revista\/teletransporte\/2-primeros-analisis-de-sangre\/"},"wordCount":459,"commentCount":4,"publisher":{"@id":"https:\/\/www.km77.com\/revista\/#organization"},"keywords":["De todo un poco","enfermedad","Hospital Ram\u00f3n y Cajal","medicina","Ram\u00f3n y Cajal"],"articleSection":["Teletransporte"],"inLanguage":"es","potentialAction":[{"@type":"CommentAction","name":"Comment","target":["https:\/\/www.km77.com\/revista\/teletransporte\/2-primeros-analisis-de-sangre\/#respond"]}]},{"@type":"WebPage","@id":"https:\/\/www.km77.com\/revista\/teletransporte\/2-primeros-analisis-de-sangre\/","url":"https:\/\/www.km77.com\/revista\/teletransporte\/2-primeros-analisis-de-sangre\/","name":"2. Primeros an\u00e1lisis de sangre - Revista km77","isPartOf":{"@id":"https:\/\/www.km77.com\/revista\/#website"},"datePublished":"2019-07-20T07:10:11+00:00","dateModified":"2021-03-31T17:47:20+00:00","breadcrumb":{"@id":"https:\/\/www.km77.com\/revista\/teletransporte\/2-primeros-analisis-de-sangre\/#breadcrumb"},"inLanguage":"es","potentialAction":[{"@type":"ReadAction","target":["https:\/\/www.km77.com\/revista\/teletransporte\/2-primeros-analisis-de-sangre\/"]}]},{"@type":"BreadcrumbList","@id":"https:\/\/www.km77.com\/revista\/teletransporte\/2-primeros-analisis-de-sangre\/#breadcrumb","itemListElement":[{"@type":"ListItem","position":1,"name":"Revista km77","item":"https:\/\/www.km77.com\/revista\/"},{"@type":"ListItem","position":2,"name":"Teletransporte","item":"https:\/\/www.km77.com\/revista\/teletransporte\/"},{"@type":"ListItem","position":3,"name":"2. Primeros an\u00e1lisis de sangre"}]},{"@type":"WebSite","@id":"https:\/\/www.km77.com\/revista\/#website","url":"https:\/\/www.km77.com\/revista\/","name":"Revista km77","description":"Revista de km77","publisher":{"@id":"https:\/\/www.km77.com\/revista\/#organization"},"potentialAction":[{"@type":"SearchAction","target":{"@type":"EntryPoint","urlTemplate":"https:\/\/www.km77.com\/revista\/?s={search_term_string}"},"query-input":{"@type":"PropertyValueSpecification","valueRequired":true,"valueName":"search_term_string"}}],"inLanguage":"es"},{"@type":"Organization","@id":"https:\/\/www.km77.com\/revista\/#organization","name":"KM77","url":"https:\/\/www.km77.com\/revista\/","logo":{"@type":"ImageObject","inLanguage":"es","@id":"https:\/\/www.km77.com\/revista\/#\/schema\/logo\/image\/","url":"https:\/\/www.km77.com\/revista\/wp-content\/uploads\/2021\/02\/logo-km77.png","contentUrl":"https:\/\/www.km77.com\/revista\/wp-content\/uploads\/2021\/02\/logo-km77.png","width":100,"height":34,"caption":"KM77"},"image":{"@id":"https:\/\/www.km77.com\/revista\/#\/schema\/logo\/image\/"}},{"@type":"Person","@id":"https:\/\/www.km77.com\/revista\/#\/schema\/person\/2f0611a1b3c7d2a2c81a9428505a25db","name":"Javier Molt\u00f3","image":{"@type":"ImageObject","inLanguage":"es","@id":"https:\/\/secure.gravatar.com\/avatar\/1c930880a58b8b56f4abb8c2797bdb266488614621319ddd0ab4ee365b10a72c?s=96&d=mm&r=g","url":"https:\/\/secure.gravatar.com\/avatar\/1c930880a58b8b56f4abb8c2797bdb266488614621319ddd0ab4ee365b10a72c?s=96&d=mm&r=g","contentUrl":"https:\/\/secure.gravatar.com\/avatar\/1c930880a58b8b56f4abb8c2797bdb266488614621319ddd0ab4ee365b10a72c?s=96&d=mm&r=g","caption":"Javier Molt\u00f3"},"description":"Empec\u00e9 a trabajar como periodista probador de coches en 1985, en la revista AutoHebdo. Despu\u00e9s trabaj\u00e9 en Coche Actual y Motor16. Desde 1994 a 1999 inform\u00e9 de asuntos econ\u00f3micos tanto en Madrid como en Londres, donde trabaj\u00e9 en Bloomberg. En 1999 fund\u00e9 km77.com, empresa con la que sigo empe\u00f1ado en el objetivo de dar la mejor informaci\u00f3n de coches de la que somos capaces.","sameAs":["https:\/\/x.com\/Deportes1"],"url":"https:\/\/www.km77.com\/revista\/author\/teletransporte\/"}]}},"amp_enabled":true,"_links":{"self":[{"href":"https:\/\/www.km77.com\/revista\/wp-json\/wp\/v2\/posts\/17917","targetHints":{"allow":["GET"]}}],"collection":[{"href":"https:\/\/www.km77.com\/revista\/wp-json\/wp\/v2\/posts"}],"about":[{"href":"https:\/\/www.km77.com\/revista\/wp-json\/wp\/v2\/types\/post"}],"author":[{"embeddable":true,"href":"https:\/\/www.km77.com\/revista\/wp-json\/wp\/v2\/users\/72"}],"replies":[{"embeddable":true,"href":"https:\/\/www.km77.com\/revista\/wp-json\/wp\/v2\/comments?post=17917"}],"version-history":[{"count":1,"href":"https:\/\/www.km77.com\/revista\/wp-json\/wp\/v2\/posts\/17917\/revisions"}],"predecessor-version":[{"id":40934,"href":"https:\/\/www.km77.com\/revista\/wp-json\/wp\/v2\/posts\/17917\/revisions\/40934"}],"wp:attachment":[{"href":"https:\/\/www.km77.com\/revista\/wp-json\/wp\/v2\/media?parent=17917"}],"wp:term":[{"taxonomy":"category","embeddable":true,"href":"https:\/\/www.km77.com\/revista\/wp-json\/wp\/v2\/categories?post=17917"},{"taxonomy":"post_tag","embeddable":true,"href":"https:\/\/www.km77.com\/revista\/wp-json\/wp\/v2\/tags?post=17917"}],"curies":[{"name":"wp","href":"https:\/\/api.w.org\/{rel}","templated":true}]}}