{"id":17225,"date":"2018-07-12T23:58:05","date_gmt":"2018-07-12T21:58:05","guid":{"rendered":"http:\/\/blogs.km77.com\/teletransporte\/?p=17225"},"modified":"2021-03-31T19:48:02","modified_gmt":"2021-03-31T17:48:02","slug":"mercedes-benz-fashion-week-confieso-me-he-enamorado-de-la-condesa","status":"publish","type":"post","link":"https:\/\/www.km77.com\/revista\/teletransporte\/mercedes-benz-fashion-week-confieso-me-he-enamorado-de-la-condesa\/","title":{"rendered":"Mercedes-Benz Fashion Week. Confieso. Me he enamorado de La Condesa."},"content":{"rendered":"<p>Vivo en un mundo disparatado en el que un d\u00eda suena el tel\u00e9fono y el director de comunicaci\u00f3n de Mercedes-Benz me ofrece entrevistar a <strong>Marina Conde<\/strong>, dise\u00f1adora, fundadora, propietaria y torbellino de La Condesa. Me ofrece un reportaje al estilo de mis reportajes de \u00ab<a href=\"https:\/\/www.km77.com\/revista\/teletransporte\/seccion\/el-chofer-de\/\">El ch\u00f3fer de&#8230;<\/a>\u00ab, pero sin hacer de ch\u00f3fer. \u00ab<em>Te recogen primero a ti en tu casa, luego pas\u00e1is a recogerla a ella por su casa y os vais juntos a IFEMA. En el camino desde su casa a IFEMA, le puedes hacer una entrevista<\/em>\u00ab.<\/p>\n<p>\u2014\u00a1Maravilloso! \u00a1Perfecto! \u00a1Quedar\u00e1 muy chulo!<\/p>\n<p><img decoding=\"async\" class=\"aligncenter size-full wp-image-17286\" src=\"https:\/\/www.km77.com\/revista\/wp-content\/uploads\/2018\/07\/0-IMG_3007.jpg\" alt=\"\" width=\"700\" height=\"467\" srcset=\"https:\/\/www.km77.com\/revista\/wp-content\/uploads\/2018\/07\/0-IMG_3007.jpg 700w, https:\/\/www.km77.com\/revista\/wp-content\/uploads\/2018\/07\/0-IMG_3007-480x320.jpg 480w\" sizes=\"(min-width: 0px) and (max-width: 480px) 480px, (min-width: 481px) 700px, 100vw\" \/><\/p>\n<p><!--more-->Est\u00e1 claro que me gusta el riesgo. Cuelgo el tel\u00e9fono perfectamente consciente de que no s\u00e9 qu\u00e9 es La Condesa ni qui\u00e9n es Marina Conde. Pero \u00bfacaso tiene eso alguna importancia? En mi vida he entrevistado a gente intelectualmente desbordante, como a Francisco Luz\u00f3n, al en su d\u00eda todopoderoso presidente de Telef\u00f3nica, Juan Villalonga, al cantante Zuchero, al ilustrador catal\u00e1n Jordi Labanda. En las entrevistas con Luz\u00f3n y Villalonga s\u00ed sab\u00eda de qu\u00e9 hablaba, porque conoc\u00eda bien sus empresas, pero no sab\u00eda nada de ellos. Esas entrevistas, adem\u00e1s, eran en directo, en televisi\u00f3n. Lo mismo que la entrevista a Zuchero, del que no sab\u00eda nada de nada, como qued\u00f3 patente. A Jordi Labanda lo entrevist\u00e9 para \u00a1Hola!. He trabajado para demasiados medios en mi vida. Y he hecho demasiadas entrevistas. Demasiadas cosas, todas a medias. Todo medio mal. A pesar de los a\u00f1os, no aprendo. Bueno, no es cierto. Siempre tengo la esperanza de hacerlo bien. Pero hacerlo bien es muy dif\u00edcil. Me gusta el riesgo de intentarlo.<\/p>\n<p><img decoding=\"async\" class=\"aligncenter size-full wp-image-17278\" src=\"https:\/\/www.km77.com\/revista\/wp-content\/uploads\/2018\/07\/0-IMG_3015.jpg\" alt=\"\" width=\"700\" height=\"467\" srcset=\"https:\/\/www.km77.com\/revista\/wp-content\/uploads\/2018\/07\/0-IMG_3015.jpg 700w, https:\/\/www.km77.com\/revista\/wp-content\/uploads\/2018\/07\/0-IMG_3015-480x320.jpg 480w\" sizes=\"(min-width: 0px) and (max-width: 480px) 480px, (min-width: 481px) 700px, 100vw\" \/><\/p>\n<p><a href=\"https:\/\/www.lacondesa.es\/\">La Condesa<\/a>, se lo crean ustedes o no, es una marca de ropa. En realidad, si quiero hablar con propiedad, debiera decirlo de otra manera. Pero no s\u00e9 cu\u00e1l es la manera correcta. Probablemente si dijera que La Condesa es una firma de moda o una empresa que dise\u00f1a y vende moda o ropa, estar\u00eda algo mejor dicho. Pero tampoco es la expresi\u00f3n que busco. Porque a m\u00ed no me parece que La Condesa sea una firma de moda. La moda me suena a algo ef\u00edmero. Tampoco es una firma de dise\u00f1o, porque tambi\u00e9n fabrican y venden. De moda nada. Para La Condesa adivino y vaticino una vida largu\u00edsima.<\/p>\n<p><img decoding=\"async\" class=\"aligncenter size-full wp-image-17288\" src=\"https:\/\/www.km77.com\/revista\/wp-content\/uploads\/2018\/07\/0-IMG_2996.jpg\" alt=\"\" width=\"700\" height=\"467\" srcset=\"https:\/\/www.km77.com\/revista\/wp-content\/uploads\/2018\/07\/0-IMG_2996.jpg 700w, https:\/\/www.km77.com\/revista\/wp-content\/uploads\/2018\/07\/0-IMG_2996-480x320.jpg 480w\" sizes=\"(min-width: 0px) and (max-width: 480px) 480px, (min-width: 481px) 700px, 100vw\" \/><\/p>\n<p>Hoy ha sido el d\u00eda en el que me iban a venir a recoger a casa. Y han venido. Luego hemos ido a recoger a Marina Conde a su casa y desde all\u00ed hemos ido a IFEMA porque hoy tambi\u00e9n era el d\u00eda del desfile de La Condesa. El resto era an\u00e9cdota. La realidad es que no he hecho la entrevista a Marina Conde. O, mejor dicho. No he terminado la entrevista. S\u00ed la he empezado. Pero a mitad de la entrevista han llamado por tel\u00e9fono a Marina y a partir de ah\u00ed el programa previsto se ha trastocado.<\/p>\n<p>En lugar de ir a IFEMA, me he ido a mi casa a por un coche para ir a Legan\u00e9s a buscar unas pegatinas que necesitaban para el desfile. Hac\u00eda falta alguien que echara una mano y qui\u00e9n mejor que yo para hacerlo. \u00bfPor qu\u00e9 me he ofrecido a ir a Legan\u00e9s? La respuesta es f\u00e1cil. Porque soy as\u00ed. Pero en este caso, adem\u00e1s, porque me hab\u00eda enamorado. Enamorado del torbellino rubio que ha posado dulcemente delante del Mercedes sin aspavientos ni quejas a pesar de las horas y del lugar y que ha respondido a mis preguntas con un detalle y un amor inexpugnables. Tan inexpugnables que he sucumbido.<\/p>\n<p><img decoding=\"async\" class=\"aligncenter size-full wp-image-17279\" src=\"https:\/\/www.km77.com\/revista\/wp-content\/uploads\/2018\/07\/0-IMG_3012.jpg\" alt=\"\" width=\"700\" height=\"467\" srcset=\"https:\/\/www.km77.com\/revista\/wp-content\/uploads\/2018\/07\/0-IMG_3012.jpg 700w, https:\/\/www.km77.com\/revista\/wp-content\/uploads\/2018\/07\/0-IMG_3012-480x320.jpg 480w\" sizes=\"(min-width: 0px) and (max-width: 480px) 480px, (min-width: 481px) 700px, 100vw\" \/><\/p>\n<p>Gracias a que he ido a Legan\u00e9s, luego he podido situarme donde los fot\u00f3grafos y hacer muchas fotos del desfile. Ya que estoy de confesiones, confieso que la ropa de Marina me gusta mucho. En un momento dado, en el camerino (o como se llame el lugar en el que toda la ropa est\u00e1 preparada para el desfile) Marina ha tirado de la punta de uno de sus vestidos y ha dicho: \u00abMuchas lentejuelas, mucha agua\u00bb.<\/p>\n<p><img decoding=\"async\" class=\"aligncenter size-full wp-image-17277\" src=\"https:\/\/www.km77.com\/revista\/wp-content\/uploads\/2018\/07\/0-IMG_3016.jpg\" alt=\"\" width=\"700\" height=\"467\" srcset=\"https:\/\/www.km77.com\/revista\/wp-content\/uploads\/2018\/07\/0-IMG_3016.jpg 700w, https:\/\/www.km77.com\/revista\/wp-content\/uploads\/2018\/07\/0-IMG_3016-480x320.jpg 480w\" sizes=\"(min-width: 0px) and (max-width: 480px) 480px, (min-width: 481px) 700px, 100vw\" \/><\/p>\n<p>Su acento, del que tambi\u00e9n me he enamorado, aunque no soy capaz de descifrar de d\u00f3nde es, tambi\u00e9n suena a agua. Como toda su ropa, como su pelo rubio y sus ojos. Y su forma de moverse, de explicarse. De pensar. Marina es un torbellino. Un torbellino dulce de lentejuelas de agua. Un amor.<\/p>\n<p><img decoding=\"async\" class=\"aligncenter size-full wp-image-17276\" src=\"https:\/\/www.km77.com\/revista\/wp-content\/uploads\/2018\/07\/0-IMG_3019.jpg\" alt=\"\" width=\"700\" height=\"467\" srcset=\"https:\/\/www.km77.com\/revista\/wp-content\/uploads\/2018\/07\/0-IMG_3019.jpg 700w, https:\/\/www.km77.com\/revista\/wp-content\/uploads\/2018\/07\/0-IMG_3019-480x320.jpg 480w\" sizes=\"(min-width: 0px) and (max-width: 480px) 480px, (min-width: 481px) 700px, 100vw\" \/><\/p>\n<p><img decoding=\"async\" class=\"aligncenter size-full wp-image-17275\" src=\"https:\/\/www.km77.com\/revista\/wp-content\/uploads\/2018\/07\/0-IMG_3020.jpg\" alt=\"\" width=\"700\" height=\"467\" srcset=\"https:\/\/www.km77.com\/revista\/wp-content\/uploads\/2018\/07\/0-IMG_3020.jpg 700w, https:\/\/www.km77.com\/revista\/wp-content\/uploads\/2018\/07\/0-IMG_3020-480x320.jpg 480w\" sizes=\"(min-width: 0px) and (max-width: 480px) 480px, (min-width: 481px) 700px, 100vw\" \/><\/p>\n<p>Antes del desfile, por lo que hab\u00eda visto en su web, pensaba que en La Condesa s\u00f3lo hac\u00edan chaquetas y bolsos. Soy un ignorante. Vean los vestidos y \u00aboutfits\u00bb (esta s\u00ed que es una palabra de especialista y no las que utilizo yo) que han desfilado hoy por el estanque azul de La Condesa.<\/p>\n<p><img decoding=\"async\" class=\"aligncenter size-full wp-image-17274\" src=\"https:\/\/www.km77.com\/revista\/wp-content\/uploads\/2018\/07\/0-IMG_3021.jpg\" alt=\"\" width=\"700\" height=\"467\" srcset=\"https:\/\/www.km77.com\/revista\/wp-content\/uploads\/2018\/07\/0-IMG_3021.jpg 700w, https:\/\/www.km77.com\/revista\/wp-content\/uploads\/2018\/07\/0-IMG_3021-480x320.jpg 480w\" sizes=\"(min-width: 0px) and (max-width: 480px) 480px, (min-width: 481px) 700px, 100vw\" \/><\/p>\n<p><img decoding=\"async\" class=\"aligncenter size-full wp-image-17273\" src=\"https:\/\/www.km77.com\/revista\/wp-content\/uploads\/2018\/07\/0-IMG_3024.jpg\" alt=\"\" width=\"700\" height=\"467\" srcset=\"https:\/\/www.km77.com\/revista\/wp-content\/uploads\/2018\/07\/0-IMG_3024.jpg 700w, https:\/\/www.km77.com\/revista\/wp-content\/uploads\/2018\/07\/0-IMG_3024-480x320.jpg 480w\" sizes=\"(min-width: 0px) and (max-width: 480px) 480px, (min-width: 481px) 700px, 100vw\" \/><\/p>\n<p><img decoding=\"async\" class=\"aligncenter size-full wp-image-17272\" src=\"https:\/\/www.km77.com\/revista\/wp-content\/uploads\/2018\/07\/0-IMG_3028.jpg\" alt=\"\" width=\"700\" height=\"467\" srcset=\"https:\/\/www.km77.com\/revista\/wp-content\/uploads\/2018\/07\/0-IMG_3028.jpg 700w, https:\/\/www.km77.com\/revista\/wp-content\/uploads\/2018\/07\/0-IMG_3028-480x320.jpg 480w\" sizes=\"(min-width: 0px) and (max-width: 480px) 480px, (min-width: 481px) 700px, 100vw\" \/><\/p>\n<p><img decoding=\"async\" class=\"aligncenter size-full wp-image-17271\" src=\"https:\/\/www.km77.com\/revista\/wp-content\/uploads\/2018\/07\/0-IMG_3031.jpg\" alt=\"\" width=\"700\" height=\"467\" srcset=\"https:\/\/www.km77.com\/revista\/wp-content\/uploads\/2018\/07\/0-IMG_3031.jpg 700w, https:\/\/www.km77.com\/revista\/wp-content\/uploads\/2018\/07\/0-IMG_3031-480x320.jpg 480w\" sizes=\"(min-width: 0px) and (max-width: 480px) 480px, (min-width: 481px) 700px, 100vw\" \/><\/p>\n<p><img decoding=\"async\" class=\"aligncenter size-full wp-image-17270\" src=\"https:\/\/www.km77.com\/revista\/wp-content\/uploads\/2018\/07\/0-IMG_3032.jpg\" alt=\"\" width=\"700\" height=\"467\" srcset=\"https:\/\/www.km77.com\/revista\/wp-content\/uploads\/2018\/07\/0-IMG_3032.jpg 700w, https:\/\/www.km77.com\/revista\/wp-content\/uploads\/2018\/07\/0-IMG_3032-480x320.jpg 480w\" sizes=\"(min-width: 0px) and (max-width: 480px) 480px, (min-width: 481px) 700px, 100vw\" \/><\/p>\n<p><img decoding=\"async\" class=\"aligncenter size-full wp-image-17269\" src=\"https:\/\/www.km77.com\/revista\/wp-content\/uploads\/2018\/07\/0-IMG_3034.jpg\" alt=\"\" width=\"700\" height=\"467\" \/><\/p>\n<p><img decoding=\"async\" class=\"aligncenter size-full wp-image-17268\" src=\"https:\/\/www.km77.com\/revista\/wp-content\/uploads\/2018\/07\/0-IMG_3036.jpg\" alt=\"\" width=\"700\" height=\"467\" srcset=\"https:\/\/www.km77.com\/revista\/wp-content\/uploads\/2018\/07\/0-IMG_3036.jpg 700w, https:\/\/www.km77.com\/revista\/wp-content\/uploads\/2018\/07\/0-IMG_3036-480x320.jpg 480w\" sizes=\"(min-width: 0px) and (max-width: 480px) 480px, (min-width: 481px) 700px, 100vw\" \/> <img decoding=\"async\" class=\"aligncenter size-full wp-image-17267\" src=\"https:\/\/www.km77.com\/revista\/wp-content\/uploads\/2018\/07\/0-IMG_3037.jpg\" alt=\"\" width=\"700\" height=\"467\" srcset=\"https:\/\/www.km77.com\/revista\/wp-content\/uploads\/2018\/07\/0-IMG_3037.jpg 700w, https:\/\/www.km77.com\/revista\/wp-content\/uploads\/2018\/07\/0-IMG_3037-480x320.jpg 480w\" sizes=\"(min-width: 0px) and (max-width: 480px) 480px, (min-width: 481px) 700px, 100vw\" \/><\/p>\n<p><img decoding=\"async\" class=\"aligncenter size-full wp-image-17266\" src=\"https:\/\/www.km77.com\/revista\/wp-content\/uploads\/2018\/07\/0-IMG_3040.jpg\" alt=\"\" width=\"700\" height=\"467\" srcset=\"https:\/\/www.km77.com\/revista\/wp-content\/uploads\/2018\/07\/0-IMG_3040.jpg 700w, https:\/\/www.km77.com\/revista\/wp-content\/uploads\/2018\/07\/0-IMG_3040-480x320.jpg 480w\" sizes=\"(min-width: 0px) and (max-width: 480px) 480px, (min-width: 481px) 700px, 100vw\" \/><\/p>\n<p><img decoding=\"async\" class=\"aligncenter size-full wp-image-17265\" src=\"https:\/\/www.km77.com\/revista\/wp-content\/uploads\/2018\/07\/0-IMG_3043.jpg\" alt=\"\" width=\"700\" height=\"467\" srcset=\"https:\/\/www.km77.com\/revista\/wp-content\/uploads\/2018\/07\/0-IMG_3043.jpg 700w, https:\/\/www.km77.com\/revista\/wp-content\/uploads\/2018\/07\/0-IMG_3043-480x320.jpg 480w\" sizes=\"(min-width: 0px) and (max-width: 480px) 480px, (min-width: 481px) 700px, 100vw\" \/><\/p>\n<p><img decoding=\"async\" class=\"aligncenter size-full wp-image-17264\" src=\"https:\/\/www.km77.com\/revista\/wp-content\/uploads\/2018\/07\/0-IMG_3047.jpg\" alt=\"\" width=\"700\" height=\"467\" srcset=\"https:\/\/www.km77.com\/revista\/wp-content\/uploads\/2018\/07\/0-IMG_3047.jpg 700w, https:\/\/www.km77.com\/revista\/wp-content\/uploads\/2018\/07\/0-IMG_3047-480x320.jpg 480w\" sizes=\"(min-width: 0px) and (max-width: 480px) 480px, (min-width: 481px) 700px, 100vw\" \/><\/p>\n<p>&nbsp;<\/p>\n<p><img decoding=\"async\" class=\"aligncenter size-full wp-image-17262\" src=\"https:\/\/www.km77.com\/revista\/wp-content\/uploads\/2018\/07\/0-IMG_3050.jpg\" alt=\"\" width=\"700\" height=\"467\" srcset=\"https:\/\/www.km77.com\/revista\/wp-content\/uploads\/2018\/07\/0-IMG_3050.jpg 700w, https:\/\/www.km77.com\/revista\/wp-content\/uploads\/2018\/07\/0-IMG_3050-480x320.jpg 480w\" sizes=\"(min-width: 0px) and (max-width: 480px) 480px, (min-width: 481px) 700px, 100vw\" \/><\/p>\n<p><img decoding=\"async\" class=\"aligncenter size-full wp-image-17261\" src=\"https:\/\/www.km77.com\/revista\/wp-content\/uploads\/2018\/07\/0-IMG_3052.jpg\" alt=\"\" width=\"700\" height=\"467\" srcset=\"https:\/\/www.km77.com\/revista\/wp-content\/uploads\/2018\/07\/0-IMG_3052.jpg 700w, https:\/\/www.km77.com\/revista\/wp-content\/uploads\/2018\/07\/0-IMG_3052-480x320.jpg 480w\" sizes=\"(min-width: 0px) and (max-width: 480px) 480px, (min-width: 481px) 700px, 100vw\" \/><\/p>\n<p><img decoding=\"async\" class=\"aligncenter size-full wp-image-17260\" src=\"https:\/\/www.km77.com\/revista\/wp-content\/uploads\/2018\/07\/0-IMG_3059.jpg\" alt=\"\" width=\"700\" height=\"467\" srcset=\"https:\/\/www.km77.com\/revista\/wp-content\/uploads\/2018\/07\/0-IMG_3059.jpg 700w, https:\/\/www.km77.com\/revista\/wp-content\/uploads\/2018\/07\/0-IMG_3059-480x320.jpg 480w\" sizes=\"(min-width: 0px) and (max-width: 480px) 480px, (min-width: 481px) 700px, 100vw\" \/><\/p>\n<p><img decoding=\"async\" class=\"aligncenter size-full wp-image-17259\" src=\"https:\/\/www.km77.com\/revista\/wp-content\/uploads\/2018\/07\/0-IMG_3061.jpg\" alt=\"\" width=\"700\" height=\"467\" srcset=\"https:\/\/www.km77.com\/revista\/wp-content\/uploads\/2018\/07\/0-IMG_3061.jpg 700w, https:\/\/www.km77.com\/revista\/wp-content\/uploads\/2018\/07\/0-IMG_3061-480x320.jpg 480w\" sizes=\"(min-width: 0px) and (max-width: 480px) 480px, (min-width: 481px) 700px, 100vw\" \/><\/p>\n<p><img decoding=\"async\" class=\"aligncenter size-full wp-image-17258\" src=\"https:\/\/www.km77.com\/revista\/wp-content\/uploads\/2018\/07\/0-IMG_3062.jpg\" alt=\"\" width=\"700\" height=\"467\" srcset=\"https:\/\/www.km77.com\/revista\/wp-content\/uploads\/2018\/07\/0-IMG_3062.jpg 700w, https:\/\/www.km77.com\/revista\/wp-content\/uploads\/2018\/07\/0-IMG_3062-480x320.jpg 480w\" sizes=\"(min-width: 0px) and (max-width: 480px) 480px, (min-width: 481px) 700px, 100vw\" \/><\/p>\n<p><img decoding=\"async\" class=\"aligncenter size-full wp-image-17257\" src=\"https:\/\/www.km77.com\/revista\/wp-content\/uploads\/2018\/07\/0-IMG_3066.jpg\" alt=\"\" width=\"700\" height=\"467\" srcset=\"https:\/\/www.km77.com\/revista\/wp-content\/uploads\/2018\/07\/0-IMG_3066.jpg 700w, https:\/\/www.km77.com\/revista\/wp-content\/uploads\/2018\/07\/0-IMG_3066-480x320.jpg 480w\" sizes=\"(min-width: 0px) and (max-width: 480px) 480px, (min-width: 481px) 700px, 100vw\" \/><\/p>\n<p><img decoding=\"async\" class=\"aligncenter size-full wp-image-17256\" src=\"https:\/\/www.km77.com\/revista\/wp-content\/uploads\/2018\/07\/0-IMG_3068.jpg\" alt=\"\" width=\"700\" height=\"467\" srcset=\"https:\/\/www.km77.com\/revista\/wp-content\/uploads\/2018\/07\/0-IMG_3068.jpg 700w, https:\/\/www.km77.com\/revista\/wp-content\/uploads\/2018\/07\/0-IMG_3068-480x320.jpg 480w\" sizes=\"(min-width: 0px) and (max-width: 480px) 480px, (min-width: 481px) 700px, 100vw\" \/><\/p>\n<p><img decoding=\"async\" class=\"aligncenter size-full wp-image-17255\" src=\"https:\/\/www.km77.com\/revista\/wp-content\/uploads\/2018\/07\/0-IMG_3070.jpg\" alt=\"\" width=\"700\" height=\"467\" srcset=\"https:\/\/www.km77.com\/revista\/wp-content\/uploads\/2018\/07\/0-IMG_3070.jpg 700w, https:\/\/www.km77.com\/revista\/wp-content\/uploads\/2018\/07\/0-IMG_3070-480x320.jpg 480w\" sizes=\"(min-width: 0px) and (max-width: 480px) 480px, (min-width: 481px) 700px, 100vw\" \/><\/p>\n<p><img decoding=\"async\" class=\"aligncenter size-full wp-image-17254\" src=\"https:\/\/www.km77.com\/revista\/wp-content\/uploads\/2018\/07\/0-IMG_3072.jpg\" alt=\"\" width=\"700\" height=\"467\" srcset=\"https:\/\/www.km77.com\/revista\/wp-content\/uploads\/2018\/07\/0-IMG_3072.jpg 700w, https:\/\/www.km77.com\/revista\/wp-content\/uploads\/2018\/07\/0-IMG_3072-480x320.jpg 480w\" sizes=\"(min-width: 0px) and (max-width: 480px) 480px, (min-width: 481px) 700px, 100vw\" \/><\/p>\n<p><img decoding=\"async\" class=\"aligncenter size-full wp-image-17253\" src=\"https:\/\/www.km77.com\/revista\/wp-content\/uploads\/2018\/07\/0-IMG_3074.jpg\" alt=\"\" width=\"700\" height=\"467\" srcset=\"https:\/\/www.km77.com\/revista\/wp-content\/uploads\/2018\/07\/0-IMG_3074.jpg 700w, https:\/\/www.km77.com\/revista\/wp-content\/uploads\/2018\/07\/0-IMG_3074-480x320.jpg 480w\" sizes=\"(min-width: 0px) and (max-width: 480px) 480px, (min-width: 481px) 700px, 100vw\" \/><\/p>\n<p><img decoding=\"async\" class=\"aligncenter size-full wp-image-17252\" src=\"https:\/\/www.km77.com\/revista\/wp-content\/uploads\/2018\/07\/0-IMG_3078.jpg\" alt=\"\" width=\"700\" height=\"467\" srcset=\"https:\/\/www.km77.com\/revista\/wp-content\/uploads\/2018\/07\/0-IMG_3078.jpg 700w, https:\/\/www.km77.com\/revista\/wp-content\/uploads\/2018\/07\/0-IMG_3078-480x320.jpg 480w\" sizes=\"(min-width: 0px) and (max-width: 480px) 480px, (min-width: 481px) 700px, 100vw\" \/><\/p>\n<p><img decoding=\"async\" class=\"aligncenter size-full wp-image-17251\" src=\"https:\/\/www.km77.com\/revista\/wp-content\/uploads\/2018\/07\/0-IMG_3079.jpg\" alt=\"\" width=\"700\" height=\"467\" srcset=\"https:\/\/www.km77.com\/revista\/wp-content\/uploads\/2018\/07\/0-IMG_3079.jpg 700w, https:\/\/www.km77.com\/revista\/wp-content\/uploads\/2018\/07\/0-IMG_3079-480x320.jpg 480w\" sizes=\"(min-width: 0px) and (max-width: 480px) 480px, (min-width: 481px) 700px, 100vw\" \/><\/p>\n<p><img decoding=\"async\" class=\"aligncenter size-full wp-image-17250\" src=\"https:\/\/www.km77.com\/revista\/wp-content\/uploads\/2018\/07\/0-IMG_3080.jpg\" alt=\"\" width=\"700\" height=\"467\" srcset=\"https:\/\/www.km77.com\/revista\/wp-content\/uploads\/2018\/07\/0-IMG_3080.jpg 700w, https:\/\/www.km77.com\/revista\/wp-content\/uploads\/2018\/07\/0-IMG_3080-480x320.jpg 480w\" sizes=\"(min-width: 0px) and (max-width: 480px) 480px, (min-width: 481px) 700px, 100vw\" \/><\/p>\n<p><img decoding=\"async\" class=\"aligncenter size-full wp-image-17249\" src=\"https:\/\/www.km77.com\/revista\/wp-content\/uploads\/2018\/07\/0-IMG_3083.jpg\" alt=\"\" width=\"700\" height=\"467\" srcset=\"https:\/\/www.km77.com\/revista\/wp-content\/uploads\/2018\/07\/0-IMG_3083.jpg 700w, https:\/\/www.km77.com\/revista\/wp-content\/uploads\/2018\/07\/0-IMG_3083-480x320.jpg 480w\" sizes=\"(min-width: 0px) and (max-width: 480px) 480px, (min-width: 481px) 700px, 100vw\" \/><\/p>\n<p><img decoding=\"async\" class=\"aligncenter size-full wp-image-17248\" src=\"https:\/\/www.km77.com\/revista\/wp-content\/uploads\/2018\/07\/0-IMG_3088.jpg\" alt=\"\" width=\"700\" height=\"467\" srcset=\"https:\/\/www.km77.com\/revista\/wp-content\/uploads\/2018\/07\/0-IMG_3088.jpg 700w, https:\/\/www.km77.com\/revista\/wp-content\/uploads\/2018\/07\/0-IMG_3088-480x320.jpg 480w\" sizes=\"(min-width: 0px) and (max-width: 480px) 480px, (min-width: 481px) 700px, 100vw\" \/><\/p>\n<p><img decoding=\"async\" class=\"aligncenter size-full wp-image-17247\" src=\"https:\/\/www.km77.com\/revista\/wp-content\/uploads\/2018\/07\/0-IMG_3090.jpg\" alt=\"\" width=\"700\" height=\"467\" \/><\/p>\n<p><img decoding=\"async\" class=\"aligncenter size-full wp-image-17246\" src=\"https:\/\/www.km77.com\/revista\/wp-content\/uploads\/2018\/07\/0-IMG_3095.jpg\" alt=\"\" width=\"700\" height=\"467\" srcset=\"https:\/\/www.km77.com\/revista\/wp-content\/uploads\/2018\/07\/0-IMG_3095.jpg 700w, https:\/\/www.km77.com\/revista\/wp-content\/uploads\/2018\/07\/0-IMG_3095-480x320.jpg 480w\" sizes=\"(min-width: 0px) and (max-width: 480px) 480px, (min-width: 481px) 700px, 100vw\" \/><\/p>\n<p><img decoding=\"async\" class=\"aligncenter size-full wp-image-17245\" src=\"https:\/\/www.km77.com\/revista\/wp-content\/uploads\/2018\/07\/0-IMG_3097.jpg\" alt=\"\" width=\"700\" height=\"467\" srcset=\"https:\/\/www.km77.com\/revista\/wp-content\/uploads\/2018\/07\/0-IMG_3097.jpg 700w, https:\/\/www.km77.com\/revista\/wp-content\/uploads\/2018\/07\/0-IMG_3097-480x320.jpg 480w\" sizes=\"(min-width: 0px) and (max-width: 480px) 480px, (min-width: 481px) 700px, 100vw\" \/><\/p>\n<p><img decoding=\"async\" class=\"aligncenter size-full wp-image-17244\" src=\"https:\/\/www.km77.com\/revista\/wp-content\/uploads\/2018\/07\/0-IMG_3101.jpg\" alt=\"\" width=\"700\" height=\"467\" srcset=\"https:\/\/www.km77.com\/revista\/wp-content\/uploads\/2018\/07\/0-IMG_3101.jpg 700w, https:\/\/www.km77.com\/revista\/wp-content\/uploads\/2018\/07\/0-IMG_3101-480x320.jpg 480w\" sizes=\"(min-width: 0px) and (max-width: 480px) 480px, (min-width: 481px) 700px, 100vw\" \/><\/p>\n<p><img decoding=\"async\" class=\"aligncenter size-full wp-image-17243\" src=\"https:\/\/www.km77.com\/revista\/wp-content\/uploads\/2018\/07\/0-IMG_3102.jpg\" alt=\"\" width=\"700\" height=\"467\" srcset=\"https:\/\/www.km77.com\/revista\/wp-content\/uploads\/2018\/07\/0-IMG_3102.jpg 700w, https:\/\/www.km77.com\/revista\/wp-content\/uploads\/2018\/07\/0-IMG_3102-480x320.jpg 480w\" sizes=\"(min-width: 0px) and (max-width: 480px) 480px, (min-width: 481px) 700px, 100vw\" \/><\/p>\n<p><img decoding=\"async\" class=\"aligncenter size-full wp-image-17242\" src=\"https:\/\/www.km77.com\/revista\/wp-content\/uploads\/2018\/07\/0-IMG_3104.jpg\" alt=\"\" width=\"700\" height=\"467\" srcset=\"https:\/\/www.km77.com\/revista\/wp-content\/uploads\/2018\/07\/0-IMG_3104.jpg 700w, https:\/\/www.km77.com\/revista\/wp-content\/uploads\/2018\/07\/0-IMG_3104-480x320.jpg 480w\" sizes=\"(min-width: 0px) and (max-width: 480px) 480px, (min-width: 481px) 700px, 100vw\" \/><\/p>\n<p><img decoding=\"async\" class=\"aligncenter size-full wp-image-17241\" src=\"https:\/\/www.km77.com\/revista\/wp-content\/uploads\/2018\/07\/0-IMG_3106.jpg\" alt=\"\" width=\"700\" height=\"467\" srcset=\"https:\/\/www.km77.com\/revista\/wp-content\/uploads\/2018\/07\/0-IMG_3106.jpg 700w, https:\/\/www.km77.com\/revista\/wp-content\/uploads\/2018\/07\/0-IMG_3106-480x320.jpg 480w\" sizes=\"(min-width: 0px) and (max-width: 480px) 480px, (min-width: 481px) 700px, 100vw\" \/><\/p>\n<p><img decoding=\"async\" class=\"aligncenter size-full wp-image-17240\" src=\"https:\/\/www.km77.com\/revista\/wp-content\/uploads\/2018\/07\/0-IMG_3108.jpg\" alt=\"\" width=\"700\" height=\"467\" srcset=\"https:\/\/www.km77.com\/revista\/wp-content\/uploads\/2018\/07\/0-IMG_3108.jpg 700w, https:\/\/www.km77.com\/revista\/wp-content\/uploads\/2018\/07\/0-IMG_3108-480x320.jpg 480w\" sizes=\"(min-width: 0px) and (max-width: 480px) 480px, (min-width: 481px) 700px, 100vw\" \/><\/p>\n<p><img decoding=\"async\" class=\"aligncenter size-full wp-image-17239\" src=\"https:\/\/www.km77.com\/revista\/wp-content\/uploads\/2018\/07\/0-IMG_3110.jpg\" alt=\"\" width=\"700\" height=\"467\" srcset=\"https:\/\/www.km77.com\/revista\/wp-content\/uploads\/2018\/07\/0-IMG_3110.jpg 700w, https:\/\/www.km77.com\/revista\/wp-content\/uploads\/2018\/07\/0-IMG_3110-480x320.jpg 480w\" sizes=\"(min-width: 0px) and (max-width: 480px) 480px, (min-width: 481px) 700px, 100vw\" \/><\/p>\n<p><img decoding=\"async\" class=\"aligncenter size-full wp-image-17238\" src=\"https:\/\/www.km77.com\/revista\/wp-content\/uploads\/2018\/07\/0-IMG_3112.jpg\" alt=\"\" width=\"700\" height=\"467\" srcset=\"https:\/\/www.km77.com\/revista\/wp-content\/uploads\/2018\/07\/0-IMG_3112.jpg 700w, https:\/\/www.km77.com\/revista\/wp-content\/uploads\/2018\/07\/0-IMG_3112-480x320.jpg 480w\" sizes=\"(min-width: 0px) and (max-width: 480px) 480px, (min-width: 481px) 700px, 100vw\" \/><\/p>\n<p><img decoding=\"async\" class=\"aligncenter size-full wp-image-17237\" src=\"https:\/\/www.km77.com\/revista\/wp-content\/uploads\/2018\/07\/0-IMG_3114.jpg\" alt=\"\" width=\"700\" height=\"467\" srcset=\"https:\/\/www.km77.com\/revista\/wp-content\/uploads\/2018\/07\/0-IMG_3114.jpg 700w, https:\/\/www.km77.com\/revista\/wp-content\/uploads\/2018\/07\/0-IMG_3114-480x320.jpg 480w\" sizes=\"(min-width: 0px) and (max-width: 480px) 480px, (min-width: 481px) 700px, 100vw\" \/><\/p>\n<p><img decoding=\"async\" class=\"aligncenter size-full wp-image-17236\" src=\"https:\/\/www.km77.com\/revista\/wp-content\/uploads\/2018\/07\/0-IMG_3118.jpg\" alt=\"\" width=\"700\" height=\"467\" \/><\/p>\n<p><img decoding=\"async\" class=\"aligncenter size-full wp-image-17235\" src=\"https:\/\/www.km77.com\/revista\/wp-content\/uploads\/2018\/07\/0-IMG_3119.jpg\" alt=\"\" width=\"700\" height=\"467\" srcset=\"https:\/\/www.km77.com\/revista\/wp-content\/uploads\/2018\/07\/0-IMG_3119.jpg 700w, https:\/\/www.km77.com\/revista\/wp-content\/uploads\/2018\/07\/0-IMG_3119-480x320.jpg 480w\" sizes=\"(min-width: 0px) and (max-width: 480px) 480px, (min-width: 481px) 700px, 100vw\" \/><\/p>\n<p><img decoding=\"async\" class=\"aligncenter size-full wp-image-17234\" src=\"https:\/\/www.km77.com\/revista\/wp-content\/uploads\/2018\/07\/0-IMG_3121.jpg\" alt=\"\" width=\"700\" height=\"467\" \/><\/p>\n<p><img decoding=\"async\" class=\"aligncenter size-full wp-image-17233\" src=\"https:\/\/www.km77.com\/revista\/wp-content\/uploads\/2018\/07\/0-IMG_3128.jpg\" alt=\"\" width=\"700\" height=\"467\" srcset=\"https:\/\/www.km77.com\/revista\/wp-content\/uploads\/2018\/07\/0-IMG_3128.jpg 700w, https:\/\/www.km77.com\/revista\/wp-content\/uploads\/2018\/07\/0-IMG_3128-480x320.jpg 480w\" sizes=\"(min-width: 0px) and (max-width: 480px) 480px, (min-width: 481px) 700px, 100vw\" \/><\/p>\n<p><img decoding=\"async\" class=\"aligncenter size-full wp-image-17232\" src=\"https:\/\/www.km77.com\/revista\/wp-content\/uploads\/2018\/07\/0-IMG_3129.jpg\" alt=\"\" width=\"700\" height=\"467\" srcset=\"https:\/\/www.km77.com\/revista\/wp-content\/uploads\/2018\/07\/0-IMG_3129.jpg 700w, https:\/\/www.km77.com\/revista\/wp-content\/uploads\/2018\/07\/0-IMG_3129-480x320.jpg 480w\" sizes=\"(min-width: 0px) and (max-width: 480px) 480px, (min-width: 481px) 700px, 100vw\" \/><\/p>\n<p><img decoding=\"async\" class=\"aligncenter size-full wp-image-17231\" src=\"https:\/\/www.km77.com\/revista\/wp-content\/uploads\/2018\/07\/0-IMG_3134.jpg\" alt=\"\" width=\"700\" height=\"467\" srcset=\"https:\/\/www.km77.com\/revista\/wp-content\/uploads\/2018\/07\/0-IMG_3134.jpg 700w, https:\/\/www.km77.com\/revista\/wp-content\/uploads\/2018\/07\/0-IMG_3134-480x320.jpg 480w\" sizes=\"(min-width: 0px) and (max-width: 480px) 480px, (min-width: 481px) 700px, 100vw\" \/><\/p>\n","protected":false},"excerpt":{"rendered":"<p>Vivo en un mundo disparatado en el que un d\u00eda suena el tel\u00e9fono y el director de comunicaci\u00f3n de Mercedes-Benz me ofrece entrevistar a Marina Conde, dise\u00f1adora, fundadora, propietaria y torbellino de La Condesa. Me ofrece un reportaje al estilo de mis reportajes de \u00abEl ch\u00f3fer de&#8230;\u00ab, pero sin hacer de ch\u00f3fer. \u00abTe recogen primero [&hellip;]<\/p>\n","protected":false},"author":72,"featured_media":17261,"comment_status":"open","ping_status":"open","sticky":false,"template":"","format":"standard","meta":{"_et_pb_use_builder":"","_et_pb_old_content":"","_et_gb_content_width":"","footnotes":""},"categories":[3915],"tags":[7975,3634,3632,3631,2023,3633],"class_list":["post-17225","post","type-post","status-publish","format-standard","has-post-thumbnail","hentry","category-teletransporte","tag-de-todo-un-poco","tag-ifema","tag-la-condesa","tag-marina-conde","tag-mercedes-benz","tag-mercedes-benz-fashion-week"],"yoast_head":"<!-- This site is optimized with the Yoast SEO plugin v27.8 - https:\/\/yoast.com\/product\/yoast-seo-wordpress\/ -->\n<title>Mercedes-Benz Fashion Week. Confieso. Me he enamorado de La Condesa. - Revista km77<\/title>\n<meta name=\"robots\" content=\"index, follow, max-snippet:-1, max-image-preview:large, max-video-preview:-1\" \/>\n<link rel=\"canonical\" href=\"https:\/\/www.km77.com\/revista\/teletransporte\/mercedes-benz-fashion-week-confieso-me-he-enamorado-de-la-condesa\/\" \/>\n<meta property=\"og:locale\" content=\"es_ES\" \/>\n<meta property=\"og:type\" content=\"article\" \/>\n<meta property=\"og:title\" content=\"Mercedes-Benz Fashion Week. Confieso. Me he enamorado de La Condesa. - Revista km77\" \/>\n<meta property=\"og:description\" content=\"Vivo en un mundo disparatado en el que un d\u00eda suena el tel\u00e9fono y el director de comunicaci\u00f3n de Mercedes-Benz me ofrece entrevistar a Marina Conde, dise\u00f1adora, fundadora, propietaria y torbellino de La Condesa. Me ofrece un reportaje al estilo de mis reportajes de \u00abEl ch\u00f3fer de&#8230;\u00ab, pero sin hacer de ch\u00f3fer. \u00abTe recogen primero [&hellip;]\" \/>\n<meta property=\"og:url\" content=\"https:\/\/www.km77.com\/revista\/teletransporte\/mercedes-benz-fashion-week-confieso-me-he-enamorado-de-la-condesa\/\" \/>\n<meta property=\"og:site_name\" content=\"Revista km77\" \/>\n<meta property=\"article:published_time\" content=\"2018-07-12T21:58:05+00:00\" \/>\n<meta property=\"article:modified_time\" content=\"2021-03-31T17:48:02+00:00\" \/>\n<meta property=\"og:image\" content=\"https:\/\/www.km77.com\/revista\/wp-content\/uploads\/2018\/07\/0-IMG_3052.jpg\" \/>\n\t<meta property=\"og:image:width\" content=\"700\" \/>\n\t<meta property=\"og:image:height\" content=\"467\" \/>\n\t<meta property=\"og:image:type\" content=\"image\/jpeg\" \/>\n<meta name=\"author\" content=\"Javier Molt\u00f3\" \/>\n<meta name=\"twitter:card\" content=\"summary_large_image\" \/>\n<meta name=\"twitter:creator\" content=\"@Deportes1\" \/>\n<meta name=\"twitter:label1\" content=\"Escrito por\" \/>\n\t<meta name=\"twitter:data1\" content=\"Javier Molt\u00f3\" \/>\n\t<meta name=\"twitter:label2\" content=\"Tiempo de lectura\" \/>\n\t<meta name=\"twitter:data2\" content=\"4 minutos\" \/>\n<script type=\"application\/ld+json\" class=\"yoast-schema-graph\">{\"@context\":\"https:\\\/\\\/schema.org\",\"@graph\":[{\"@type\":\"Article\",\"@id\":\"https:\\\/\\\/www.km77.com\\\/revista\\\/teletransporte\\\/mercedes-benz-fashion-week-confieso-me-he-enamorado-de-la-condesa\\\/#article\",\"isPartOf\":{\"@id\":\"https:\\\/\\\/www.km77.com\\\/revista\\\/teletransporte\\\/mercedes-benz-fashion-week-confieso-me-he-enamorado-de-la-condesa\\\/\"},\"author\":{\"name\":\"Javier Molt\u00f3\",\"@id\":\"https:\\\/\\\/www.km77.com\\\/revista\\\/#\\\/schema\\\/person\\\/5486432b7ea45947b43a59fc275c96b8\"},\"headline\":\"Mercedes-Benz Fashion Week. Confieso. Me he enamorado de La Condesa.\",\"datePublished\":\"2018-07-12T21:58:05+00:00\",\"dateModified\":\"2021-03-31T17:48:02+00:00\",\"mainEntityOfPage\":{\"@id\":\"https:\\\/\\\/www.km77.com\\\/revista\\\/teletransporte\\\/mercedes-benz-fashion-week-confieso-me-he-enamorado-de-la-condesa\\\/\"},\"wordCount\":824,\"commentCount\":4,\"publisher\":{\"@id\":\"https:\\\/\\\/www.km77.com\\\/revista\\\/#organization\"},\"image\":{\"@id\":\"https:\\\/\\\/www.km77.com\\\/revista\\\/teletransporte\\\/mercedes-benz-fashion-week-confieso-me-he-enamorado-de-la-condesa\\\/#primaryimage\"},\"thumbnailUrl\":\"https:\\\/\\\/www.km77.com\\\/revista\\\/wp-content\\\/uploads\\\/2018\\\/07\\\/0-IMG_3052.jpg\",\"keywords\":[\"De todo un poco\",\"IFEMA\",\"La Condesa\",\"Marina Conde\",\"Mercedes-Benz\",\"Mercedes-Benz Fashion Week\"],\"articleSection\":[\"Teletransporte\"],\"inLanguage\":\"es\",\"potentialAction\":[{\"@type\":\"CommentAction\",\"name\":\"Comment\",\"target\":[\"https:\\\/\\\/www.km77.com\\\/revista\\\/teletransporte\\\/mercedes-benz-fashion-week-confieso-me-he-enamorado-de-la-condesa\\\/#respond\"]}]},{\"@type\":\"WebPage\",\"@id\":\"https:\\\/\\\/www.km77.com\\\/revista\\\/teletransporte\\\/mercedes-benz-fashion-week-confieso-me-he-enamorado-de-la-condesa\\\/\",\"url\":\"https:\\\/\\\/www.km77.com\\\/revista\\\/teletransporte\\\/mercedes-benz-fashion-week-confieso-me-he-enamorado-de-la-condesa\\\/\",\"name\":\"Mercedes-Benz Fashion Week. Confieso. Me he enamorado de La Condesa. - Revista km77\",\"isPartOf\":{\"@id\":\"https:\\\/\\\/www.km77.com\\\/revista\\\/#website\"},\"primaryImageOfPage\":{\"@id\":\"https:\\\/\\\/www.km77.com\\\/revista\\\/teletransporte\\\/mercedes-benz-fashion-week-confieso-me-he-enamorado-de-la-condesa\\\/#primaryimage\"},\"image\":{\"@id\":\"https:\\\/\\\/www.km77.com\\\/revista\\\/teletransporte\\\/mercedes-benz-fashion-week-confieso-me-he-enamorado-de-la-condesa\\\/#primaryimage\"},\"thumbnailUrl\":\"https:\\\/\\\/www.km77.com\\\/revista\\\/wp-content\\\/uploads\\\/2018\\\/07\\\/0-IMG_3052.jpg\",\"datePublished\":\"2018-07-12T21:58:05+00:00\",\"dateModified\":\"2021-03-31T17:48:02+00:00\",\"breadcrumb\":{\"@id\":\"https:\\\/\\\/www.km77.com\\\/revista\\\/teletransporte\\\/mercedes-benz-fashion-week-confieso-me-he-enamorado-de-la-condesa\\\/#breadcrumb\"},\"inLanguage\":\"es\",\"potentialAction\":[{\"@type\":\"ReadAction\",\"target\":[\"https:\\\/\\\/www.km77.com\\\/revista\\\/teletransporte\\\/mercedes-benz-fashion-week-confieso-me-he-enamorado-de-la-condesa\\\/\"]}]},{\"@type\":\"ImageObject\",\"inLanguage\":\"es\",\"@id\":\"https:\\\/\\\/www.km77.com\\\/revista\\\/teletransporte\\\/mercedes-benz-fashion-week-confieso-me-he-enamorado-de-la-condesa\\\/#primaryimage\",\"url\":\"https:\\\/\\\/www.km77.com\\\/revista\\\/wp-content\\\/uploads\\\/2018\\\/07\\\/0-IMG_3052.jpg\",\"contentUrl\":\"https:\\\/\\\/www.km77.com\\\/revista\\\/wp-content\\\/uploads\\\/2018\\\/07\\\/0-IMG_3052.jpg\",\"width\":700,\"height\":467},{\"@type\":\"BreadcrumbList\",\"@id\":\"https:\\\/\\\/www.km77.com\\\/revista\\\/teletransporte\\\/mercedes-benz-fashion-week-confieso-me-he-enamorado-de-la-condesa\\\/#breadcrumb\",\"itemListElement\":[{\"@type\":\"ListItem\",\"position\":1,\"name\":\"Revista km77\",\"item\":\"https:\\\/\\\/www.km77.com\\\/revista\\\/\"},{\"@type\":\"ListItem\",\"position\":2,\"name\":\"Teletransporte\",\"item\":\"https:\\\/\\\/www.km77.com\\\/revista\\\/teletransporte\\\/\"},{\"@type\":\"ListItem\",\"position\":3,\"name\":\"Mercedes-Benz Fashion Week. Confieso. Me he enamorado de La Condesa.\"}]},{\"@type\":\"WebSite\",\"@id\":\"https:\\\/\\\/www.km77.com\\\/revista\\\/#website\",\"url\":\"https:\\\/\\\/www.km77.com\\\/revista\\\/\",\"name\":\"Revista km77\",\"description\":\"Noticias y opiniones en km77\",\"publisher\":{\"@id\":\"https:\\\/\\\/www.km77.com\\\/revista\\\/#organization\"},\"potentialAction\":[{\"@type\":\"SearchAction\",\"target\":{\"@type\":\"EntryPoint\",\"urlTemplate\":\"https:\\\/\\\/www.km77.com\\\/revista\\\/?s={search_term_string}\"},\"query-input\":{\"@type\":\"PropertyValueSpecification\",\"valueRequired\":true,\"valueName\":\"search_term_string\"}}],\"inLanguage\":\"es\"},{\"@type\":\"Organization\",\"@id\":\"https:\\\/\\\/www.km77.com\\\/revista\\\/#organization\",\"name\":\"KM77\",\"url\":\"https:\\\/\\\/www.km77.com\\\/revista\\\/\",\"logo\":{\"@type\":\"ImageObject\",\"inLanguage\":\"es\",\"@id\":\"https:\\\/\\\/www.km77.com\\\/revista\\\/#\\\/schema\\\/logo\\\/image\\\/\",\"url\":\"https:\\\/\\\/www.km77.com\\\/revista\\\/wp-content\\\/uploads\\\/2021\\\/02\\\/logo-km77.png\",\"contentUrl\":\"https:\\\/\\\/www.km77.com\\\/revista\\\/wp-content\\\/uploads\\\/2021\\\/02\\\/logo-km77.png\",\"width\":100,\"height\":34,\"caption\":\"KM77\"},\"image\":{\"@id\":\"https:\\\/\\\/www.km77.com\\\/revista\\\/#\\\/schema\\\/logo\\\/image\\\/\"}},{\"@type\":\"Person\",\"@id\":\"https:\\\/\\\/www.km77.com\\\/revista\\\/#\\\/schema\\\/person\\\/5486432b7ea45947b43a59fc275c96b8\",\"name\":\"Javier Molt\u00f3\",\"image\":{\"@type\":\"ImageObject\",\"inLanguage\":\"es\",\"@id\":\"https:\\\/\\\/secure.gravatar.com\\\/avatar\\\/1c930880a58b8b56f4abb8c2797bdb266488614621319ddd0ab4ee365b10a72c?s=96&d=mm&r=g\",\"url\":\"https:\\\/\\\/secure.gravatar.com\\\/avatar\\\/1c930880a58b8b56f4abb8c2797bdb266488614621319ddd0ab4ee365b10a72c?s=96&d=mm&r=g\",\"contentUrl\":\"https:\\\/\\\/secure.gravatar.com\\\/avatar\\\/1c930880a58b8b56f4abb8c2797bdb266488614621319ddd0ab4ee365b10a72c?s=96&d=mm&r=g\",\"caption\":\"Javier Molt\u00f3\"},\"description\":\"Empec\u00e9 a trabajar como periodista probador de coches en 1985, en la revista AutoHebdo. Despu\u00e9s trabaj\u00e9 en Coche Actual y Motor16. Desde 1994 a 1999 inform\u00e9 de asuntos econ\u00f3micos tanto en Madrid como en Londres, donde trabaj\u00e9 en Bloomberg. En 1999 fund\u00e9 km77.com, empresa con la que sigo empe\u00f1ado en el objetivo de dar la mejor informaci\u00f3n de coches de la que somos capaces.\",\"sameAs\":[\"https:\\\/\\\/x.com\\\/Deportes1\"],\"url\":\"https:\\\/\\\/www.km77.com\\\/revista\\\/author\\\/teletransporte\\\/\"}]}<\/script>\n<!-- \/ Yoast SEO plugin. -->","yoast_head_json":{"title":"Mercedes-Benz Fashion Week. Confieso. Me he enamorado de La Condesa. - Revista km77","robots":{"index":"index","follow":"follow","max-snippet":"max-snippet:-1","max-image-preview":"max-image-preview:large","max-video-preview":"max-video-preview:-1"},"canonical":"https:\/\/www.km77.com\/revista\/teletransporte\/mercedes-benz-fashion-week-confieso-me-he-enamorado-de-la-condesa\/","og_locale":"es_ES","og_type":"article","og_title":"Mercedes-Benz Fashion Week. Confieso. Me he enamorado de La Condesa. - Revista km77","og_description":"Vivo en un mundo disparatado en el que un d\u00eda suena el tel\u00e9fono y el director de comunicaci\u00f3n de Mercedes-Benz me ofrece entrevistar a Marina Conde, dise\u00f1adora, fundadora, propietaria y torbellino de La Condesa. Me ofrece un reportaje al estilo de mis reportajes de \u00abEl ch\u00f3fer de&#8230;\u00ab, pero sin hacer de ch\u00f3fer. \u00abTe recogen primero [&hellip;]","og_url":"https:\/\/www.km77.com\/revista\/teletransporte\/mercedes-benz-fashion-week-confieso-me-he-enamorado-de-la-condesa\/","og_site_name":"Revista km77","article_published_time":"2018-07-12T21:58:05+00:00","article_modified_time":"2021-03-31T17:48:02+00:00","og_image":[{"width":700,"height":467,"url":"https:\/\/www.km77.com\/revista\/wp-content\/uploads\/2018\/07\/0-IMG_3052.jpg","type":"image\/jpeg"}],"author":"Javier Molt\u00f3","twitter_card":"summary_large_image","twitter_creator":"@Deportes1","twitter_misc":{"Escrito por":"Javier Molt\u00f3","Tiempo de lectura":"4 minutos"},"schema":{"@context":"https:\/\/schema.org","@graph":[{"@type":"Article","@id":"https:\/\/www.km77.com\/revista\/teletransporte\/mercedes-benz-fashion-week-confieso-me-he-enamorado-de-la-condesa\/#article","isPartOf":{"@id":"https:\/\/www.km77.com\/revista\/teletransporte\/mercedes-benz-fashion-week-confieso-me-he-enamorado-de-la-condesa\/"},"author":{"name":"Javier Molt\u00f3","@id":"https:\/\/www.km77.com\/revista\/#\/schema\/person\/5486432b7ea45947b43a59fc275c96b8"},"headline":"Mercedes-Benz Fashion Week. Confieso. Me he enamorado de La Condesa.","datePublished":"2018-07-12T21:58:05+00:00","dateModified":"2021-03-31T17:48:02+00:00","mainEntityOfPage":{"@id":"https:\/\/www.km77.com\/revista\/teletransporte\/mercedes-benz-fashion-week-confieso-me-he-enamorado-de-la-condesa\/"},"wordCount":824,"commentCount":4,"publisher":{"@id":"https:\/\/www.km77.com\/revista\/#organization"},"image":{"@id":"https:\/\/www.km77.com\/revista\/teletransporte\/mercedes-benz-fashion-week-confieso-me-he-enamorado-de-la-condesa\/#primaryimage"},"thumbnailUrl":"https:\/\/www.km77.com\/revista\/wp-content\/uploads\/2018\/07\/0-IMG_3052.jpg","keywords":["De todo un poco","IFEMA","La Condesa","Marina Conde","Mercedes-Benz","Mercedes-Benz Fashion Week"],"articleSection":["Teletransporte"],"inLanguage":"es","potentialAction":[{"@type":"CommentAction","name":"Comment","target":["https:\/\/www.km77.com\/revista\/teletransporte\/mercedes-benz-fashion-week-confieso-me-he-enamorado-de-la-condesa\/#respond"]}]},{"@type":"WebPage","@id":"https:\/\/www.km77.com\/revista\/teletransporte\/mercedes-benz-fashion-week-confieso-me-he-enamorado-de-la-condesa\/","url":"https:\/\/www.km77.com\/revista\/teletransporte\/mercedes-benz-fashion-week-confieso-me-he-enamorado-de-la-condesa\/","name":"Mercedes-Benz Fashion Week. Confieso. Me he enamorado de La Condesa. - Revista km77","isPartOf":{"@id":"https:\/\/www.km77.com\/revista\/#website"},"primaryImageOfPage":{"@id":"https:\/\/www.km77.com\/revista\/teletransporte\/mercedes-benz-fashion-week-confieso-me-he-enamorado-de-la-condesa\/#primaryimage"},"image":{"@id":"https:\/\/www.km77.com\/revista\/teletransporte\/mercedes-benz-fashion-week-confieso-me-he-enamorado-de-la-condesa\/#primaryimage"},"thumbnailUrl":"https:\/\/www.km77.com\/revista\/wp-content\/uploads\/2018\/07\/0-IMG_3052.jpg","datePublished":"2018-07-12T21:58:05+00:00","dateModified":"2021-03-31T17:48:02+00:00","breadcrumb":{"@id":"https:\/\/www.km77.com\/revista\/teletransporte\/mercedes-benz-fashion-week-confieso-me-he-enamorado-de-la-condesa\/#breadcrumb"},"inLanguage":"es","potentialAction":[{"@type":"ReadAction","target":["https:\/\/www.km77.com\/revista\/teletransporte\/mercedes-benz-fashion-week-confieso-me-he-enamorado-de-la-condesa\/"]}]},{"@type":"ImageObject","inLanguage":"es","@id":"https:\/\/www.km77.com\/revista\/teletransporte\/mercedes-benz-fashion-week-confieso-me-he-enamorado-de-la-condesa\/#primaryimage","url":"https:\/\/www.km77.com\/revista\/wp-content\/uploads\/2018\/07\/0-IMG_3052.jpg","contentUrl":"https:\/\/www.km77.com\/revista\/wp-content\/uploads\/2018\/07\/0-IMG_3052.jpg","width":700,"height":467},{"@type":"BreadcrumbList","@id":"https:\/\/www.km77.com\/revista\/teletransporte\/mercedes-benz-fashion-week-confieso-me-he-enamorado-de-la-condesa\/#breadcrumb","itemListElement":[{"@type":"ListItem","position":1,"name":"Revista km77","item":"https:\/\/www.km77.com\/revista\/"},{"@type":"ListItem","position":2,"name":"Teletransporte","item":"https:\/\/www.km77.com\/revista\/teletransporte\/"},{"@type":"ListItem","position":3,"name":"Mercedes-Benz Fashion Week. Confieso. Me he enamorado de La Condesa."}]},{"@type":"WebSite","@id":"https:\/\/www.km77.com\/revista\/#website","url":"https:\/\/www.km77.com\/revista\/","name":"Revista km77","description":"Noticias y opiniones en km77","publisher":{"@id":"https:\/\/www.km77.com\/revista\/#organization"},"potentialAction":[{"@type":"SearchAction","target":{"@type":"EntryPoint","urlTemplate":"https:\/\/www.km77.com\/revista\/?s={search_term_string}"},"query-input":{"@type":"PropertyValueSpecification","valueRequired":true,"valueName":"search_term_string"}}],"inLanguage":"es"},{"@type":"Organization","@id":"https:\/\/www.km77.com\/revista\/#organization","name":"KM77","url":"https:\/\/www.km77.com\/revista\/","logo":{"@type":"ImageObject","inLanguage":"es","@id":"https:\/\/www.km77.com\/revista\/#\/schema\/logo\/image\/","url":"https:\/\/www.km77.com\/revista\/wp-content\/uploads\/2021\/02\/logo-km77.png","contentUrl":"https:\/\/www.km77.com\/revista\/wp-content\/uploads\/2021\/02\/logo-km77.png","width":100,"height":34,"caption":"KM77"},"image":{"@id":"https:\/\/www.km77.com\/revista\/#\/schema\/logo\/image\/"}},{"@type":"Person","@id":"https:\/\/www.km77.com\/revista\/#\/schema\/person\/5486432b7ea45947b43a59fc275c96b8","name":"Javier Molt\u00f3","image":{"@type":"ImageObject","inLanguage":"es","@id":"https:\/\/secure.gravatar.com\/avatar\/1c930880a58b8b56f4abb8c2797bdb266488614621319ddd0ab4ee365b10a72c?s=96&d=mm&r=g","url":"https:\/\/secure.gravatar.com\/avatar\/1c930880a58b8b56f4abb8c2797bdb266488614621319ddd0ab4ee365b10a72c?s=96&d=mm&r=g","contentUrl":"https:\/\/secure.gravatar.com\/avatar\/1c930880a58b8b56f4abb8c2797bdb266488614621319ddd0ab4ee365b10a72c?s=96&d=mm&r=g","caption":"Javier Molt\u00f3"},"description":"Empec\u00e9 a trabajar como periodista probador de coches en 1985, en la revista AutoHebdo. Despu\u00e9s trabaj\u00e9 en Coche Actual y Motor16. Desde 1994 a 1999 inform\u00e9 de asuntos econ\u00f3micos tanto en Madrid como en Londres, donde trabaj\u00e9 en Bloomberg. En 1999 fund\u00e9 km77.com, empresa con la que sigo empe\u00f1ado en el objetivo de dar la mejor informaci\u00f3n de coches de la que somos capaces.","sameAs":["https:\/\/x.com\/Deportes1"],"url":"https:\/\/www.km77.com\/revista\/author\/teletransporte\/"}]}},"amp_enabled":true,"_links":{"self":[{"href":"https:\/\/www.km77.com\/revista\/wp-json\/wp\/v2\/posts\/17225","targetHints":{"allow":["GET"]}}],"collection":[{"href":"https:\/\/www.km77.com\/revista\/wp-json\/wp\/v2\/posts"}],"about":[{"href":"https:\/\/www.km77.com\/revista\/wp-json\/wp\/v2\/types\/post"}],"author":[{"embeddable":true,"href":"https:\/\/www.km77.com\/revista\/wp-json\/wp\/v2\/users\/72"}],"replies":[{"embeddable":true,"href":"https:\/\/www.km77.com\/revista\/wp-json\/wp\/v2\/comments?post=17225"}],"version-history":[{"count":1,"href":"https:\/\/www.km77.com\/revista\/wp-json\/wp\/v2\/posts\/17225\/revisions"}],"predecessor-version":[{"id":41017,"href":"https:\/\/www.km77.com\/revista\/wp-json\/wp\/v2\/posts\/17225\/revisions\/41017"}],"wp:featuredmedia":[{"embeddable":true,"href":"https:\/\/www.km77.com\/revista\/wp-json\/wp\/v2\/media\/17261"}],"wp:attachment":[{"href":"https:\/\/www.km77.com\/revista\/wp-json\/wp\/v2\/media?parent=17225"}],"wp:term":[{"taxonomy":"category","embeddable":true,"href":"https:\/\/www.km77.com\/revista\/wp-json\/wp\/v2\/categories?post=17225"},{"taxonomy":"post_tag","embeddable":true,"href":"https:\/\/www.km77.com\/revista\/wp-json\/wp\/v2\/tags?post=17225"}],"curies":[{"name":"wp","href":"https:\/\/api.w.org\/{rel}","templated":true}]}}