{"id":14753,"date":"2016-10-12T13:19:58","date_gmt":"2016-10-12T11:19:58","guid":{"rendered":"http:\/\/blogs.km77.com\/teletransporte\/?p=14753"},"modified":"2021-03-31T19:51:48","modified_gmt":"2021-03-31T17:51:48","slug":"tengan-cuidado-ahi-fuera-el-seguro-de-car2go-no-cubre-los-danos-al-conductor","status":"publish","type":"post","link":"https:\/\/www.km77.com\/revista\/teletransporte\/tengan-cuidado-ahi-fuera-el-seguro-de-car2go-no-cubre-los-danos-al-conductor\/","title":{"rendered":"\u00a1Tengan cuidado ah\u00ed fuera. El seguro de Car2Go no cubre los da\u00f1os al conductor!"},"content":{"rendered":"<p>Hace casi un a\u00f1o Car2Go inici\u00f3 su actividad en Madrid. <a href=\"https:\/\/www.km77.com\/revista\/teletransporte\/car2go-en-madrid-350-smart-electricos-a-019-e-el-minuto\/\">Cont\u00e9 mi experiencia el primer d\u00eda que estaba disponible el servicio<\/a> y desde entonces lo he utilizado regularmente. Es un servicio que funciona bien.\u00a0En ocasiones hay escasez de coches y en otras me ha dado problemas porque o bien no pod\u00eda abrir el coche mediante el m\u00f3vil o bien no pod\u00eda terminar el viaje, ya que no transmit\u00eda correctamente los datos de fin de viaje. Eso es lo m\u00e1s molesto. Cuando tienes prisa por dejar el coche y llegar a cualquier cita y el coche te obliga a esperar. En una ocasi\u00f3n tuve una discusi\u00f3n tensa con la operadora que me atendi\u00f3. Me exig\u00eda que no me moviera de al lado del coche hasta que no se cerrara y yo me negaba porque llegaba tarde.<br \/>\n<!--more--><\/p>\n<p>De lo que nunca me hab\u00eda preocupado por saber era\u00a0de cu\u00e1l era el seguro y las coberturas que ofrece\u00a0a los ocupantes del coche. Resulta que en <a href=\"http:\/\/www.arpem.com\/\">arpem.com<\/a>, la web especializada en seguros con la que trabajamos estrechamente en km77.com y de la que he adquirido recientemente una participaci\u00f3n mayoritaria, acaba de publicar que <a href=\"http:\/\/www.arpem.com\/noticias\/2016\/seguros\/informacion\/seguro-talon-de-aquiles-car2go-1595730-n.html\">el seguro de da\u00f1os propios de Car2Go no cubre los da\u00f1os f\u00edsicos del conductor<\/a>, es decir los da\u00f1os f\u00edsicos propios cuando eres el conductor\u00a0y eres culpable de un accidente.<\/p>\n<p>El mundo del seguro adquiere mucha importancia en la econom\u00eda colaborativa. Conocer bien los detalles de las p\u00f3lizas que nos amparan y nos protegen es cada d\u00eda m\u00e1s necesario. En Arpem estamos haciendo desde ya un esfuerzo considerable para informar con la misma dedicaci\u00f3n y rigor con la que informamos en km77.com, para que tengamos mejor conocimiento\u00a0de todo aquello que rodea a las p\u00f3lizas del seguro de coches.<\/p>\n<p>Yo no sab\u00eda que cuando me sub\u00eda a un Car2Go no estaba perfectamente protegido en caso de accidente. \u00bfSeguir\u00e9 utilizando los servicios de Car2Go a partir de ahora?\u00a0Tendr\u00e9 que pensarlo.<\/p>\n","protected":false},"excerpt":{"rendered":"<p>Hace casi un a\u00f1o Car2Go inici\u00f3 su actividad en Madrid. Cont\u00e9 mi experiencia el primer d\u00eda que estaba disponible el servicio y desde entonces lo he utilizado regularmente. Es un servicio que funciona bien.\u00a0En ocasiones hay escasez de coches y en otras me ha dado problemas porque o bien no pod\u00eda abrir el coche mediante [&hellip;]<\/p>\n","protected":false},"author":72,"featured_media":0,"comment_status":"open","ping_status":"open","sticky":false,"template":"","format":"standard","meta":{"_et_pb_use_builder":"","_et_pb_old_content":"","_et_gb_content_width":"","footnotes":""},"categories":[3915],"tags":[7993,7992,7991,8006],"class_list":["post-14753","post","type-post","status-publish","format-standard","hentry","category-teletransporte","tag-economia","tag-noticias","tag-seguridad","tag-seguros-de-automoviles"],"amp_enabled":true,"_links":{"self":[{"href":"https:\/\/www.km77.com\/revista\/wp-json\/wp\/v2\/posts\/14753","targetHints":{"allow":["GET"]}}],"collection":[{"href":"https:\/\/www.km77.com\/revista\/wp-json\/wp\/v2\/posts"}],"about":[{"href":"https:\/\/www.km77.com\/revista\/wp-json\/wp\/v2\/types\/post"}],"author":[{"embeddable":true,"href":"https:\/\/www.km77.com\/revista\/wp-json\/wp\/v2\/users\/72"}],"replies":[{"embeddable":true,"href":"https:\/\/www.km77.com\/revista\/wp-json\/wp\/v2\/comments?post=14753"}],"version-history":[{"count":1,"href":"https:\/\/www.km77.com\/revista\/wp-json\/wp\/v2\/posts\/14753\/revisions"}],"predecessor-version":[{"id":41381,"href":"https:\/\/www.km77.com\/revista\/wp-json\/wp\/v2\/posts\/14753\/revisions\/41381"}],"wp:attachment":[{"href":"https:\/\/www.km77.com\/revista\/wp-json\/wp\/v2\/media?parent=14753"}],"wp:term":[{"taxonomy":"category","embeddable":true,"href":"https:\/\/www.km77.com\/revista\/wp-json\/wp\/v2\/categories?post=14753"},{"taxonomy":"post_tag","embeddable":true,"href":"https:\/\/www.km77.com\/revista\/wp-json\/wp\/v2\/tags?post=14753"}],"curies":[{"name":"wp","href":"https:\/\/api.w.org\/{rel}","templated":true}]}}