{"id":14273,"date":"2009-12-28T19:06:52","date_gmt":"2009-12-28T18:06:52","guid":{"rendered":"http:\/\/blogs.km77.com\/lucascruz\/?p=3"},"modified":"2021-03-31T20:13:48","modified_gmt":"2021-03-31T18:13:48","slug":"en-el-dakar-2010-con-lucas-cruz-copiloto-de-carlos-sainz","status":"publish","type":"post","link":"https:\/\/www.km77.com\/revista\/engendro-mecanico\/en-el-dakar-2010-con-lucas-cruz-copiloto-de-carlos-sainz\/","title":{"rendered":"En el Dakar 2010 con Lucas Cruz, copiloto de Carlos Sainz"},"content":{"rendered":"<p>\u00bfQui\u00e9n mejor que el copiloto de Carlos Sainz para contarnos la \u201ctrastienda\u201d del  Dakar? A trav\u00e9s de esta p\u00e1gina, Lucas Cruz realizar\u00e1 una cr\u00f3nica diaria de la  carrera, contando an\u00e9cdotas y, sobre todo, dando una visi\u00f3n en directo de c\u00f3mo  viven la prueba sus protagonistas. Adem\u00e1s, Lucas contestar\u00e1 a todas vuestras  preguntas, ya sean de la carrera o de la propia participaci\u00f3n del  equipo.<br \/>\nNacido en 1974 en Barcelona, Lucas es el m\u00e1s  experimentado de los navegantes espa\u00f1oles que acuden al Dakar, prueba que ha  disputado ya en seis ocasiones. Su debut fue con Jos\u00e9 Luis Monterde en 2001,  consiguiendo ser los mejores debutantes del a\u00f1o con un Nissan. A partir de ah\u00ed  su carrera fue en ascenso hasta fichar en 2006 por el equipo oficial Mitsubishi  para acompa\u00f1ar a Nani Roma.<br \/>\nA principios de 2009 se pasaba a las filas de  Volkswagen para copilotar a Carlos Sainz. La pareja Sainz\/Cruz han disputado dos  carreras (Rallye dos Sertoes y Silk Way Rally) consiguiendo la victoria en  ambas. Parten como favoritos a la victoria en el Dakar 2010.<br \/>\n<img decoding=\"async\" class=\"alignnone size-full wp-image-4\" title=\"Carlos Sainz y lucas Cruz\" src=\"https:\/\/www.km77.com\/revista\/wp-content\/uploads\/2009\/12\/Carlos-Sainz-y-lucas-Cruz.jpg\" alt=\"Carlos Sainz y lucas Cruz\" width=\"700\" height=\"465\" \/><\/p>\n","protected":false},"excerpt":{"rendered":"<p>\u00bfQui\u00e9n mejor que el copiloto de Carlos Sainz para contarnos la \u201ctrastienda\u201d del Dakar? A trav\u00e9s de esta p\u00e1gina, Lucas Cruz realizar\u00e1 una cr\u00f3nica diaria de la carrera, contando an\u00e9cdotas y, sobre todo, dando una visi\u00f3n en directo de c\u00f3mo viven la prueba sus protagonistas. Adem\u00e1s, Lucas contestar\u00e1 a todas vuestras preguntas, ya sean de [&hellip;]<\/p>\n","protected":false},"author":48,"featured_media":0,"comment_status":"open","ping_status":"closed","sticky":false,"template":"","format":"standard","meta":{"_et_pb_use_builder":"","_et_pb_old_content":"","_et_gb_content_width":"","footnotes":""},"categories":[3912],"tags":[453,663,928,7876,1870],"class_list":["post-14273","post","type-post","status-publish","format-standard","hentry","category-engendro-mecanico","tag-autoverde-4x4","tag-carlos-sainz","tag-dakar-2010","tag-lucas-cruz"],"amp_enabled":true,"_links":{"self":[{"href":"https:\/\/www.km77.com\/revista\/wp-json\/wp\/v2\/posts\/14273","targetHints":{"allow":["GET"]}}],"collection":[{"href":"https:\/\/www.km77.com\/revista\/wp-json\/wp\/v2\/posts"}],"about":[{"href":"https:\/\/www.km77.com\/revista\/wp-json\/wp\/v2\/types\/post"}],"author":[{"embeddable":true,"href":"https:\/\/www.km77.com\/revista\/wp-json\/wp\/v2\/users\/48"}],"replies":[{"embeddable":true,"href":"https:\/\/www.km77.com\/revista\/wp-json\/wp\/v2\/comments?post=14273"}],"version-history":[{"count":1,"href":"https:\/\/www.km77.com\/revista\/wp-json\/wp\/v2\/posts\/14273\/revisions"}],"predecessor-version":[{"id":45041,"href":"https:\/\/www.km77.com\/revista\/wp-json\/wp\/v2\/posts\/14273\/revisions\/45041"}],"wp:attachment":[{"href":"https:\/\/www.km77.com\/revista\/wp-json\/wp\/v2\/media?parent=14273"}],"wp:term":[{"taxonomy":"category","embeddable":true,"href":"https:\/\/www.km77.com\/revista\/wp-json\/wp\/v2\/categories?post=14273"},{"taxonomy":"post_tag","embeddable":true,"href":"https:\/\/www.km77.com\/revista\/wp-json\/wp\/v2\/tags?post=14273"}],"curies":[{"name":"wp","href":"https:\/\/api.w.org\/{rel}","templated":true}]}}