{"id":14070,"date":"2015-10-16T02:52:41","date_gmt":"2015-10-16T00:52:41","guid":{"rendered":"http:\/\/blogs.km77.com\/teletransporte\/?p=14070"},"modified":"2021-03-31T19:54:05","modified_gmt":"2021-03-31T17:54:05","slug":"bienvenue-que-paren-las-maquinas","status":"publish","type":"post","link":"https:\/\/www.km77.com\/revista\/teletransporte\/bienvenue-que-paren-las-maquinas\/","title":{"rendered":"Bienvenue. \u00a1Que paren las m\u00e1quinas!"},"content":{"rendered":"<p>Mi admirado Arsenio Escolar tiene un blog con un nombre magn\u00edfico: \u00ab<a href=\"http:\/\/blogs.20minutos.es\/arsenioescolar\/\">\u00a1Que paren las m\u00e1quinas!<\/a>\u00ab. Un nombre perfecto para un blog, para internet, cuyas m\u00e1quinas nunca paran.<\/p>\n<p>Con todo lo buen periodista que es, con todos los reportajes que ha levantado, ya le gustar\u00eda a Arsenio haber tenido a alguna vez a Bienvenue entre los brazos. Ese es el problema del periodismo, que s\u00f3lo sirve para lo que se puede contar.<\/p>\n<p>\u00a1Que paren las m\u00e1quinas! Bienvenue.<\/p>\n<p><img decoding=\"async\" class=\"aligncenter size-full wp-image-14071\" src=\"https:\/\/www.km77.com\/revista\/wp-content\/files\/2015\/10\/bienvenue-barajas-t4.jpg\" alt=\"Bienvenue\" width=\"700\" height=\"933\" \/><\/p>\n","protected":false},"excerpt":{"rendered":"<p>Mi admirado Arsenio Escolar tiene un blog con un nombre magn\u00edfico: \u00ab\u00a1Que paren las m\u00e1quinas!\u00ab. Un nombre perfecto para un blog, para internet, cuyas m\u00e1quinas nunca paran. Con todo lo buen periodista que es, con todos los reportajes que ha levantado, ya le gustar\u00eda a Arsenio haber tenido a alguna vez a Bienvenue entre los [&hellip;]<\/p>\n","protected":false},"author":72,"featured_media":0,"comment_status":"open","ping_status":"closed","sticky":false,"template":"","format":"standard","meta":{"_et_pb_use_builder":"","_et_pb_old_content":"","_et_gb_content_width":"","footnotes":""},"categories":[3915],"tags":[462,523,7975],"class_list":["post-14070","post","type-post","status-publish","format-standard","hentry","category-teletransporte","tag-aviacion-sin-fronteras","tag-bienvenue","tag-de-todo-un-poco"],"yoast_head":"<!-- This site is optimized with the Yoast SEO plugin v27.4 - https:\/\/yoast.com\/product\/yoast-seo-wordpress\/ -->\n<title>Bienvenue. \u00a1Que paren las m\u00e1quinas! - Revista km77<\/title>\n<meta name=\"robots\" content=\"index, follow, max-snippet:-1, max-image-preview:large, max-video-preview:-1\" \/>\n<link rel=\"canonical\" href=\"https:\/\/www.km77.com\/revista\/teletransporte\/bienvenue-que-paren-las-maquinas\/\" \/>\n<meta property=\"og:locale\" content=\"es_ES\" \/>\n<meta property=\"og:type\" content=\"article\" \/>\n<meta property=\"og:title\" content=\"Bienvenue. \u00a1Que paren las m\u00e1quinas! - Revista km77\" \/>\n<meta property=\"og:description\" content=\"Mi admirado Arsenio Escolar tiene un blog con un nombre magn\u00edfico: \u00ab\u00a1Que paren las m\u00e1quinas!\u00ab. Un nombre perfecto para un blog, para internet, cuyas m\u00e1quinas nunca paran. Con todo lo buen periodista que es, con todos los reportajes que ha levantado, ya le gustar\u00eda a Arsenio haber tenido a alguna vez a Bienvenue entre los [&hellip;]\" \/>\n<meta property=\"og:url\" content=\"https:\/\/www.km77.com\/revista\/teletransporte\/bienvenue-que-paren-las-maquinas\/\" \/>\n<meta property=\"og:site_name\" content=\"Revista km77\" \/>\n<meta property=\"article:published_time\" content=\"2015-10-16T00:52:41+00:00\" \/>\n<meta property=\"article:modified_time\" content=\"2021-03-31T17:54:05+00:00\" \/>\n<meta property=\"og:image\" content=\"https:\/\/www.km77.com\/revista\/wp-content\/files\/2015\/10\/bienvenue-barajas-t4.jpg\" \/>\n<meta name=\"author\" content=\"Javier Molt\u00f3\" \/>\n<meta name=\"twitter:card\" content=\"summary_large_image\" \/>\n<meta name=\"twitter:creator\" content=\"@Deportes1\" \/>\n<meta name=\"twitter:label1\" content=\"Escrito por\" \/>\n\t<meta name=\"twitter:data1\" content=\"Javier Molt\u00f3\" \/>\n<script type=\"application\/ld+json\" class=\"yoast-schema-graph\">{\"@context\":\"https:\\\/\\\/schema.org\",\"@graph\":[{\"@type\":\"Article\",\"@id\":\"https:\\\/\\\/www.km77.com\\\/revista\\\/teletransporte\\\/bienvenue-que-paren-las-maquinas\\\/#article\",\"isPartOf\":{\"@id\":\"https:\\\/\\\/www.km77.com\\\/revista\\\/teletransporte\\\/bienvenue-que-paren-las-maquinas\\\/\"},\"author\":{\"name\":\"Javier Molt\u00f3\",\"@id\":\"https:\\\/\\\/www.km77.com\\\/revista\\\/#\\\/schema\\\/person\\\/2f0611a1b3c7d2a2c81a9428505a25db\"},\"headline\":\"Bienvenue. \u00a1Que paren las m\u00e1quinas!\",\"datePublished\":\"2015-10-16T00:52:41+00:00\",\"dateModified\":\"2021-03-31T17:54:05+00:00\",\"mainEntityOfPage\":{\"@id\":\"https:\\\/\\\/www.km77.com\\\/revista\\\/teletransporte\\\/bienvenue-que-paren-las-maquinas\\\/\"},\"wordCount\":88,\"commentCount\":3,\"publisher\":{\"@id\":\"https:\\\/\\\/www.km77.com\\\/revista\\\/#organization\"},\"image\":{\"@id\":\"https:\\\/\\\/www.km77.com\\\/revista\\\/teletransporte\\\/bienvenue-que-paren-las-maquinas\\\/#primaryimage\"},\"thumbnailUrl\":\"https:\\\/\\\/www.km77.com\\\/revista\\\/wp-content\\\/files\\\/2015\\\/10\\\/bienvenue-barajas-t4.jpg\",\"keywords\":[\"Aviaci\u00f3n sin fronteras\",\"Bienvenue\",\"De todo un poco\"],\"articleSection\":[\"Teletransporte\"],\"inLanguage\":\"es\",\"potentialAction\":[{\"@type\":\"CommentAction\",\"name\":\"Comment\",\"target\":[\"https:\\\/\\\/www.km77.com\\\/revista\\\/teletransporte\\\/bienvenue-que-paren-las-maquinas\\\/#respond\"]}]},{\"@type\":\"WebPage\",\"@id\":\"https:\\\/\\\/www.km77.com\\\/revista\\\/teletransporte\\\/bienvenue-que-paren-las-maquinas\\\/\",\"url\":\"https:\\\/\\\/www.km77.com\\\/revista\\\/teletransporte\\\/bienvenue-que-paren-las-maquinas\\\/\",\"name\":\"Bienvenue. \u00a1Que paren las m\u00e1quinas! - Revista km77\",\"isPartOf\":{\"@id\":\"https:\\\/\\\/www.km77.com\\\/revista\\\/#website\"},\"primaryImageOfPage\":{\"@id\":\"https:\\\/\\\/www.km77.com\\\/revista\\\/teletransporte\\\/bienvenue-que-paren-las-maquinas\\\/#primaryimage\"},\"image\":{\"@id\":\"https:\\\/\\\/www.km77.com\\\/revista\\\/teletransporte\\\/bienvenue-que-paren-las-maquinas\\\/#primaryimage\"},\"thumbnailUrl\":\"https:\\\/\\\/www.km77.com\\\/revista\\\/wp-content\\\/files\\\/2015\\\/10\\\/bienvenue-barajas-t4.jpg\",\"datePublished\":\"2015-10-16T00:52:41+00:00\",\"dateModified\":\"2021-03-31T17:54:05+00:00\",\"breadcrumb\":{\"@id\":\"https:\\\/\\\/www.km77.com\\\/revista\\\/teletransporte\\\/bienvenue-que-paren-las-maquinas\\\/#breadcrumb\"},\"inLanguage\":\"es\",\"potentialAction\":[{\"@type\":\"ReadAction\",\"target\":[\"https:\\\/\\\/www.km77.com\\\/revista\\\/teletransporte\\\/bienvenue-que-paren-las-maquinas\\\/\"]}]},{\"@type\":\"ImageObject\",\"inLanguage\":\"es\",\"@id\":\"https:\\\/\\\/www.km77.com\\\/revista\\\/teletransporte\\\/bienvenue-que-paren-las-maquinas\\\/#primaryimage\",\"url\":\"https:\\\/\\\/www.km77.com\\\/revista\\\/wp-content\\\/files\\\/2015\\\/10\\\/bienvenue-barajas-t4.jpg\",\"contentUrl\":\"https:\\\/\\\/www.km77.com\\\/revista\\\/wp-content\\\/files\\\/2015\\\/10\\\/bienvenue-barajas-t4.jpg\"},{\"@type\":\"BreadcrumbList\",\"@id\":\"https:\\\/\\\/www.km77.com\\\/revista\\\/teletransporte\\\/bienvenue-que-paren-las-maquinas\\\/#breadcrumb\",\"itemListElement\":[{\"@type\":\"ListItem\",\"position\":1,\"name\":\"Revista km77\",\"item\":\"https:\\\/\\\/www.km77.com\\\/revista\\\/\"},{\"@type\":\"ListItem\",\"position\":2,\"name\":\"Teletransporte\",\"item\":\"https:\\\/\\\/www.km77.com\\\/revista\\\/teletransporte\\\/\"},{\"@type\":\"ListItem\",\"position\":3,\"name\":\"Bienvenue. \u00a1Que paren las m\u00e1quinas!\"}]},{\"@type\":\"WebSite\",\"@id\":\"https:\\\/\\\/www.km77.com\\\/revista\\\/#website\",\"url\":\"https:\\\/\\\/www.km77.com\\\/revista\\\/\",\"name\":\"Revista km77\",\"description\":\"Revista de km77\",\"publisher\":{\"@id\":\"https:\\\/\\\/www.km77.com\\\/revista\\\/#organization\"},\"potentialAction\":[{\"@type\":\"SearchAction\",\"target\":{\"@type\":\"EntryPoint\",\"urlTemplate\":\"https:\\\/\\\/www.km77.com\\\/revista\\\/?s={search_term_string}\"},\"query-input\":{\"@type\":\"PropertyValueSpecification\",\"valueRequired\":true,\"valueName\":\"search_term_string\"}}],\"inLanguage\":\"es\"},{\"@type\":\"Organization\",\"@id\":\"https:\\\/\\\/www.km77.com\\\/revista\\\/#organization\",\"name\":\"KM77\",\"url\":\"https:\\\/\\\/www.km77.com\\\/revista\\\/\",\"logo\":{\"@type\":\"ImageObject\",\"inLanguage\":\"es\",\"@id\":\"https:\\\/\\\/www.km77.com\\\/revista\\\/#\\\/schema\\\/logo\\\/image\\\/\",\"url\":\"https:\\\/\\\/www.km77.com\\\/revista\\\/wp-content\\\/uploads\\\/2021\\\/02\\\/logo-km77.png\",\"contentUrl\":\"https:\\\/\\\/www.km77.com\\\/revista\\\/wp-content\\\/uploads\\\/2021\\\/02\\\/logo-km77.png\",\"width\":100,\"height\":34,\"caption\":\"KM77\"},\"image\":{\"@id\":\"https:\\\/\\\/www.km77.com\\\/revista\\\/#\\\/schema\\\/logo\\\/image\\\/\"}},{\"@type\":\"Person\",\"@id\":\"https:\\\/\\\/www.km77.com\\\/revista\\\/#\\\/schema\\\/person\\\/2f0611a1b3c7d2a2c81a9428505a25db\",\"name\":\"Javier Molt\u00f3\",\"image\":{\"@type\":\"ImageObject\",\"inLanguage\":\"es\",\"@id\":\"https:\\\/\\\/secure.gravatar.com\\\/avatar\\\/1c930880a58b8b56f4abb8c2797bdb266488614621319ddd0ab4ee365b10a72c?s=96&d=mm&r=g\",\"url\":\"https:\\\/\\\/secure.gravatar.com\\\/avatar\\\/1c930880a58b8b56f4abb8c2797bdb266488614621319ddd0ab4ee365b10a72c?s=96&d=mm&r=g\",\"contentUrl\":\"https:\\\/\\\/secure.gravatar.com\\\/avatar\\\/1c930880a58b8b56f4abb8c2797bdb266488614621319ddd0ab4ee365b10a72c?s=96&d=mm&r=g\",\"caption\":\"Javier Molt\u00f3\"},\"description\":\"Empec\u00e9 a trabajar como periodista probador de coches en 1985, en la revista AutoHebdo. Despu\u00e9s trabaj\u00e9 en Coche Actual y Motor16. Desde 1994 a 1999 inform\u00e9 de asuntos econ\u00f3micos tanto en Madrid como en Londres, donde trabaj\u00e9 en Bloomberg. En 1999 fund\u00e9 km77.com, empresa con la que sigo empe\u00f1ado en el objetivo de dar la mejor informaci\u00f3n de coches de la que somos capaces.\",\"sameAs\":[\"https:\\\/\\\/x.com\\\/Deportes1\"],\"url\":\"https:\\\/\\\/www.km77.com\\\/revista\\\/author\\\/teletransporte\\\/\"}]}<\/script>\n<!-- \/ Yoast SEO plugin. -->","yoast_head_json":{"title":"Bienvenue. \u00a1Que paren las m\u00e1quinas! - Revista km77","robots":{"index":"index","follow":"follow","max-snippet":"max-snippet:-1","max-image-preview":"max-image-preview:large","max-video-preview":"max-video-preview:-1"},"canonical":"https:\/\/www.km77.com\/revista\/teletransporte\/bienvenue-que-paren-las-maquinas\/","og_locale":"es_ES","og_type":"article","og_title":"Bienvenue. \u00a1Que paren las m\u00e1quinas! - Revista km77","og_description":"Mi admirado Arsenio Escolar tiene un blog con un nombre magn\u00edfico: \u00ab\u00a1Que paren las m\u00e1quinas!\u00ab. Un nombre perfecto para un blog, para internet, cuyas m\u00e1quinas nunca paran. Con todo lo buen periodista que es, con todos los reportajes que ha levantado, ya le gustar\u00eda a Arsenio haber tenido a alguna vez a Bienvenue entre los [&hellip;]","og_url":"https:\/\/www.km77.com\/revista\/teletransporte\/bienvenue-que-paren-las-maquinas\/","og_site_name":"Revista km77","article_published_time":"2015-10-16T00:52:41+00:00","article_modified_time":"2021-03-31T17:54:05+00:00","og_image":[{"url":"https:\/\/www.km77.com\/revista\/wp-content\/files\/2015\/10\/bienvenue-barajas-t4.jpg","type":"","width":"","height":""}],"author":"Javier Molt\u00f3","twitter_card":"summary_large_image","twitter_creator":"@Deportes1","twitter_misc":{"Escrito por":"Javier Molt\u00f3"},"schema":{"@context":"https:\/\/schema.org","@graph":[{"@type":"Article","@id":"https:\/\/www.km77.com\/revista\/teletransporte\/bienvenue-que-paren-las-maquinas\/#article","isPartOf":{"@id":"https:\/\/www.km77.com\/revista\/teletransporte\/bienvenue-que-paren-las-maquinas\/"},"author":{"name":"Javier Molt\u00f3","@id":"https:\/\/www.km77.com\/revista\/#\/schema\/person\/2f0611a1b3c7d2a2c81a9428505a25db"},"headline":"Bienvenue. \u00a1Que paren las m\u00e1quinas!","datePublished":"2015-10-16T00:52:41+00:00","dateModified":"2021-03-31T17:54:05+00:00","mainEntityOfPage":{"@id":"https:\/\/www.km77.com\/revista\/teletransporte\/bienvenue-que-paren-las-maquinas\/"},"wordCount":88,"commentCount":3,"publisher":{"@id":"https:\/\/www.km77.com\/revista\/#organization"},"image":{"@id":"https:\/\/www.km77.com\/revista\/teletransporte\/bienvenue-que-paren-las-maquinas\/#primaryimage"},"thumbnailUrl":"https:\/\/www.km77.com\/revista\/wp-content\/files\/2015\/10\/bienvenue-barajas-t4.jpg","keywords":["Aviaci\u00f3n sin fronteras","Bienvenue","De todo un poco"],"articleSection":["Teletransporte"],"inLanguage":"es","potentialAction":[{"@type":"CommentAction","name":"Comment","target":["https:\/\/www.km77.com\/revista\/teletransporte\/bienvenue-que-paren-las-maquinas\/#respond"]}]},{"@type":"WebPage","@id":"https:\/\/www.km77.com\/revista\/teletransporte\/bienvenue-que-paren-las-maquinas\/","url":"https:\/\/www.km77.com\/revista\/teletransporte\/bienvenue-que-paren-las-maquinas\/","name":"Bienvenue. \u00a1Que paren las m\u00e1quinas! - Revista km77","isPartOf":{"@id":"https:\/\/www.km77.com\/revista\/#website"},"primaryImageOfPage":{"@id":"https:\/\/www.km77.com\/revista\/teletransporte\/bienvenue-que-paren-las-maquinas\/#primaryimage"},"image":{"@id":"https:\/\/www.km77.com\/revista\/teletransporte\/bienvenue-que-paren-las-maquinas\/#primaryimage"},"thumbnailUrl":"https:\/\/www.km77.com\/revista\/wp-content\/files\/2015\/10\/bienvenue-barajas-t4.jpg","datePublished":"2015-10-16T00:52:41+00:00","dateModified":"2021-03-31T17:54:05+00:00","breadcrumb":{"@id":"https:\/\/www.km77.com\/revista\/teletransporte\/bienvenue-que-paren-las-maquinas\/#breadcrumb"},"inLanguage":"es","potentialAction":[{"@type":"ReadAction","target":["https:\/\/www.km77.com\/revista\/teletransporte\/bienvenue-que-paren-las-maquinas\/"]}]},{"@type":"ImageObject","inLanguage":"es","@id":"https:\/\/www.km77.com\/revista\/teletransporte\/bienvenue-que-paren-las-maquinas\/#primaryimage","url":"https:\/\/www.km77.com\/revista\/wp-content\/files\/2015\/10\/bienvenue-barajas-t4.jpg","contentUrl":"https:\/\/www.km77.com\/revista\/wp-content\/files\/2015\/10\/bienvenue-barajas-t4.jpg"},{"@type":"BreadcrumbList","@id":"https:\/\/www.km77.com\/revista\/teletransporte\/bienvenue-que-paren-las-maquinas\/#breadcrumb","itemListElement":[{"@type":"ListItem","position":1,"name":"Revista km77","item":"https:\/\/www.km77.com\/revista\/"},{"@type":"ListItem","position":2,"name":"Teletransporte","item":"https:\/\/www.km77.com\/revista\/teletransporte\/"},{"@type":"ListItem","position":3,"name":"Bienvenue. \u00a1Que paren las m\u00e1quinas!"}]},{"@type":"WebSite","@id":"https:\/\/www.km77.com\/revista\/#website","url":"https:\/\/www.km77.com\/revista\/","name":"Revista km77","description":"Revista de km77","publisher":{"@id":"https:\/\/www.km77.com\/revista\/#organization"},"potentialAction":[{"@type":"SearchAction","target":{"@type":"EntryPoint","urlTemplate":"https:\/\/www.km77.com\/revista\/?s={search_term_string}"},"query-input":{"@type":"PropertyValueSpecification","valueRequired":true,"valueName":"search_term_string"}}],"inLanguage":"es"},{"@type":"Organization","@id":"https:\/\/www.km77.com\/revista\/#organization","name":"KM77","url":"https:\/\/www.km77.com\/revista\/","logo":{"@type":"ImageObject","inLanguage":"es","@id":"https:\/\/www.km77.com\/revista\/#\/schema\/logo\/image\/","url":"https:\/\/www.km77.com\/revista\/wp-content\/uploads\/2021\/02\/logo-km77.png","contentUrl":"https:\/\/www.km77.com\/revista\/wp-content\/uploads\/2021\/02\/logo-km77.png","width":100,"height":34,"caption":"KM77"},"image":{"@id":"https:\/\/www.km77.com\/revista\/#\/schema\/logo\/image\/"}},{"@type":"Person","@id":"https:\/\/www.km77.com\/revista\/#\/schema\/person\/2f0611a1b3c7d2a2c81a9428505a25db","name":"Javier Molt\u00f3","image":{"@type":"ImageObject","inLanguage":"es","@id":"https:\/\/secure.gravatar.com\/avatar\/1c930880a58b8b56f4abb8c2797bdb266488614621319ddd0ab4ee365b10a72c?s=96&d=mm&r=g","url":"https:\/\/secure.gravatar.com\/avatar\/1c930880a58b8b56f4abb8c2797bdb266488614621319ddd0ab4ee365b10a72c?s=96&d=mm&r=g","contentUrl":"https:\/\/secure.gravatar.com\/avatar\/1c930880a58b8b56f4abb8c2797bdb266488614621319ddd0ab4ee365b10a72c?s=96&d=mm&r=g","caption":"Javier Molt\u00f3"},"description":"Empec\u00e9 a trabajar como periodista probador de coches en 1985, en la revista AutoHebdo. Despu\u00e9s trabaj\u00e9 en Coche Actual y Motor16. Desde 1994 a 1999 inform\u00e9 de asuntos econ\u00f3micos tanto en Madrid como en Londres, donde trabaj\u00e9 en Bloomberg. En 1999 fund\u00e9 km77.com, empresa con la que sigo empe\u00f1ado en el objetivo de dar la mejor informaci\u00f3n de coches de la que somos capaces.","sameAs":["https:\/\/x.com\/Deportes1"],"url":"https:\/\/www.km77.com\/revista\/author\/teletransporte\/"}]}},"amp_enabled":true,"_links":{"self":[{"href":"https:\/\/www.km77.com\/revista\/wp-json\/wp\/v2\/posts\/14070","targetHints":{"allow":["GET"]}}],"collection":[{"href":"https:\/\/www.km77.com\/revista\/wp-json\/wp\/v2\/posts"}],"about":[{"href":"https:\/\/www.km77.com\/revista\/wp-json\/wp\/v2\/types\/post"}],"author":[{"embeddable":true,"href":"https:\/\/www.km77.com\/revista\/wp-json\/wp\/v2\/users\/72"}],"replies":[{"embeddable":true,"href":"https:\/\/www.km77.com\/revista\/wp-json\/wp\/v2\/comments?post=14070"}],"version-history":[{"count":1,"href":"https:\/\/www.km77.com\/revista\/wp-json\/wp\/v2\/posts\/14070\/revisions"}],"predecessor-version":[{"id":41690,"href":"https:\/\/www.km77.com\/revista\/wp-json\/wp\/v2\/posts\/14070\/revisions\/41690"}],"wp:attachment":[{"href":"https:\/\/www.km77.com\/revista\/wp-json\/wp\/v2\/media?parent=14070"}],"wp:term":[{"taxonomy":"category","embeddable":true,"href":"https:\/\/www.km77.com\/revista\/wp-json\/wp\/v2\/categories?post=14070"},{"taxonomy":"post_tag","embeddable":true,"href":"https:\/\/www.km77.com\/revista\/wp-json\/wp\/v2\/tags?post=14070"}],"curies":[{"name":"wp","href":"https:\/\/api.w.org\/{rel}","templated":true}]}}