{"id":13964,"date":"2016-07-24T21:00:48","date_gmt":"2016-07-24T19:00:48","guid":{"rendered":"http:\/\/blogs.km77.com\/teletransporte\/?p=13964"},"modified":"2022-09-19T09:33:14","modified_gmt":"2022-09-19T07:33:14","slug":"no-siempre-me-detengo-en-los-stop","status":"publish","type":"post","link":"https:\/\/www.km77.com\/revista\/teletransporte\/no-siempre-me-detengo-en-los-stop\/","title":{"rendered":"No siempre me detengo en los \u00abSTOP\u00bb"},"content":{"rendered":"<p>La\u00a0<a href=\"https:\/\/www.boe.es\/biblioteca_juridica\/codigos\/codigo.php?id=20&amp;modo=2&amp;nota=0\" target=\"_blank\" rel=\"noopener\">Ley sobre Tr\u00e1fico, Circulaci\u00f3n de Veh\u00edculos a Motor y Seguridad Vial<\/a>\u00a0conmina a los conductores a detenerse ante las se\u00f1ales de \u00abStop\u00bb.<\/p>\n<p>En el \u00abArt\u00edculo 53. Normas generales sobre se\u00f1ales\u00bb aparece escrito:<br \/>\n<em>1. Todos los usuarios de las v\u00edas objeto de esta Ley est\u00e1n obligados a obedecer las<\/em><br \/>\n<em> se\u00f1ales de la circulaci\u00f3n que establezcan una obligaci\u00f3n o una prohibici\u00f3n y a adaptar su<\/em><br \/>\n<em> comportamiento al mensaje del resto de las se\u00f1ales reglamentarias que se encuentren en<\/em><br \/>\n<em> las v\u00edas por las que circulan.<\/em><br \/>\n<em> A estos efectos, cuando la se\u00f1al imponga una obligaci\u00f3n de detenci\u00f3n, no podr\u00e1<\/em><br \/>\n<em> reanudar su marcha el conductor del veh\u00edculo as\u00ed detenido hasta haber cumplido la finalidad<\/em><br \/>\n<em> que la se\u00f1al establece.<\/em><br \/>\n<em> (&#8230;)<\/em><br \/>\n<em> 2. Salvo circunstancias especiales que lo justifiquen, los usuarios deben obedecer las<\/em><br \/>\n<em> prescripciones indicadas por las se\u00f1ales, aun cuando parezcan estar en contradicci\u00f3n con<\/em><br \/>\n<em> las normas de comportamiento en la circulaci\u00f3n.<\/em><\/p>\n<p><!--more--><\/p>\n<p>Confieso, y quiz\u00e1 merezca multa o pena por mi confesi\u00f3n, que yo no me paro ante algunas se\u00f1ales de STOP.<\/p>\n<p>No lo hago\u00a0en todas aquellas ocasiones en las que que me parece m\u00e1s peligroso pararse y volver a arrancar que pasar todo lo despacio que la situaci\u00f3n lo requiera pero sin detenerse.<\/p>\n<p>No detengo el coche, si las circunstancias son propicias,\u00a0en los cruces para girar a la izquierda\u00a0de\u00a0las carreteras de doble sentido. \u00bfQu\u00e9 entiendo por circunstancias propicias? Varios centenares de metros de buena visibilidad, carril de deceleraci\u00f3n que me permite modular la velocidad y condiciones de tr\u00e1fico que bajo mi criterio me hagan considerar que es m\u00e1s o igual de\u00a0seguro no detener el coche que detenerlo.<\/p>\n<p>La presencia de un\u00a0STOP en estos cruces es equivalente a que obligaran a frenar\u00a0e ir despacio para adelantar.<\/p>\n<p>Una vez comprobado que no viene nadie de frente a una distancia prudencial, y que de\u00a0la carretera hacia\u00a0la que queremos girar no asoma ning\u00fan coche, lo ideal es ocupar el menos tiempo posible el carril contrario.<\/p>\n<p>Especialmente en situaciones de mucho tr\u00e1fico en sentido contrario o de un cambio de rasante cercano, o una curva que limita los metros de visibilidad, lo ideal es no detener el coche si es posible para aprovechar el hueco cuanto antes. Cruzar desde parado requiere mucho m\u00e1s tiempo que cruzar desde una velocidad de 20 km\/h.<\/p>\n<p>Un coche detenido en mitad de la carretera es un riesgo enorme. Estar parado entre los dos flujos de tr\u00e1fico para girar hacia la izquierda es un sinsentido si se puede evitar.<\/p>\n<p>Por supuesto, si las circunstancias del tr\u00e1fico obligan a parar, no queda m\u00e1s remedio que detenerse. Pero es mucho m\u00e1s r\u00e1pido y seguro pasar a 20 km\/h sin parar\u00a0el coche que detenerlo en mitad de la calzada, con el riesgo a\u00f1adido de que se te cale al arrancar precisamente por querer hacerlo r\u00e1pido o por lo nervios de la situaci\u00f3n y con la lentitud inherente a cruzar la carretera desde parado.<\/p>\n<p>No s\u00e9 cu\u00e1les son las circunstancias especiales que puedan justificar que yo no haga caso a la se\u00f1al de STOP. Espero que mi propio criterio de seguridad lo sea. Pero, si no lo fuera, prefiero pagar la multa que recibir un golpe por detr\u00e1s all\u00ed parado que me levante la tapa de los sesos.<\/p>\n<p>La obediencia debida (a la ley) deber\u00e1 tener alg\u00fan\u00a0l\u00edmite. Si no lo tiene, me declaro objetor del cumplimiento de esa ley por motivos religiosos, \u00e9ticos, morales y, sobre todo, de seguridad vial.<\/p>\n<p>Habr\u00e1 quien me diga que algunos conductores con menos experiencia que la m\u00eda, pueden confundirse y que para ellos sea m\u00e1s peligroso cruzar\u00a0sin detenerse que cruzar tras el STOP obligatorio. No voy a discutir ese argumento. Es posible. Pero permitir pasar sin detenerse no significa obligar a pasar sin detenerse. Igual que una se\u00f1al de permitido adelantar no obliga a adelantar. Igual que&#8230; no hacen falta m\u00e1s ejemplos.<\/p>\n","protected":false},"excerpt":{"rendered":"<p>La\u00a0Ley sobre Tr\u00e1fico, Circulaci\u00f3n de Veh\u00edculos a Motor y Seguridad Vial\u00a0conmina a los conductores a detenerse ante las se\u00f1ales de \u00abStop\u00bb. En el \u00abArt\u00edculo 53. Normas generales sobre se\u00f1ales\u00bb aparece escrito: 1. Todos los usuarios de las v\u00edas objeto de esta Ley est\u00e1n obligados a obedecer las se\u00f1ales de la circulaci\u00f3n que establezcan una obligaci\u00f3n [&hellip;]<\/p>\n","protected":false},"author":72,"featured_media":0,"comment_status":"open","ping_status":"closed","sticky":false,"template":"","format":"standard","meta":{"_et_pb_use_builder":"","_et_pb_old_content":"","_et_gb_content_width":"","footnotes":""},"categories":[3915],"tags":[7991,2745,3263,64],"class_list":["post-13964","post","type-post","status-publish","format-standard","hentry","category-teletransporte","tag-seguridad","tag-seguridad-vial","tag-stop","tag-trafico"],"yoast_head":"<!-- This site is optimized with the Yoast SEO plugin v27.5 - https:\/\/yoast.com\/product\/yoast-seo-wordpress\/ -->\n<title>No siempre me detengo en los &quot;STOP&quot; - Revista km77<\/title>\n<meta name=\"robots\" content=\"index, follow, max-snippet:-1, max-image-preview:large, max-video-preview:-1\" \/>\n<link rel=\"canonical\" href=\"https:\/\/www.km77.com\/revista\/teletransporte\/no-siempre-me-detengo-en-los-stop\/\" \/>\n<meta property=\"og:locale\" content=\"es_ES\" \/>\n<meta property=\"og:type\" content=\"article\" \/>\n<meta property=\"og:title\" content=\"No siempre me detengo en los &quot;STOP&quot; - Revista km77\" \/>\n<meta property=\"og:description\" content=\"La\u00a0Ley sobre Tr\u00e1fico, Circulaci\u00f3n de Veh\u00edculos a Motor y Seguridad Vial\u00a0conmina a los conductores a detenerse ante las se\u00f1ales de \u00abStop\u00bb. En el \u00abArt\u00edculo 53. Normas generales sobre se\u00f1ales\u00bb aparece escrito: 1. Todos los usuarios de las v\u00edas objeto de esta Ley est\u00e1n obligados a obedecer las se\u00f1ales de la circulaci\u00f3n que establezcan una obligaci\u00f3n [&hellip;]\" \/>\n<meta property=\"og:url\" content=\"https:\/\/www.km77.com\/revista\/teletransporte\/no-siempre-me-detengo-en-los-stop\/\" \/>\n<meta property=\"og:site_name\" content=\"Revista km77\" \/>\n<meta property=\"article:published_time\" content=\"2016-07-24T19:00:48+00:00\" \/>\n<meta property=\"article:modified_time\" content=\"2022-09-19T07:33:14+00:00\" \/>\n<meta name=\"author\" content=\"Javier Molt\u00f3\" \/>\n<meta name=\"twitter:card\" content=\"summary_large_image\" \/>\n<meta name=\"twitter:creator\" content=\"@Deportes1\" \/>\n<meta name=\"twitter:label1\" content=\"Escrito por\" \/>\n\t<meta name=\"twitter:data1\" content=\"Javier Molt\u00f3\" \/>\n\t<meta name=\"twitter:label2\" content=\"Tiempo de lectura\" \/>\n\t<meta name=\"twitter:data2\" content=\"3 minutos\" \/>\n<script type=\"application\/ld+json\" class=\"yoast-schema-graph\">{\"@context\":\"https:\\\/\\\/schema.org\",\"@graph\":[{\"@type\":\"Article\",\"@id\":\"https:\\\/\\\/www.km77.com\\\/revista\\\/teletransporte\\\/no-siempre-me-detengo-en-los-stop\\\/#article\",\"isPartOf\":{\"@id\":\"https:\\\/\\\/www.km77.com\\\/revista\\\/teletransporte\\\/no-siempre-me-detengo-en-los-stop\\\/\"},\"author\":{\"name\":\"Javier Molt\u00f3\",\"@id\":\"https:\\\/\\\/www.km77.com\\\/revista\\\/#\\\/schema\\\/person\\\/2f0611a1b3c7d2a2c81a9428505a25db\"},\"headline\":\"No siempre me detengo en los \u00abSTOP\u00bb\",\"datePublished\":\"2016-07-24T19:00:48+00:00\",\"dateModified\":\"2022-09-19T07:33:14+00:00\",\"mainEntityOfPage\":{\"@id\":\"https:\\\/\\\/www.km77.com\\\/revista\\\/teletransporte\\\/no-siempre-me-detengo-en-los-stop\\\/\"},\"wordCount\":693,\"commentCount\":39,\"publisher\":{\"@id\":\"https:\\\/\\\/www.km77.com\\\/revista\\\/#organization\"},\"keywords\":[\"Seguridad\",\"seguridad vial\",\"Stop\",\"Tr\u00e1fico\"],\"articleSection\":[\"Teletransporte\"],\"inLanguage\":\"es\",\"potentialAction\":[{\"@type\":\"CommentAction\",\"name\":\"Comment\",\"target\":[\"https:\\\/\\\/www.km77.com\\\/revista\\\/teletransporte\\\/no-siempre-me-detengo-en-los-stop\\\/#respond\"]}]},{\"@type\":\"WebPage\",\"@id\":\"https:\\\/\\\/www.km77.com\\\/revista\\\/teletransporte\\\/no-siempre-me-detengo-en-los-stop\\\/\",\"url\":\"https:\\\/\\\/www.km77.com\\\/revista\\\/teletransporte\\\/no-siempre-me-detengo-en-los-stop\\\/\",\"name\":\"No siempre me detengo en los \\\"STOP\\\" - Revista km77\",\"isPartOf\":{\"@id\":\"https:\\\/\\\/www.km77.com\\\/revista\\\/#website\"},\"datePublished\":\"2016-07-24T19:00:48+00:00\",\"dateModified\":\"2022-09-19T07:33:14+00:00\",\"breadcrumb\":{\"@id\":\"https:\\\/\\\/www.km77.com\\\/revista\\\/teletransporte\\\/no-siempre-me-detengo-en-los-stop\\\/#breadcrumb\"},\"inLanguage\":\"es\",\"potentialAction\":[{\"@type\":\"ReadAction\",\"target\":[\"https:\\\/\\\/www.km77.com\\\/revista\\\/teletransporte\\\/no-siempre-me-detengo-en-los-stop\\\/\"]}]},{\"@type\":\"BreadcrumbList\",\"@id\":\"https:\\\/\\\/www.km77.com\\\/revista\\\/teletransporte\\\/no-siempre-me-detengo-en-los-stop\\\/#breadcrumb\",\"itemListElement\":[{\"@type\":\"ListItem\",\"position\":1,\"name\":\"Revista km77\",\"item\":\"https:\\\/\\\/www.km77.com\\\/revista\\\/\"},{\"@type\":\"ListItem\",\"position\":2,\"name\":\"Teletransporte\",\"item\":\"https:\\\/\\\/www.km77.com\\\/revista\\\/teletransporte\\\/\"},{\"@type\":\"ListItem\",\"position\":3,\"name\":\"No siempre me detengo en los \u00abSTOP\u00bb\"}]},{\"@type\":\"WebSite\",\"@id\":\"https:\\\/\\\/www.km77.com\\\/revista\\\/#website\",\"url\":\"https:\\\/\\\/www.km77.com\\\/revista\\\/\",\"name\":\"Revista km77\",\"description\":\"Revista de km77\",\"publisher\":{\"@id\":\"https:\\\/\\\/www.km77.com\\\/revista\\\/#organization\"},\"potentialAction\":[{\"@type\":\"SearchAction\",\"target\":{\"@type\":\"EntryPoint\",\"urlTemplate\":\"https:\\\/\\\/www.km77.com\\\/revista\\\/?s={search_term_string}\"},\"query-input\":{\"@type\":\"PropertyValueSpecification\",\"valueRequired\":true,\"valueName\":\"search_term_string\"}}],\"inLanguage\":\"es\"},{\"@type\":\"Organization\",\"@id\":\"https:\\\/\\\/www.km77.com\\\/revista\\\/#organization\",\"name\":\"KM77\",\"url\":\"https:\\\/\\\/www.km77.com\\\/revista\\\/\",\"logo\":{\"@type\":\"ImageObject\",\"inLanguage\":\"es\",\"@id\":\"https:\\\/\\\/www.km77.com\\\/revista\\\/#\\\/schema\\\/logo\\\/image\\\/\",\"url\":\"https:\\\/\\\/www.km77.com\\\/revista\\\/wp-content\\\/uploads\\\/2021\\\/02\\\/logo-km77.png\",\"contentUrl\":\"https:\\\/\\\/www.km77.com\\\/revista\\\/wp-content\\\/uploads\\\/2021\\\/02\\\/logo-km77.png\",\"width\":100,\"height\":34,\"caption\":\"KM77\"},\"image\":{\"@id\":\"https:\\\/\\\/www.km77.com\\\/revista\\\/#\\\/schema\\\/logo\\\/image\\\/\"}},{\"@type\":\"Person\",\"@id\":\"https:\\\/\\\/www.km77.com\\\/revista\\\/#\\\/schema\\\/person\\\/2f0611a1b3c7d2a2c81a9428505a25db\",\"name\":\"Javier Molt\u00f3\",\"image\":{\"@type\":\"ImageObject\",\"inLanguage\":\"es\",\"@id\":\"https:\\\/\\\/secure.gravatar.com\\\/avatar\\\/1c930880a58b8b56f4abb8c2797bdb266488614621319ddd0ab4ee365b10a72c?s=96&d=mm&r=g\",\"url\":\"https:\\\/\\\/secure.gravatar.com\\\/avatar\\\/1c930880a58b8b56f4abb8c2797bdb266488614621319ddd0ab4ee365b10a72c?s=96&d=mm&r=g\",\"contentUrl\":\"https:\\\/\\\/secure.gravatar.com\\\/avatar\\\/1c930880a58b8b56f4abb8c2797bdb266488614621319ddd0ab4ee365b10a72c?s=96&d=mm&r=g\",\"caption\":\"Javier Molt\u00f3\"},\"description\":\"Empec\u00e9 a trabajar como periodista probador de coches en 1985, en la revista AutoHebdo. Despu\u00e9s trabaj\u00e9 en Coche Actual y Motor16. Desde 1994 a 1999 inform\u00e9 de asuntos econ\u00f3micos tanto en Madrid como en Londres, donde trabaj\u00e9 en Bloomberg. En 1999 fund\u00e9 km77.com, empresa con la que sigo empe\u00f1ado en el objetivo de dar la mejor informaci\u00f3n de coches de la que somos capaces.\",\"sameAs\":[\"https:\\\/\\\/x.com\\\/Deportes1\"],\"url\":\"https:\\\/\\\/www.km77.com\\\/revista\\\/author\\\/teletransporte\\\/\"}]}<\/script>\n<!-- \/ Yoast SEO plugin. -->","yoast_head_json":{"title":"No siempre me detengo en los \"STOP\" - Revista km77","robots":{"index":"index","follow":"follow","max-snippet":"max-snippet:-1","max-image-preview":"max-image-preview:large","max-video-preview":"max-video-preview:-1"},"canonical":"https:\/\/www.km77.com\/revista\/teletransporte\/no-siempre-me-detengo-en-los-stop\/","og_locale":"es_ES","og_type":"article","og_title":"No siempre me detengo en los \"STOP\" - Revista km77","og_description":"La\u00a0Ley sobre Tr\u00e1fico, Circulaci\u00f3n de Veh\u00edculos a Motor y Seguridad Vial\u00a0conmina a los conductores a detenerse ante las se\u00f1ales de \u00abStop\u00bb. En el \u00abArt\u00edculo 53. Normas generales sobre se\u00f1ales\u00bb aparece escrito: 1. Todos los usuarios de las v\u00edas objeto de esta Ley est\u00e1n obligados a obedecer las se\u00f1ales de la circulaci\u00f3n que establezcan una obligaci\u00f3n [&hellip;]","og_url":"https:\/\/www.km77.com\/revista\/teletransporte\/no-siempre-me-detengo-en-los-stop\/","og_site_name":"Revista km77","article_published_time":"2016-07-24T19:00:48+00:00","article_modified_time":"2022-09-19T07:33:14+00:00","author":"Javier Molt\u00f3","twitter_card":"summary_large_image","twitter_creator":"@Deportes1","twitter_misc":{"Escrito por":"Javier Molt\u00f3","Tiempo de lectura":"3 minutos"},"schema":{"@context":"https:\/\/schema.org","@graph":[{"@type":"Article","@id":"https:\/\/www.km77.com\/revista\/teletransporte\/no-siempre-me-detengo-en-los-stop\/#article","isPartOf":{"@id":"https:\/\/www.km77.com\/revista\/teletransporte\/no-siempre-me-detengo-en-los-stop\/"},"author":{"name":"Javier Molt\u00f3","@id":"https:\/\/www.km77.com\/revista\/#\/schema\/person\/2f0611a1b3c7d2a2c81a9428505a25db"},"headline":"No siempre me detengo en los \u00abSTOP\u00bb","datePublished":"2016-07-24T19:00:48+00:00","dateModified":"2022-09-19T07:33:14+00:00","mainEntityOfPage":{"@id":"https:\/\/www.km77.com\/revista\/teletransporte\/no-siempre-me-detengo-en-los-stop\/"},"wordCount":693,"commentCount":39,"publisher":{"@id":"https:\/\/www.km77.com\/revista\/#organization"},"keywords":["Seguridad","seguridad vial","Stop","Tr\u00e1fico"],"articleSection":["Teletransporte"],"inLanguage":"es","potentialAction":[{"@type":"CommentAction","name":"Comment","target":["https:\/\/www.km77.com\/revista\/teletransporte\/no-siempre-me-detengo-en-los-stop\/#respond"]}]},{"@type":"WebPage","@id":"https:\/\/www.km77.com\/revista\/teletransporte\/no-siempre-me-detengo-en-los-stop\/","url":"https:\/\/www.km77.com\/revista\/teletransporte\/no-siempre-me-detengo-en-los-stop\/","name":"No siempre me detengo en los \"STOP\" - Revista km77","isPartOf":{"@id":"https:\/\/www.km77.com\/revista\/#website"},"datePublished":"2016-07-24T19:00:48+00:00","dateModified":"2022-09-19T07:33:14+00:00","breadcrumb":{"@id":"https:\/\/www.km77.com\/revista\/teletransporte\/no-siempre-me-detengo-en-los-stop\/#breadcrumb"},"inLanguage":"es","potentialAction":[{"@type":"ReadAction","target":["https:\/\/www.km77.com\/revista\/teletransporte\/no-siempre-me-detengo-en-los-stop\/"]}]},{"@type":"BreadcrumbList","@id":"https:\/\/www.km77.com\/revista\/teletransporte\/no-siempre-me-detengo-en-los-stop\/#breadcrumb","itemListElement":[{"@type":"ListItem","position":1,"name":"Revista km77","item":"https:\/\/www.km77.com\/revista\/"},{"@type":"ListItem","position":2,"name":"Teletransporte","item":"https:\/\/www.km77.com\/revista\/teletransporte\/"},{"@type":"ListItem","position":3,"name":"No siempre me detengo en los \u00abSTOP\u00bb"}]},{"@type":"WebSite","@id":"https:\/\/www.km77.com\/revista\/#website","url":"https:\/\/www.km77.com\/revista\/","name":"Revista km77","description":"Revista de km77","publisher":{"@id":"https:\/\/www.km77.com\/revista\/#organization"},"potentialAction":[{"@type":"SearchAction","target":{"@type":"EntryPoint","urlTemplate":"https:\/\/www.km77.com\/revista\/?s={search_term_string}"},"query-input":{"@type":"PropertyValueSpecification","valueRequired":true,"valueName":"search_term_string"}}],"inLanguage":"es"},{"@type":"Organization","@id":"https:\/\/www.km77.com\/revista\/#organization","name":"KM77","url":"https:\/\/www.km77.com\/revista\/","logo":{"@type":"ImageObject","inLanguage":"es","@id":"https:\/\/www.km77.com\/revista\/#\/schema\/logo\/image\/","url":"https:\/\/www.km77.com\/revista\/wp-content\/uploads\/2021\/02\/logo-km77.png","contentUrl":"https:\/\/www.km77.com\/revista\/wp-content\/uploads\/2021\/02\/logo-km77.png","width":100,"height":34,"caption":"KM77"},"image":{"@id":"https:\/\/www.km77.com\/revista\/#\/schema\/logo\/image\/"}},{"@type":"Person","@id":"https:\/\/www.km77.com\/revista\/#\/schema\/person\/2f0611a1b3c7d2a2c81a9428505a25db","name":"Javier Molt\u00f3","image":{"@type":"ImageObject","inLanguage":"es","@id":"https:\/\/secure.gravatar.com\/avatar\/1c930880a58b8b56f4abb8c2797bdb266488614621319ddd0ab4ee365b10a72c?s=96&d=mm&r=g","url":"https:\/\/secure.gravatar.com\/avatar\/1c930880a58b8b56f4abb8c2797bdb266488614621319ddd0ab4ee365b10a72c?s=96&d=mm&r=g","contentUrl":"https:\/\/secure.gravatar.com\/avatar\/1c930880a58b8b56f4abb8c2797bdb266488614621319ddd0ab4ee365b10a72c?s=96&d=mm&r=g","caption":"Javier Molt\u00f3"},"description":"Empec\u00e9 a trabajar como periodista probador de coches en 1985, en la revista AutoHebdo. Despu\u00e9s trabaj\u00e9 en Coche Actual y Motor16. Desde 1994 a 1999 inform\u00e9 de asuntos econ\u00f3micos tanto en Madrid como en Londres, donde trabaj\u00e9 en Bloomberg. En 1999 fund\u00e9 km77.com, empresa con la que sigo empe\u00f1ado en el objetivo de dar la mejor informaci\u00f3n de coches de la que somos capaces.","sameAs":["https:\/\/x.com\/Deportes1"],"url":"https:\/\/www.km77.com\/revista\/author\/teletransporte\/"}]}},"amp_enabled":true,"_links":{"self":[{"href":"https:\/\/www.km77.com\/revista\/wp-json\/wp\/v2\/posts\/13964","targetHints":{"allow":["GET"]}}],"collection":[{"href":"https:\/\/www.km77.com\/revista\/wp-json\/wp\/v2\/posts"}],"about":[{"href":"https:\/\/www.km77.com\/revista\/wp-json\/wp\/v2\/types\/post"}],"author":[{"embeddable":true,"href":"https:\/\/www.km77.com\/revista\/wp-json\/wp\/v2\/users\/72"}],"replies":[{"embeddable":true,"href":"https:\/\/www.km77.com\/revista\/wp-json\/wp\/v2\/comments?post=13964"}],"version-history":[{"count":2,"href":"https:\/\/www.km77.com\/revista\/wp-json\/wp\/v2\/posts\/13964\/revisions"}],"predecessor-version":[{"id":52229,"href":"https:\/\/www.km77.com\/revista\/wp-json\/wp\/v2\/posts\/13964\/revisions\/52229"}],"wp:attachment":[{"href":"https:\/\/www.km77.com\/revista\/wp-json\/wp\/v2\/media?parent=13964"}],"wp:term":[{"taxonomy":"category","embeddable":true,"href":"https:\/\/www.km77.com\/revista\/wp-json\/wp\/v2\/categories?post=13964"},{"taxonomy":"post_tag","embeddable":true,"href":"https:\/\/www.km77.com\/revista\/wp-json\/wp\/v2\/tags?post=13964"}],"curies":[{"name":"wp","href":"https:\/\/api.w.org\/{rel}","templated":true}]}}