{"id":1276,"date":"2013-10-17T10:50:19","date_gmt":"2013-10-17T08:50:19","guid":{"rendered":"http:\/\/blogs.km77.com\/cinecuatroruedas\/?p=1276"},"modified":"2021-03-31T20:01:32","modified_gmt":"2021-03-31T18:01:32","slug":"mas-madera-es-daniel-bruhl","status":"publish","type":"post","link":"https:\/\/www.km77.com\/revista\/cine-cuatro-ruedas\/mas-madera-es-daniel-bruhl\/","title":{"rendered":"M\u00e1s madera, es Daniel Br\u00fchl"},"content":{"rendered":"<p><img decoding=\"async\" class=\"aligncenter size-medium wp-image-1277\" alt=\"daniel_bruhl\" src=\"https:\/\/www.km77.com\/revista\/wp-content\/uploads\/2013\/10\/daniel_bruhl-200x300.jpg\" width=\"200\" height=\"300\" \/><\/p>\n<p>&nbsp;<\/p>\n<p>Hola amigos y amigas,<\/p>\n<p>&nbsp;<\/p>\n<p>Acabo de volver de otra de mis giras por Europa, Am\u00e9rica y los subcontinentes. Mi \u00faltima parada fue Londres, bonita ciudad, donde todo es tan caro que Manhattan parece M\u00e1laga.<\/p>\n<p>&nbsp;<\/p>\n<p>He visto que hay diversidad de opiniones respecto a <em>Gravity<\/em> y las entiendo\u2026 Bueno, no. La verdad es que no entiendo que alguien salga de esa pel\u00edcula poco contento o disgustado. Aun concediendo que el gui\u00f3n es francamente mejorable, cuando uno ve <em>2001<\/em> no se queja de esos \u00faltimos 30 minutos llenos de lucecitas: la admira por su formidable consistencia visual y la pureza de sus planteamientos. <em>Gravity<\/em> hubiera hecho sonre\u00edr a Kubrick&#8230;<\/p>\n<p>&nbsp;<\/p>\n<p>Ahora viene cuando me dicen que no les gusta Kubrick. No me miren as\u00ed, les conozco.<\/p>\n<p>&nbsp;<\/p>\n<p>En fin, esta semana pasada estrenaron <em>Prisioneros<\/em>, que es bastante notable, excelente en ocasiones. Me gusta mucho ese drama disfrazado de thriller que vuela muy alto, cuando es una pel\u00edcula de personajes, y baja un poco el nivel, cuando se enzarza con la realidad en territorios m\u00e1s manidos. Jake Gyllenhaal se sale (\u00bfqui\u00e9n me iba a decir a m\u00ed, que este chavalote acabar\u00eda convenci\u00e9ndome de que ten\u00eda talento?) y Hugh Jackman est\u00e1 impecable. El tema se las trae y la direcci\u00f3n es alucinante (con una fotograf\u00eda de Roger Deakins que quita el hipo). \u00bfNecesitan m\u00e1s razones para ir a verla?<\/p>\n<p>&nbsp;<\/p>\n<p>(Tienen que responder: \u201cNoooooo\u201d.)<\/p>\n<p>&nbsp;<\/p>\n<p>Vayan a verla.<\/p>\n<p>&nbsp;<\/p>\n<p>Para contrarrestar mi optimismo inicial (casi euforia) les hablar\u00e9 de una de las pel\u00edculas m\u00e1s bobas que he visto en los \u00faltimos tiempos: <em>El quinto poder<\/em>.<\/p>\n<p>&nbsp;<\/p>\n<p>Yo cre\u00eda que era imposible hacer un filme aburrido con una historia tan jodidamente interesante como la de ese pirata\/bandido\/liberador\/genio llamado Julian Assange. Repasemos: un hacker de primera que funda una web dedicada a filtrar noticias y que acaba causando uno de los esc\u00e1ndalos m\u00e1s grandes de la historia. Ya saben ustedes (en mayor o menor medida) el resto del relato: el tipo huyendo de pa\u00eds en pa\u00eds y acabando refugiado en la embajada de Ecuador en Londres.<\/p>\n<p>&nbsp;<\/p>\n<p>Pues bueno. Bill Condon, director de esa maravilla llamada <em>Dioses y monstruos<\/em> y de esa aberraci\u00f3n llamada <em>Crep\u00fasculo<\/em>, hace una pel\u00edcula que se pod\u00eda haber rodado en los \u201980 para contar una historia del siglo XXI. No le basta con la m\u00fasica machacona (electr\u00f3nica, faltar\u00eda m\u00e1s) y los gr\u00e1ficos \u2013pretendidamente\u2013 modernos, tiene que rodar con la precisi\u00f3n de un perro que cava un agujero en la playa. La narraci\u00f3n es tan soberanamente aburrida que a media pel\u00edcula dan ganas de clavarse un tenedor en la rodilla, para distraerse y eso.<\/p>\n<p>&nbsp;<\/p>\n<p>Y es cierto, Benedict Cumberbacth es un actor incre\u00edble y su retrato de Assange es fascinante, pero con eso no basta. Adem\u00e1s, ponle delante a Daniel Br\u00fchl (carisma cero, no s\u00e9 qu\u00e9 le ven a este t\u00edo) y notar\u00e1s el desequilibrio que genera el enfrentamiento entre un int\u00e9rprete de verdad y un ficus.<\/p>\n<p>&nbsp;<\/p>\n<p>(\u00bfLes hab\u00eda dicho alguna vez que no me gusta nada Daniel Br\u00fchl?)<\/p>\n<p>&nbsp;<\/p>\n<p>Abrazos\/as,<\/p>\n<p>&nbsp;<\/p>\n<p>T.G.<\/p>\n","protected":false},"excerpt":{"rendered":"<p>&nbsp; Hola amigos y amigas, &nbsp; Acabo de volver de otra de mis giras por Europa, Am\u00e9rica y los subcontinentes. Mi \u00faltima parada fue Londres, bonita ciudad, donde todo es tan caro que Manhattan parece M\u00e1laga. &nbsp; He visto que hay diversidad de opiniones respecto a Gravity y las entiendo\u2026 Bueno, no. La verdad es [&hellip;]<\/p>\n","protected":false},"author":50,"featured_media":0,"comment_status":"open","ping_status":"closed","sticky":false,"template":"","format":"standard","meta":{"_et_pb_use_builder":"","_et_pb_old_content":"","_et_gb_content_width":"","footnotes":""},"categories":[3909],"tags":[12068,12069,12036,12070],"class_list":["post-1276","post","type-post","status-publish","format-standard","hentry","category-cine-cuatro-ruedas","tag-benedict-cumberbatch","tag-bruhl","tag-hugh-jackman","tag-prisioneros"],"yoast_head":"<!-- This site is optimized with the Yoast SEO plugin v27.4 - https:\/\/yoast.com\/product\/yoast-seo-wordpress\/ -->\n<title>M\u00e1s madera, es Daniel Br\u00fchl - Revista km77<\/title>\n<meta name=\"robots\" content=\"index, follow, max-snippet:-1, max-image-preview:large, max-video-preview:-1\" \/>\n<link rel=\"canonical\" href=\"https:\/\/www.km77.com\/revista\/cine-cuatro-ruedas\/mas-madera-es-daniel-bruhl\/\" \/>\n<meta property=\"og:locale\" content=\"es_ES\" \/>\n<meta property=\"og:type\" content=\"article\" \/>\n<meta property=\"og:title\" content=\"M\u00e1s madera, es Daniel Br\u00fchl - Revista km77\" \/>\n<meta property=\"og:description\" content=\"&nbsp; Hola amigos y amigas, &nbsp; Acabo de volver de otra de mis giras por Europa, Am\u00e9rica y los subcontinentes. Mi \u00faltima parada fue Londres, bonita ciudad, donde todo es tan caro que Manhattan parece M\u00e1laga. &nbsp; He visto que hay diversidad de opiniones respecto a Gravity y las entiendo\u2026 Bueno, no. La verdad es [&hellip;]\" \/>\n<meta property=\"og:url\" content=\"https:\/\/www.km77.com\/revista\/cine-cuatro-ruedas\/mas-madera-es-daniel-bruhl\/\" \/>\n<meta property=\"og:site_name\" content=\"Revista km77\" \/>\n<meta property=\"article:published_time\" content=\"2013-10-17T08:50:19+00:00\" \/>\n<meta property=\"article:modified_time\" content=\"2021-03-31T18:01:32+00:00\" \/>\n<meta property=\"og:image\" content=\"https:\/\/www.km77.com\/revista\/wp-content\/uploads\/2013\/10\/daniel_bruhl-200x300.jpg\" \/>\n<meta name=\"author\" content=\"Toni Garc\u00eda\" \/>\n<meta name=\"twitter:card\" content=\"summary_large_image\" \/>\n<meta name=\"twitter:label1\" content=\"Escrito por\" \/>\n\t<meta name=\"twitter:data1\" content=\"Toni Garc\u00eda\" \/>\n\t<meta name=\"twitter:label2\" content=\"Tiempo de lectura\" \/>\n\t<meta name=\"twitter:data2\" content=\"3 minutos\" \/>\n<script type=\"application\/ld+json\" class=\"yoast-schema-graph\">{\"@context\":\"https:\\\/\\\/schema.org\",\"@graph\":[{\"@type\":\"Article\",\"@id\":\"https:\\\/\\\/www.km77.com\\\/revista\\\/cine-cuatro-ruedas\\\/mas-madera-es-daniel-bruhl\\\/#article\",\"isPartOf\":{\"@id\":\"https:\\\/\\\/www.km77.com\\\/revista\\\/cine-cuatro-ruedas\\\/mas-madera-es-daniel-bruhl\\\/\"},\"author\":{\"name\":\"Toni Garc\u00eda\",\"@id\":\"https:\\\/\\\/www.km77.com\\\/revista\\\/#\\\/schema\\\/person\\\/db291b06b78e5fe336ada62bee862008\"},\"headline\":\"M\u00e1s madera, es Daniel Br\u00fchl\",\"datePublished\":\"2013-10-17T08:50:19+00:00\",\"dateModified\":\"2021-03-31T18:01:32+00:00\",\"mainEntityOfPage\":{\"@id\":\"https:\\\/\\\/www.km77.com\\\/revista\\\/cine-cuatro-ruedas\\\/mas-madera-es-daniel-bruhl\\\/\"},\"wordCount\":555,\"commentCount\":3,\"publisher\":{\"@id\":\"https:\\\/\\\/www.km77.com\\\/revista\\\/#organization\"},\"image\":{\"@id\":\"https:\\\/\\\/www.km77.com\\\/revista\\\/cine-cuatro-ruedas\\\/mas-madera-es-daniel-bruhl\\\/#primaryimage\"},\"thumbnailUrl\":\"https:\\\/\\\/www.km77.com\\\/revista\\\/wp-content\\\/uploads\\\/2013\\\/10\\\/daniel_bruhl-200x300.jpg\",\"keywords\":[\"Benedict Cumberbatch\",\"Br\u00fchl\",\"Hugh Jackman\",\"Prisioneros\"],\"articleSection\":[\"Cine a las Cuatro Ruedas\"],\"inLanguage\":\"es\",\"potentialAction\":[{\"@type\":\"CommentAction\",\"name\":\"Comment\",\"target\":[\"https:\\\/\\\/www.km77.com\\\/revista\\\/cine-cuatro-ruedas\\\/mas-madera-es-daniel-bruhl\\\/#respond\"]}]},{\"@type\":\"WebPage\",\"@id\":\"https:\\\/\\\/www.km77.com\\\/revista\\\/cine-cuatro-ruedas\\\/mas-madera-es-daniel-bruhl\\\/\",\"url\":\"https:\\\/\\\/www.km77.com\\\/revista\\\/cine-cuatro-ruedas\\\/mas-madera-es-daniel-bruhl\\\/\",\"name\":\"M\u00e1s madera, es Daniel Br\u00fchl - Revista km77\",\"isPartOf\":{\"@id\":\"https:\\\/\\\/www.km77.com\\\/revista\\\/#website\"},\"primaryImageOfPage\":{\"@id\":\"https:\\\/\\\/www.km77.com\\\/revista\\\/cine-cuatro-ruedas\\\/mas-madera-es-daniel-bruhl\\\/#primaryimage\"},\"image\":{\"@id\":\"https:\\\/\\\/www.km77.com\\\/revista\\\/cine-cuatro-ruedas\\\/mas-madera-es-daniel-bruhl\\\/#primaryimage\"},\"thumbnailUrl\":\"https:\\\/\\\/www.km77.com\\\/revista\\\/wp-content\\\/uploads\\\/2013\\\/10\\\/daniel_bruhl-200x300.jpg\",\"datePublished\":\"2013-10-17T08:50:19+00:00\",\"dateModified\":\"2021-03-31T18:01:32+00:00\",\"breadcrumb\":{\"@id\":\"https:\\\/\\\/www.km77.com\\\/revista\\\/cine-cuatro-ruedas\\\/mas-madera-es-daniel-bruhl\\\/#breadcrumb\"},\"inLanguage\":\"es\",\"potentialAction\":[{\"@type\":\"ReadAction\",\"target\":[\"https:\\\/\\\/www.km77.com\\\/revista\\\/cine-cuatro-ruedas\\\/mas-madera-es-daniel-bruhl\\\/\"]}]},{\"@type\":\"ImageObject\",\"inLanguage\":\"es\",\"@id\":\"https:\\\/\\\/www.km77.com\\\/revista\\\/cine-cuatro-ruedas\\\/mas-madera-es-daniel-bruhl\\\/#primaryimage\",\"url\":\"https:\\\/\\\/www.km77.com\\\/revista\\\/wp-content\\\/uploads\\\/2013\\\/10\\\/daniel_bruhl-200x300.jpg\",\"contentUrl\":\"https:\\\/\\\/www.km77.com\\\/revista\\\/wp-content\\\/uploads\\\/2013\\\/10\\\/daniel_bruhl-200x300.jpg\"},{\"@type\":\"BreadcrumbList\",\"@id\":\"https:\\\/\\\/www.km77.com\\\/revista\\\/cine-cuatro-ruedas\\\/mas-madera-es-daniel-bruhl\\\/#breadcrumb\",\"itemListElement\":[{\"@type\":\"ListItem\",\"position\":1,\"name\":\"Revista km77\",\"item\":\"https:\\\/\\\/www.km77.com\\\/revista\\\/\"},{\"@type\":\"ListItem\",\"position\":2,\"name\":\"Cine a las Cuatro Ruedas\",\"item\":\"https:\\\/\\\/www.km77.com\\\/revista\\\/cine-cuatro-ruedas\\\/\"},{\"@type\":\"ListItem\",\"position\":3,\"name\":\"M\u00e1s madera, es Daniel Br\u00fchl\"}]},{\"@type\":\"WebSite\",\"@id\":\"https:\\\/\\\/www.km77.com\\\/revista\\\/#website\",\"url\":\"https:\\\/\\\/www.km77.com\\\/revista\\\/\",\"name\":\"Revista km77\",\"description\":\"Revista de km77\",\"publisher\":{\"@id\":\"https:\\\/\\\/www.km77.com\\\/revista\\\/#organization\"},\"potentialAction\":[{\"@type\":\"SearchAction\",\"target\":{\"@type\":\"EntryPoint\",\"urlTemplate\":\"https:\\\/\\\/www.km77.com\\\/revista\\\/?s={search_term_string}\"},\"query-input\":{\"@type\":\"PropertyValueSpecification\",\"valueRequired\":true,\"valueName\":\"search_term_string\"}}],\"inLanguage\":\"es\"},{\"@type\":\"Organization\",\"@id\":\"https:\\\/\\\/www.km77.com\\\/revista\\\/#organization\",\"name\":\"KM77\",\"url\":\"https:\\\/\\\/www.km77.com\\\/revista\\\/\",\"logo\":{\"@type\":\"ImageObject\",\"inLanguage\":\"es\",\"@id\":\"https:\\\/\\\/www.km77.com\\\/revista\\\/#\\\/schema\\\/logo\\\/image\\\/\",\"url\":\"https:\\\/\\\/www.km77.com\\\/revista\\\/wp-content\\\/uploads\\\/2021\\\/02\\\/logo-km77.png\",\"contentUrl\":\"https:\\\/\\\/www.km77.com\\\/revista\\\/wp-content\\\/uploads\\\/2021\\\/02\\\/logo-km77.png\",\"width\":100,\"height\":34,\"caption\":\"KM77\"},\"image\":{\"@id\":\"https:\\\/\\\/www.km77.com\\\/revista\\\/#\\\/schema\\\/logo\\\/image\\\/\"}},{\"@type\":\"Person\",\"@id\":\"https:\\\/\\\/www.km77.com\\\/revista\\\/#\\\/schema\\\/person\\\/db291b06b78e5fe336ada62bee862008\",\"name\":\"Toni Garc\u00eda\",\"image\":{\"@type\":\"ImageObject\",\"inLanguage\":\"es\",\"@id\":\"https:\\\/\\\/www.km77.com\\\/revista\\\/wp-content\\\/uploads\\\/2021\\\/03\\\/claqueta-cine-1-150x150.jpg\",\"url\":\"https:\\\/\\\/www.km77.com\\\/revista\\\/wp-content\\\/uploads\\\/2021\\\/03\\\/claqueta-cine-1-150x150.jpg\",\"contentUrl\":\"https:\\\/\\\/www.km77.com\\\/revista\\\/wp-content\\\/uploads\\\/2021\\\/03\\\/claqueta-cine-1-150x150.jpg\",\"caption\":\"Toni Garc\u00eda\"},\"description\":\"Cine a las cuatro ruedas es un blog dedicado al s\u00e9ptimo arte que empez\u00f3 tratando de mezclar cine y coches, como eso no funcion\u00f3 decidimos dejarlo solo en lo del cine. Eso s\u00ed, de cuando en cuando sacamos alg\u00fan coche.\",\"url\":\"https:\\\/\\\/www.km77.com\\\/revista\\\/author\\\/cinecuatroruedas\\\/\"}]}<\/script>\n<!-- \/ Yoast SEO plugin. -->","yoast_head_json":{"title":"M\u00e1s madera, es Daniel Br\u00fchl - Revista km77","robots":{"index":"index","follow":"follow","max-snippet":"max-snippet:-1","max-image-preview":"max-image-preview:large","max-video-preview":"max-video-preview:-1"},"canonical":"https:\/\/www.km77.com\/revista\/cine-cuatro-ruedas\/mas-madera-es-daniel-bruhl\/","og_locale":"es_ES","og_type":"article","og_title":"M\u00e1s madera, es Daniel Br\u00fchl - Revista km77","og_description":"&nbsp; Hola amigos y amigas, &nbsp; Acabo de volver de otra de mis giras por Europa, Am\u00e9rica y los subcontinentes. Mi \u00faltima parada fue Londres, bonita ciudad, donde todo es tan caro que Manhattan parece M\u00e1laga. &nbsp; He visto que hay diversidad de opiniones respecto a Gravity y las entiendo\u2026 Bueno, no. La verdad es [&hellip;]","og_url":"https:\/\/www.km77.com\/revista\/cine-cuatro-ruedas\/mas-madera-es-daniel-bruhl\/","og_site_name":"Revista km77","article_published_time":"2013-10-17T08:50:19+00:00","article_modified_time":"2021-03-31T18:01:32+00:00","og_image":[{"url":"https:\/\/www.km77.com\/revista\/wp-content\/uploads\/2013\/10\/daniel_bruhl-200x300.jpg","type":"","width":"","height":""}],"author":"Toni Garc\u00eda","twitter_card":"summary_large_image","twitter_misc":{"Escrito por":"Toni Garc\u00eda","Tiempo de lectura":"3 minutos"},"schema":{"@context":"https:\/\/schema.org","@graph":[{"@type":"Article","@id":"https:\/\/www.km77.com\/revista\/cine-cuatro-ruedas\/mas-madera-es-daniel-bruhl\/#article","isPartOf":{"@id":"https:\/\/www.km77.com\/revista\/cine-cuatro-ruedas\/mas-madera-es-daniel-bruhl\/"},"author":{"name":"Toni Garc\u00eda","@id":"https:\/\/www.km77.com\/revista\/#\/schema\/person\/db291b06b78e5fe336ada62bee862008"},"headline":"M\u00e1s madera, es Daniel Br\u00fchl","datePublished":"2013-10-17T08:50:19+00:00","dateModified":"2021-03-31T18:01:32+00:00","mainEntityOfPage":{"@id":"https:\/\/www.km77.com\/revista\/cine-cuatro-ruedas\/mas-madera-es-daniel-bruhl\/"},"wordCount":555,"commentCount":3,"publisher":{"@id":"https:\/\/www.km77.com\/revista\/#organization"},"image":{"@id":"https:\/\/www.km77.com\/revista\/cine-cuatro-ruedas\/mas-madera-es-daniel-bruhl\/#primaryimage"},"thumbnailUrl":"https:\/\/www.km77.com\/revista\/wp-content\/uploads\/2013\/10\/daniel_bruhl-200x300.jpg","keywords":["Benedict Cumberbatch","Br\u00fchl","Hugh Jackman","Prisioneros"],"articleSection":["Cine a las Cuatro Ruedas"],"inLanguage":"es","potentialAction":[{"@type":"CommentAction","name":"Comment","target":["https:\/\/www.km77.com\/revista\/cine-cuatro-ruedas\/mas-madera-es-daniel-bruhl\/#respond"]}]},{"@type":"WebPage","@id":"https:\/\/www.km77.com\/revista\/cine-cuatro-ruedas\/mas-madera-es-daniel-bruhl\/","url":"https:\/\/www.km77.com\/revista\/cine-cuatro-ruedas\/mas-madera-es-daniel-bruhl\/","name":"M\u00e1s madera, es Daniel Br\u00fchl - Revista km77","isPartOf":{"@id":"https:\/\/www.km77.com\/revista\/#website"},"primaryImageOfPage":{"@id":"https:\/\/www.km77.com\/revista\/cine-cuatro-ruedas\/mas-madera-es-daniel-bruhl\/#primaryimage"},"image":{"@id":"https:\/\/www.km77.com\/revista\/cine-cuatro-ruedas\/mas-madera-es-daniel-bruhl\/#primaryimage"},"thumbnailUrl":"https:\/\/www.km77.com\/revista\/wp-content\/uploads\/2013\/10\/daniel_bruhl-200x300.jpg","datePublished":"2013-10-17T08:50:19+00:00","dateModified":"2021-03-31T18:01:32+00:00","breadcrumb":{"@id":"https:\/\/www.km77.com\/revista\/cine-cuatro-ruedas\/mas-madera-es-daniel-bruhl\/#breadcrumb"},"inLanguage":"es","potentialAction":[{"@type":"ReadAction","target":["https:\/\/www.km77.com\/revista\/cine-cuatro-ruedas\/mas-madera-es-daniel-bruhl\/"]}]},{"@type":"ImageObject","inLanguage":"es","@id":"https:\/\/www.km77.com\/revista\/cine-cuatro-ruedas\/mas-madera-es-daniel-bruhl\/#primaryimage","url":"https:\/\/www.km77.com\/revista\/wp-content\/uploads\/2013\/10\/daniel_bruhl-200x300.jpg","contentUrl":"https:\/\/www.km77.com\/revista\/wp-content\/uploads\/2013\/10\/daniel_bruhl-200x300.jpg"},{"@type":"BreadcrumbList","@id":"https:\/\/www.km77.com\/revista\/cine-cuatro-ruedas\/mas-madera-es-daniel-bruhl\/#breadcrumb","itemListElement":[{"@type":"ListItem","position":1,"name":"Revista km77","item":"https:\/\/www.km77.com\/revista\/"},{"@type":"ListItem","position":2,"name":"Cine a las Cuatro Ruedas","item":"https:\/\/www.km77.com\/revista\/cine-cuatro-ruedas\/"},{"@type":"ListItem","position":3,"name":"M\u00e1s madera, es Daniel Br\u00fchl"}]},{"@type":"WebSite","@id":"https:\/\/www.km77.com\/revista\/#website","url":"https:\/\/www.km77.com\/revista\/","name":"Revista km77","description":"Revista de km77","publisher":{"@id":"https:\/\/www.km77.com\/revista\/#organization"},"potentialAction":[{"@type":"SearchAction","target":{"@type":"EntryPoint","urlTemplate":"https:\/\/www.km77.com\/revista\/?s={search_term_string}"},"query-input":{"@type":"PropertyValueSpecification","valueRequired":true,"valueName":"search_term_string"}}],"inLanguage":"es"},{"@type":"Organization","@id":"https:\/\/www.km77.com\/revista\/#organization","name":"KM77","url":"https:\/\/www.km77.com\/revista\/","logo":{"@type":"ImageObject","inLanguage":"es","@id":"https:\/\/www.km77.com\/revista\/#\/schema\/logo\/image\/","url":"https:\/\/www.km77.com\/revista\/wp-content\/uploads\/2021\/02\/logo-km77.png","contentUrl":"https:\/\/www.km77.com\/revista\/wp-content\/uploads\/2021\/02\/logo-km77.png","width":100,"height":34,"caption":"KM77"},"image":{"@id":"https:\/\/www.km77.com\/revista\/#\/schema\/logo\/image\/"}},{"@type":"Person","@id":"https:\/\/www.km77.com\/revista\/#\/schema\/person\/db291b06b78e5fe336ada62bee862008","name":"Toni Garc\u00eda","image":{"@type":"ImageObject","inLanguage":"es","@id":"https:\/\/www.km77.com\/revista\/wp-content\/uploads\/2021\/03\/claqueta-cine-1-150x150.jpg","url":"https:\/\/www.km77.com\/revista\/wp-content\/uploads\/2021\/03\/claqueta-cine-1-150x150.jpg","contentUrl":"https:\/\/www.km77.com\/revista\/wp-content\/uploads\/2021\/03\/claqueta-cine-1-150x150.jpg","caption":"Toni Garc\u00eda"},"description":"Cine a las cuatro ruedas es un blog dedicado al s\u00e9ptimo arte que empez\u00f3 tratando de mezclar cine y coches, como eso no funcion\u00f3 decidimos dejarlo solo en lo del cine. Eso s\u00ed, de cuando en cuando sacamos alg\u00fan coche.","url":"https:\/\/www.km77.com\/revista\/author\/cinecuatroruedas\/"}]}},"amp_enabled":true,"_links":{"self":[{"href":"https:\/\/www.km77.com\/revista\/wp-json\/wp\/v2\/posts\/1276","targetHints":{"allow":["GET"]}}],"collection":[{"href":"https:\/\/www.km77.com\/revista\/wp-json\/wp\/v2\/posts"}],"about":[{"href":"https:\/\/www.km77.com\/revista\/wp-json\/wp\/v2\/types\/post"}],"author":[{"embeddable":true,"href":"https:\/\/www.km77.com\/revista\/wp-json\/wp\/v2\/users\/50"}],"replies":[{"embeddable":true,"href":"https:\/\/www.km77.com\/revista\/wp-json\/wp\/v2\/comments?post=1276"}],"version-history":[{"count":1,"href":"https:\/\/www.km77.com\/revista\/wp-json\/wp\/v2\/posts\/1276\/revisions"}],"predecessor-version":[{"id":42695,"href":"https:\/\/www.km77.com\/revista\/wp-json\/wp\/v2\/posts\/1276\/revisions\/42695"}],"wp:attachment":[{"href":"https:\/\/www.km77.com\/revista\/wp-json\/wp\/v2\/media?parent=1276"}],"wp:term":[{"taxonomy":"category","embeddable":true,"href":"https:\/\/www.km77.com\/revista\/wp-json\/wp\/v2\/categories?post=1276"},{"taxonomy":"post_tag","embeddable":true,"href":"https:\/\/www.km77.com\/revista\/wp-json\/wp\/v2\/tags?post=1276"}],"curies":[{"name":"wp","href":"https:\/\/api.w.org\/{rel}","templated":true}]}}