{"id":12404,"date":"2014-07-09T12:05:22","date_gmt":"2014-07-09T10:05:22","guid":{"rendered":"http:\/\/blogs.km77.com\/teletransporte\/?p=12404"},"modified":"2021-03-31T19:58:01","modified_gmt":"2021-03-31T17:58:01","slug":"presentacion-berlin-volkswagen-passat","status":"publish","type":"post","link":"https:\/\/www.km77.com\/revista\/teletransporte\/presentacion-berlin-volkswagen-passat\/","title":{"rendered":"Presentaci\u00f3n en Berl\u00edn del Volkswagen Passat 2015"},"content":{"rendered":"<p>La octava generaci\u00f3n del Volkswagen Passat llega a los concesionarios espa\u00f1oles el pr\u00f3ximo mes de noviembre de 2014. Cinco meses antes, a principios de julio, Volkswagen lo ha mostrado por primera vez. Ha sido en Potsdam, cerca de Berl\u00edn, donde est\u00e1 radicado uno de sus centros de dise\u00f1o.<\/p>\n<p>Les muestro fotos de esa presentaci\u00f3n, del lugar y alrededores. Para las fotos del coche, <a title=\"Volkswagen Passat 2015. Im\u00e1genes.\" href=\"https:\/\/www.km77.com\/fotos\/Volkswagen\/Passat_2015\/Exterior.html?division=carroceria&amp;photoType=1&amp;limit=99\">de la berlina y del familiar<\/a>, mejor que miren las galer\u00edas de im\u00e1genes de km77.com, porque la luz que hab\u00eda era poco adecuada para fotografiar los coches. A pesar de eso, tambi\u00e9n les hice alguna foto.<\/p>\n<p><!--more--><\/p>\n<p>Fachada del Centro de dise\u00f1o que volkswagen tiene en Potsdam, a media hora de Berl\u00edn en coche. Primera imagen tras bajarnos del autob\u00fas.<\/p>\n<p><img decoding=\"async\" class=\"aligncenter wp-image-12405 size-full\" title=\"Presentaci\u00f3n Volkswagen Passat 2015\" src=\"https:\/\/www.km77.com\/revista\/wp-content\/files\/2014\/07\/010-volkswagen-passat-2015-presentacion.jpg\" alt=\"Presentaci\u00f3n Volkswagen Passat 2015\" width=\"700\" height=\"525\" \/><\/p>\n<p>Cartel de bienvenida. No todas las marcas ponen estos carteles en sus presentaciones, pero s\u00ed son habituales. Lo que var\u00eda son los estilos, la imagen de marca y los esl\u00f3ganes. El traje del dise\u00f1o siempre es nuevo.<\/p>\n<p><img decoding=\"async\" class=\"aligncenter wp-image-12406 size-full\" title=\"Presentaci\u00f3n Volkswagen Passat 2015. Bienvenida\" src=\"https:\/\/www.km77.com\/revista\/wp-content\/files\/2014\/07\/020-volkswagen-passat-2015-welcome.jpg\" alt=\"Presentaci\u00f3n Volkswagen Passat 2015. Bienvenida\" width=\"700\" height=\"933\" \/><\/p>\n<p>Un pasillo, unas mesas, un cartel y un fot\u00f3grafo que se lo quiere mostrar a sus lectores.<\/p>\n<p><img decoding=\"async\" class=\"aligncenter wp-image-12407 size-full\" title=\"Presentaci\u00f3n Volkswagen Passat 2015. Minimal\" src=\"https:\/\/www.km77.com\/revista\/wp-content\/files\/2014\/07\/030-volkswagen-passat-2015-minimal.jpg\" alt=\"Presentaci\u00f3n Volkswagen Passat 2015. Minimal\" width=\"700\" height=\"525\" \/><\/p>\n<p>Del detalle al conjunto. El cartel del pasillo de la foto de arriba se ve tras los periodistas situados en la terraza.<\/p>\n<p><img decoding=\"async\" class=\"aligncenter wp-image-12408 size-full\" title=\"Presentaci\u00f3n Volkswagen Passat 2015. Potsdam\" src=\"https:\/\/www.km77.com\/revista\/wp-content\/files\/2014\/07\/040-volkswagen-passat-2015-potsdam.jpg\" alt=\"Presentaci\u00f3n Volkswagen Passat 2015. Potsdam\" width=\"700\" height=\"525\" \/><\/p>\n<p>El Passat no tiene salidas de aireaci\u00f3n localizadas en uno u otro punto. Para ver el resultado tendremos que esperar unos meses.<\/p>\n<p><img decoding=\"async\" class=\"aligncenter wp-image-12409 size-full\" title=\"Presentaci\u00f3n Volkswagen Passat 2015. Salpicadero. Asientos\" src=\"https:\/\/www.km77.com\/revista\/wp-content\/files\/2014\/07\/050-volkswagen-passat-2015-asiento-salpicadero.jpg\" alt=\"Presentaci\u00f3n Volkswagen Passat 2015. Salpicadero. Asientos\" width=\"700\" height=\"525\" \/><\/p>\n<p>Piloto posterior y nuevo logotipo 4MOTION. No estoy seguro de todas las posiciones. Una vez publique las fotos, seguro que en Volkswagen me ayudan a explicar bien cada una de las im\u00e1genes.<\/p>\n<p>\u00bfLuz de d\u00eda?<\/p>\n<p><img decoding=\"async\" class=\"aligncenter wp-image-12410 size-full\" title=\"Presentaci\u00f3n Volkswagen Passat 2015. Piloto luz diurna\" src=\"https:\/\/www.km77.com\/revista\/wp-content\/files\/2014\/07\/060-volkswagen-passat-2015-piloto-luz-dia.jpg\" alt=\"Presentaci\u00f3n Volkswagen Passat 2015. Piloto luz diurna\" width=\"700\" height=\"525\" \/><\/p>\n<p>Intermitente. Con esta no tengo duda.<\/p>\n<p><img decoding=\"async\" class=\"aligncenter wp-image-12411 size-full\" title=\"Presentaci\u00f3n Volkswagen Passat 2015. Piloto intermitente\" src=\"https:\/\/www.km77.com\/revista\/wp-content\/files\/2014\/07\/070-volkswagen-passat-2015-piloto-intermitente.jpg\" alt=\"Presentaci\u00f3n Volkswagen Passat 2015. Piloto intermitente\" width=\"700\" height=\"525\" \/><\/p>\n<p>Freno. Con esta tampoco.<\/p>\n<p><img decoding=\"async\" class=\"aligncenter wp-image-12412 size-full\" title=\"Presentaci\u00f3n Volkswagen Passat 2015. Piloto, luz de  freno\" src=\"https:\/\/www.km77.com\/revista\/wp-content\/files\/2014\/07\/080-volkswagen-passat-2015-freno.jpg\" alt=\"Presentaci\u00f3n Volkswagen Passat 2015. Piloto, luz de  freno\" width=\"700\" height=\"525\" \/><\/p>\n<p>\u00bfLuz de posici\u00f3n?<\/p>\n<p><img decoding=\"async\" class=\"aligncenter wp-image-12413 size-full\" title=\"Presentaci\u00f3n Volkswagen Passat 2015. Piloto, luz de posici\u00f3n\" src=\"https:\/\/www.km77.com\/revista\/wp-content\/files\/2014\/07\/090-volkswagen-passat-2015-piloto-posicion.jpg\" alt=\"Presentaci\u00f3n Volkswagen Passat 2015. Piloto, luz de posici\u00f3n\" width=\"700\" height=\"525\" \/><\/p>\n<p>Pantalla de instrumentaci\u00f3n. Otra pantalla diferente a la que se ve en las fotos de las galer\u00edas de km77.com.<\/p>\n<p><img decoding=\"async\" class=\"aligncenter wp-image-12414 size-full\" title=\"Presentaci\u00f3n Volkswagen Passat 2015. Pantalla de instrumentos\" src=\"https:\/\/www.km77.com\/revista\/wp-content\/files\/2014\/07\/100-volkswagen-passat-2015-pantalla-instrumentos.jpg\" alt=\"Presentaci\u00f3n Volkswagen Passat 2015. Pantalla de instrumentos\" width=\"700\" height=\"525\" \/><\/p>\n<p>La bandeja del maletero, con la carrocer\u00eda familiar puede situarse en dos posiciones. Esta es la inferior.<\/p>\n<p><img decoding=\"async\" class=\"aligncenter wp-image-12415 size-full\" title=\"Presentaci\u00f3n Volkswagen Passat 2015. Bandeja baja del maletero\" src=\"https:\/\/www.km77.com\/revista\/wp-content\/files\/2014\/07\/110-volkswagen-passat-2015-bandeja-baja-maletero.jpg\" alt=\"Presentaci\u00f3n Volkswagen Passat 2015. Bandeja baja del maletero\" width=\"700\" height=\"525\" \/><\/p>\n<p>Esta, la superior.<\/p>\n<p><img decoding=\"async\" class=\"aligncenter wp-image-12416 size-full\" title=\"Presentaci\u00f3n Volkswagen Passat 2015. Bandeja alta del maletero\" src=\"https:\/\/www.km77.com\/revista\/wp-content\/files\/2014\/07\/120-volkswagen-passat-2015-bandeja-alta-maletero.jpg\" alt=\"Presentaci\u00f3n Volkswagen Passat 2015. Bandeja alta del maletero\" width=\"700\" height=\"525\" \/><\/p>\n<p>Maqueta del coche. De arcilla.<\/p>\n<p><img decoding=\"async\" class=\"aligncenter wp-image-12417 size-full\" title=\"Presentaci\u00f3n Volkswagen Passat 2015. Maqueta\" src=\"https:\/\/www.km77.com\/revista\/wp-content\/files\/2014\/07\/130-volkswagen-passat-2015-maqueta.jpg\" alt=\"Presentaci\u00f3n Volkswagen Passat 2015. Maqueta\" width=\"700\" height=\"525\" \/><\/p>\n<p>La pantalla de instrumentaci\u00f3n en la pantalla del ordenador.<\/p>\n<p><img decoding=\"async\" class=\"aligncenter wp-image-12418 size-full\" title=\"Presentaci\u00f3n Volkswagen Passat 2015. Pantalla instrumentos ordenador\" src=\"https:\/\/www.km77.com\/revista\/wp-content\/files\/2014\/07\/140-volkswagen-passat-2015-pantalla-instrumentos-ordenador.jpg\" alt=\"Presentaci\u00f3n Volkswagen Passat 2015. Pantalla instrumentos ordenador\" width=\"700\" height=\"525\" \/><\/p>\n<p>Vista general de la sala\u00a0donde se ubican las mesas de trabajo de los dise\u00f1adores. No s\u00e9 cu\u00e1l es el aspecto del d\u00eda a d\u00eda ni si trabajan aqu\u00ed habitualmente. Lo que seguro que no tendr\u00e1n encima de sus mesas de trabajo son las copas de vino. Hoy es el d\u00eda grande. El d\u00eda de dar a conocer el trabajo de muchos a\u00f1os. Vino para todos. Para trabajadores de Volkswagen y para periodistas.<\/p>\n<p><img decoding=\"async\" class=\"aligncenter wp-image-12419 size-full\" title=\"Presentaci\u00f3n Volkswagen Passat 2015. Centro de dise\u00f1o potsdam\" src=\"https:\/\/www.km77.com\/revista\/wp-content\/files\/2014\/07\/150-volkswagen-passat-2015-centro-disegno-potsdam.jpg\" alt=\"Presentaci\u00f3n Volkswagen Passat 2015. Centro de dise\u00f1o potsdam\" width=\"700\" height=\"525\" \/><\/p>\n<p>Papeles, materiales del coche, tabletas, ordenadores y rotuladores. \u00bfSer\u00e1n de verdad sus herramientas de trabajo? Puestos as\u00ed seguro que s\u00f3lo es para la foto.<\/p>\n<p><img decoding=\"async\" class=\"aligncenter wp-image-12420 size-full\" title=\"Presentaci\u00f3n Volkswagen Passat 2015. Centro de dise\u00f1o potsdam\" src=\"https:\/\/www.km77.com\/revista\/wp-content\/files\/2014\/07\/160-volkswagen-passat-2015-centro-disegno-potsdam.jpg\" alt=\"Presentaci\u00f3n Volkswagen Passat 2015. Centro de dise\u00f1o potsdam\" width=\"700\" height=\"525\" \/><\/p>\n<p>Y as\u00ed.<\/p>\n<p><img decoding=\"async\" class=\"aligncenter wp-image-12421 size-full\" title=\"Presentaci\u00f3n Volkswagen Passat 2015. Centro de dise\u00f1o potsdam\" src=\"https:\/\/www.km77.com\/revista\/wp-content\/files\/2014\/07\/170-volkswagen-passat-2015-centro-disegno-potsdam.jpg\" alt=\"Presentaci\u00f3n Volkswagen Passat 2015. Centro de dise\u00f1o potsdam\" width=\"700\" height=\"525\" \/><\/p>\n<p>Diferentes asientos del Passat 2015, en conjunto y de uno en uno. Dos parecen m\u00e1s de confort (tapizados con\u00a0piel y no s\u00e9 si con menor apoyo lateral o es efecto \u00f3ptico), dos parecen deportivos (Alc\u00e1ntara y piel, parece y quiz\u00e1 con mayor apoyo lateral) y el m\u00e1s alejado parece el b\u00e1sico. Vamos a por el detalle.<\/p>\n<p><img decoding=\"async\" class=\"aligncenter wp-image-12422 size-full\" title=\"Presentaci\u00f3n Volkswagen Passat 2015. Asientos con tapicer\u00eda varias\" src=\"https:\/\/www.km77.com\/revista\/wp-content\/files\/2014\/07\/180-volkswagen-passat-2015-asientos.jpg\" alt=\"Presentaci\u00f3n Volkswagen Passat 2015. Asientos con tapicer\u00eda varias\" width=\"700\" height=\"525\" \/><\/p>\n<p>Modelo de asiento b\u00e1sico. No s\u00e9 si es el que llevar\u00e1n la mayor\u00eda de Passat 2015 que se vendan en Espa\u00f1a. Es posible que no.<\/p>\n<p><img decoding=\"async\" class=\"aligncenter wp-image-12423 size-full\" title=\"Presentaci\u00f3n Volkswagen Passat 2015. Asientos\" src=\"https:\/\/www.km77.com\/revista\/wp-content\/files\/2014\/07\/190-volkswagen-passat-2015-asiento.jpg\" alt=\"Presentaci\u00f3n Volkswagen Passat 2015. Asientos\" width=\"700\" height=\"933\" \/><\/p>\n<p>Aparentemente, Alc\u00e1ntara y piel. El pespunteado con hilo claro. \u00bfPara las versiones Sport?<\/p>\n<p><img decoding=\"async\" class=\"aligncenter wp-image-12424 size-full\" title=\"Presentaci\u00f3n Volkswagen Passat 2015. Asiento\" src=\"https:\/\/www.km77.com\/revista\/wp-content\/files\/2014\/07\/200-volkswagen-passat-2015-asiento.jpg\" alt=\"Presentaci\u00f3n Volkswagen Passat 2015. Asiento\" width=\"700\" height=\"933\" \/><\/p>\n<p>\u00bfAlternativa al anterior para las versiones Sport de otro color? En este caso el pespunteado no se distingue al ser del mismo color que la piel.<\/p>\n<p><img decoding=\"async\" class=\"aligncenter wp-image-12425 size-full\" title=\"Presentaci\u00f3n Volkswagen Passat 2015. Asiento\" src=\"https:\/\/www.km77.com\/revista\/wp-content\/files\/2014\/07\/210-volkswagen-passat-2015-asiento.jpg\" alt=\"Presentaci\u00f3n Volkswagen Passat 2015. Asiento\" width=\"700\" height=\"933\" \/><\/p>\n<p>Asiento todo en piel. Opcional.<\/p>\n<p><img decoding=\"async\" class=\"aligncenter wp-image-12426 size-full\" title=\"Presentaci\u00f3n Volkswagen Passat 2015. Asiento acabado en cuero Vienna\" src=\"https:\/\/www.km77.com\/revista\/wp-content\/files\/2014\/07\/220-volkswagen-passat-2015-asiento.jpg\" alt=\"Presentaci\u00f3n Volkswagen Passat 2015. Asiento acabado en cuero Vienna\" width=\"700\" height=\"933\" \/><\/p>\n<p>Opcional, como el anterior. \u00bfNo habr\u00e1 asientos de piel negra? \u00bfLos \u00fanicos asientos oscuros ser\u00e1n los de las versiones Sport (que me he inventado)? Tendremos que esperar para saberlo.<\/p>\n<p><img decoding=\"async\" class=\"aligncenter wp-image-12427 size-full\" title=\"Presentaci\u00f3n Volkswagen Passat 2015. Asiento acabado en cuero \" src=\"https:\/\/www.km77.com\/revista\/wp-content\/files\/2014\/07\/230-volkswagen-passat-2015-asiento.jpg\" alt=\"Presentaci\u00f3n Volkswagen Passat 2015. Asiento acabado en cuero \" width=\"700\" height=\"933\" \/><\/p>\n<p>Los asientos de arriba estaban en una esquina de la sala de dise\u00f1o, cerca de este salpicadero creado con arcilla y con pantalla peque\u00f1a. \u00bfDesde cu\u00e1ndo lleva el reloj en el centro del salpicadero del Passat? As\u00ed, en arcilla, casi resalta m\u00e1s. Sorprende que apenas se vea.<\/p>\n<p><img decoding=\"async\" class=\"aligncenter wp-image-12428 size-full\" title=\"Presentaci\u00f3n Volkswagen Passat 2015. Salpicadero de arcilla\" src=\"https:\/\/www.km77.com\/revista\/wp-content\/files\/2014\/07\/240-volkswagen-passat-2015-salpicadero-arcilla.jpg\" alt=\"Presentaci\u00f3n Volkswagen Passat 2015. Salpicadero de arcilla\" width=\"700\" height=\"525\" \/><\/p>\n<p>Coche de madera. M\u00e1s o menos.<\/p>\n<p><img decoding=\"async\" class=\"aligncenter wp-image-12429 size-full\" title=\"Presentaci\u00f3n Volkswagen Passat 2015. R\u00e9plica en Arcilla\" src=\"https:\/\/www.km77.com\/revista\/wp-content\/files\/2014\/07\/250-volkswagen-passat-2015-salpicadero-arcilla.jpg\" alt=\"Presentaci\u00f3n Volkswagen Passat 2015. R\u00e9plica en Arcilla\" width=\"700\" height=\"525\" \/><\/p>\n","protected":false},"excerpt":{"rendered":"<p>La octava generaci\u00f3n del Volkswagen Passat llega a los concesionarios espa\u00f1oles el pr\u00f3ximo mes de noviembre de 2014. Cinco meses antes, a principios de julio, Volkswagen lo ha mostrado por primera vez. Ha sido en Potsdam, cerca de Berl\u00edn, donde est\u00e1 radicado uno de sus centros de dise\u00f1o. Les muestro fotos de esa presentaci\u00f3n, del [&hellip;]<\/p>\n","protected":false},"author":72,"featured_media":0,"comment_status":"open","ping_status":"closed","sticky":false,"template":"","format":"standard","meta":{"_et_pb_use_builder":"","_et_pb_old_content":"","_et_gb_content_width":"","footnotes":""},"categories":[3915],"tags":[389,8,1922,8026,2352,2444,3102,3122,3123],"class_list":["post-12404","post","type-post","status-publish","format-standard","hentry","category-teletransporte","tag-asientos","tag-coches","tag-maletero","tag-passat-volkswagen-coches","tag-pilotos","tag-presentacion","tag-volkswagen","tag-volkswagen-passat","tag-volkswagen-passat-2015"],"yoast_head":"<!-- This site is optimized with the Yoast SEO plugin v27.5 - https:\/\/yoast.com\/product\/yoast-seo-wordpress\/ -->\n<title>Presentaci\u00f3n en Berl\u00edn del Volkswagen Passat 2015 - Revista km77<\/title>\n<meta name=\"robots\" content=\"index, follow, max-snippet:-1, max-image-preview:large, max-video-preview:-1\" \/>\n<link rel=\"canonical\" href=\"https:\/\/www.km77.com\/revista\/teletransporte\/presentacion-berlin-volkswagen-passat\/\" \/>\n<meta property=\"og:locale\" content=\"es_ES\" \/>\n<meta property=\"og:type\" content=\"article\" \/>\n<meta property=\"og:title\" content=\"Presentaci\u00f3n en Berl\u00edn del Volkswagen Passat 2015 - Revista km77\" \/>\n<meta property=\"og:description\" content=\"La octava generaci\u00f3n del Volkswagen Passat llega a los concesionarios espa\u00f1oles el pr\u00f3ximo mes de noviembre de 2014. Cinco meses antes, a principios de julio, Volkswagen lo ha mostrado por primera vez. Ha sido en Potsdam, cerca de Berl\u00edn, donde est\u00e1 radicado uno de sus centros de dise\u00f1o. Les muestro fotos de esa presentaci\u00f3n, del [&hellip;]\" \/>\n<meta property=\"og:url\" content=\"https:\/\/www.km77.com\/revista\/teletransporte\/presentacion-berlin-volkswagen-passat\/\" \/>\n<meta property=\"og:site_name\" content=\"Revista km77\" \/>\n<meta property=\"article:published_time\" content=\"2014-07-09T10:05:22+00:00\" \/>\n<meta property=\"article:modified_time\" content=\"2021-03-31T17:58:01+00:00\" \/>\n<meta property=\"og:image\" content=\"https:\/\/www.km77.com\/revista\/wp-content\/files\/2014\/07\/010-volkswagen-passat-2015-presentacion.jpg\" \/>\n<meta name=\"author\" content=\"Javier Molt\u00f3\" \/>\n<meta name=\"twitter:card\" content=\"summary_large_image\" \/>\n<meta name=\"twitter:creator\" content=\"@Deportes1\" \/>\n<meta name=\"twitter:label1\" content=\"Escrito por\" \/>\n\t<meta name=\"twitter:data1\" content=\"Javier Molt\u00f3\" \/>\n\t<meta name=\"twitter:label2\" content=\"Tiempo de lectura\" \/>\n\t<meta name=\"twitter:data2\" content=\"3 minutos\" \/>\n<script type=\"application\/ld+json\" class=\"yoast-schema-graph\">{\"@context\":\"https:\\\/\\\/schema.org\",\"@graph\":[{\"@type\":\"Article\",\"@id\":\"https:\\\/\\\/www.km77.com\\\/revista\\\/teletransporte\\\/presentacion-berlin-volkswagen-passat\\\/#article\",\"isPartOf\":{\"@id\":\"https:\\\/\\\/www.km77.com\\\/revista\\\/teletransporte\\\/presentacion-berlin-volkswagen-passat\\\/\"},\"author\":{\"name\":\"Javier Molt\u00f3\",\"@id\":\"https:\\\/\\\/www.km77.com\\\/revista\\\/#\\\/schema\\\/person\\\/2f0611a1b3c7d2a2c81a9428505a25db\"},\"headline\":\"Presentaci\u00f3n en Berl\u00edn del Volkswagen Passat 2015\",\"datePublished\":\"2014-07-09T10:05:22+00:00\",\"dateModified\":\"2021-03-31T17:58:01+00:00\",\"mainEntityOfPage\":{\"@id\":\"https:\\\/\\\/www.km77.com\\\/revista\\\/teletransporte\\\/presentacion-berlin-volkswagen-passat\\\/\"},\"wordCount\":685,\"commentCount\":36,\"publisher\":{\"@id\":\"https:\\\/\\\/www.km77.com\\\/revista\\\/#organization\"},\"image\":{\"@id\":\"https:\\\/\\\/www.km77.com\\\/revista\\\/teletransporte\\\/presentacion-berlin-volkswagen-passat\\\/#primaryimage\"},\"thumbnailUrl\":\"https:\\\/\\\/www.km77.com\\\/revista\\\/wp-content\\\/files\\\/2014\\\/07\\\/010-volkswagen-passat-2015-presentacion.jpg\",\"keywords\":[\"asientos\",\"coches\",\"maletero\",\"Passat\",\"pilotos\",\"presentaci\u00f3n\",\"Volkswagen\",\"Volkswagen Passat\",\"Volkswagen Passat 2015\"],\"articleSection\":[\"Teletransporte\"],\"inLanguage\":\"es\",\"potentialAction\":[{\"@type\":\"CommentAction\",\"name\":\"Comment\",\"target\":[\"https:\\\/\\\/www.km77.com\\\/revista\\\/teletransporte\\\/presentacion-berlin-volkswagen-passat\\\/#respond\"]}]},{\"@type\":\"WebPage\",\"@id\":\"https:\\\/\\\/www.km77.com\\\/revista\\\/teletransporte\\\/presentacion-berlin-volkswagen-passat\\\/\",\"url\":\"https:\\\/\\\/www.km77.com\\\/revista\\\/teletransporte\\\/presentacion-berlin-volkswagen-passat\\\/\",\"name\":\"Presentaci\u00f3n en Berl\u00edn del Volkswagen Passat 2015 - Revista km77\",\"isPartOf\":{\"@id\":\"https:\\\/\\\/www.km77.com\\\/revista\\\/#website\"},\"primaryImageOfPage\":{\"@id\":\"https:\\\/\\\/www.km77.com\\\/revista\\\/teletransporte\\\/presentacion-berlin-volkswagen-passat\\\/#primaryimage\"},\"image\":{\"@id\":\"https:\\\/\\\/www.km77.com\\\/revista\\\/teletransporte\\\/presentacion-berlin-volkswagen-passat\\\/#primaryimage\"},\"thumbnailUrl\":\"https:\\\/\\\/www.km77.com\\\/revista\\\/wp-content\\\/files\\\/2014\\\/07\\\/010-volkswagen-passat-2015-presentacion.jpg\",\"datePublished\":\"2014-07-09T10:05:22+00:00\",\"dateModified\":\"2021-03-31T17:58:01+00:00\",\"breadcrumb\":{\"@id\":\"https:\\\/\\\/www.km77.com\\\/revista\\\/teletransporte\\\/presentacion-berlin-volkswagen-passat\\\/#breadcrumb\"},\"inLanguage\":\"es\",\"potentialAction\":[{\"@type\":\"ReadAction\",\"target\":[\"https:\\\/\\\/www.km77.com\\\/revista\\\/teletransporte\\\/presentacion-berlin-volkswagen-passat\\\/\"]}]},{\"@type\":\"ImageObject\",\"inLanguage\":\"es\",\"@id\":\"https:\\\/\\\/www.km77.com\\\/revista\\\/teletransporte\\\/presentacion-berlin-volkswagen-passat\\\/#primaryimage\",\"url\":\"https:\\\/\\\/www.km77.com\\\/revista\\\/wp-content\\\/files\\\/2014\\\/07\\\/010-volkswagen-passat-2015-presentacion.jpg\",\"contentUrl\":\"https:\\\/\\\/www.km77.com\\\/revista\\\/wp-content\\\/files\\\/2014\\\/07\\\/010-volkswagen-passat-2015-presentacion.jpg\"},{\"@type\":\"BreadcrumbList\",\"@id\":\"https:\\\/\\\/www.km77.com\\\/revista\\\/teletransporte\\\/presentacion-berlin-volkswagen-passat\\\/#breadcrumb\",\"itemListElement\":[{\"@type\":\"ListItem\",\"position\":1,\"name\":\"Revista km77\",\"item\":\"https:\\\/\\\/www.km77.com\\\/revista\\\/\"},{\"@type\":\"ListItem\",\"position\":2,\"name\":\"Teletransporte\",\"item\":\"https:\\\/\\\/www.km77.com\\\/revista\\\/teletransporte\\\/\"},{\"@type\":\"ListItem\",\"position\":3,\"name\":\"Presentaci\u00f3n en Berl\u00edn del Volkswagen Passat 2015\"}]},{\"@type\":\"WebSite\",\"@id\":\"https:\\\/\\\/www.km77.com\\\/revista\\\/#website\",\"url\":\"https:\\\/\\\/www.km77.com\\\/revista\\\/\",\"name\":\"Revista km77\",\"description\":\"Revista de km77\",\"publisher\":{\"@id\":\"https:\\\/\\\/www.km77.com\\\/revista\\\/#organization\"},\"potentialAction\":[{\"@type\":\"SearchAction\",\"target\":{\"@type\":\"EntryPoint\",\"urlTemplate\":\"https:\\\/\\\/www.km77.com\\\/revista\\\/?s={search_term_string}\"},\"query-input\":{\"@type\":\"PropertyValueSpecification\",\"valueRequired\":true,\"valueName\":\"search_term_string\"}}],\"inLanguage\":\"es\"},{\"@type\":\"Organization\",\"@id\":\"https:\\\/\\\/www.km77.com\\\/revista\\\/#organization\",\"name\":\"KM77\",\"url\":\"https:\\\/\\\/www.km77.com\\\/revista\\\/\",\"logo\":{\"@type\":\"ImageObject\",\"inLanguage\":\"es\",\"@id\":\"https:\\\/\\\/www.km77.com\\\/revista\\\/#\\\/schema\\\/logo\\\/image\\\/\",\"url\":\"https:\\\/\\\/www.km77.com\\\/revista\\\/wp-content\\\/uploads\\\/2021\\\/02\\\/logo-km77.png\",\"contentUrl\":\"https:\\\/\\\/www.km77.com\\\/revista\\\/wp-content\\\/uploads\\\/2021\\\/02\\\/logo-km77.png\",\"width\":100,\"height\":34,\"caption\":\"KM77\"},\"image\":{\"@id\":\"https:\\\/\\\/www.km77.com\\\/revista\\\/#\\\/schema\\\/logo\\\/image\\\/\"}},{\"@type\":\"Person\",\"@id\":\"https:\\\/\\\/www.km77.com\\\/revista\\\/#\\\/schema\\\/person\\\/2f0611a1b3c7d2a2c81a9428505a25db\",\"name\":\"Javier Molt\u00f3\",\"image\":{\"@type\":\"ImageObject\",\"inLanguage\":\"es\",\"@id\":\"https:\\\/\\\/secure.gravatar.com\\\/avatar\\\/1c930880a58b8b56f4abb8c2797bdb266488614621319ddd0ab4ee365b10a72c?s=96&d=mm&r=g\",\"url\":\"https:\\\/\\\/secure.gravatar.com\\\/avatar\\\/1c930880a58b8b56f4abb8c2797bdb266488614621319ddd0ab4ee365b10a72c?s=96&d=mm&r=g\",\"contentUrl\":\"https:\\\/\\\/secure.gravatar.com\\\/avatar\\\/1c930880a58b8b56f4abb8c2797bdb266488614621319ddd0ab4ee365b10a72c?s=96&d=mm&r=g\",\"caption\":\"Javier Molt\u00f3\"},\"description\":\"Empec\u00e9 a trabajar como periodista probador de coches en 1985, en la revista AutoHebdo. Despu\u00e9s trabaj\u00e9 en Coche Actual y Motor16. Desde 1994 a 1999 inform\u00e9 de asuntos econ\u00f3micos tanto en Madrid como en Londres, donde trabaj\u00e9 en Bloomberg. En 1999 fund\u00e9 km77.com, empresa con la que sigo empe\u00f1ado en el objetivo de dar la mejor informaci\u00f3n de coches de la que somos capaces.\",\"sameAs\":[\"https:\\\/\\\/x.com\\\/Deportes1\"],\"url\":\"https:\\\/\\\/www.km77.com\\\/revista\\\/author\\\/teletransporte\\\/\"}]}<\/script>\n<!-- \/ Yoast SEO plugin. -->","yoast_head_json":{"title":"Presentaci\u00f3n en Berl\u00edn del Volkswagen Passat 2015 - Revista km77","robots":{"index":"index","follow":"follow","max-snippet":"max-snippet:-1","max-image-preview":"max-image-preview:large","max-video-preview":"max-video-preview:-1"},"canonical":"https:\/\/www.km77.com\/revista\/teletransporte\/presentacion-berlin-volkswagen-passat\/","og_locale":"es_ES","og_type":"article","og_title":"Presentaci\u00f3n en Berl\u00edn del Volkswagen Passat 2015 - Revista km77","og_description":"La octava generaci\u00f3n del Volkswagen Passat llega a los concesionarios espa\u00f1oles el pr\u00f3ximo mes de noviembre de 2014. Cinco meses antes, a principios de julio, Volkswagen lo ha mostrado por primera vez. Ha sido en Potsdam, cerca de Berl\u00edn, donde est\u00e1 radicado uno de sus centros de dise\u00f1o. Les muestro fotos de esa presentaci\u00f3n, del [&hellip;]","og_url":"https:\/\/www.km77.com\/revista\/teletransporte\/presentacion-berlin-volkswagen-passat\/","og_site_name":"Revista km77","article_published_time":"2014-07-09T10:05:22+00:00","article_modified_time":"2021-03-31T17:58:01+00:00","og_image":[{"url":"https:\/\/www.km77.com\/revista\/wp-content\/files\/2014\/07\/010-volkswagen-passat-2015-presentacion.jpg","type":"","width":"","height":""}],"author":"Javier Molt\u00f3","twitter_card":"summary_large_image","twitter_creator":"@Deportes1","twitter_misc":{"Escrito por":"Javier Molt\u00f3","Tiempo de lectura":"3 minutos"},"schema":{"@context":"https:\/\/schema.org","@graph":[{"@type":"Article","@id":"https:\/\/www.km77.com\/revista\/teletransporte\/presentacion-berlin-volkswagen-passat\/#article","isPartOf":{"@id":"https:\/\/www.km77.com\/revista\/teletransporte\/presentacion-berlin-volkswagen-passat\/"},"author":{"name":"Javier Molt\u00f3","@id":"https:\/\/www.km77.com\/revista\/#\/schema\/person\/2f0611a1b3c7d2a2c81a9428505a25db"},"headline":"Presentaci\u00f3n en Berl\u00edn del Volkswagen Passat 2015","datePublished":"2014-07-09T10:05:22+00:00","dateModified":"2021-03-31T17:58:01+00:00","mainEntityOfPage":{"@id":"https:\/\/www.km77.com\/revista\/teletransporte\/presentacion-berlin-volkswagen-passat\/"},"wordCount":685,"commentCount":36,"publisher":{"@id":"https:\/\/www.km77.com\/revista\/#organization"},"image":{"@id":"https:\/\/www.km77.com\/revista\/teletransporte\/presentacion-berlin-volkswagen-passat\/#primaryimage"},"thumbnailUrl":"https:\/\/www.km77.com\/revista\/wp-content\/files\/2014\/07\/010-volkswagen-passat-2015-presentacion.jpg","keywords":["asientos","coches","maletero","Passat","pilotos","presentaci\u00f3n","Volkswagen","Volkswagen Passat","Volkswagen Passat 2015"],"articleSection":["Teletransporte"],"inLanguage":"es","potentialAction":[{"@type":"CommentAction","name":"Comment","target":["https:\/\/www.km77.com\/revista\/teletransporte\/presentacion-berlin-volkswagen-passat\/#respond"]}]},{"@type":"WebPage","@id":"https:\/\/www.km77.com\/revista\/teletransporte\/presentacion-berlin-volkswagen-passat\/","url":"https:\/\/www.km77.com\/revista\/teletransporte\/presentacion-berlin-volkswagen-passat\/","name":"Presentaci\u00f3n en Berl\u00edn del Volkswagen Passat 2015 - Revista km77","isPartOf":{"@id":"https:\/\/www.km77.com\/revista\/#website"},"primaryImageOfPage":{"@id":"https:\/\/www.km77.com\/revista\/teletransporte\/presentacion-berlin-volkswagen-passat\/#primaryimage"},"image":{"@id":"https:\/\/www.km77.com\/revista\/teletransporte\/presentacion-berlin-volkswagen-passat\/#primaryimage"},"thumbnailUrl":"https:\/\/www.km77.com\/revista\/wp-content\/files\/2014\/07\/010-volkswagen-passat-2015-presentacion.jpg","datePublished":"2014-07-09T10:05:22+00:00","dateModified":"2021-03-31T17:58:01+00:00","breadcrumb":{"@id":"https:\/\/www.km77.com\/revista\/teletransporte\/presentacion-berlin-volkswagen-passat\/#breadcrumb"},"inLanguage":"es","potentialAction":[{"@type":"ReadAction","target":["https:\/\/www.km77.com\/revista\/teletransporte\/presentacion-berlin-volkswagen-passat\/"]}]},{"@type":"ImageObject","inLanguage":"es","@id":"https:\/\/www.km77.com\/revista\/teletransporte\/presentacion-berlin-volkswagen-passat\/#primaryimage","url":"https:\/\/www.km77.com\/revista\/wp-content\/files\/2014\/07\/010-volkswagen-passat-2015-presentacion.jpg","contentUrl":"https:\/\/www.km77.com\/revista\/wp-content\/files\/2014\/07\/010-volkswagen-passat-2015-presentacion.jpg"},{"@type":"BreadcrumbList","@id":"https:\/\/www.km77.com\/revista\/teletransporte\/presentacion-berlin-volkswagen-passat\/#breadcrumb","itemListElement":[{"@type":"ListItem","position":1,"name":"Revista km77","item":"https:\/\/www.km77.com\/revista\/"},{"@type":"ListItem","position":2,"name":"Teletransporte","item":"https:\/\/www.km77.com\/revista\/teletransporte\/"},{"@type":"ListItem","position":3,"name":"Presentaci\u00f3n en Berl\u00edn del Volkswagen Passat 2015"}]},{"@type":"WebSite","@id":"https:\/\/www.km77.com\/revista\/#website","url":"https:\/\/www.km77.com\/revista\/","name":"Revista km77","description":"Revista de km77","publisher":{"@id":"https:\/\/www.km77.com\/revista\/#organization"},"potentialAction":[{"@type":"SearchAction","target":{"@type":"EntryPoint","urlTemplate":"https:\/\/www.km77.com\/revista\/?s={search_term_string}"},"query-input":{"@type":"PropertyValueSpecification","valueRequired":true,"valueName":"search_term_string"}}],"inLanguage":"es"},{"@type":"Organization","@id":"https:\/\/www.km77.com\/revista\/#organization","name":"KM77","url":"https:\/\/www.km77.com\/revista\/","logo":{"@type":"ImageObject","inLanguage":"es","@id":"https:\/\/www.km77.com\/revista\/#\/schema\/logo\/image\/","url":"https:\/\/www.km77.com\/revista\/wp-content\/uploads\/2021\/02\/logo-km77.png","contentUrl":"https:\/\/www.km77.com\/revista\/wp-content\/uploads\/2021\/02\/logo-km77.png","width":100,"height":34,"caption":"KM77"},"image":{"@id":"https:\/\/www.km77.com\/revista\/#\/schema\/logo\/image\/"}},{"@type":"Person","@id":"https:\/\/www.km77.com\/revista\/#\/schema\/person\/2f0611a1b3c7d2a2c81a9428505a25db","name":"Javier Molt\u00f3","image":{"@type":"ImageObject","inLanguage":"es","@id":"https:\/\/secure.gravatar.com\/avatar\/1c930880a58b8b56f4abb8c2797bdb266488614621319ddd0ab4ee365b10a72c?s=96&d=mm&r=g","url":"https:\/\/secure.gravatar.com\/avatar\/1c930880a58b8b56f4abb8c2797bdb266488614621319ddd0ab4ee365b10a72c?s=96&d=mm&r=g","contentUrl":"https:\/\/secure.gravatar.com\/avatar\/1c930880a58b8b56f4abb8c2797bdb266488614621319ddd0ab4ee365b10a72c?s=96&d=mm&r=g","caption":"Javier Molt\u00f3"},"description":"Empec\u00e9 a trabajar como periodista probador de coches en 1985, en la revista AutoHebdo. Despu\u00e9s trabaj\u00e9 en Coche Actual y Motor16. Desde 1994 a 1999 inform\u00e9 de asuntos econ\u00f3micos tanto en Madrid como en Londres, donde trabaj\u00e9 en Bloomberg. En 1999 fund\u00e9 km77.com, empresa con la que sigo empe\u00f1ado en el objetivo de dar la mejor informaci\u00f3n de coches de la que somos capaces.","sameAs":["https:\/\/x.com\/Deportes1"],"url":"https:\/\/www.km77.com\/revista\/author\/teletransporte\/"}]}},"amp_enabled":true,"_links":{"self":[{"href":"https:\/\/www.km77.com\/revista\/wp-json\/wp\/v2\/posts\/12404","targetHints":{"allow":["GET"]}}],"collection":[{"href":"https:\/\/www.km77.com\/revista\/wp-json\/wp\/v2\/posts"}],"about":[{"href":"https:\/\/www.km77.com\/revista\/wp-json\/wp\/v2\/types\/post"}],"author":[{"embeddable":true,"href":"https:\/\/www.km77.com\/revista\/wp-json\/wp\/v2\/users\/72"}],"replies":[{"embeddable":true,"href":"https:\/\/www.km77.com\/revista\/wp-json\/wp\/v2\/comments?post=12404"}],"version-history":[{"count":1,"href":"https:\/\/www.km77.com\/revista\/wp-json\/wp\/v2\/posts\/12404\/revisions"}],"predecessor-version":[{"id":42215,"href":"https:\/\/www.km77.com\/revista\/wp-json\/wp\/v2\/posts\/12404\/revisions\/42215"}],"wp:attachment":[{"href":"https:\/\/www.km77.com\/revista\/wp-json\/wp\/v2\/media?parent=12404"}],"wp:term":[{"taxonomy":"category","embeddable":true,"href":"https:\/\/www.km77.com\/revista\/wp-json\/wp\/v2\/categories?post=12404"},{"taxonomy":"post_tag","embeddable":true,"href":"https:\/\/www.km77.com\/revista\/wp-json\/wp\/v2\/tags?post=12404"}],"curies":[{"name":"wp","href":"https:\/\/api.w.org\/{rel}","templated":true}]}}