{"id":1222,"date":"2009-03-25T17:28:02","date_gmt":"2009-03-25T16:28:02","guid":{"rendered":"http:\/\/blogs.km77.com\/teletransporte\/?p=1222"},"modified":"2021-03-31T20:15:26","modified_gmt":"2021-03-31T18:15:26","slug":"bmw-z4-el-desorden-de-tu-nombre-no-era-esto","status":"publish","type":"post","link":"https:\/\/www.km77.com\/revista\/teletransporte\/bmw-z4-el-desorden-de-tu-nombre-no-era-esto\/","title":{"rendered":"BMW Z4. El desorden de tu nombre no era esto"},"content":{"rendered":"<p>25-03-09. Benidorm. Presentaci\u00f3n a prensa internacional. BMW Z4.<\/p>\n<p>Una hilera de BMW Z4. Al sol.<\/p>\n<p align=\"center\"><img decoding=\"async\" src=\"https:\/\/www.km77.com\/revista\/wp-content\/files\/2009\/03\/traseras.jpg\" alt=\"BMW Z4. Traseras alineadas.\" title=\"BMW Z4. Traseras alineadas.\" width=\"500\" height=\"375\" class=\"aligncenter size-full wp-image-1223\" \/><\/p>\n<p>Otra hilera de BMW Z4. A la sombra.<\/p>\n<p align=\"center\"><img decoding=\"async\" src=\"https:\/\/www.km77.com\/revista\/wp-content\/files\/2009\/03\/delanteras.jpg\" alt=\"BMW Z4. Alineado frontal\" title=\"BMW Z4. Alineado frontal\" width=\"500\" height=\"375\" class=\"aligncenter size-full wp-image-1224\" \/><\/p>\n<p>Est\u00e1n ordenados tambi\u00e9n por el n\u00famero de matr\u00edcula. La matr\u00edcula del primero de la fila acaba en 00.<\/p>\n<p align=\"center\"><img decoding=\"async\" src=\"https:\/\/www.km77.com\/revista\/wp-content\/files\/2009\/03\/matriculas.jpg\" alt=\"BMW Z4. Matr\u00edculas consecutivas.\" title=\"BMW Z4. Matr\u00edculas consecutivas.\" width=\"500\" height=\"375\" class=\"aligncenter size-full wp-image-1225\" \/><\/p>\n<p>\u00abEl desorden de tu nombre\u00bb y \u00abLa soledad era esto\u00bb son novelas de Juan Jos\u00e9 Mill\u00e1s.<\/p>\n","protected":false},"excerpt":{"rendered":"<p>25-03-09. Benidorm. Presentaci\u00f3n a prensa internacional. BMW Z4. Una hilera de BMW Z4. Al sol. Otra hilera de BMW Z4. A la sombra. Est\u00e1n ordenados tambi\u00e9n por el n\u00famero de matr\u00edcula. La matr\u00edcula del primero de la fila acaba en 00. \u00abEl desorden de tu nombre\u00bb y \u00abLa soledad era esto\u00bb son novelas de Juan [&hellip;]<\/p>\n","protected":false},"author":72,"featured_media":0,"comment_status":"open","ping_status":"closed","sticky":false,"template":"","format":"standard","meta":{"_et_pb_use_builder":"","_et_pb_old_content":"","_et_gb_content_width":"","footnotes":""},"categories":[3915],"tags":[564,8,1101,1702,1777],"class_list":["post-1222","post","type-post","status-publish","format-standard","hentry","category-teletransporte","tag-bmw-z4","tag-coches","tag-el-desorden-de-tu-nombre","tag-juan-jose-millas","tag-la-soledad-era-esto"],"amp_enabled":true,"_links":{"self":[{"href":"https:\/\/www.km77.com\/revista\/wp-json\/wp\/v2\/posts\/1222","targetHints":{"allow":["GET"]}}],"collection":[{"href":"https:\/\/www.km77.com\/revista\/wp-json\/wp\/v2\/posts"}],"about":[{"href":"https:\/\/www.km77.com\/revista\/wp-json\/wp\/v2\/types\/post"}],"author":[{"embeddable":true,"href":"https:\/\/www.km77.com\/revista\/wp-json\/wp\/v2\/users\/72"}],"replies":[{"embeddable":true,"href":"https:\/\/www.km77.com\/revista\/wp-json\/wp\/v2\/comments?post=1222"}],"version-history":[{"count":1,"href":"https:\/\/www.km77.com\/revista\/wp-json\/wp\/v2\/posts\/1222\/revisions"}],"predecessor-version":[{"id":45449,"href":"https:\/\/www.km77.com\/revista\/wp-json\/wp\/v2\/posts\/1222\/revisions\/45449"}],"wp:attachment":[{"href":"https:\/\/www.km77.com\/revista\/wp-json\/wp\/v2\/media?parent=1222"}],"wp:term":[{"taxonomy":"category","embeddable":true,"href":"https:\/\/www.km77.com\/revista\/wp-json\/wp\/v2\/categories?post=1222"},{"taxonomy":"post_tag","embeddable":true,"href":"https:\/\/www.km77.com\/revista\/wp-json\/wp\/v2\/tags?post=1222"}],"curies":[{"name":"wp","href":"https:\/\/api.w.org\/{rel}","templated":true}]}}