{"id":1207,"date":"2009-03-24T22:58:16","date_gmt":"2009-03-24T21:58:16","guid":{"rendered":"http:\/\/blogs.km77.com\/teletransporte\/?p=1207"},"modified":"2021-03-31T20:15:26","modified_gmt":"2021-03-31T18:15:26","slug":"mercedes-benz-glk-220-cdi-una-manana-de-trabajo","status":"publish","type":"post","link":"https:\/\/www.km77.com\/revista\/teletransporte\/mercedes-benz-glk-220-cdi-una-manana-de-trabajo\/","title":{"rendered":"Mercedes-Benz GLK 220 CDi: Una ma\u00f1ana de trabajo"},"content":{"rendered":"<p>Esta ma\u00f1ana he ido a conducir el Mercedes-Benz GLK 220 CDi BlueEFFICIENCY. Todav\u00eda eran unidades con matr\u00edcula alemana. El GLK comenzar\u00e1 pronto a entregarse en Espa\u00f1a. Ya ha pasado un a\u00f1o desde que conduje este mismo coche, durante la presentaci\u00f3n internacional.<\/p>\n<p>Todo el rato por asfalto, he hecho un recorrido muy bonito, que hac\u00eda muchos a\u00f1os que no hac\u00eda.<\/p>\n<p>Desde Madrid he subido a Navacerrada por Villalba:<\/p>\n<p align=\"center\"><img decoding=\"async\" src=\"https:\/\/www.km77.com\/revista\/wp-content\/files\/2009\/03\/navacerrada.jpg\" alt=\"Puerto de Navacerrada\" title=\"Puerto de Navacerrada\" width=\"500\" height=\"375\" class=\"aligncenter size-full wp-image-1208\" \/><\/p>\n<p>He bajado por la carretera de Cotos hasta Rascafr\u00eda. Despu\u00e9s, he subido por Morcuera y he bajado hasta Miraflores de la Sierra.<\/p>\n<p>Desde Miraflores, he ido por el Puerto de Canencia. De subida he hecho esta foto:<\/p>\n<p align=\"center\"><img decoding=\"async\" src=\"https:\/\/www.km77.com\/revista\/wp-content\/files\/2009\/03\/canencia-subida.jpg\" alt=\"Puerto de Canencia\" title=\"Puerto de Canencia\" width=\"500\" height=\"375\" class=\"aligncenter size-full wp-image-1209\" \/><\/p>\n<p>Y de bajada \u00e9sta:<\/p>\n<p align=\"center\"><img decoding=\"async\" src=\"https:\/\/www.km77.com\/revista\/wp-content\/files\/2009\/03\/vacas.jpg\" alt=\"Puerto de Canencia. Vacas\" title=\"Puerto de Canencia. Vacas\" width=\"500\" height=\"375\" class=\"aligncenter size-full wp-image-1210\" \/><\/p>\n<p>Ha sido una deliciosa ma\u00f1ana de trabajo.<\/p>\n<p>Me ha vuelto a gustar mucho c\u00f3mo va este coche. La sensaci\u00f3n general es irreprochable. Es estable y el morro entra con precisi\u00f3n en las curvas. El motor es silencioso y responde bien en toda su gama de revoluciones. El cambio tiene las relaciones elegidas adecuadamente para carretera de monta\u00f1a y para autov\u00eda (7 relaciones) y el paso de una marcha a otra se produce con suavidad. En fin. Que no me quejo de este d\u00eda de trabajo.<\/p>\n<p>Recorrido:<\/p>\n<p align=\"center\"><iframe width=\"425\" height=\"350\" frameborder=\"0\" scrolling=\"no\" marginheight=\"0\" marginwidth=\"0\" src=\"http:\/\/maps.google.es\/maps?f=d&amp;source=s_d&amp;saddr=Madrid,+Plaza+de+Castilla&amp;daddr=Collado+Villalba+to:Puerto+de+Navacerrada+to:Rascafr%C3%ADa+to:Puerto+de+la+Morcuera+to:Miraflores+de+la+Sierra+to:Canencia+to:Rascafr%C3%ADa&amp;geocode=&amp;hl=es&amp;mra=ls&amp;sll=40.809652,-3.927612&amp;sspn=0.340931,0.76355&amp;ie=UTF8&amp;ll=40.70518,-3.85793&amp;spn=0.50208,0.33846&amp;output=embed\"><\/iframe><br \/><medium><a href=\"https:\/\/www.google.es\/maps\/dir\/Madrid,+Plaza+de+Castilla\/Collado+Villalba\/Puerto+de+Navacerrada\/Rascafr%C3%ADa\/Puerto+de+la+Morcuera\/Miraflores+de+la+Sierra\/Canencia\/Rascafr%C3%ADa\/@40.70518,-3.85793,55829m\/data=!4m2!4m1!3e0?source=embed&amp;hl=es&amp;dg=dbrw&amp;newdg=1\" style=\"color:#0000FF;text-align:left\">Ver mapa m\u00e1s grande<\/a><\/medium><\/p>\n","protected":false},"excerpt":{"rendered":"<p>Esta ma\u00f1ana he ido a conducir el Mercedes-Benz GLK 220 CDi BlueEFFICIENCY. Todav\u00eda eran unidades con matr\u00edcula alemana. El GLK comenzar\u00e1 pronto a entregarse en Espa\u00f1a. Ya ha pasado un a\u00f1o desde que conduje este mismo coche, durante la presentaci\u00f3n internacional. Todo el rato por asfalto, he hecho un recorrido muy bonito, que hac\u00eda muchos [&hellip;]<\/p>\n","protected":false},"author":72,"featured_media":0,"comment_status":"open","ping_status":"closed","sticky":false,"template":"","format":"standard","meta":{"_et_pb_use_builder":"","_et_pb_old_content":"","_et_gb_content_width":"","footnotes":""},"categories":[3915],"tags":[645,8,2022,2075,2101],"class_list":["post-1207","post","type-post","status-publish","format-standard","hentry","category-teletransporte","tag-canencia","tag-coches","tag-mercedes-glk-220-cdi","tag-miraflores-de-la-sierra","tag-morcuera"],"amp_enabled":true,"_links":{"self":[{"href":"https:\/\/www.km77.com\/revista\/wp-json\/wp\/v2\/posts\/1207","targetHints":{"allow":["GET"]}}],"collection":[{"href":"https:\/\/www.km77.com\/revista\/wp-json\/wp\/v2\/posts"}],"about":[{"href":"https:\/\/www.km77.com\/revista\/wp-json\/wp\/v2\/types\/post"}],"author":[{"embeddable":true,"href":"https:\/\/www.km77.com\/revista\/wp-json\/wp\/v2\/users\/72"}],"replies":[{"embeddable":true,"href":"https:\/\/www.km77.com\/revista\/wp-json\/wp\/v2\/comments?post=1207"}],"version-history":[{"count":1,"href":"https:\/\/www.km77.com\/revista\/wp-json\/wp\/v2\/posts\/1207\/revisions"}],"predecessor-version":[{"id":45450,"href":"https:\/\/www.km77.com\/revista\/wp-json\/wp\/v2\/posts\/1207\/revisions\/45450"}],"wp:attachment":[{"href":"https:\/\/www.km77.com\/revista\/wp-json\/wp\/v2\/media?parent=1207"}],"wp:term":[{"taxonomy":"category","embeddable":true,"href":"https:\/\/www.km77.com\/revista\/wp-json\/wp\/v2\/categories?post=1207"},{"taxonomy":"post_tag","embeddable":true,"href":"https:\/\/www.km77.com\/revista\/wp-json\/wp\/v2\/tags?post=1207"}],"curies":[{"name":"wp","href":"https:\/\/api.w.org\/{rel}","templated":true}]}}