{"id":1204,"date":"2013-06-11T10:11:00","date_gmt":"2013-06-11T08:11:00","guid":{"rendered":"http:\/\/blogs.km77.com\/cinecuatroruedas\/?p=1204"},"modified":"2021-03-31T20:03:22","modified_gmt":"2021-03-31T18:03:22","slug":"delirios-de-espana","status":"publish","type":"post","link":"https:\/\/www.km77.com\/revista\/cine-cuatro-ruedas\/delirios-de-espana\/","title":{"rendered":"Delirios de Espa\u00f1a"},"content":{"rendered":"<p><img decoding=\"async\" class=\"aligncenter size-full wp-image-1205\" alt=\"insensibles\" src=\"https:\/\/www.km77.com\/revista\/wp-content\/uploads\/2013\/06\/insensibles.jpg\" width=\"291\" height=\"173\" \/><\/p>\n<p>&nbsp;<\/p>\n<p>&nbsp;<\/p>\n<p>He visto que algunos de ustedes han dejado libres al corrector que llevan dentro y me han recordado que no es \u201casalvajado\u201d sino \u201casilvestrado\u201d. Vale, de acuerdo, no lo voy a negar. Sin embargo es algo que ya sab\u00eda (mi corrector no me deja poner \u201casalvajado\u201d sin subrayarla con ese color rojo que tanto desentona en el blanco y negro del folio) y que me propongo cambiar. Como dec\u00eda Umberto Eco en \u201cApocal\u00edpticos e integrados\u201d ninguna (r)evoluci\u00f3n podr\u00eda completarse si todos\/as se dedicaran a seguir la corriente, s\u00f3lo aquellos dispuestos a llevar lo contraria pueden crear las condiciones necesarias para cambiar algo. Por tanto, si yo insisto en \u201casalvajados\u201d y consigo convencer a alguno de ustedes que es mejor que \u201casilvestrados\u201d estar\u00e9 dando el primer paso para que la RAE se lo plantee. Pi\u00e9nsenlo bien: asilvestrado suena antiguo, carpetovet\u00f3nico, recuerda a un caballo tratando de librarse de la joven doncella que lo monta. En cambio, asalvajado hace pensar en un grupo de <i>punkies<\/i> arrancando un sem\u00e1foro o en un tipo tratando de hacerse la manicura con un lanzallamas. Es mucho mejor, y ustedes\/as lo saben.<\/p>\n<p>&nbsp;<\/p>\n<p>En fin, hablemos de cine, aunque sea un poco. Bueno, quien dice de cine dice de algo que dan en los cines y que no tiene porque ser necesariamente una pel\u00edcula, aunque por fuera lo parezca.<\/p>\n<p>&nbsp;<\/p>\n<p>Esta semana estrenan una pel\u00edcula llamada <em>Insensibles<\/em>. Cuenta la historia (a priori interesante) de un grupo de ni\u00f1os que nacen en un peque\u00f1o pueblecito de Espa\u00f1a antes de la Guerra Civil. A medida que crecen se advierte que tienen una caracter\u00edstica muy especial y bastante perturbadora: no sienten ninguna clase de dolor. Eso hace que se (auto)lastimen con frecuencia y que sus padres y el resto de habitantes de la aldea decidan que deben permanecer en un centro, vigilados. Por su propio bien y el de los dem\u00e1s.<\/p>\n<p>&nbsp;<\/p>\n<p>Por eso le encargan a un doctor que los recluya en una especie de psiqui\u00e1trico y los mantenga all\u00ed hasta que decidan qu\u00e9 hacer con ellos.<\/p>\n<p>&nbsp;<\/p>\n<p>Como ya he dicho antes, el punto de partida era bastante interesante y de hecho los primeros 15 minutos prometen una muy buena pel\u00edcula. Lamentablemente \u2013y acto seguido\u2013 todo se precipita como un enano metido en un carro del Eroski y arrojado por un acantilado.<\/p>\n<p>&nbsp;<\/p>\n<p>El primer problema de la pel\u00edcula es que parece que a algunos no les vale con contar una historia peque\u00f1a desde un punto de vista local. No, lo que hay que hacer \u2013piensan ellos\u2013 es crear una historia lo m\u00e1s ambiciosa posible, y meter all\u00ed todo lo que se les vaya ocurriendo: drama, terror, thriller, comedia (involuntaria). Claro, es como intentar hacer un arroz metiendo un poco de arena, algod\u00f3n y fresas: como experimento art\u00edstico igual hasta luce bien, pero lo que es com\u00e9rselo se lo va a comer el Tato.<\/p>\n<p>&nbsp;<\/p>\n<p>Con Insensibles el error es la ambici\u00f3n, esa joroba que algunos confunden con una bola de cristal. El director mete hasta a los nazis en la narraci\u00f3n (una ridiculez tan descomunal como pensar que los ni\u00f1os vienen de Murcia) y pasa de un drama bien construido a un tono de filme de terror de serie B que no se creer\u00eda ni un fiscal anticorrupci\u00f3n (y mira que esos se tragan hasta que la Infanta es inocente). Adem\u00e1s, aparece por all\u00ed Ramon Fontser\u00e9, un actor \u00f3ptimo, gran conocedor de las artes esc\u00e9nicas y en especial del teatro, que aqu\u00ed parece haberse bebido un caldero de absenta. Cada vez que sale este se\u00f1or dan ganas de arrancarse los ojos con una cucharilla de caf\u00e9 o meter la cabeza en una ba\u00f1era de acido. Tira de un acento catal\u00e1n (soy catal\u00e1n, conozco bien el acento, no soy sospechoso de catalanofobia) que parece forzar para hacer el rid\u00edculo y que le hace parecer una parodia de cient\u00edfico loco, como si se hubiera ca\u00eddo de un guindo en la pel\u00edcula equivocada.<\/p>\n<p>&nbsp;<\/p>\n<p>Luego los nazis, la trama paralela, el drama impostado y\u2026 TATATATACH\u00c1N: Alex Brendem\u00fchl. Brendem\u00fchl siempre me pareci\u00f3 un actor muy justito, pero ponlo a tirar de una pel\u00edcula y le ver\u00e1s todas las costuras: tengo una planta en mi balc\u00f3n que tiene m\u00e1s carisma que \u00e9l. Llegados a ese punto la pel\u00edcula se convierte en un lodazal tan absurdo que lo mejor es relajarse y echarse unas buenas risas. Hasta sale un monstruo\u2026 no, no es broma. Bueno, algo parecido a un monstruo.<\/p>\n<p>&nbsp;<\/p>\n<p>Yo ya les he advertido, despu\u00e9s no se me quejen.<\/p>\n<p>&nbsp;<\/p>\n<p>T.G.<\/p>\n<p>&nbsp;<\/p>\n<p>&nbsp;<\/p>\n<p>&nbsp;<\/p>\n<p>&nbsp;<\/p>\n<p>&nbsp;<\/p>\n<p>&nbsp;<\/p>\n","protected":false},"excerpt":{"rendered":"<p>&nbsp; &nbsp; He visto que algunos de ustedes han dejado libres al corrector que llevan dentro y me han recordado que no es \u201casalvajado\u201d sino \u201casilvestrado\u201d. Vale, de acuerdo, no lo voy a negar. Sin embargo es algo que ya sab\u00eda (mi corrector no me deja poner \u201casalvajado\u201d sin subrayarla con ese color rojo que [&hellip;]<\/p>\n","protected":false},"author":50,"featured_media":0,"comment_status":"open","ping_status":"closed","sticky":false,"template":"","format":"standard","meta":{"_et_pb_use_builder":"","_et_pb_old_content":"","_et_gb_content_width":"","footnotes":""},"categories":[3909],"tags":[12013,12014,12015,12016,3017],"class_list":["post-1204","post","type-post","status-publish","format-standard","hentry","category-cine-cuatro-ruedas","tag-cine-espanol","tag-insensibles","tag-punkies","tag-ramon-fontsere","tag-umberto-eco"],"yoast_head":"<!-- This site is optimized with the Yoast SEO plugin v27.4 - https:\/\/yoast.com\/product\/yoast-seo-wordpress\/ -->\n<title>Delirios de Espa\u00f1a - Revista km77<\/title>\n<meta name=\"robots\" content=\"index, follow, max-snippet:-1, max-image-preview:large, max-video-preview:-1\" \/>\n<link rel=\"canonical\" href=\"https:\/\/www.km77.com\/revista\/cine-cuatro-ruedas\/delirios-de-espana\/\" \/>\n<meta property=\"og:locale\" content=\"es_ES\" \/>\n<meta property=\"og:type\" content=\"article\" \/>\n<meta property=\"og:title\" content=\"Delirios de Espa\u00f1a - Revista km77\" \/>\n<meta property=\"og:description\" content=\"&nbsp; &nbsp; He visto que algunos de ustedes han dejado libres al corrector que llevan dentro y me han recordado que no es \u201casalvajado\u201d sino \u201casilvestrado\u201d. Vale, de acuerdo, no lo voy a negar. Sin embargo es algo que ya sab\u00eda (mi corrector no me deja poner \u201casalvajado\u201d sin subrayarla con ese color rojo que [&hellip;]\" \/>\n<meta property=\"og:url\" content=\"https:\/\/www.km77.com\/revista\/cine-cuatro-ruedas\/delirios-de-espana\/\" \/>\n<meta property=\"og:site_name\" content=\"Revista km77\" \/>\n<meta property=\"article:published_time\" content=\"2013-06-11T08:11:00+00:00\" \/>\n<meta property=\"article:modified_time\" content=\"2021-03-31T18:03:22+00:00\" \/>\n<meta property=\"og:image\" content=\"https:\/\/www.km77.com\/revista\/wp-content\/uploads\/2013\/06\/insensibles.jpg\" \/>\n<meta name=\"author\" content=\"Toni Garc\u00eda\" \/>\n<meta name=\"twitter:card\" content=\"summary_large_image\" \/>\n<meta name=\"twitter:label1\" content=\"Escrito por\" \/>\n\t<meta name=\"twitter:data1\" content=\"Toni Garc\u00eda\" \/>\n\t<meta name=\"twitter:label2\" content=\"Tiempo de lectura\" \/>\n\t<meta name=\"twitter:data2\" content=\"4 minutos\" \/>\n<script type=\"application\/ld+json\" class=\"yoast-schema-graph\">{\"@context\":\"https:\\\/\\\/schema.org\",\"@graph\":[{\"@type\":\"Article\",\"@id\":\"https:\\\/\\\/www.km77.com\\\/revista\\\/cine-cuatro-ruedas\\\/delirios-de-espana\\\/#article\",\"isPartOf\":{\"@id\":\"https:\\\/\\\/www.km77.com\\\/revista\\\/cine-cuatro-ruedas\\\/delirios-de-espana\\\/\"},\"author\":{\"name\":\"Toni Garc\u00eda\",\"@id\":\"https:\\\/\\\/www.km77.com\\\/revista\\\/#\\\/schema\\\/person\\\/db291b06b78e5fe336ada62bee862008\"},\"headline\":\"Delirios de Espa\u00f1a\",\"datePublished\":\"2013-06-11T08:11:00+00:00\",\"dateModified\":\"2021-03-31T18:03:22+00:00\",\"mainEntityOfPage\":{\"@id\":\"https:\\\/\\\/www.km77.com\\\/revista\\\/cine-cuatro-ruedas\\\/delirios-de-espana\\\/\"},\"wordCount\":814,\"commentCount\":5,\"publisher\":{\"@id\":\"https:\\\/\\\/www.km77.com\\\/revista\\\/#organization\"},\"image\":{\"@id\":\"https:\\\/\\\/www.km77.com\\\/revista\\\/cine-cuatro-ruedas\\\/delirios-de-espana\\\/#primaryimage\"},\"thumbnailUrl\":\"https:\\\/\\\/www.km77.com\\\/revista\\\/wp-content\\\/uploads\\\/2013\\\/06\\\/insensibles.jpg\",\"keywords\":[\"cine espa\u00f1ol\",\"Insensibles\",\"Punkies\",\"Ram\u00f3n Fontser\u00e9\",\"Umberto Eco\"],\"articleSection\":[\"Cine a las Cuatro Ruedas\"],\"inLanguage\":\"es\",\"potentialAction\":[{\"@type\":\"CommentAction\",\"name\":\"Comment\",\"target\":[\"https:\\\/\\\/www.km77.com\\\/revista\\\/cine-cuatro-ruedas\\\/delirios-de-espana\\\/#respond\"]}]},{\"@type\":\"WebPage\",\"@id\":\"https:\\\/\\\/www.km77.com\\\/revista\\\/cine-cuatro-ruedas\\\/delirios-de-espana\\\/\",\"url\":\"https:\\\/\\\/www.km77.com\\\/revista\\\/cine-cuatro-ruedas\\\/delirios-de-espana\\\/\",\"name\":\"Delirios de Espa\u00f1a - Revista km77\",\"isPartOf\":{\"@id\":\"https:\\\/\\\/www.km77.com\\\/revista\\\/#website\"},\"primaryImageOfPage\":{\"@id\":\"https:\\\/\\\/www.km77.com\\\/revista\\\/cine-cuatro-ruedas\\\/delirios-de-espana\\\/#primaryimage\"},\"image\":{\"@id\":\"https:\\\/\\\/www.km77.com\\\/revista\\\/cine-cuatro-ruedas\\\/delirios-de-espana\\\/#primaryimage\"},\"thumbnailUrl\":\"https:\\\/\\\/www.km77.com\\\/revista\\\/wp-content\\\/uploads\\\/2013\\\/06\\\/insensibles.jpg\",\"datePublished\":\"2013-06-11T08:11:00+00:00\",\"dateModified\":\"2021-03-31T18:03:22+00:00\",\"breadcrumb\":{\"@id\":\"https:\\\/\\\/www.km77.com\\\/revista\\\/cine-cuatro-ruedas\\\/delirios-de-espana\\\/#breadcrumb\"},\"inLanguage\":\"es\",\"potentialAction\":[{\"@type\":\"ReadAction\",\"target\":[\"https:\\\/\\\/www.km77.com\\\/revista\\\/cine-cuatro-ruedas\\\/delirios-de-espana\\\/\"]}]},{\"@type\":\"ImageObject\",\"inLanguage\":\"es\",\"@id\":\"https:\\\/\\\/www.km77.com\\\/revista\\\/cine-cuatro-ruedas\\\/delirios-de-espana\\\/#primaryimage\",\"url\":\"https:\\\/\\\/www.km77.com\\\/revista\\\/wp-content\\\/uploads\\\/2013\\\/06\\\/insensibles.jpg\",\"contentUrl\":\"https:\\\/\\\/www.km77.com\\\/revista\\\/wp-content\\\/uploads\\\/2013\\\/06\\\/insensibles.jpg\"},{\"@type\":\"BreadcrumbList\",\"@id\":\"https:\\\/\\\/www.km77.com\\\/revista\\\/cine-cuatro-ruedas\\\/delirios-de-espana\\\/#breadcrumb\",\"itemListElement\":[{\"@type\":\"ListItem\",\"position\":1,\"name\":\"Revista km77\",\"item\":\"https:\\\/\\\/www.km77.com\\\/revista\\\/\"},{\"@type\":\"ListItem\",\"position\":2,\"name\":\"Cine a las Cuatro Ruedas\",\"item\":\"https:\\\/\\\/www.km77.com\\\/revista\\\/cine-cuatro-ruedas\\\/\"},{\"@type\":\"ListItem\",\"position\":3,\"name\":\"Delirios de Espa\u00f1a\"}]},{\"@type\":\"WebSite\",\"@id\":\"https:\\\/\\\/www.km77.com\\\/revista\\\/#website\",\"url\":\"https:\\\/\\\/www.km77.com\\\/revista\\\/\",\"name\":\"Revista km77\",\"description\":\"Revista de km77\",\"publisher\":{\"@id\":\"https:\\\/\\\/www.km77.com\\\/revista\\\/#organization\"},\"potentialAction\":[{\"@type\":\"SearchAction\",\"target\":{\"@type\":\"EntryPoint\",\"urlTemplate\":\"https:\\\/\\\/www.km77.com\\\/revista\\\/?s={search_term_string}\"},\"query-input\":{\"@type\":\"PropertyValueSpecification\",\"valueRequired\":true,\"valueName\":\"search_term_string\"}}],\"inLanguage\":\"es\"},{\"@type\":\"Organization\",\"@id\":\"https:\\\/\\\/www.km77.com\\\/revista\\\/#organization\",\"name\":\"KM77\",\"url\":\"https:\\\/\\\/www.km77.com\\\/revista\\\/\",\"logo\":{\"@type\":\"ImageObject\",\"inLanguage\":\"es\",\"@id\":\"https:\\\/\\\/www.km77.com\\\/revista\\\/#\\\/schema\\\/logo\\\/image\\\/\",\"url\":\"https:\\\/\\\/www.km77.com\\\/revista\\\/wp-content\\\/uploads\\\/2021\\\/02\\\/logo-km77.png\",\"contentUrl\":\"https:\\\/\\\/www.km77.com\\\/revista\\\/wp-content\\\/uploads\\\/2021\\\/02\\\/logo-km77.png\",\"width\":100,\"height\":34,\"caption\":\"KM77\"},\"image\":{\"@id\":\"https:\\\/\\\/www.km77.com\\\/revista\\\/#\\\/schema\\\/logo\\\/image\\\/\"}},{\"@type\":\"Person\",\"@id\":\"https:\\\/\\\/www.km77.com\\\/revista\\\/#\\\/schema\\\/person\\\/db291b06b78e5fe336ada62bee862008\",\"name\":\"Toni Garc\u00eda\",\"image\":{\"@type\":\"ImageObject\",\"inLanguage\":\"es\",\"@id\":\"https:\\\/\\\/www.km77.com\\\/revista\\\/wp-content\\\/uploads\\\/2021\\\/03\\\/claqueta-cine-1-150x150.jpg\",\"url\":\"https:\\\/\\\/www.km77.com\\\/revista\\\/wp-content\\\/uploads\\\/2021\\\/03\\\/claqueta-cine-1-150x150.jpg\",\"contentUrl\":\"https:\\\/\\\/www.km77.com\\\/revista\\\/wp-content\\\/uploads\\\/2021\\\/03\\\/claqueta-cine-1-150x150.jpg\",\"caption\":\"Toni Garc\u00eda\"},\"description\":\"Cine a las cuatro ruedas es un blog dedicado al s\u00e9ptimo arte que empez\u00f3 tratando de mezclar cine y coches, como eso no funcion\u00f3 decidimos dejarlo solo en lo del cine. Eso s\u00ed, de cuando en cuando sacamos alg\u00fan coche.\",\"url\":\"https:\\\/\\\/www.km77.com\\\/revista\\\/author\\\/cinecuatroruedas\\\/\"}]}<\/script>\n<!-- \/ Yoast SEO plugin. -->","yoast_head_json":{"title":"Delirios de Espa\u00f1a - Revista km77","robots":{"index":"index","follow":"follow","max-snippet":"max-snippet:-1","max-image-preview":"max-image-preview:large","max-video-preview":"max-video-preview:-1"},"canonical":"https:\/\/www.km77.com\/revista\/cine-cuatro-ruedas\/delirios-de-espana\/","og_locale":"es_ES","og_type":"article","og_title":"Delirios de Espa\u00f1a - Revista km77","og_description":"&nbsp; &nbsp; He visto que algunos de ustedes han dejado libres al corrector que llevan dentro y me han recordado que no es \u201casalvajado\u201d sino \u201casilvestrado\u201d. Vale, de acuerdo, no lo voy a negar. Sin embargo es algo que ya sab\u00eda (mi corrector no me deja poner \u201casalvajado\u201d sin subrayarla con ese color rojo que [&hellip;]","og_url":"https:\/\/www.km77.com\/revista\/cine-cuatro-ruedas\/delirios-de-espana\/","og_site_name":"Revista km77","article_published_time":"2013-06-11T08:11:00+00:00","article_modified_time":"2021-03-31T18:03:22+00:00","og_image":[{"url":"https:\/\/www.km77.com\/revista\/wp-content\/uploads\/2013\/06\/insensibles.jpg","type":"","width":"","height":""}],"author":"Toni Garc\u00eda","twitter_card":"summary_large_image","twitter_misc":{"Escrito por":"Toni Garc\u00eda","Tiempo de lectura":"4 minutos"},"schema":{"@context":"https:\/\/schema.org","@graph":[{"@type":"Article","@id":"https:\/\/www.km77.com\/revista\/cine-cuatro-ruedas\/delirios-de-espana\/#article","isPartOf":{"@id":"https:\/\/www.km77.com\/revista\/cine-cuatro-ruedas\/delirios-de-espana\/"},"author":{"name":"Toni Garc\u00eda","@id":"https:\/\/www.km77.com\/revista\/#\/schema\/person\/db291b06b78e5fe336ada62bee862008"},"headline":"Delirios de Espa\u00f1a","datePublished":"2013-06-11T08:11:00+00:00","dateModified":"2021-03-31T18:03:22+00:00","mainEntityOfPage":{"@id":"https:\/\/www.km77.com\/revista\/cine-cuatro-ruedas\/delirios-de-espana\/"},"wordCount":814,"commentCount":5,"publisher":{"@id":"https:\/\/www.km77.com\/revista\/#organization"},"image":{"@id":"https:\/\/www.km77.com\/revista\/cine-cuatro-ruedas\/delirios-de-espana\/#primaryimage"},"thumbnailUrl":"https:\/\/www.km77.com\/revista\/wp-content\/uploads\/2013\/06\/insensibles.jpg","keywords":["cine espa\u00f1ol","Insensibles","Punkies","Ram\u00f3n Fontser\u00e9","Umberto Eco"],"articleSection":["Cine a las Cuatro Ruedas"],"inLanguage":"es","potentialAction":[{"@type":"CommentAction","name":"Comment","target":["https:\/\/www.km77.com\/revista\/cine-cuatro-ruedas\/delirios-de-espana\/#respond"]}]},{"@type":"WebPage","@id":"https:\/\/www.km77.com\/revista\/cine-cuatro-ruedas\/delirios-de-espana\/","url":"https:\/\/www.km77.com\/revista\/cine-cuatro-ruedas\/delirios-de-espana\/","name":"Delirios de Espa\u00f1a - Revista km77","isPartOf":{"@id":"https:\/\/www.km77.com\/revista\/#website"},"primaryImageOfPage":{"@id":"https:\/\/www.km77.com\/revista\/cine-cuatro-ruedas\/delirios-de-espana\/#primaryimage"},"image":{"@id":"https:\/\/www.km77.com\/revista\/cine-cuatro-ruedas\/delirios-de-espana\/#primaryimage"},"thumbnailUrl":"https:\/\/www.km77.com\/revista\/wp-content\/uploads\/2013\/06\/insensibles.jpg","datePublished":"2013-06-11T08:11:00+00:00","dateModified":"2021-03-31T18:03:22+00:00","breadcrumb":{"@id":"https:\/\/www.km77.com\/revista\/cine-cuatro-ruedas\/delirios-de-espana\/#breadcrumb"},"inLanguage":"es","potentialAction":[{"@type":"ReadAction","target":["https:\/\/www.km77.com\/revista\/cine-cuatro-ruedas\/delirios-de-espana\/"]}]},{"@type":"ImageObject","inLanguage":"es","@id":"https:\/\/www.km77.com\/revista\/cine-cuatro-ruedas\/delirios-de-espana\/#primaryimage","url":"https:\/\/www.km77.com\/revista\/wp-content\/uploads\/2013\/06\/insensibles.jpg","contentUrl":"https:\/\/www.km77.com\/revista\/wp-content\/uploads\/2013\/06\/insensibles.jpg"},{"@type":"BreadcrumbList","@id":"https:\/\/www.km77.com\/revista\/cine-cuatro-ruedas\/delirios-de-espana\/#breadcrumb","itemListElement":[{"@type":"ListItem","position":1,"name":"Revista km77","item":"https:\/\/www.km77.com\/revista\/"},{"@type":"ListItem","position":2,"name":"Cine a las Cuatro Ruedas","item":"https:\/\/www.km77.com\/revista\/cine-cuatro-ruedas\/"},{"@type":"ListItem","position":3,"name":"Delirios de Espa\u00f1a"}]},{"@type":"WebSite","@id":"https:\/\/www.km77.com\/revista\/#website","url":"https:\/\/www.km77.com\/revista\/","name":"Revista km77","description":"Revista de km77","publisher":{"@id":"https:\/\/www.km77.com\/revista\/#organization"},"potentialAction":[{"@type":"SearchAction","target":{"@type":"EntryPoint","urlTemplate":"https:\/\/www.km77.com\/revista\/?s={search_term_string}"},"query-input":{"@type":"PropertyValueSpecification","valueRequired":true,"valueName":"search_term_string"}}],"inLanguage":"es"},{"@type":"Organization","@id":"https:\/\/www.km77.com\/revista\/#organization","name":"KM77","url":"https:\/\/www.km77.com\/revista\/","logo":{"@type":"ImageObject","inLanguage":"es","@id":"https:\/\/www.km77.com\/revista\/#\/schema\/logo\/image\/","url":"https:\/\/www.km77.com\/revista\/wp-content\/uploads\/2021\/02\/logo-km77.png","contentUrl":"https:\/\/www.km77.com\/revista\/wp-content\/uploads\/2021\/02\/logo-km77.png","width":100,"height":34,"caption":"KM77"},"image":{"@id":"https:\/\/www.km77.com\/revista\/#\/schema\/logo\/image\/"}},{"@type":"Person","@id":"https:\/\/www.km77.com\/revista\/#\/schema\/person\/db291b06b78e5fe336ada62bee862008","name":"Toni Garc\u00eda","image":{"@type":"ImageObject","inLanguage":"es","@id":"https:\/\/www.km77.com\/revista\/wp-content\/uploads\/2021\/03\/claqueta-cine-1-150x150.jpg","url":"https:\/\/www.km77.com\/revista\/wp-content\/uploads\/2021\/03\/claqueta-cine-1-150x150.jpg","contentUrl":"https:\/\/www.km77.com\/revista\/wp-content\/uploads\/2021\/03\/claqueta-cine-1-150x150.jpg","caption":"Toni Garc\u00eda"},"description":"Cine a las cuatro ruedas es un blog dedicado al s\u00e9ptimo arte que empez\u00f3 tratando de mezclar cine y coches, como eso no funcion\u00f3 decidimos dejarlo solo en lo del cine. Eso s\u00ed, de cuando en cuando sacamos alg\u00fan coche.","url":"https:\/\/www.km77.com\/revista\/author\/cinecuatroruedas\/"}]}},"amp_enabled":true,"_links":{"self":[{"href":"https:\/\/www.km77.com\/revista\/wp-json\/wp\/v2\/posts\/1204","targetHints":{"allow":["GET"]}}],"collection":[{"href":"https:\/\/www.km77.com\/revista\/wp-json\/wp\/v2\/posts"}],"about":[{"href":"https:\/\/www.km77.com\/revista\/wp-json\/wp\/v2\/types\/post"}],"author":[{"embeddable":true,"href":"https:\/\/www.km77.com\/revista\/wp-json\/wp\/v2\/users\/50"}],"replies":[{"embeddable":true,"href":"https:\/\/www.km77.com\/revista\/wp-json\/wp\/v2\/comments?post=1204"}],"version-history":[{"count":1,"href":"https:\/\/www.km77.com\/revista\/wp-json\/wp\/v2\/posts\/1204\/revisions"}],"predecessor-version":[{"id":42962,"href":"https:\/\/www.km77.com\/revista\/wp-json\/wp\/v2\/posts\/1204\/revisions\/42962"}],"wp:attachment":[{"href":"https:\/\/www.km77.com\/revista\/wp-json\/wp\/v2\/media?parent=1204"}],"wp:term":[{"taxonomy":"category","embeddable":true,"href":"https:\/\/www.km77.com\/revista\/wp-json\/wp\/v2\/categories?post=1204"},{"taxonomy":"post_tag","embeddable":true,"href":"https:\/\/www.km77.com\/revista\/wp-json\/wp\/v2\/tags?post=1204"}],"curies":[{"name":"wp","href":"https:\/\/api.w.org\/{rel}","templated":true}]}}